{"id":2442,"date":"2008-08-13T16:22:35","date_gmt":"2008-08-13T21:22:35","guid":{"rendered":"http:\/\/www.visit-ulcinj.com\/blog\/?p=2442"},"modified":"2008-08-14T03:19:24","modified_gmt":"2008-08-14T08:19:24","slug":"kraj-masovnog-turizma-2","status":"publish","type":"post","link":"https:\/\/www.visit-ulcinj.com\/blog\/2008\/08\/13\/kraj-masovnog-turizma-2\/","title":{"rendered":"Kraj masovnog turizma"},"content":{"rendered":"<p><a href=\"http:\/\/www.svevesti.com\/images\/sr\/94081.jpg\"><img loading=\"lazy\" class=\"alignleft\" title=\"Fijasko na Crnogorskom Primorju\" src=\"http:\/\/www.svevesti.com\/images\/sr\/94081.jpg\" alt=\"\" width=\"222\" height=\"344\" \/><\/a>Crnogorskim primorjem kru\u017ei jedan bauk \u2013 bauk lo\u0161e sezone. A najave su bile optimisti?ke. Jun je, me?utim, donio ki\u0161u i hladno?u, a sa njima i zabrinutost. Nije u vremenu problem \u2013 dovoljno je i mora i sunca, ali manjka gostiju. Hotelijeri u Budvi govore o komunalnim radovima koji su rezultirali uni\u0161tenim pla\u017eama. Govore o stranim gostima koji, iz nekoga razloga, nisu sretni \u0161to na putu do hotela moraju da preska?u gradili\u0161ta. Razma\u017eeni strani gosti nisu zadovoljni \u0161to no?u, u mediteranskom miru svoje sobe, umjesto cvr?aka slu\u0161aju buku gra?evinskih ma\u0161ina a umjesto mirisa borova i mora udi\u0161u pra\u0161inu sa cesti u izgradnji.<br \/>\nPrizor je nadrealan: tu prelijepi Splendid i Queen of Montenegro, sa svom klasom i rasko\u0161i koju imaju da ponude, a tik do njih mjesecima izrovan put. Misli li neko doista da klijentela tih hotela o?ekuje da se iz \u0161etnje do Budve vra?aju od glave do pete uvaljani u \u0161ut i pra\u0161inu, kao ljudske be?ke \u0161nicle spremne za pr\u017eenje? Izraz lica stranaca koji su se zatekli na na\u0161em primorju sve govori: ta mje\u0161avina izgubljenosti, nesnala\u017eenja, ogor?enja, straha. Kada vidite grupe stranaca koji se u ?udi osvr?u oko sebe dok stoje kraj izrovanih puteva, u vazduhu visi pitanje: ho?e li ovi ljudi ikada vi\u0161e do?i u Crnu Goru? Stranaca, na sre?u, ima vi\u0161e nego pro\u0161le godine. Ili to oko vara, jer manje je gostiju iz biv\u0161ih jugoslovenskih republika, pa su stranci vidljiviji?<br \/>\nU Ulcinju govore o najgoroj predsezoni u posljednjoj deceniji. Najave ka\u017eu da ?e gostiju sa Kosova biti za tre?inu manje nego pro\u0161le godine. Sli?ni glasovi sti\u017eu i iz Boke, gdje se ?ekaju turisti iz Srbije. Analiti?ari turisti?kih prilika pitaju se: zna?i li to kraj ovda\u0161njeg masovnog turizma? Ako doista bude tako, to je najve?a sre?a koja je mogla zadesiti Crnu Goru. Jedna ili dvije lo\u0161e sezone mala su cijena za ono \u0161to se prekidom te prakse dugoro?no dobija. Svaki pad iz kojeg se izvuku pouke, pad koji zna?i po?etak uspona, dragocjen je. Ovda\u0161nji masovni turizam i nije privredna grana, nego socijalni ventil. Kako to izgleda u praksi najbolje se vidi u Ulcinju, prijestonici crnogorskog masovnog turizma. Obim nelegalne gradnje u Ulcinju je tako velik da se broj kreveta u privatnom vlasni\u0161tvu u ovoj op\u0161tini procjenjuje na 150 hiljada.<\/p>\n<div id=\"attachment_670\" style=\"width: 310px\" class=\"wp-caption alignright\"><a href=\"http:\/\/www.visit-ulcinj.com\/blog\/wp-content\/uploads\/2008\/02\/copakabana.jpg\"><img aria-describedby=\"caption-attachment-670\" loading=\"lazy\" class=\"size-medium wp-image-670\" title=\"copakabana beach\" src=\"http:\/\/www.visit-ulcinj.com\/blog\/wp-content\/uploads\/2008\/02\/copakabana.jpg\" alt=\"copakabana beach ulcinj\" width=\"300\" height=\"225\" \/><\/a><p id=\"caption-attachment-670\" class=\"wp-caption-text\">copakabana beach ulcinj<\/p><\/div>\n<p>Pore?enja radi, ?itava Dubrova?ka rivijera raspola\u017ee sa 18 000 le\u017eajeva, od ?ega tek tre?ina otpada na privatni smje\u0161taj. Ovdje, ponuda ve? godinama prema\u0161uje potra\u017enju. To obara cijenu smje\u0161taja. Ali to ne zna?i da je gradnja novih soba za izdavanje obustavljena \u2013 naprotiv, ona eskalira. Posljedica toga je dalji pad cijene smje\u0161taja. Cijenu ne odre?uju vlasnici apartamana, nego turisti, koji ove godine odbijaju (!?) da plate preko tri eura za spavanje u prosje?nom smje\u0161taju. U luksuznim apartmanima sa klimom i televizorom, cijena no?enja ne prelazi sedam eura. Neprijavljeni gosti za male pare borave u neleg- aalno izgra?enim ku?ama \u2013 niti op\u0161tina ubira takkse od njihovog boravka, niti dr\u017eava od vlasnika ubira adekvatan porez za stotine i hiljade kvadrata koje izdaju. U Baru, Budvi i Boki vr\u0161e se ogromni, pa makar i oka\u0161njeli radovi na obnavljanju infrastrukture. U Ulcinju, ne radi se ni\u0161ta. Infrastruktura je ve? prije deceniju bila preoptere?ena. A tek kasnije je uslijedio gra?evinski bum&#8230; Otud svake godine poludnevne nesta\u0161ice vode, saobra?ajjni koalps i elektro-mre\u017ea koja svako malo puca.<br \/>\nHaos u kojem Ulcinj iz godine u godinu jede sam sebe i svoju budu?nost cijena je socijalnog mira koji dr\u017eava Crna Gora kupuje u ovom gradu. To je cijena kojom se obezbje?uje da gra?ani budu mirni dok dr\u017eava uni\u0161tava Ulcinjsku rivijeru i ostavlja ih bez posla, dok prodaje Valdanos, Veliku pla\u017eu i Adu, od Ulcinja otkida gotovo cjelokupnu njegovu obalu. Isti princip va\u017ei za ?itavo primorje \u2013 Ulcinj je tu samo najizra\u017eeniji primjer. Krah masovnog turizma otud je dobrodo\u0161ao, jer on bi ozna?io kraj prakse da se takvim turizmom kupuje socijalni mir, kraj nepisanog dru\u0161tvenog ugovora koji je vlast ponudila gra?anima, a oni objeru?ke prihvatili. Ugovora koji ima samo jednu ta?ku: radite \u0161ta ho?ete i pustite nas da radimo \u0161ta ho?emo.<br \/>\n<strong>Autor \/ Andrej NIKOLAIDIS<br \/>\nIzvor \/ Monitor<\/strong><\/p>\n<p><!--YouTube Error: bad URL entered--><br \/>\n.<\/p>\n","protected":false},"excerpt":{"rendered":"<p><img loading=\"lazy\" class=\"alignleft\" title=\"Fijasko na Crnogorskom Primorju\" src=\"http:\/\/www.svevesti.com\/images\/sr\/94081.jpg\" alt=\"\" width=\"140\" height=\"140\" \/><\/p>\n","protected":false},"author":1,"featured_media":0,"comment_status":"open","ping_status":"closed","sticky":false,"template":"","format":"standard","meta":{"spay_email":"","jetpack_publicize_message":"","jetpack_is_tweetstorm":false,"jetpack_publicize_feature_enabled":true},"categories":[12,15],"tags":[19],"jetpack_publicize_connections":[],"yoast_head":"<!-- This site is optimized with the Yoast SEO plugin v19.1 - https:\/\/yoast.com\/wordpress\/plugins\/seo\/ -->\n<title>Kraj masovnog turizma - Lajme nga Ulqini<\/title>\n<meta name=\"robots\" content=\"index, follow, max-snippet:-1, max-image-preview:large, max-video-preview:-1\" \/>\n<link rel=\"canonical\" href=\"https:\/\/www.visit-ulcinj.com\/blog\/2008\/08\/13\/kraj-masovnog-turizma-2\/\" \/>\n<meta property=\"og:locale\" content=\"en_US\" \/>\n<meta property=\"og:type\" content=\"article\" \/>\n<meta property=\"og:title\" content=\"Kraj masovnog turizma - Lajme nga Ulqini\" \/>\n<meta property=\"og:url\" content=\"https:\/\/www.visit-ulcinj.com\/blog\/2008\/08\/13\/kraj-masovnog-turizma-2\/\" \/>\n<meta property=\"og:site_name\" content=\"Lajme nga Ulqini\" \/>\n<meta property=\"article:published_time\" content=\"2008-08-13T21:22:35+00:00\" \/>\n<meta property=\"article:modified_time\" content=\"2008-08-14T08:19:24+00:00\" \/>\n<meta property=\"og:image\" content=\"http:\/\/www.svevesti.com\/images\/sr\/94081.jpg\" \/>\n<meta name=\"twitter:label1\" content=\"Written by\" \/>\n\t<meta name=\"twitter:data1\" content=\"ulqini\" \/>\n\t<meta name=\"twitter:label2\" content=\"Est. reading time\" \/>\n\t<meta name=\"twitter:data2\" content=\"4 minutes\" \/>\n<script type=\"application\/ld+json\" class=\"yoast-schema-graph\">{\"@context\":\"https:\/\/schema.org\",\"@graph\":[{\"@type\":\"WebSite\",\"@id\":\"https:\/\/www.visit-ulcinj.com\/blog\/#website\",\"url\":\"https:\/\/www.visit-ulcinj.com\/blog\/\",\"name\":\"Lajme nga Ulqini\",\"description\":\"Lajme,Vijesti,Ulqini,Ulqin,Crna Gora,Mali i Zi\",\"potentialAction\":[{\"@type\":\"SearchAction\",\"target\":{\"@type\":\"EntryPoint\",\"urlTemplate\":\"https:\/\/www.visit-ulcinj.com\/blog\/?s={search_term_string}\"},\"query-input\":\"required name=search_term_string\"}],\"inLanguage\":\"en-US\"},{\"@type\":\"ImageObject\",\"inLanguage\":\"en-US\",\"@id\":\"https:\/\/www.visit-ulcinj.com\/blog\/2008\/08\/13\/kraj-masovnog-turizma-2\/#primaryimage\",\"url\":\"http:\/\/www.svevesti.com\/images\/sr\/94081.jpg\",\"contentUrl\":\"http:\/\/www.svevesti.com\/images\/sr\/94081.jpg\"},{\"@type\":\"WebPage\",\"@id\":\"https:\/\/www.visit-ulcinj.com\/blog\/2008\/08\/13\/kraj-masovnog-turizma-2\/#webpage\",\"url\":\"https:\/\/www.visit-ulcinj.com\/blog\/2008\/08\/13\/kraj-masovnog-turizma-2\/\",\"name\":\"Kraj masovnog turizma - Lajme nga Ulqini\",\"isPartOf\":{\"@id\":\"https:\/\/www.visit-ulcinj.com\/blog\/#website\"},\"primaryImageOfPage\":{\"@id\":\"https:\/\/www.visit-ulcinj.com\/blog\/2008\/08\/13\/kraj-masovnog-turizma-2\/#primaryimage\"},\"datePublished\":\"2008-08-13T21:22:35+00:00\",\"dateModified\":\"2008-08-14T08:19:24+00:00\",\"author\":{\"@id\":\"https:\/\/www.visit-ulcinj.com\/blog\/#\/schema\/person\/dcab619c614d3038751c63bc2aadc06d\"},\"breadcrumb\":{\"@id\":\"https:\/\/www.visit-ulcinj.com\/blog\/2008\/08\/13\/kraj-masovnog-turizma-2\/#breadcrumb\"},\"inLanguage\":\"en-US\",\"potentialAction\":[{\"@type\":\"ReadAction\",\"target\":[\"https:\/\/www.visit-ulcinj.com\/blog\/2008\/08\/13\/kraj-masovnog-turizma-2\/\"]}]},{\"@type\":\"BreadcrumbList\",\"@id\":\"https:\/\/www.visit-ulcinj.com\/blog\/2008\/08\/13\/kraj-masovnog-turizma-2\/#breadcrumb\",\"itemListElement\":[{\"@type\":\"ListItem\",\"position\":1,\"name\":\"Kraj masovnog turizma\"}]},{\"@type\":\"Person\",\"@id\":\"https:\/\/www.visit-ulcinj.com\/blog\/#\/schema\/person\/dcab619c614d3038751c63bc2aadc06d\",\"name\":\"ulqini\",\"sameAs\":[\"http:\/\/www.visit-ulcinj.com\"],\"url\":\"https:\/\/www.visit-ulcinj.com\/blog\/author\/admin\/\"}]}<\/script>\n<!-- \/ Yoast SEO plugin. -->","yoast_head_json":{"title":"Kraj masovnog turizma - Lajme nga Ulqini","robots":{"index":"index","follow":"follow","max-snippet":"max-snippet:-1","max-image-preview":"max-image-preview:large","max-video-preview":"max-video-preview:-1"},"canonical":"https:\/\/www.visit-ulcinj.com\/blog\/2008\/08\/13\/kraj-masovnog-turizma-2\/","og_locale":"en_US","og_type":"article","og_title":"Kraj masovnog turizma - Lajme nga Ulqini","og_url":"https:\/\/www.visit-ulcinj.com\/blog\/2008\/08\/13\/kraj-masovnog-turizma-2\/","og_site_name":"Lajme nga Ulqini","article_published_time":"2008-08-13T21:22:35+00:00","article_modified_time":"2008-08-14T08:19:24+00:00","og_image":[{"url":"http:\/\/www.svevesti.com\/images\/sr\/94081.jpg"}],"twitter_misc":{"Written by":"ulqini","Est. reading time":"4 minutes"},"schema":{"@context":"https:\/\/schema.org","@graph":[{"@type":"WebSite","@id":"https:\/\/www.visit-ulcinj.com\/blog\/#website","url":"https:\/\/www.visit-ulcinj.com\/blog\/","name":"Lajme nga Ulqini","description":"Lajme,Vijesti,Ulqini,Ulqin,Crna Gora,Mali i Zi","potentialAction":[{"@type":"SearchAction","target":{"@type":"EntryPoint","urlTemplate":"https:\/\/www.visit-ulcinj.com\/blog\/?s={search_term_string}"},"query-input":"required name=search_term_string"}],"inLanguage":"en-US"},{"@type":"ImageObject","inLanguage":"en-US","@id":"https:\/\/www.visit-ulcinj.com\/blog\/2008\/08\/13\/kraj-masovnog-turizma-2\/#primaryimage","url":"http:\/\/www.svevesti.com\/images\/sr\/94081.jpg","contentUrl":"http:\/\/www.svevesti.com\/images\/sr\/94081.jpg"},{"@type":"WebPage","@id":"https:\/\/www.visit-ulcinj.com\/blog\/2008\/08\/13\/kraj-masovnog-turizma-2\/#webpage","url":"https:\/\/www.visit-ulcinj.com\/blog\/2008\/08\/13\/kraj-masovnog-turizma-2\/","name":"Kraj masovnog turizma - Lajme nga Ulqini","isPartOf":{"@id":"https:\/\/www.visit-ulcinj.com\/blog\/#website"},"primaryImageOfPage":{"@id":"https:\/\/www.visit-ulcinj.com\/blog\/2008\/08\/13\/kraj-masovnog-turizma-2\/#primaryimage"},"datePublished":"2008-08-13T21:22:35+00:00","dateModified":"2008-08-14T08:19:24+00:00","author":{"@id":"https:\/\/www.visit-ulcinj.com\/blog\/#\/schema\/person\/dcab619c614d3038751c63bc2aadc06d"},"breadcrumb":{"@id":"https:\/\/www.visit-ulcinj.com\/blog\/2008\/08\/13\/kraj-masovnog-turizma-2\/#breadcrumb"},"inLanguage":"en-US","potentialAction":[{"@type":"ReadAction","target":["https:\/\/www.visit-ulcinj.com\/blog\/2008\/08\/13\/kraj-masovnog-turizma-2\/"]}]},{"@type":"BreadcrumbList","@id":"https:\/\/www.visit-ulcinj.com\/blog\/2008\/08\/13\/kraj-masovnog-turizma-2\/#breadcrumb","itemListElement":[{"@type":"ListItem","position":1,"name":"Kraj masovnog turizma"}]},{"@type":"Person","@id":"https:\/\/www.visit-ulcinj.com\/blog\/#\/schema\/person\/dcab619c614d3038751c63bc2aadc06d","name":"ulqini","sameAs":["http:\/\/www.visit-ulcinj.com"],"url":"https:\/\/www.visit-ulcinj.com\/blog\/author\/admin\/"}]}},"jetpack_featured_media_url":"","jetpack_sharing_enabled":true,"jetpack_shortlink":"https:\/\/wp.me\/pe6lTn-Do","_links":{"self":[{"href":"https:\/\/www.visit-ulcinj.com\/blog\/wp-json\/wp\/v2\/posts\/2442"}],"collection":[{"href":"https:\/\/www.visit-ulcinj.com\/blog\/wp-json\/wp\/v2\/posts"}],"about":[{"href":"https:\/\/www.visit-ulcinj.com\/blog\/wp-json\/wp\/v2\/types\/post"}],"author":[{"embeddable":true,"href":"https:\/\/www.visit-ulcinj.com\/blog\/wp-json\/wp\/v2\/users\/1"}],"replies":[{"embeddable":true,"href":"https:\/\/www.visit-ulcinj.com\/blog\/wp-json\/wp\/v2\/comments?post=2442"}],"version-history":[{"count":0,"href":"https:\/\/www.visit-ulcinj.com\/blog\/wp-json\/wp\/v2\/posts\/2442\/revisions"}],"wp:attachment":[{"href":"https:\/\/www.visit-ulcinj.com\/blog\/wp-json\/wp\/v2\/media?parent=2442"}],"wp:term":[{"taxonomy":"category","embeddable":true,"href":"https:\/\/www.visit-ulcinj.com\/blog\/wp-json\/wp\/v2\/categories?post=2442"},{"taxonomy":"post_tag","embeddable":true,"href":"https:\/\/www.visit-ulcinj.com\/blog\/wp-json\/wp\/v2\/tags?post=2442"}],"curies":[{"name":"wp","href":"https:\/\/api.w.org\/{rel}","templated":true}]}}