{"id":24428,"date":"2009-08-12T15:55:56","date_gmt":"2009-08-12T13:55:56","guid":{"rendered":"http:\/\/www.visit-ulcinj.com\/blog\/?p=24428"},"modified":"2009-08-12T15:55:56","modified_gmt":"2009-08-12T13:55:56","slug":"grupa-nvo-ulcinja-traze-ponistavanje-tendera-za-adu-i-veliku-plazu","status":"publish","type":"post","link":"https:\/\/www.visit-ulcinj.com\/blog\/2009\/08\/12\/grupa-nvo-ulcinja-traze-ponistavanje-tendera-za-adu-i-veliku-plazu\/","title":{"rendered":"Grupa NVO Ulcinja tra\u017ee poni\u0161tavanje tendera za Adu i Veliku pla\u017eu"},"content":{"rendered":"<p><a href=\"http:\/\/www.visit-ulcinj.com\/blog\/wp-content\/uploads\/2009\/08\/NVO-MOGUL-ULCINJ1.jpg\"><img loading=\"lazy\" class=\"alignleft size-full wp-image-24429\" title=\"NVO-MOGUL-ULCINJ\" src=\"http:\/\/www.visit-ulcinj.com\/blog\/wp-content\/uploads\/2009\/08\/NVO-MOGUL-ULCINJ1.jpg\" alt=\"NVO-MOGUL-ULCINJ\" width=\"304\" height=\"419\" \/><\/a>Ulcinj, 11. avgusta (MINA-biznis) \u2013 Grupa nevladinih organizacija (NVO) i nezavisnih intelektualaca iz Ulcinja pozvala je danas predsjednika crnogorske Skup\u0161tine, Ranka Krivokapi?a, da pozove Vladu da poni\u0161ti tendere za dugogodi\u0161nji zakup Ade Bojane i Velike pla\u017ee.<br \/>\nGrupa tra\u017ei poni\u0161tavanje tendera da se ne bi u nezgodnu poziciju dovela dr\u017eava i potencijalni investitore.<br \/>\nOni su u pismu naveli da je prema Zakonu o dr\u017eavnoj imovini, imovina se na zakup iznad 30 godina mo\u017ee dati isklju?ivo odlukom Skup\u0161tine Crne Gore.<br \/>\n\u201cVjerujemo da ne?ete dozvoliti da se visoki dom, kojim predsjedavate, zaobilazi i minimalizuje kada se donose odluke koje mogu imati sudbonosne posljedice po zemlju i njene gra?ane\u201c, zaklju?uje se u pismu.<\/p>\n<p><strong>MINA biznis<\/strong><\/p>\n<p><strong>[flv width=&#8221;580&#8243; height=&#8221;400&#8243;]http:\/\/www.velikaplaza.info\/gallery\/video\/stream.php?f=Velika_Plaza_movie_Jan_2009.flv[\/flv]<br \/>\n<\/strong><\/p>\n","protected":false},"excerpt":{"rendered":"<p>Ulcinj, 11. avgusta (MINA-biznis) \u2013 Grupa nevladinih organizacija (NVO) i nezavisnih intelektualaca iz Ulcinja pozvala je danas predsjednika crnogorske Skup\u0161tine, Ranka Krivokapi?a, da pozove Vladu da poni\u0161ti tendere za dugogodi\u0161nji zakup Ade Bojane i Velike pla\u017ee. Grupa tra\u017ei poni\u0161tavanje tendera da se ne bi u nezgodnu poziciju dovela dr\u017eava i potencijalni investitore. Oni su u [&hellip;]<\/p>\n","protected":false},"author":1,"featured_media":0,"comment_status":"open","ping_status":"closed","sticky":false,"template":"","format":"standard","meta":{"spay_email":"","jetpack_publicize_message":"","jetpack_is_tweetstorm":false,"jetpack_publicize_feature_enabled":true},"categories":[8337],"tags":[11117,12183,12184,12182,11004,137],"jetpack_publicize_connections":[],"yoast_head":"<!-- This site is optimized with the Yoast SEO plugin v19.1 - https:\/\/yoast.com\/wordpress\/plugins\/seo\/ -->\n<title>Grupa NVO Ulcinja tra\u017ee poni\u0161tavanje tendera za Adu i Veliku pla\u017eu - Lajme nga Ulqini<\/title>\n<meta name=\"description\" content=\"Ulcinj, 11. avgusta (MINA-biznis) \u2013 Grupa nevladinih organizacija (NVO) i nezavisnih intelektualaca iz Ulcinja pozvala je danas predsjednika crnogorske\" \/>\n<meta name=\"robots\" content=\"index, follow, max-snippet:-1, max-image-preview:large, max-video-preview:-1\" \/>\n<link rel=\"canonical\" href=\"https:\/\/www.visit-ulcinj.com\/blog\/2009\/08\/12\/grupa-nvo-ulcinja-traze-ponistavanje-tendera-za-adu-i-veliku-plazu\/\" \/>\n<meta property=\"og:locale\" content=\"en_US\" \/>\n<meta property=\"og:type\" content=\"article\" \/>\n<meta property=\"og:title\" content=\"Grupa NVO Ulcinja tra\u017ee poni\u0161tavanje tendera za Adu i Veliku pla\u017eu - Lajme nga Ulqini\" \/>\n<meta property=\"og:description\" content=\"Ulcinj, 11. avgusta (MINA-biznis) \u2013 Grupa nevladinih organizacija (NVO) i nezavisnih intelektualaca iz Ulcinja pozvala je danas predsjednika crnogorske\" \/>\n<meta property=\"og:url\" content=\"https:\/\/www.visit-ulcinj.com\/blog\/2009\/08\/12\/grupa-nvo-ulcinja-traze-ponistavanje-tendera-za-adu-i-veliku-plazu\/\" \/>\n<meta property=\"og:site_name\" content=\"Lajme nga Ulqini\" \/>\n<meta property=\"article:published_time\" content=\"2009-08-12T13:55:56+00:00\" \/>\n<meta property=\"og:image\" content=\"http:\/\/www.visit-ulcinj.com\/blog\/wp-content\/uploads\/2009\/08\/NVO-MOGUL-ULCINJ1.jpg\" \/>\n<meta name=\"twitter:label1\" content=\"Written by\" \/>\n\t<meta name=\"twitter:data1\" content=\"ulqini\" \/>\n\t<meta name=\"twitter:label2\" content=\"Est. reading time\" \/>\n\t<meta name=\"twitter:data2\" content=\"1 minute\" \/>\n<script type=\"application\/ld+json\" class=\"yoast-schema-graph\">{\"@context\":\"https:\/\/schema.org\",\"@graph\":[{\"@type\":\"WebSite\",\"@id\":\"https:\/\/www.visit-ulcinj.com\/blog\/#website\",\"url\":\"https:\/\/www.visit-ulcinj.com\/blog\/\",\"name\":\"Lajme nga Ulqini\",\"description\":\"Lajme,Vijesti,Ulqini,Ulqin,Crna Gora,Mali i Zi\",\"potentialAction\":[{\"@type\":\"SearchAction\",\"target\":{\"@type\":\"EntryPoint\",\"urlTemplate\":\"https:\/\/www.visit-ulcinj.com\/blog\/?s={search_term_string}\"},\"query-input\":\"required name=search_term_string\"}],\"inLanguage\":\"en-US\"},{\"@type\":\"ImageObject\",\"inLanguage\":\"en-US\",\"@id\":\"https:\/\/www.visit-ulcinj.com\/blog\/2009\/08\/12\/grupa-nvo-ulcinja-traze-ponistavanje-tendera-za-adu-i-veliku-plazu\/#primaryimage\",\"url\":\"https:\/\/www.visit-ulcinj.com\/blog\/wp-content\/uploads\/2009\/08\/NVO-MOGUL-ULCINJ1.jpg\",\"contentUrl\":\"https:\/\/www.visit-ulcinj.com\/blog\/wp-content\/uploads\/2009\/08\/NVO-MOGUL-ULCINJ1.jpg\",\"width\":\"540\",\"height\":\"959\"},{\"@type\":\"WebPage\",\"@id\":\"https:\/\/www.visit-ulcinj.com\/blog\/2009\/08\/12\/grupa-nvo-ulcinja-traze-ponistavanje-tendera-za-adu-i-veliku-plazu\/#webpage\",\"url\":\"https:\/\/www.visit-ulcinj.com\/blog\/2009\/08\/12\/grupa-nvo-ulcinja-traze-ponistavanje-tendera-za-adu-i-veliku-plazu\/\",\"name\":\"Grupa NVO Ulcinja tra\u017ee poni\u0161tavanje tendera za Adu i Veliku pla\u017eu - Lajme nga Ulqini\",\"isPartOf\":{\"@id\":\"https:\/\/www.visit-ulcinj.com\/blog\/#website\"},\"primaryImageOfPage\":{\"@id\":\"https:\/\/www.visit-ulcinj.com\/blog\/2009\/08\/12\/grupa-nvo-ulcinja-traze-ponistavanje-tendera-za-adu-i-veliku-plazu\/#primaryimage\"},\"datePublished\":\"2009-08-12T13:55:56+00:00\",\"dateModified\":\"2009-08-12T13:55:56+00:00\",\"author\":{\"@id\":\"https:\/\/www.visit-ulcinj.com\/blog\/#\/schema\/person\/dcab619c614d3038751c63bc2aadc06d\"},\"description\":\"Ulcinj, 11. avgusta (MINA-biznis) \u2013 Grupa nevladinih organizacija (NVO) i nezavisnih intelektualaca iz Ulcinja pozvala je danas predsjednika crnogorske\",\"breadcrumb\":{\"@id\":\"https:\/\/www.visit-ulcinj.com\/blog\/2009\/08\/12\/grupa-nvo-ulcinja-traze-ponistavanje-tendera-za-adu-i-veliku-plazu\/#breadcrumb\"},\"inLanguage\":\"en-US\",\"potentialAction\":[{\"@type\":\"ReadAction\",\"target\":[\"https:\/\/www.visit-ulcinj.com\/blog\/2009\/08\/12\/grupa-nvo-ulcinja-traze-ponistavanje-tendera-za-adu-i-veliku-plazu\/\"]}]},{\"@type\":\"BreadcrumbList\",\"@id\":\"https:\/\/www.visit-ulcinj.com\/blog\/2009\/08\/12\/grupa-nvo-ulcinja-traze-ponistavanje-tendera-za-adu-i-veliku-plazu\/#breadcrumb\",\"itemListElement\":[{\"@type\":\"ListItem\",\"position\":1,\"name\":\"Grupa NVO Ulcinja tra\u017ee poni\u0161tavanje tendera za Adu i Veliku pla\u017eu\"}]},{\"@type\":\"Person\",\"@id\":\"https:\/\/www.visit-ulcinj.com\/blog\/#\/schema\/person\/dcab619c614d3038751c63bc2aadc06d\",\"name\":\"ulqini\",\"sameAs\":[\"http:\/\/www.visit-ulcinj.com\"],\"url\":\"https:\/\/www.visit-ulcinj.com\/blog\/author\/admin\/\"}]}<\/script>\n<!-- \/ Yoast SEO plugin. -->","yoast_head_json":{"title":"Grupa NVO Ulcinja tra\u017ee poni\u0161tavanje tendera za Adu i Veliku pla\u017eu - Lajme nga Ulqini","description":"Ulcinj, 11. avgusta (MINA-biznis) \u2013 Grupa nevladinih organizacija (NVO) i nezavisnih intelektualaca iz Ulcinja pozvala je danas predsjednika crnogorske","robots":{"index":"index","follow":"follow","max-snippet":"max-snippet:-1","max-image-preview":"max-image-preview:large","max-video-preview":"max-video-preview:-1"},"canonical":"https:\/\/www.visit-ulcinj.com\/blog\/2009\/08\/12\/grupa-nvo-ulcinja-traze-ponistavanje-tendera-za-adu-i-veliku-plazu\/","og_locale":"en_US","og_type":"article","og_title":"Grupa NVO Ulcinja tra\u017ee poni\u0161tavanje tendera za Adu i Veliku pla\u017eu - Lajme nga Ulqini","og_description":"Ulcinj, 11. avgusta (MINA-biznis) \u2013 Grupa nevladinih organizacija (NVO) i nezavisnih intelektualaca iz Ulcinja pozvala je danas predsjednika crnogorske","og_url":"https:\/\/www.visit-ulcinj.com\/blog\/2009\/08\/12\/grupa-nvo-ulcinja-traze-ponistavanje-tendera-za-adu-i-veliku-plazu\/","og_site_name":"Lajme nga Ulqini","article_published_time":"2009-08-12T13:55:56+00:00","og_image":[{"url":"http:\/\/www.visit-ulcinj.com\/blog\/wp-content\/uploads\/2009\/08\/NVO-MOGUL-ULCINJ1.jpg"}],"twitter_misc":{"Written by":"ulqini","Est. reading time":"1 minute"},"schema":{"@context":"https:\/\/schema.org","@graph":[{"@type":"WebSite","@id":"https:\/\/www.visit-ulcinj.com\/blog\/#website","url":"https:\/\/www.visit-ulcinj.com\/blog\/","name":"Lajme nga Ulqini","description":"Lajme,Vijesti,Ulqini,Ulqin,Crna Gora,Mali i Zi","potentialAction":[{"@type":"SearchAction","target":{"@type":"EntryPoint","urlTemplate":"https:\/\/www.visit-ulcinj.com\/blog\/?s={search_term_string}"},"query-input":"required name=search_term_string"}],"inLanguage":"en-US"},{"@type":"ImageObject","inLanguage":"en-US","@id":"https:\/\/www.visit-ulcinj.com\/blog\/2009\/08\/12\/grupa-nvo-ulcinja-traze-ponistavanje-tendera-za-adu-i-veliku-plazu\/#primaryimage","url":"https:\/\/www.visit-ulcinj.com\/blog\/wp-content\/uploads\/2009\/08\/NVO-MOGUL-ULCINJ1.jpg","contentUrl":"https:\/\/www.visit-ulcinj.com\/blog\/wp-content\/uploads\/2009\/08\/NVO-MOGUL-ULCINJ1.jpg","width":"540","height":"959"},{"@type":"WebPage","@id":"https:\/\/www.visit-ulcinj.com\/blog\/2009\/08\/12\/grupa-nvo-ulcinja-traze-ponistavanje-tendera-za-adu-i-veliku-plazu\/#webpage","url":"https:\/\/www.visit-ulcinj.com\/blog\/2009\/08\/12\/grupa-nvo-ulcinja-traze-ponistavanje-tendera-za-adu-i-veliku-plazu\/","name":"Grupa NVO Ulcinja tra\u017ee poni\u0161tavanje tendera za Adu i Veliku pla\u017eu - Lajme nga Ulqini","isPartOf":{"@id":"https:\/\/www.visit-ulcinj.com\/blog\/#website"},"primaryImageOfPage":{"@id":"https:\/\/www.visit-ulcinj.com\/blog\/2009\/08\/12\/grupa-nvo-ulcinja-traze-ponistavanje-tendera-za-adu-i-veliku-plazu\/#primaryimage"},"datePublished":"2009-08-12T13:55:56+00:00","dateModified":"2009-08-12T13:55:56+00:00","author":{"@id":"https:\/\/www.visit-ulcinj.com\/blog\/#\/schema\/person\/dcab619c614d3038751c63bc2aadc06d"},"description":"Ulcinj, 11. avgusta (MINA-biznis) \u2013 Grupa nevladinih organizacija (NVO) i nezavisnih intelektualaca iz Ulcinja pozvala je danas predsjednika crnogorske","breadcrumb":{"@id":"https:\/\/www.visit-ulcinj.com\/blog\/2009\/08\/12\/grupa-nvo-ulcinja-traze-ponistavanje-tendera-za-adu-i-veliku-plazu\/#breadcrumb"},"inLanguage":"en-US","potentialAction":[{"@type":"ReadAction","target":["https:\/\/www.visit-ulcinj.com\/blog\/2009\/08\/12\/grupa-nvo-ulcinja-traze-ponistavanje-tendera-za-adu-i-veliku-plazu\/"]}]},{"@type":"BreadcrumbList","@id":"https:\/\/www.visit-ulcinj.com\/blog\/2009\/08\/12\/grupa-nvo-ulcinja-traze-ponistavanje-tendera-za-adu-i-veliku-plazu\/#breadcrumb","itemListElement":[{"@type":"ListItem","position":1,"name":"Grupa NVO Ulcinja tra\u017ee poni\u0161tavanje tendera za Adu i Veliku pla\u017eu"}]},{"@type":"Person","@id":"https:\/\/www.visit-ulcinj.com\/blog\/#\/schema\/person\/dcab619c614d3038751c63bc2aadc06d","name":"ulqini","sameAs":["http:\/\/www.visit-ulcinj.com"],"url":"https:\/\/www.visit-ulcinj.com\/blog\/author\/admin\/"}]}},"jetpack_featured_media_url":"","jetpack_sharing_enabled":true,"jetpack_shortlink":"https:\/\/wp.me\/pe6lTn-6m0","_links":{"self":[{"href":"https:\/\/www.visit-ulcinj.com\/blog\/wp-json\/wp\/v2\/posts\/24428"}],"collection":[{"href":"https:\/\/www.visit-ulcinj.com\/blog\/wp-json\/wp\/v2\/posts"}],"about":[{"href":"https:\/\/www.visit-ulcinj.com\/blog\/wp-json\/wp\/v2\/types\/post"}],"author":[{"embeddable":true,"href":"https:\/\/www.visit-ulcinj.com\/blog\/wp-json\/wp\/v2\/users\/1"}],"replies":[{"embeddable":true,"href":"https:\/\/www.visit-ulcinj.com\/blog\/wp-json\/wp\/v2\/comments?post=24428"}],"version-history":[{"count":1,"href":"https:\/\/www.visit-ulcinj.com\/blog\/wp-json\/wp\/v2\/posts\/24428\/revisions"}],"predecessor-version":[{"id":57994,"href":"https:\/\/www.visit-ulcinj.com\/blog\/wp-json\/wp\/v2\/posts\/24428\/revisions\/57994"}],"wp:attachment":[{"href":"https:\/\/www.visit-ulcinj.com\/blog\/wp-json\/wp\/v2\/media?parent=24428"}],"wp:term":[{"taxonomy":"category","embeddable":true,"href":"https:\/\/www.visit-ulcinj.com\/blog\/wp-json\/wp\/v2\/categories?post=24428"},{"taxonomy":"post_tag","embeddable":true,"href":"https:\/\/www.visit-ulcinj.com\/blog\/wp-json\/wp\/v2\/tags?post=24428"}],"curies":[{"name":"wp","href":"https:\/\/api.w.org\/{rel}","templated":true}]}}