{"id":24440,"date":"2009-08-12T18:53:25","date_gmt":"2009-08-12T16:53:25","guid":{"rendered":"http:\/\/www.visit-ulcinj.com\/blog\/?p=24440"},"modified":"2009-08-19T16:57:39","modified_gmt":"2009-08-19T14:57:39","slug":"rasklopni-most-na-port-mileni","status":"publish","type":"post","link":"https:\/\/www.visit-ulcinj.com\/blog\/2009\/08\/12\/rasklopni-most-na-port-mileni\/","title":{"rendered":"Rasklopni most na Port Mileni"},"content":{"rendered":"<p><a title=\"Most na Port Mileni\" href=\"http:\/\/rs615.rapidshare.com\/files\/267205497\/Most_Port_Milena.pps\" target=\"_blank\"><strong>Uzimajte Fail odavde da biste gledali uopste konstrukciju Mosta na Port Milene od Opstine Ulcinj,posle 60 sekondi idi na Free User pa onda pravi DOWNLOAD<\/strong><\/a>.<strong><a href=\"http:\/\/rapidshare.com\/files\/267205497\/Most_Port_Milena.pps.html\" target=\"_blank\"> <\/a><\/strong><\/p>\n<p><strong><a href=\"http:\/\/rapidshare.com\/files\/267205497\/Most_Port_Milena.pps.html\" target=\"_blank\">http:\/\/rapidshare.com\/files\/267205497\/Most_Port_Milena.pps.html<\/a><\/strong><\/p>\n<p><strong><a href=\"http:\/\/rs615l33.rapidshare.com\/files\/267205497\/4326651\/Most_Port_Milena.pps\" target=\"_blank\"><img loading=\"lazy\" class=\"alignleft size-full wp-image-24444\" title=\"Most na Port Mileni_Ulcinj\" src=\"http:\/\/www.visit-ulcinj.com\/blog\/wp-content\/uploads\/2009\/08\/Most-na-Port-Mileni_Ulcinj.jpg\" alt=\"Most na Port Mileni_Ulcinj\" width=\"580\" height=\"400\" \/><\/a>Za oktobar u Ulcinju najavljen po?etak investicije vrijedne oko 18 miliona eura <\/strong><br \/>\nUlcinj &#8211; Gradnja 600 metara dugog rasklopnog mosta na Port Mileni mogla bi da po?ne u oktobru ove godine, najavio je ju?e pomo?nik direktora Direkcije javnih radova Du\u0161an Koki? nakon prezentacije projekta \u201eMost na Port Mileni\u201c, ?ije je idejno rje\u0161enje izradila beogradska kompanija \u201cDB In\u017eenjering\u201d.<a href=\"http:\/\/www.visit-ulcinj.com\/blog\/wp-content\/uploads\/2009\/08\/Gzim-Hajdinaga-nakon-sastanka-sa-delegacijom-Vlade-Crne-Gore1.jpg\"><img loading=\"lazy\" class=\"alignleft size-thumbnail wp-image-24445\" title=\"Gzim Hajdinaga nakon sastanka sa delegacijom Vlade Crne Gore\" src=\"http:\/\/www.visit-ulcinj.com\/blog\/wp-content\/uploads\/2009\/08\/Gzim-Hajdinaga-nakon-sastanka-sa-delegacijom-Vlade-Crne-Gore1-150x150.jpg\" alt=\"Gzim Hajdinaga nakon sastanka sa delegacijom Vlade Crne Gore\" width=\"212\" height=\"150\" \/><\/a><br \/>\nOn je rekao da ?e Vlada uskoro raspisati tender za izbor najpovoljnijeg izvo?a?a radova i istakao da je novac za realizaciju projekta, u visini od 16 do 18 miliona eura, ve? obezbije?en.<br \/>\n\u201cNovi most na Port Mileni Vlada je uvrstila me?u ?etiri prioritetna kapitalna projekta, ali se na njegovoj realizaciji najvi\u0161e odmaklo\u201d, kazao je Koki?.<br \/>\nGradona?elnik Gzim Hajdinaga rekao je da raduje ?injenica da novi most ne?e onemogu?iti plovnost Port Milene \u201e\u0161to je bila \u017eelja i nas i na\u0161ih gra?ana\u201c.<br \/>\n\u201cUspjeli smo da prvobitni plan o izgradnji mosta, vrijedan nekoliko miliona eura, koji smo zatekli kada smo zadatak preuzeli na sebe, zamijenimo kvalitetnijim i makar pet puta skupljim projektom. Novi projekat planira sedam metara visok most koji se rasklapa u centralnom dijelu, dok je startnim planom visina mosta iznosila svega 2,5 metara\u201d, kazao je Hajdinaga.<br \/>\n<a href=\"http:\/\/www.visit-ulcinj.com\/blog\/wp-content\/uploads\/2009\/08\/Most-na-Port-Mileni_Ulcinj.2.jpg\"><img loading=\"lazy\" class=\"alignright size-thumbnail wp-image-24442\" title=\"Most na Port Mileni_Ulcinj.2\" src=\"http:\/\/www.visit-ulcinj.com\/blog\/wp-content\/uploads\/2009\/08\/Most-na-Port-Mileni_Ulcinj.2-150x150.jpg\" alt=\"Most na Port Mileni_Ulcinj.2\" width=\"215\" height=\"150\" \/><\/a>Prezentuju?i idejno rje\u0161enje projekta, Du\u0161ko Bobera iz \u201cDB In\u017eenjeringa\u201d istakao je da je cilj gradnje novog mosta, koji ?e sa ?etiri saobra?ajne trake i osam raspona premo\u0161?avati Port Milenu, pove?anje kapaciteta drumskog saobra?aja i dobijanje ve?ih gabarita za planirani saobra?aj plovnih vozila.<br \/>\nOn je kazao da je projektant razmatrao tri savremene varijante budu?eg pokretnog mosta na Port Mileni, ?ija je gradnja, kako je naveo, pored ostalog, uskla?ena sa projektnim zadatkom, odgovaraju?im zakonskim regulama, urbanisti?ko-tehni?kim uslovima i geodetskim podlogama.<br \/>\n\u201cU igri su bili podizni, rasklopni i zaokretni most. Odlu?ili smo se za varijantu rasklopnog mosta zbog ekonomi?nije gradnje, nezavisnih konstrukcija, vizuelnog utiska, ali i zato \u0161to prilikom otvaranja konstrukcije, zauzima manje prostora nad kanalom\u201d, kazao je Bobera.<br \/>\n<a href=\"http:\/\/www.visit-ulcinj.com\/blog\/wp-content\/uploads\/2009\/08\/Most-na-Port-Mileni_Ulcinj.1.jpg\"><img loading=\"lazy\" class=\"alignleft size-thumbnail wp-image-24441\" title=\"Most na Port Mileni_Ulcinj.1\" src=\"http:\/\/www.visit-ulcinj.com\/blog\/wp-content\/uploads\/2009\/08\/Most-na-Port-Mileni_Ulcinj.1-150x150.jpg\" alt=\"Most na Port Mileni_Ulcinj.1\" width=\"217\" height=\"150\" \/><\/a>On je istakao da projektant ni u jednom momentu most nije posmatrao zasebno.<br \/>\n\u201cMost smo isklju?ivo tretirali kao sastavni dio budu?eg rje\u0161enja cijelog kompleksa, a posebno marine\u201d, kazao je Bobera. On je dodao \u201cda most svojim \u2018olak\u0161anim\u2018 srednjim stubovima oblika harfe, ozna?ava ulaz u budu?u marinu i daje joj vizuelno prepoznatljiv i jedinstven izgled u otvorenom i zatvorenom polo\u017eaju\u201d.<br \/>\n<strong>S.A.<br \/>\n<a href=\"http:\/\/www.vijesti.cg.yu\/index.php?id_pre=312924&amp;godina=2009\" target=\"_blank\">Vijesti<\/a><\/strong><\/p>\n<p><strong><a title=\"Most na Port Mileni\" href=\"http:\/\/rs615.rapidshare.com\/files\/267205497\/Most_Port_Milena.pps\" target=\"_blank\"><strong>Uzimajte Fail odavde da biste gledali uopste konstrukciju Mosta na Port Milene od Opstine Ulcinj,posle 60 sekondi idi na Free User pa onda pravi DOWNLOAD<\/strong><\/a><\/strong><\/p>\n<p><strong>\n\t\t<style type=\"text\/css\">\n\t\t\t#gallery-1 {\n\t\t\t\tmargin: auto;\n\t\t\t}\n\t\t\t#gallery-1 .gallery-item {\n\t\t\t\tfloat: left;\n\t\t\t\tmargin-top: 10px;\n\t\t\t\ttext-align: center;\n\t\t\t\twidth: 33%;\n\t\t\t}\n\t\t\t#gallery-1 img {\n\t\t\t\tborder: 2px solid #cfcfcf;\n\t\t\t}\n\t\t\t#gallery-1 .gallery-caption {\n\t\t\t\tmargin-left: 0;\n\t\t\t}\n\t\t\t\/* see gallery_shortcode() in wp-includes\/media.php *\/\n\t\t<\/style>\n\t\t<div id='gallery-1' class='gallery galleryid-24440 gallery-columns-3 gallery-size-thumbnail'><dl class='gallery-item'>\n\t\t\t<dt class='gallery-icon landscape'>\n\t\t\t\t<a href='https:\/\/www.visit-ulcinj.com\/blog\/wp-content\/uploads\/2009\/08\/Most-na-Port-Mileni_Ulcinj.1.jpg'><img width=\"150\" height=\"150\" src=\"https:\/\/www.visit-ulcinj.com\/blog\/wp-content\/uploads\/2009\/08\/Most-na-Port-Mileni_Ulcinj.1-150x150.jpg\" class=\"attachment-thumbnail size-thumbnail\" alt=\"\" loading=\"lazy\" \/><\/a>\n\t\t\t<\/dt><\/dl><dl class='gallery-item'>\n\t\t\t<dt class='gallery-icon landscape'>\n\t\t\t\t<a href='https:\/\/www.visit-ulcinj.com\/blog\/wp-content\/uploads\/2009\/08\/Most-na-Port-Mileni_Ulcinj.2.jpg'><img width=\"150\" height=\"150\" src=\"https:\/\/www.visit-ulcinj.com\/blog\/wp-content\/uploads\/2009\/08\/Most-na-Port-Mileni_Ulcinj.2-150x150.jpg\" class=\"attachment-thumbnail size-thumbnail\" alt=\"\" loading=\"lazy\" \/><\/a>\n\t\t\t<\/dt><\/dl><dl class='gallery-item'>\n\t\t\t<dt class='gallery-icon landscape'>\n\t\t\t\t<a href='https:\/\/www.visit-ulcinj.com\/blog\/wp-content\/uploads\/2009\/08\/Most-na-Port-Mileni_Ulcinj.jpg'><img width=\"150\" height=\"150\" src=\"https:\/\/www.visit-ulcinj.com\/blog\/wp-content\/uploads\/2009\/08\/Most-na-Port-Mileni_Ulcinj-150x150.jpg\" class=\"attachment-thumbnail size-thumbnail\" alt=\"\" loading=\"lazy\" \/><\/a>\n\t\t\t<\/dt><\/dl><br style=\"clear: both\" \/><dl class='gallery-item'>\n\t\t\t<dt class='gallery-icon landscape'>\n\t\t\t\t<a href='https:\/\/www.visit-ulcinj.com\/blog\/wp-content\/uploads\/2009\/08\/Gzim-Hajdinaga-nakon-sastanka-sa-delegacijom-Vlade-Crne-Gore1.jpg'><img width=\"150\" height=\"150\" src=\"https:\/\/www.visit-ulcinj.com\/blog\/wp-content\/uploads\/2009\/08\/Gzim-Hajdinaga-nakon-sastanka-sa-delegacijom-Vlade-Crne-Gore1-150x150.jpg\" class=\"attachment-thumbnail size-thumbnail\" alt=\"\" loading=\"lazy\" \/><\/a>\n\t\t\t<\/dt><\/dl><dl class='gallery-item'>\n\t\t\t<dt class='gallery-icon landscape'>\n\t\t\t\t<a href='https:\/\/www.visit-ulcinj.com\/blog\/wp-content\/uploads\/2009\/08\/Rasklopni-most-na-Port-Mileni.jpg'><img width=\"150\" height=\"150\" src=\"https:\/\/www.visit-ulcinj.com\/blog\/wp-content\/uploads\/2009\/08\/Rasklopni-most-na-Port-Mileni-150x150.jpg\" class=\"attachment-thumbnail size-thumbnail\" alt=\"\" loading=\"lazy\" \/><\/a>\n\t\t\t<\/dt><\/dl><dl class='gallery-item'>\n\t\t\t<dt class='gallery-icon landscape'>\n\t\t\t\t<a href='https:\/\/www.visit-ulcinj.com\/blog\/wp-content\/uploads\/2009\/08\/Rasklopni-most-na-Port-Mileni.1.jpg'><img width=\"150\" height=\"150\" src=\"https:\/\/www.visit-ulcinj.com\/blog\/wp-content\/uploads\/2009\/08\/Rasklopni-most-na-Port-Mileni.1-150x150.jpg\" class=\"attachment-thumbnail size-thumbnail\" alt=\"\" loading=\"lazy\" \/><\/a>\n\t\t\t<\/dt><\/dl><br style=\"clear: both\" \/><dl class='gallery-item'>\n\t\t\t<dt class='gallery-icon landscape'>\n\t\t\t\t<a href='https:\/\/www.visit-ulcinj.com\/blog\/wp-content\/uploads\/2009\/08\/Rasklopni-most-na-Port-Mileni.2.jpg'><img width=\"150\" height=\"150\" src=\"https:\/\/www.visit-ulcinj.com\/blog\/wp-content\/uploads\/2009\/08\/Rasklopni-most-na-Port-Mileni.2-150x150.jpg\" class=\"attachment-thumbnail size-thumbnail\" alt=\"\" loading=\"lazy\" \/><\/a>\n\t\t\t<\/dt><\/dl><dl class='gallery-item'>\n\t\t\t<dt class='gallery-icon landscape'>\n\t\t\t\t<a href='https:\/\/www.visit-ulcinj.com\/blog\/wp-content\/uploads\/2009\/08\/Rasklopni-most-na-Port-Mileni.3.jpg'><img width=\"150\" height=\"150\" src=\"https:\/\/www.visit-ulcinj.com\/blog\/wp-content\/uploads\/2009\/08\/Rasklopni-most-na-Port-Mileni.3-150x150.jpg\" class=\"attachment-thumbnail size-thumbnail\" alt=\"\" loading=\"lazy\" \/><\/a>\n\t\t\t<\/dt><\/dl><dl class='gallery-item'>\n\t\t\t<dt class='gallery-icon landscape'>\n\t\t\t\t<a href='https:\/\/www.visit-ulcinj.com\/blog\/wp-content\/uploads\/2009\/08\/Rasklopni-most-na-Port-Mileni.5.jpg'><img width=\"150\" height=\"150\" src=\"https:\/\/www.visit-ulcinj.com\/blog\/wp-content\/uploads\/2009\/08\/Rasklopni-most-na-Port-Mileni.5-150x150.jpg\" class=\"attachment-thumbnail size-thumbnail\" alt=\"\" loading=\"lazy\" \/><\/a>\n\t\t\t<\/dt><\/dl><br style=\"clear: both\" \/><dl class='gallery-item'>\n\t\t\t<dt class='gallery-icon landscape'>\n\t\t\t\t<a href='https:\/\/www.visit-ulcinj.com\/blog\/wp-content\/uploads\/2009\/08\/Rasklopni-most-na-Port-Mileni.6.jpg'><img width=\"150\" height=\"150\" src=\"https:\/\/www.visit-ulcinj.com\/blog\/wp-content\/uploads\/2009\/08\/Rasklopni-most-na-Port-Mileni.6-150x150.jpg\" class=\"attachment-thumbnail size-thumbnail\" alt=\"\" loading=\"lazy\" \/><\/a>\n\t\t\t<\/dt><\/dl><dl class='gallery-item'>\n\t\t\t<dt class='gallery-icon landscape'>\n\t\t\t\t<a href='https:\/\/www.visit-ulcinj.com\/blog\/wp-content\/uploads\/2009\/08\/Rasklopni-most-na-Port-Mileni..7.jpg'><img width=\"150\" height=\"150\" src=\"https:\/\/www.visit-ulcinj.com\/blog\/wp-content\/uploads\/2009\/08\/Rasklopni-most-na-Port-Mileni..7-150x150.jpg\" class=\"attachment-thumbnail size-thumbnail\" alt=\"\" loading=\"lazy\" \/><\/a>\n\t\t\t<\/dt><\/dl><dl class='gallery-item'>\n\t\t\t<dt class='gallery-icon landscape'>\n\t\t\t\t<a href='https:\/\/www.visit-ulcinj.com\/blog\/wp-content\/uploads\/2009\/08\/Rasklopni-most-na-Port-Mileni.8.jpg'><img width=\"150\" height=\"150\" src=\"https:\/\/www.visit-ulcinj.com\/blog\/wp-content\/uploads\/2009\/08\/Rasklopni-most-na-Port-Mileni.8-150x150.jpg\" class=\"attachment-thumbnail size-thumbnail\" alt=\"\" loading=\"lazy\" \/><\/a>\n\t\t\t<\/dt><\/dl><br style=\"clear: both\" \/><dl class='gallery-item'>\n\t\t\t<dt class='gallery-icon landscape'>\n\t\t\t\t<a href='https:\/\/www.visit-ulcinj.com\/blog\/wp-content\/uploads\/2009\/08\/Rasklopni-most-na-Port-Mileni.9.jpg'><img width=\"150\" height=\"150\" src=\"https:\/\/www.visit-ulcinj.com\/blog\/wp-content\/uploads\/2009\/08\/Rasklopni-most-na-Port-Mileni.9-150x150.jpg\" class=\"attachment-thumbnail size-thumbnail\" alt=\"\" loading=\"lazy\" \/><\/a>\n\t\t\t<\/dt><\/dl><dl class='gallery-item'>\n\t\t\t<dt class='gallery-icon landscape'>\n\t\t\t\t<a href='https:\/\/www.visit-ulcinj.com\/blog\/wp-content\/uploads\/2009\/08\/Rasklopni-most-na-Port-Mileni.10.jpg'><img width=\"150\" height=\"150\" src=\"https:\/\/www.visit-ulcinj.com\/blog\/wp-content\/uploads\/2009\/08\/Rasklopni-most-na-Port-Mileni.10-150x150.jpg\" class=\"attachment-thumbnail size-thumbnail\" alt=\"\" loading=\"lazy\" \/><\/a>\n\t\t\t<\/dt><\/dl><dl class='gallery-item'>\n\t\t\t<dt class='gallery-icon landscape'>\n\t\t\t\t<a href='https:\/\/www.visit-ulcinj.com\/blog\/wp-content\/uploads\/2009\/08\/Rasklopni-most-na-Port-Mileni.11.jpg'><img width=\"150\" height=\"150\" src=\"https:\/\/www.visit-ulcinj.com\/blog\/wp-content\/uploads\/2009\/08\/Rasklopni-most-na-Port-Mileni.11-150x150.jpg\" class=\"attachment-thumbnail size-thumbnail\" alt=\"\" loading=\"lazy\" \/><\/a>\n\t\t\t<\/dt><\/dl><br style=\"clear: both\" \/><dl class='gallery-item'>\n\t\t\t<dt class='gallery-icon landscape'>\n\t\t\t\t<a href='https:\/\/www.visit-ulcinj.com\/blog\/wp-content\/uploads\/2009\/08\/Rasklopni-most-na-Port-Mileni.12.jpg'><img width=\"150\" height=\"150\" src=\"https:\/\/www.visit-ulcinj.com\/blog\/wp-content\/uploads\/2009\/08\/Rasklopni-most-na-Port-Mileni.12-150x150.jpg\" class=\"attachment-thumbnail size-thumbnail\" alt=\"\" loading=\"lazy\" \/><\/a>\n\t\t\t<\/dt><\/dl><dl class='gallery-item'>\n\t\t\t<dt class='gallery-icon landscape'>\n\t\t\t\t<a href='https:\/\/www.visit-ulcinj.com\/blog\/wp-content\/uploads\/2009\/08\/Rasklopni-most-na-Port-Mileni.13.jpg'><img width=\"150\" height=\"150\" src=\"https:\/\/www.visit-ulcinj.com\/blog\/wp-content\/uploads\/2009\/08\/Rasklopni-most-na-Port-Mileni.13-150x150.jpg\" class=\"attachment-thumbnail size-thumbnail\" alt=\"\" loading=\"lazy\" \/><\/a>\n\t\t\t<\/dt><\/dl><dl class='gallery-item'>\n\t\t\t<dt class='gallery-icon landscape'>\n\t\t\t\t<a href='https:\/\/www.visit-ulcinj.com\/blog\/wp-content\/uploads\/2009\/08\/Rasklopni-most-na-Port-Mileni.14.jpg'><img width=\"150\" height=\"150\" src=\"https:\/\/www.visit-ulcinj.com\/blog\/wp-content\/uploads\/2009\/08\/Rasklopni-most-na-Port-Mileni.14-150x150.jpg\" class=\"attachment-thumbnail size-thumbnail\" alt=\"\" loading=\"lazy\" \/><\/a>\n\t\t\t<\/dt><\/dl><br style=\"clear: both\" \/><dl class='gallery-item'>\n\t\t\t<dt class='gallery-icon landscape'>\n\t\t\t\t<a href='https:\/\/www.visit-ulcinj.com\/blog\/wp-content\/uploads\/2009\/08\/Rasklopni-most-na-Port-Mileni.15.jpg'><img width=\"150\" height=\"150\" src=\"https:\/\/www.visit-ulcinj.com\/blog\/wp-content\/uploads\/2009\/08\/Rasklopni-most-na-Port-Mileni.15-150x150.jpg\" class=\"attachment-thumbnail size-thumbnail\" alt=\"\" loading=\"lazy\" \/><\/a>\n\t\t\t<\/dt><\/dl><dl class='gallery-item'>\n\t\t\t<dt class='gallery-icon landscape'>\n\t\t\t\t<a href='https:\/\/www.visit-ulcinj.com\/blog\/wp-content\/uploads\/2009\/08\/Rasklopni-most-na-Port-Mileni.16.jpg'><img width=\"150\" height=\"150\" src=\"https:\/\/www.visit-ulcinj.com\/blog\/wp-content\/uploads\/2009\/08\/Rasklopni-most-na-Port-Mileni.16-150x150.jpg\" class=\"attachment-thumbnail size-thumbnail\" alt=\"\" loading=\"lazy\" \/><\/a>\n\t\t\t<\/dt><\/dl><dl class='gallery-item'>\n\t\t\t<dt class='gallery-icon landscape'>\n\t\t\t\t<a href='https:\/\/www.visit-ulcinj.com\/blog\/wp-content\/uploads\/2009\/08\/Rasklopni-most-na-Port-Mileni.17.jpg'><img width=\"150\" height=\"150\" src=\"https:\/\/www.visit-ulcinj.com\/blog\/wp-content\/uploads\/2009\/08\/Rasklopni-most-na-Port-Mileni.17-150x150.jpg\" class=\"attachment-thumbnail size-thumbnail\" alt=\"\" loading=\"lazy\" \/><\/a>\n\t\t\t<\/dt><\/dl><br style=\"clear: both\" \/><dl class='gallery-item'>\n\t\t\t<dt class='gallery-icon landscape'>\n\t\t\t\t<a href='https:\/\/www.visit-ulcinj.com\/blog\/wp-content\/uploads\/2009\/08\/Rasklopni-most-na-Port-Mileni.18.jpg'><img width=\"150\" height=\"150\" src=\"https:\/\/www.visit-ulcinj.com\/blog\/wp-content\/uploads\/2009\/08\/Rasklopni-most-na-Port-Mileni.18-150x150.jpg\" class=\"attachment-thumbnail size-thumbnail\" alt=\"\" loading=\"lazy\" \/><\/a>\n\t\t\t<\/dt><\/dl><dl class='gallery-item'>\n\t\t\t<dt class='gallery-icon landscape'>\n\t\t\t\t<a href='https:\/\/www.visit-ulcinj.com\/blog\/wp-content\/uploads\/2009\/08\/Rasklopni-most-na-Port-Mileni.19.jpg'><img width=\"150\" height=\"150\" src=\"https:\/\/www.visit-ulcinj.com\/blog\/wp-content\/uploads\/2009\/08\/Rasklopni-most-na-Port-Mileni.19-150x150.jpg\" class=\"attachment-thumbnail size-thumbnail\" alt=\"\" loading=\"lazy\" \/><\/a>\n\t\t\t<\/dt><\/dl><dl class='gallery-item'>\n\t\t\t<dt class='gallery-icon landscape'>\n\t\t\t\t<a href='https:\/\/www.visit-ulcinj.com\/blog\/wp-content\/uploads\/2009\/08\/Rasklopni-most-na-Port-Mileni.20.jpg'><img width=\"150\" height=\"150\" src=\"https:\/\/www.visit-ulcinj.com\/blog\/wp-content\/uploads\/2009\/08\/Rasklopni-most-na-Port-Mileni.20-150x150.jpg\" class=\"attachment-thumbnail size-thumbnail\" alt=\"\" loading=\"lazy\" \/><\/a>\n\t\t\t<\/dt><\/dl><br style=\"clear: both\" \/><dl class='gallery-item'>\n\t\t\t<dt class='gallery-icon landscape'>\n\t\t\t\t<a href='https:\/\/www.visit-ulcinj.com\/blog\/wp-content\/uploads\/2009\/08\/Rasklopni-most-na-Port-Mileni.21.jpg'><img width=\"150\" height=\"150\" src=\"https:\/\/www.visit-ulcinj.com\/blog\/wp-content\/uploads\/2009\/08\/Rasklopni-most-na-Port-Mileni.21-150x150.jpg\" class=\"attachment-thumbnail size-thumbnail\" alt=\"\" loading=\"lazy\" \/><\/a>\n\t\t\t<\/dt><\/dl><dl class='gallery-item'>\n\t\t\t<dt class='gallery-icon landscape'>\n\t\t\t\t<a href='https:\/\/www.visit-ulcinj.com\/blog\/wp-content\/uploads\/2009\/08\/Rasklopni-most-na-Port-Mileni.22.jpg'><img width=\"150\" height=\"150\" src=\"https:\/\/www.visit-ulcinj.com\/blog\/wp-content\/uploads\/2009\/08\/Rasklopni-most-na-Port-Mileni.22-150x150.jpg\" class=\"attachment-thumbnail size-thumbnail\" alt=\"\" loading=\"lazy\" \/><\/a>\n\t\t\t<\/dt><\/dl><dl class='gallery-item'>\n\t\t\t<dt class='gallery-icon landscape'>\n\t\t\t\t<a href='https:\/\/www.visit-ulcinj.com\/blog\/wp-content\/uploads\/2009\/08\/Rasklopni-most-na-Port-Mileni.23.jpg'><img width=\"150\" height=\"150\" src=\"https:\/\/www.visit-ulcinj.com\/blog\/wp-content\/uploads\/2009\/08\/Rasklopni-most-na-Port-Mileni.23-150x150.jpg\" class=\"attachment-thumbnail size-thumbnail\" alt=\"\" loading=\"lazy\" \/><\/a>\n\t\t\t<\/dt><\/dl><br style=\"clear: both\" \/><dl class='gallery-item'>\n\t\t\t<dt class='gallery-icon landscape'>\n\t\t\t\t<a href='https:\/\/www.visit-ulcinj.com\/blog\/wp-content\/uploads\/2009\/08\/Rasklopni-most-na-Port-Mileni.24.jpg'><img width=\"150\" height=\"150\" src=\"https:\/\/www.visit-ulcinj.com\/blog\/wp-content\/uploads\/2009\/08\/Rasklopni-most-na-Port-Mileni.24-150x150.jpg\" class=\"attachment-thumbnail size-thumbnail\" alt=\"\" loading=\"lazy\" \/><\/a>\n\t\t\t<\/dt><\/dl><dl class='gallery-item'>\n\t\t\t<dt class='gallery-icon landscape'>\n\t\t\t\t<a href='https:\/\/www.visit-ulcinj.com\/blog\/wp-content\/uploads\/2009\/08\/Rasklopni-most-na-Port-Mileni.25.jpg'><img width=\"150\" height=\"150\" src=\"https:\/\/www.visit-ulcinj.com\/blog\/wp-content\/uploads\/2009\/08\/Rasklopni-most-na-Port-Mileni.25-150x150.jpg\" class=\"attachment-thumbnail size-thumbnail\" alt=\"\" loading=\"lazy\" \/><\/a>\n\t\t\t<\/dt><\/dl>\n\t\t\t<br style='clear: both' \/>\n\t\t<\/div>\n<br \/>\n<\/strong><\/p>\n","protected":false},"excerpt":{"rendered":"<p>Uzimajte Fail odavde da biste gledali uopste konstrukciju Mosta na Port Milene od Opstine Ulcinj,posle 60 sekondi idi na Free User pa onda pravi DOWNLOAD. http:\/\/rapidshare.com\/files\/267205497\/Most_Port_Milena.pps.html Za oktobar u Ulcinju najavljen po?etak investicije vrijedne oko 18 miliona eura Ulcinj &#8211; Gradnja 600 metara dugog rasklopnog mosta na Port Mileni mogla bi da po?ne u oktobru [&hellip;]<\/p>\n","protected":false},"author":1,"featured_media":0,"comment_status":"open","ping_status":"closed","sticky":false,"template":"","format":"standard","meta":{"spay_email":"","jetpack_publicize_message":"","jetpack_is_tweetstorm":false,"jetpack_publicize_feature_enabled":true},"categories":[13],"tags":[12185,12188,2775,5074,12186,12187],"jetpack_publicize_connections":[],"yoast_head":"<!-- This site is optimized with the Yoast SEO plugin v19.1 - https:\/\/yoast.com\/wordpress\/plugins\/seo\/ -->\n<title>Rasklopni most na Port Mileni - Lajme nga Ulqini<\/title>\n<meta name=\"description\" content=\"Uzimajte Fail odavde da biste gledali uopste konstrukciju Mosta na Port Milene od Opstine Ulcinj,posle 60 sekondi idi na Free User pa onda pravi DOWNLOAD.\" \/>\n<meta name=\"robots\" content=\"index, follow, max-snippet:-1, max-image-preview:large, max-video-preview:-1\" \/>\n<link rel=\"canonical\" href=\"https:\/\/www.visit-ulcinj.com\/blog\/2009\/08\/12\/rasklopni-most-na-port-mileni\/\" \/>\n<meta property=\"og:locale\" content=\"en_US\" \/>\n<meta property=\"og:type\" content=\"article\" \/>\n<meta property=\"og:title\" content=\"Rasklopni most na Port Mileni - Lajme nga Ulqini\" \/>\n<meta property=\"og:description\" content=\"Uzimajte Fail odavde da biste gledali uopste konstrukciju Mosta na Port Milene od Opstine Ulcinj,posle 60 sekondi idi na Free User pa onda pravi DOWNLOAD.\" \/>\n<meta property=\"og:url\" content=\"https:\/\/www.visit-ulcinj.com\/blog\/2009\/08\/12\/rasklopni-most-na-port-mileni\/\" \/>\n<meta property=\"og:site_name\" content=\"Lajme nga Ulqini\" \/>\n<meta property=\"article:published_time\" content=\"2009-08-12T16:53:25+00:00\" \/>\n<meta property=\"article:modified_time\" content=\"2009-08-19T14:57:39+00:00\" \/>\n<meta property=\"og:image\" content=\"https:\/\/www.visit-ulcinj.com\/blog\/wp-content\/uploads\/2009\/08\/Most-na-Port-Mileni_Ulcinj.1-150x150.jpg\" \/>\n<meta name=\"twitter:label1\" content=\"Written by\" \/>\n\t<meta name=\"twitter:data1\" content=\"ulqini\" \/>\n\t<meta name=\"twitter:label2\" content=\"Est. reading time\" \/>\n\t<meta name=\"twitter:data2\" content=\"2 minutes\" \/>\n<script type=\"application\/ld+json\" class=\"yoast-schema-graph\">{\"@context\":\"https:\/\/schema.org\",\"@graph\":[{\"@type\":\"WebSite\",\"@id\":\"https:\/\/www.visit-ulcinj.com\/blog\/#website\",\"url\":\"https:\/\/www.visit-ulcinj.com\/blog\/\",\"name\":\"Lajme nga Ulqini\",\"description\":\"Lajme,Vijesti,Ulqini,Ulqin,Crna Gora,Mali i Zi\",\"potentialAction\":[{\"@type\":\"SearchAction\",\"target\":{\"@type\":\"EntryPoint\",\"urlTemplate\":\"https:\/\/www.visit-ulcinj.com\/blog\/?s={search_term_string}\"},\"query-input\":\"required name=search_term_string\"}],\"inLanguage\":\"en-US\"},{\"@type\":\"ImageObject\",\"inLanguage\":\"en-US\",\"@id\":\"https:\/\/www.visit-ulcinj.com\/blog\/2009\/08\/12\/rasklopni-most-na-port-mileni\/#primaryimage\",\"url\":\"https:\/\/www.visit-ulcinj.com\/blog\/wp-content\/uploads\/2009\/08\/Most-na-Port-Mileni_Ulcinj.jpg\",\"contentUrl\":\"https:\/\/www.visit-ulcinj.com\/blog\/wp-content\/uploads\/2009\/08\/Most-na-Port-Mileni_Ulcinj.jpg\",\"width\":\"636\",\"height\":\"431\"},{\"@type\":\"WebPage\",\"@id\":\"https:\/\/www.visit-ulcinj.com\/blog\/2009\/08\/12\/rasklopni-most-na-port-mileni\/#webpage\",\"url\":\"https:\/\/www.visit-ulcinj.com\/blog\/2009\/08\/12\/rasklopni-most-na-port-mileni\/\",\"name\":\"Rasklopni most na Port Mileni - Lajme nga Ulqini\",\"isPartOf\":{\"@id\":\"https:\/\/www.visit-ulcinj.com\/blog\/#website\"},\"primaryImageOfPage\":{\"@id\":\"https:\/\/www.visit-ulcinj.com\/blog\/2009\/08\/12\/rasklopni-most-na-port-mileni\/#primaryimage\"},\"datePublished\":\"2009-08-12T16:53:25+00:00\",\"dateModified\":\"2009-08-19T14:57:39+00:00\",\"author\":{\"@id\":\"https:\/\/www.visit-ulcinj.com\/blog\/#\/schema\/person\/dcab619c614d3038751c63bc2aadc06d\"},\"description\":\"Uzimajte Fail odavde da biste gledali uopste konstrukciju Mosta na Port Milene od Opstine Ulcinj,posle 60 sekondi idi na Free User pa onda pravi DOWNLOAD.\",\"breadcrumb\":{\"@id\":\"https:\/\/www.visit-ulcinj.com\/blog\/2009\/08\/12\/rasklopni-most-na-port-mileni\/#breadcrumb\"},\"inLanguage\":\"en-US\",\"potentialAction\":[{\"@type\":\"ReadAction\",\"target\":[\"https:\/\/www.visit-ulcinj.com\/blog\/2009\/08\/12\/rasklopni-most-na-port-mileni\/\"]}]},{\"@type\":\"BreadcrumbList\",\"@id\":\"https:\/\/www.visit-ulcinj.com\/blog\/2009\/08\/12\/rasklopni-most-na-port-mileni\/#breadcrumb\",\"itemListElement\":[{\"@type\":\"ListItem\",\"position\":1,\"name\":\"Rasklopni most na Port Mileni\"}]},{\"@type\":\"Person\",\"@id\":\"https:\/\/www.visit-ulcinj.com\/blog\/#\/schema\/person\/dcab619c614d3038751c63bc2aadc06d\",\"name\":\"ulqini\",\"sameAs\":[\"http:\/\/www.visit-ulcinj.com\"],\"url\":\"https:\/\/www.visit-ulcinj.com\/blog\/author\/admin\/\"}]}<\/script>\n<!-- \/ Yoast SEO plugin. -->","yoast_head_json":{"title":"Rasklopni most na Port Mileni - Lajme nga Ulqini","description":"Uzimajte Fail odavde da biste gledali uopste konstrukciju Mosta na Port Milene od Opstine Ulcinj,posle 60 sekondi idi na Free User pa onda pravi DOWNLOAD.","robots":{"index":"index","follow":"follow","max-snippet":"max-snippet:-1","max-image-preview":"max-image-preview:large","max-video-preview":"max-video-preview:-1"},"canonical":"https:\/\/www.visit-ulcinj.com\/blog\/2009\/08\/12\/rasklopni-most-na-port-mileni\/","og_locale":"en_US","og_type":"article","og_title":"Rasklopni most na Port Mileni - Lajme nga Ulqini","og_description":"Uzimajte Fail odavde da biste gledali uopste konstrukciju Mosta na Port Milene od Opstine Ulcinj,posle 60 sekondi idi na Free User pa onda pravi DOWNLOAD.","og_url":"https:\/\/www.visit-ulcinj.com\/blog\/2009\/08\/12\/rasklopni-most-na-port-mileni\/","og_site_name":"Lajme nga Ulqini","article_published_time":"2009-08-12T16:53:25+00:00","article_modified_time":"2009-08-19T14:57:39+00:00","og_image":[{"url":"https:\/\/www.visit-ulcinj.com\/blog\/wp-content\/uploads\/2009\/08\/Most-na-Port-Mileni_Ulcinj.1-150x150.jpg"}],"twitter_misc":{"Written by":"ulqini","Est. reading time":"2 minutes"},"schema":{"@context":"https:\/\/schema.org","@graph":[{"@type":"WebSite","@id":"https:\/\/www.visit-ulcinj.com\/blog\/#website","url":"https:\/\/www.visit-ulcinj.com\/blog\/","name":"Lajme nga Ulqini","description":"Lajme,Vijesti,Ulqini,Ulqin,Crna Gora,Mali i Zi","potentialAction":[{"@type":"SearchAction","target":{"@type":"EntryPoint","urlTemplate":"https:\/\/www.visit-ulcinj.com\/blog\/?s={search_term_string}"},"query-input":"required name=search_term_string"}],"inLanguage":"en-US"},{"@type":"ImageObject","inLanguage":"en-US","@id":"https:\/\/www.visit-ulcinj.com\/blog\/2009\/08\/12\/rasklopni-most-na-port-mileni\/#primaryimage","url":"https:\/\/www.visit-ulcinj.com\/blog\/wp-content\/uploads\/2009\/08\/Most-na-Port-Mileni_Ulcinj.jpg","contentUrl":"https:\/\/www.visit-ulcinj.com\/blog\/wp-content\/uploads\/2009\/08\/Most-na-Port-Mileni_Ulcinj.jpg","width":"636","height":"431"},{"@type":"WebPage","@id":"https:\/\/www.visit-ulcinj.com\/blog\/2009\/08\/12\/rasklopni-most-na-port-mileni\/#webpage","url":"https:\/\/www.visit-ulcinj.com\/blog\/2009\/08\/12\/rasklopni-most-na-port-mileni\/","name":"Rasklopni most na Port Mileni - Lajme nga Ulqini","isPartOf":{"@id":"https:\/\/www.visit-ulcinj.com\/blog\/#website"},"primaryImageOfPage":{"@id":"https:\/\/www.visit-ulcinj.com\/blog\/2009\/08\/12\/rasklopni-most-na-port-mileni\/#primaryimage"},"datePublished":"2009-08-12T16:53:25+00:00","dateModified":"2009-08-19T14:57:39+00:00","author":{"@id":"https:\/\/www.visit-ulcinj.com\/blog\/#\/schema\/person\/dcab619c614d3038751c63bc2aadc06d"},"description":"Uzimajte Fail odavde da biste gledali uopste konstrukciju Mosta na Port Milene od Opstine Ulcinj,posle 60 sekondi idi na Free User pa onda pravi DOWNLOAD.","breadcrumb":{"@id":"https:\/\/www.visit-ulcinj.com\/blog\/2009\/08\/12\/rasklopni-most-na-port-mileni\/#breadcrumb"},"inLanguage":"en-US","potentialAction":[{"@type":"ReadAction","target":["https:\/\/www.visit-ulcinj.com\/blog\/2009\/08\/12\/rasklopni-most-na-port-mileni\/"]}]},{"@type":"BreadcrumbList","@id":"https:\/\/www.visit-ulcinj.com\/blog\/2009\/08\/12\/rasklopni-most-na-port-mileni\/#breadcrumb","itemListElement":[{"@type":"ListItem","position":1,"name":"Rasklopni most na Port Mileni"}]},{"@type":"Person","@id":"https:\/\/www.visit-ulcinj.com\/blog\/#\/schema\/person\/dcab619c614d3038751c63bc2aadc06d","name":"ulqini","sameAs":["http:\/\/www.visit-ulcinj.com"],"url":"https:\/\/www.visit-ulcinj.com\/blog\/author\/admin\/"}]}},"jetpack_featured_media_url":"","jetpack_sharing_enabled":true,"jetpack_shortlink":"https:\/\/wp.me\/pe6lTn-6mc","_links":{"self":[{"href":"https:\/\/www.visit-ulcinj.com\/blog\/wp-json\/wp\/v2\/posts\/24440"}],"collection":[{"href":"https:\/\/www.visit-ulcinj.com\/blog\/wp-json\/wp\/v2\/posts"}],"about":[{"href":"https:\/\/www.visit-ulcinj.com\/blog\/wp-json\/wp\/v2\/types\/post"}],"author":[{"embeddable":true,"href":"https:\/\/www.visit-ulcinj.com\/blog\/wp-json\/wp\/v2\/users\/1"}],"replies":[{"embeddable":true,"href":"https:\/\/www.visit-ulcinj.com\/blog\/wp-json\/wp\/v2\/comments?post=24440"}],"version-history":[{"count":0,"href":"https:\/\/www.visit-ulcinj.com\/blog\/wp-json\/wp\/v2\/posts\/24440\/revisions"}],"wp:attachment":[{"href":"https:\/\/www.visit-ulcinj.com\/blog\/wp-json\/wp\/v2\/media?parent=24440"}],"wp:term":[{"taxonomy":"category","embeddable":true,"href":"https:\/\/www.visit-ulcinj.com\/blog\/wp-json\/wp\/v2\/categories?post=24440"},{"taxonomy":"post_tag","embeddable":true,"href":"https:\/\/www.visit-ulcinj.com\/blog\/wp-json\/wp\/v2\/tags?post=24440"}],"curies":[{"name":"wp","href":"https:\/\/api.w.org\/{rel}","templated":true}]}}