{"id":24521,"date":"2009-08-14T19:26:01","date_gmt":"2009-08-14T17:26:01","guid":{"rendered":"http:\/\/www.visit-ulcinj.com\/blog\/?p=24521"},"modified":"2009-08-16T10:24:42","modified_gmt":"2009-08-16T08:24:42","slug":"esluzive-fotografijat-e-ures-porti-i-milenes","status":"publish","type":"post","link":"https:\/\/www.visit-ulcinj.com\/blog\/2009\/08\/14\/esluzive-fotografijat-e-ures-porti-i-milenes\/","title":{"rendered":"Fotografijat Eskluzive t\u00eb Ur\u00ebs &#8220;Porti i Milen\u00ebs&#8221;"},"content":{"rendered":"<p><a href=\"http:\/\/www.visit-ulcinj.com\/blog\/wp-content\/uploads\/2009\/08\/Rasklopni-most-na-Port-Mileni.211.jpg\"><img loading=\"lazy\" class=\"alignleft size-full wp-image-24542\" title=\"Rasklopni most na Port Mileni.21\" src=\"http:\/\/www.visit-ulcinj.com\/blog\/wp-content\/uploads\/2009\/08\/Rasklopni-most-na-Port-Mileni.211.jpg\" alt=\"Rasklopni most na Port Mileni.21\" width=\"580\" height=\"400\" \/><\/a><a title=\"Most na Port Mileni\" href=\"http:\/\/rs615.rapidshare.com\/files\/267205497\/Most_Port_Milena.pps\" target=\"_blank\"><strong>Merni Failin\u00a0 p\u00ebr ta shikuar Projektin e Ur\u00ebs s\u00eb Port Milen\u00ebs t\u00eb Komun\u00ebs s\u00eb Ulqinit dhe p\u00ebr 60 sekonda deri sa mbushet failli shkoni n\u00eb\u00a0 Free User dhe kliko\u00a0 dhe masandej kliko\u00a0 DOWNLOAD<\/strong><\/a>.<br \/>\nPritja e gjat\u00eb k\u00ebtij viti turistik 2009 t\u00eb turistave n\u00eb rrug\u00ebt e Ulqinit a do t\u00eb zgjat kanjiher edhe deri 1 or\u00eb duke pritur,ajo rrihet t\u00eb shikohet n\u00ebqofse Kryetari i Malit t\u00eb Zi fiton n\u00eb zgjedhjet prezidanciale sepse kjo qe\u00a0 kushtezimi me uren e jon t\u00eb Port Milen\u00ebs n\u00eb Ulqin.<br \/>\nQ\u00eb mos ndodh\u00eb kjo p\u00ebr zhvillimin e turizmin n\u00eb baz\u00eb t\u00eb standardeve nd\u00ebrkomtare ndertimi i ur\u00ebs s\u00eb dyt\u00eb n\u00eb Port-Milen\u00eb asht\u00eb ba nevoj\u00eb e koh\u00ebs.<br \/>\nNevoja e nd\u00ebrtimit t\u00eb k\u00ebsaj ure \u00ebsht\u00eb diskutuar sa her n\u00eb parlamentin e Ulqinit mirpo kur ishin zgjedhjet prezidanciale ishte momenti ma i mir se kur p\u00ebr t\u00eb nxjerrur di\u00e7ka si shp\u00ebrblim nga organet qeveritare n\u00eb Podgoric\u00eb.P\u00ebr at arsye n\u00ebqofse Kryetari i Malit t\u00eb Zi,Filip Vujanoviq n\u00ebqofse e ka fol at\u00eb fjal n\u00eb tribun n\u00eb Ulqin,at\u00ebher aj fjal\u00ebn do ta mbaje,sepse n\u00eb an\u00eb tjet\u00ebr aj do ta humb kredibilitetin si kryetar i shtetit.Por nga ana teknike nuk ishte e mundur q\u00eb t\u00eb realizohej kjo vep\u00ebr deri n\u00eb fillim t\u00eb sezonit sepse nj\u00eb ur\u00eb nuk ndreqet njaq shpejt,mirpo aj ka than se do ta ndreq mirpo ska than kur,dmth mbrenda shekullit t\u00eb nj\u00ebzet\u00eb e nj\u00eb.. Do duhej t\u00eb kalonin nj\u00ebqind vjet q\u00eb t\u00eb fillonte nd\u00ebrtimi i ur\u00ebs numer dy t\u00eb Portit te Milen\u00ebs.Ura e Portit te Milen\u00ebs &#8211; gjendet n\u00eb kryq\u00ebzimin e dy rrug\u00ebve kryesore: Autostrada Ulqin \u2013 Tivar q\u00eb lidh tre qytetet m\u00eb kryesore t\u00eb Malit t\u00eb Zi dhe p\u00ebrb\u00ebn pjes\u00eb t\u00eb rrjetit rrugor Evropian, si\u00e7 asht aksi rrugor per\u00ebndimor q\u00eb lidhet nga Triesta e Italis deri n\u00eb Split kurse edhe p\u00ebr pak koh\u00eb do ta lidhe edhe aksin rugor kroat t\u00eb jugut Dubrovnikun.Ura e Portit te Milen\u00ebs do t\u00eb leht\u00ebsoj\u00eb komunikimin e Malit t\u00eb Zi me Shqiperin ,Geqin dhe vendeve fqinje bregdetare.Natyrisht k\u00ebt\u00eb leht\u00ebsim do ta ndiejn\u00eb edhe turistat,shumica e t\u00eb cil\u00ebve do t\u00eb kalojn\u00eb nga kjo ur\u00eb kur duan t\u00eb shkojn\u00eb n\u00eb pushim n\u00eb Ulqin.Po k\u00ebshtu do t\u00eb ndihmoj\u00eb edhe n\u00eb l\u00ebvizjen e mallrave duke pasur parasysh se Mali i Zi p\u00ebrb\u00ebn nj\u00eb nga vendet kryesore me t\u00eb cilat realizohen shk\u00ebmbime tregtare. Ulqini ka nj\u00eb r\u00ebnd\u00ebsi t\u00eb ve\u00e7ant\u00eb p\u00ebr t\u00eb ardhmen turistike e nj\u00eb sektori tep\u00ebr t\u00eb r\u00ebnd\u00ebsish\u00ebm t\u00eb infrastruktur\u00ebs son\u00eb, at\u00eb t\u00eb rrug\u00ebve dhe te ures te port\u00eb milenes. Arritjet e sh\u00ebnuara turistike dhe ekonomike edhe n\u00eb k\u00ebt\u00eb sektor n\u00ebn qeverisjen e tanishtme jan\u00eb t\u00eb prekshme tani p\u00ebr secilin.<br \/>\n<img loading=\"lazy\" src=\"http:\/\/www.javno.com\/slike\/slike_3\/r1\/g2007\/m07\/x145811890376739.jpg\" alt=\"\" width=\"252\" height=\"189\" align=\"left\" \/>Sot kalimi ne aksin rugor Ulqin \u2013Plazhi Madh\u00eb asht e papranueshme per shumicen e turisteve qe vijn ta vizitojn qytetin e jon,sepse kolona e veturave asht e pa marueshme dhe duhet pritur deri nje ore per dy kilometra rrug\u00eb.Per ket arsye ky aks rrugor nuk mund te p\u00ebrballoj\u00eb rritjen e trafikut dhe k\u00ebrkesat moderne p\u00ebr nj\u00eb komunikim me t\u00eb avancuar per turizmin e Ulqinit. Kjo ure, eshte nje nder arteriet kryesore te Ulqinit qe lidhte ndermjet tyre disa zona . Lidhja permanente e aksit rrugor nga Triest-Split-Dubrovnik dhe Lidhja permanente e aksit rrugor nga Tuneli Sozin me Pogoric\u00eb dhe q\u00eb lidhe akset kryesore me boten e jashtme ,ura e Port Milenes 2 do t\u00eb siguroj\u00eb zvog\u00eblimin e koh\u00ebs p\u00ebr kalimin n\u00eb \u00e7min dhe kalimin n\u00eb kushte komode dhe me standarte t\u00eb larta dhe gjithashtu do t\u00eb eliminoj\u00eb infiluencimin e kushteve klimaterike dhe gazave CO\u00b2 qe leshojn automjetet.<br \/>\nModernizimi i infrastruktur\u00ebs rrugore t\u00eb Ulqinit \u00ebsht\u00eb nj\u00eb prioritet kryesor p\u00ebr t\u00eb leht\u00ebsuar tregtin\u00eb dhe integrimin rajonal, duke ndihmuar n\u00eb k\u00ebt\u00eb m\u00ebnyr\u00eb sigurimin e nj\u00eb rritje ekonomike t\u00eb q\u00ebndrueshme.Per te sensibilizuar qeverin malazeze dhe strukturat vendore tona per ta bere ndertimin e kesaj ure realitet te afert. Ndertimi i kesaj ure eshte me interes te madh per zhvillimin ekonomik dhe te gjithmbarshem te ketij vendi te lane pas dore, dhe per rajonin ne teresi. Apelojme te strukturat shteterore, qeveritare malazeze,dhe te deputetet tane ulqinak, shoqatat dhe organizatat joqeveritare mbareulqinake, per ta sensibilizuar dhe ndertuar sa me pare kete ure, qe do t&#8217;i sherbeje te sotmes dhe brezave qe vijne.<br \/>\nUra e Portit te Milen\u00ebs mundet te ndertohet me fonde private dhe me financimin e donatoreve,sepse koha spret dhe fluksi i turizmit viteve qe vijon pritet ne rritje deri 30% ma shum.Natyrisht kjo ure asht e domozdoshme dhe duhet per t\u00eb gjith\u00eb kalimtar\u00ebt t\u00eb fusin dor\u00ebn n\u00eb xhep n\u00ebse do t\u00eb kalojn\u00eb ur\u00ebn, do t\u00eb paguajn\u00eb sikurse neper gjith\u00eb boten.Pra<a title=\"Port Milena ulqin\" href=\"http:\/\/www.visit-ulcinj.com\/blog\/wp-content\/uploads\/2008\/02\/plazha-e-madhe5.jpg\"><img loading=\"lazy\" src=\"http:\/\/www.visit-ulcinj.com\/blog\/wp-content\/uploads\/2008\/02\/plazha-e-madhe5.thumbnail.jpg\" alt=\"Port Milena ulqin\" width=\"128\" height=\"91\" align=\"right\" \/><\/a> projekti i kesaj ure asht i realizushem neqofse politikanet tane shprehin vullnetin e tyre ta realizojn ket project madheshtor.N\u00eb k\u00ebt\u00eb aspekt, objektivi kryesor n\u00eb planin e investimeve \u00ebsht\u00eb nd\u00ebrtimi i rrug\u00ebve dhe urave t\u00eb reja moderne, si dhe vazhdimi i rehabilitimit t\u00eb rrjetit rrugor ne Ulqin dhe rrethinen e saj, \u00e7ka do t\u00eb sjell\u00eb rritjen e standarteve t\u00eb akseve m\u00eb t\u00eb r\u00ebnd\u00ebsishme.Neve na nevojitet nj\u00eb rip\u00ebrtrirje e aktivitetit ekonomiko-turistik dhe Infrastruktura dhe investimet jan\u00eb gj\u00ebrat q\u00eb na nevojiten m\u00eb s\u00eb shumti n\u00eb rajonin e ulqinit.Tash duhet gjithe ne t\u00eb luajm nj\u00eb rol kryesor n\u00eb k\u00ebt\u00eb proces. Vitet e mira pritet t\u00eb vijn\u00eb.<br \/>\n<strong><br \/>\n<\/strong><\/p>\n<p><strong>LAJME NGA ULQINI<br \/>\n<\/strong><a title=\"Most na Port Mileni\" href=\"http:\/\/rs615.rapidshare.com\/files\/267205497\/Most_Port_Milena.pps\" target=\"_blank\"><strong>Merni Failin\u00a0 p\u00ebr ta shikuar Projektin e Ur\u00ebs s\u00eb Port Milen\u00ebs t\u00eb Komun\u00ebs s\u00eb Ulqinit dhe p\u00ebr 60 sekonda deri sa mbushet failli shkoni n\u00eb\u00a0 Free User dhe kliko\u00a0 dhe masandej kliko\u00a0 DOWNLOAD<\/strong><\/a>.<\/p>\n<p><strong>\n\t\t<style type=\"text\/css\">\n\t\t\t#gallery-1 {\n\t\t\t\tmargin: auto;\n\t\t\t}\n\t\t\t#gallery-1 .gallery-item {\n\t\t\t\tfloat: left;\n\t\t\t\tmargin-top: 10px;\n\t\t\t\ttext-align: center;\n\t\t\t\twidth: 33%;\n\t\t\t}\n\t\t\t#gallery-1 img {\n\t\t\t\tborder: 2px solid #cfcfcf;\n\t\t\t}\n\t\t\t#gallery-1 .gallery-caption {\n\t\t\t\tmargin-left: 0;\n\t\t\t}\n\t\t\t\/* see gallery_shortcode() in wp-includes\/media.php *\/\n\t\t<\/style>\n\t\t<div id='gallery-1' class='gallery galleryid-24521 gallery-columns-3 gallery-size-thumbnail'><dl class='gallery-item'>\n\t\t\t<dt class='gallery-icon landscape'>\n\t\t\t\t<a href='https:\/\/www.visit-ulcinj.com\/blog\/wp-content\/uploads\/2009\/08\/Rasklopni-most-na-Port-Mileni.110.jpg'><img width=\"150\" height=\"150\" src=\"https:\/\/www.visit-ulcinj.com\/blog\/wp-content\/uploads\/2009\/08\/Rasklopni-most-na-Port-Mileni.110-150x150.jpg\" class=\"attachment-thumbnail size-thumbnail\" alt=\"\" loading=\"lazy\" \/><\/a>\n\t\t\t<\/dt><\/dl><dl class='gallery-item'>\n\t\t\t<dt class='gallery-icon landscape'>\n\t\t\t\t<a href='https:\/\/www.visit-ulcinj.com\/blog\/wp-content\/uploads\/2009\/08\/Rasklopni-most-na-Port-Mileni1.jpg'><img width=\"150\" height=\"150\" src=\"https:\/\/www.visit-ulcinj.com\/blog\/wp-content\/uploads\/2009\/08\/Rasklopni-most-na-Port-Mileni1-150x150.jpg\" class=\"attachment-thumbnail size-thumbnail\" alt=\"\" loading=\"lazy\" \/><\/a>\n\t\t\t<\/dt><\/dl><dl class='gallery-item'>\n\t\t\t<dt class='gallery-icon landscape'>\n\t\t\t\t<a href='https:\/\/www.visit-ulcinj.com\/blog\/wp-content\/uploads\/2009\/08\/Rasklopni-most-na-Port-Mileni.26.jpg'><img width=\"150\" height=\"150\" src=\"https:\/\/www.visit-ulcinj.com\/blog\/wp-content\/uploads\/2009\/08\/Rasklopni-most-na-Port-Mileni.26-150x150.jpg\" class=\"attachment-thumbnail size-thumbnail\" alt=\"\" loading=\"lazy\" \/><\/a>\n\t\t\t<\/dt><\/dl><br style=\"clear: both\" \/><dl class='gallery-item'>\n\t\t\t<dt class='gallery-icon landscape'>\n\t\t\t\t<a href='https:\/\/www.visit-ulcinj.com\/blog\/wp-content\/uploads\/2009\/08\/Rasklopni-most-na-Port-Mileni.31.jpg'><img width=\"150\" height=\"150\" src=\"https:\/\/www.visit-ulcinj.com\/blog\/wp-content\/uploads\/2009\/08\/Rasklopni-most-na-Port-Mileni.31-150x150.jpg\" class=\"attachment-thumbnail size-thumbnail\" alt=\"\" loading=\"lazy\" \/><\/a>\n\t\t\t<\/dt><\/dl><dl class='gallery-item'>\n\t\t\t<dt class='gallery-icon landscape'>\n\t\t\t\t<a href='https:\/\/www.visit-ulcinj.com\/blog\/wp-content\/uploads\/2009\/08\/Rasklopni-most-na-Port-Mileni.51.jpg'><img width=\"150\" height=\"150\" src=\"https:\/\/www.visit-ulcinj.com\/blog\/wp-content\/uploads\/2009\/08\/Rasklopni-most-na-Port-Mileni.51-150x150.jpg\" class=\"attachment-thumbnail size-thumbnail\" alt=\"\" loading=\"lazy\" \/><\/a>\n\t\t\t<\/dt><\/dl><dl class='gallery-item'>\n\t\t\t<dt class='gallery-icon landscape'>\n\t\t\t\t<a href='https:\/\/www.visit-ulcinj.com\/blog\/wp-content\/uploads\/2009\/08\/Rasklopni-most-na-Port-Mileni.61.jpg'><img width=\"150\" height=\"150\" src=\"https:\/\/www.visit-ulcinj.com\/blog\/wp-content\/uploads\/2009\/08\/Rasklopni-most-na-Port-Mileni.61-150x150.jpg\" class=\"attachment-thumbnail size-thumbnail\" alt=\"\" loading=\"lazy\" \/><\/a>\n\t\t\t<\/dt><\/dl><br style=\"clear: both\" \/><dl class='gallery-item'>\n\t\t\t<dt class='gallery-icon landscape'>\n\t\t\t\t<a href='https:\/\/www.visit-ulcinj.com\/blog\/wp-content\/uploads\/2009\/08\/Rasklopni-most-na-Port-Mileni..71.jpg'><img width=\"150\" height=\"150\" src=\"https:\/\/www.visit-ulcinj.com\/blog\/wp-content\/uploads\/2009\/08\/Rasklopni-most-na-Port-Mileni..71-150x150.jpg\" class=\"attachment-thumbnail size-thumbnail\" alt=\"\" loading=\"lazy\" \/><\/a>\n\t\t\t<\/dt><\/dl><dl class='gallery-item'>\n\t\t\t<dt class='gallery-icon landscape'>\n\t\t\t\t<a href='https:\/\/www.visit-ulcinj.com\/blog\/wp-content\/uploads\/2009\/08\/Rasklopni-most-na-Port-Mileni.81.jpg'><img width=\"150\" height=\"150\" src=\"https:\/\/www.visit-ulcinj.com\/blog\/wp-content\/uploads\/2009\/08\/Rasklopni-most-na-Port-Mileni.81-150x150.jpg\" class=\"attachment-thumbnail size-thumbnail\" alt=\"\" loading=\"lazy\" \/><\/a>\n\t\t\t<\/dt><\/dl><dl class='gallery-item'>\n\t\t\t<dt class='gallery-icon landscape'>\n\t\t\t\t<a href='https:\/\/www.visit-ulcinj.com\/blog\/wp-content\/uploads\/2009\/08\/Rasklopni-most-na-Port-Mileni.91.jpg'><img width=\"150\" height=\"150\" src=\"https:\/\/www.visit-ulcinj.com\/blog\/wp-content\/uploads\/2009\/08\/Rasklopni-most-na-Port-Mileni.91-150x150.jpg\" class=\"attachment-thumbnail size-thumbnail\" alt=\"\" loading=\"lazy\" \/><\/a>\n\t\t\t<\/dt><\/dl><br style=\"clear: both\" \/><dl class='gallery-item'>\n\t\t\t<dt class='gallery-icon landscape'>\n\t\t\t\t<a href='https:\/\/www.visit-ulcinj.com\/blog\/wp-content\/uploads\/2009\/08\/Rasklopni-most-na-Port-Mileni.101.jpg'><img width=\"150\" height=\"150\" src=\"https:\/\/www.visit-ulcinj.com\/blog\/wp-content\/uploads\/2009\/08\/Rasklopni-most-na-Port-Mileni.101-150x150.jpg\" class=\"attachment-thumbnail size-thumbnail\" alt=\"\" loading=\"lazy\" \/><\/a>\n\t\t\t<\/dt><\/dl><dl class='gallery-item'>\n\t\t\t<dt class='gallery-icon landscape'>\n\t\t\t\t<a href='https:\/\/www.visit-ulcinj.com\/blog\/wp-content\/uploads\/2009\/08\/Rasklopni-most-na-Port-Mileni.111.jpg'><img width=\"150\" height=\"150\" src=\"https:\/\/www.visit-ulcinj.com\/blog\/wp-content\/uploads\/2009\/08\/Rasklopni-most-na-Port-Mileni.111-150x150.jpg\" class=\"attachment-thumbnail size-thumbnail\" alt=\"\" loading=\"lazy\" \/><\/a>\n\t\t\t<\/dt><\/dl><dl class='gallery-item'>\n\t\t\t<dt class='gallery-icon landscape'>\n\t\t\t\t<a href='https:\/\/www.visit-ulcinj.com\/blog\/wp-content\/uploads\/2009\/08\/Rasklopni-most-na-Port-Mileni.121.jpg'><img width=\"150\" height=\"150\" src=\"https:\/\/www.visit-ulcinj.com\/blog\/wp-content\/uploads\/2009\/08\/Rasklopni-most-na-Port-Mileni.121-150x150.jpg\" class=\"attachment-thumbnail size-thumbnail\" alt=\"\" loading=\"lazy\" \/><\/a>\n\t\t\t<\/dt><\/dl><br style=\"clear: both\" \/><dl class='gallery-item'>\n\t\t\t<dt class='gallery-icon landscape'>\n\t\t\t\t<a href='https:\/\/www.visit-ulcinj.com\/blog\/wp-content\/uploads\/2009\/08\/Rasklopni-most-na-Port-Mileni.131.jpg'><img width=\"150\" height=\"150\" src=\"https:\/\/www.visit-ulcinj.com\/blog\/wp-content\/uploads\/2009\/08\/Rasklopni-most-na-Port-Mileni.131-150x150.jpg\" class=\"attachment-thumbnail size-thumbnail\" alt=\"\" loading=\"lazy\" \/><\/a>\n\t\t\t<\/dt><\/dl><dl class='gallery-item'>\n\t\t\t<dt class='gallery-icon landscape'>\n\t\t\t\t<a href='https:\/\/www.visit-ulcinj.com\/blog\/wp-content\/uploads\/2009\/08\/Rasklopni-most-na-Port-Mileni.141.jpg'><img width=\"150\" height=\"150\" src=\"https:\/\/www.visit-ulcinj.com\/blog\/wp-content\/uploads\/2009\/08\/Rasklopni-most-na-Port-Mileni.141-150x150.jpg\" class=\"attachment-thumbnail size-thumbnail\" alt=\"\" loading=\"lazy\" \/><\/a>\n\t\t\t<\/dt><\/dl><dl class='gallery-item'>\n\t\t\t<dt class='gallery-icon landscape'>\n\t\t\t\t<a href='https:\/\/www.visit-ulcinj.com\/blog\/wp-content\/uploads\/2009\/08\/Rasklopni-most-na-Port-Mileni.151.jpg'><img width=\"150\" height=\"150\" src=\"https:\/\/www.visit-ulcinj.com\/blog\/wp-content\/uploads\/2009\/08\/Rasklopni-most-na-Port-Mileni.151-150x150.jpg\" class=\"attachment-thumbnail size-thumbnail\" alt=\"\" loading=\"lazy\" \/><\/a>\n\t\t\t<\/dt><\/dl><br style=\"clear: both\" \/><dl class='gallery-item'>\n\t\t\t<dt class='gallery-icon landscape'>\n\t\t\t\t<a href='https:\/\/www.visit-ulcinj.com\/blog\/wp-content\/uploads\/2009\/08\/Rasklopni-most-na-Port-Mileni.161.jpg'><img width=\"150\" height=\"150\" src=\"https:\/\/www.visit-ulcinj.com\/blog\/wp-content\/uploads\/2009\/08\/Rasklopni-most-na-Port-Mileni.161-150x150.jpg\" class=\"attachment-thumbnail size-thumbnail\" alt=\"\" loading=\"lazy\" \/><\/a>\n\t\t\t<\/dt><\/dl><dl class='gallery-item'>\n\t\t\t<dt class='gallery-icon landscape'>\n\t\t\t\t<a href='https:\/\/www.visit-ulcinj.com\/blog\/wp-content\/uploads\/2009\/08\/Rasklopni-most-na-Port-Mileni.171.jpg'><img width=\"150\" height=\"150\" src=\"https:\/\/www.visit-ulcinj.com\/blog\/wp-content\/uploads\/2009\/08\/Rasklopni-most-na-Port-Mileni.171-150x150.jpg\" class=\"attachment-thumbnail size-thumbnail\" alt=\"\" loading=\"lazy\" \/><\/a>\n\t\t\t<\/dt><\/dl><dl class='gallery-item'>\n\t\t\t<dt class='gallery-icon landscape'>\n\t\t\t\t<a href='https:\/\/www.visit-ulcinj.com\/blog\/wp-content\/uploads\/2009\/08\/Rasklopni-most-na-Port-Mileni.181.jpg'><img width=\"150\" height=\"150\" src=\"https:\/\/www.visit-ulcinj.com\/blog\/wp-content\/uploads\/2009\/08\/Rasklopni-most-na-Port-Mileni.181-150x150.jpg\" class=\"attachment-thumbnail size-thumbnail\" alt=\"\" loading=\"lazy\" \/><\/a>\n\t\t\t<\/dt><\/dl><br style=\"clear: both\" \/><dl class='gallery-item'>\n\t\t\t<dt class='gallery-icon landscape'>\n\t\t\t\t<a href='https:\/\/www.visit-ulcinj.com\/blog\/wp-content\/uploads\/2009\/08\/Rasklopni-most-na-Port-Mileni.191.jpg'><img width=\"150\" height=\"150\" src=\"https:\/\/www.visit-ulcinj.com\/blog\/wp-content\/uploads\/2009\/08\/Rasklopni-most-na-Port-Mileni.191-150x150.jpg\" class=\"attachment-thumbnail size-thumbnail\" alt=\"\" loading=\"lazy\" \/><\/a>\n\t\t\t<\/dt><\/dl><dl class='gallery-item'>\n\t\t\t<dt class='gallery-icon landscape'>\n\t\t\t\t<a href='https:\/\/www.visit-ulcinj.com\/blog\/wp-content\/uploads\/2009\/08\/Rasklopni-most-na-Port-Mileni.201.jpg'><img width=\"150\" height=\"150\" src=\"https:\/\/www.visit-ulcinj.com\/blog\/wp-content\/uploads\/2009\/08\/Rasklopni-most-na-Port-Mileni.201-150x150.jpg\" class=\"attachment-thumbnail size-thumbnail\" alt=\"\" loading=\"lazy\" \/><\/a>\n\t\t\t<\/dt><\/dl><dl class='gallery-item'>\n\t\t\t<dt class='gallery-icon landscape'>\n\t\t\t\t<a href='https:\/\/www.visit-ulcinj.com\/blog\/wp-content\/uploads\/2009\/08\/Rasklopni-most-na-Port-Mileni.211.jpg'><img width=\"150\" height=\"150\" src=\"https:\/\/www.visit-ulcinj.com\/blog\/wp-content\/uploads\/2009\/08\/Rasklopni-most-na-Port-Mileni.211-150x150.jpg\" class=\"attachment-thumbnail size-thumbnail\" alt=\"\" loading=\"lazy\" \/><\/a>\n\t\t\t<\/dt><\/dl><br style=\"clear: both\" \/><dl class='gallery-item'>\n\t\t\t<dt class='gallery-icon landscape'>\n\t\t\t\t<a href='https:\/\/www.visit-ulcinj.com\/blog\/wp-content\/uploads\/2009\/08\/Rasklopni-most-na-Port-Mileni.221.jpg'><img width=\"150\" height=\"150\" src=\"https:\/\/www.visit-ulcinj.com\/blog\/wp-content\/uploads\/2009\/08\/Rasklopni-most-na-Port-Mileni.221-150x150.jpg\" class=\"attachment-thumbnail size-thumbnail\" alt=\"\" loading=\"lazy\" \/><\/a>\n\t\t\t<\/dt><\/dl><dl class='gallery-item'>\n\t\t\t<dt class='gallery-icon landscape'>\n\t\t\t\t<a href='https:\/\/www.visit-ulcinj.com\/blog\/wp-content\/uploads\/2009\/08\/Rasklopni-most-na-Port-Mileni.231.jpg'><img width=\"150\" height=\"150\" src=\"https:\/\/www.visit-ulcinj.com\/blog\/wp-content\/uploads\/2009\/08\/Rasklopni-most-na-Port-Mileni.231-150x150.jpg\" class=\"attachment-thumbnail size-thumbnail\" alt=\"\" loading=\"lazy\" \/><\/a>\n\t\t\t<\/dt><\/dl><dl class='gallery-item'>\n\t\t\t<dt class='gallery-icon landscape'>\n\t\t\t\t<a href='https:\/\/www.visit-ulcinj.com\/blog\/wp-content\/uploads\/2009\/08\/Rasklopni-most-na-Port-Mileni.241.jpg'><img width=\"150\" height=\"150\" src=\"https:\/\/www.visit-ulcinj.com\/blog\/wp-content\/uploads\/2009\/08\/Rasklopni-most-na-Port-Mileni.241-150x150.jpg\" class=\"attachment-thumbnail size-thumbnail\" alt=\"\" loading=\"lazy\" \/><\/a>\n\t\t\t<\/dt><\/dl><br style=\"clear: both\" \/><dl class='gallery-item'>\n\t\t\t<dt class='gallery-icon landscape'>\n\t\t\t\t<a href='https:\/\/www.visit-ulcinj.com\/blog\/wp-content\/uploads\/2009\/08\/Rasklopni-most-na-Port-Mileni.251.jpg'><img width=\"150\" height=\"150\" src=\"https:\/\/www.visit-ulcinj.com\/blog\/wp-content\/uploads\/2009\/08\/Rasklopni-most-na-Port-Mileni.251-150x150.jpg\" class=\"attachment-thumbnail size-thumbnail\" alt=\"\" loading=\"lazy\" \/><\/a>\n\t\t\t<\/dt><\/dl><dl class='gallery-item'>\n\t\t\t<dt class='gallery-icon landscape'>\n\t\t\t\t<a href='https:\/\/www.visit-ulcinj.com\/blog\/wp-content\/uploads\/2009\/08\/Most-na-Port-Mileni_Ulcinj1.jpg'><img width=\"150\" height=\"150\" src=\"https:\/\/www.visit-ulcinj.com\/blog\/wp-content\/uploads\/2009\/08\/Most-na-Port-Mileni_Ulcinj1-150x150.jpg\" class=\"attachment-thumbnail size-thumbnail\" alt=\"\" loading=\"lazy\" \/><\/a>\n\t\t\t<\/dt><\/dl><dl class='gallery-item'>\n\t\t\t<dt class='gallery-icon landscape'>\n\t\t\t\t<a href='https:\/\/www.visit-ulcinj.com\/blog\/wp-content\/uploads\/2009\/08\/Most-na-Port-Mileni_Ulcinj.11.jpg'><img width=\"150\" height=\"150\" src=\"https:\/\/www.visit-ulcinj.com\/blog\/wp-content\/uploads\/2009\/08\/Most-na-Port-Mileni_Ulcinj.11-150x150.jpg\" class=\"attachment-thumbnail size-thumbnail\" alt=\"\" loading=\"lazy\" \/><\/a>\n\t\t\t<\/dt><\/dl><br style=\"clear: both\" \/>\n\t\t<\/div>\n<br \/>\n<\/strong><\/p>\n","protected":false},"excerpt":{"rendered":"<p>Merni Failin\u00a0 p\u00ebr ta shikuar Projektin e Ur\u00ebs s\u00eb Port Milen\u00ebs t\u00eb Komun\u00ebs s\u00eb Ulqinit dhe p\u00ebr 60 sekonda deri sa mbushet failli shkoni n\u00eb\u00a0 Free User dhe kliko\u00a0 dhe masandej kliko\u00a0 DOWNLOAD. Pritja e gjat\u00eb k\u00ebtij viti turistik 2009 t\u00eb turistave n\u00eb rrug\u00ebt e Ulqinit a do t\u00eb zgjat kanjiher edhe deri 1 or\u00eb [&hellip;]<\/p>\n","protected":false},"author":1,"featured_media":0,"comment_status":"open","ping_status":"closed","sticky":false,"template":"","format":"standard","meta":{"spay_email":"","jetpack_publicize_message":"","jetpack_is_tweetstorm":false,"jetpack_publicize_feature_enabled":true},"categories":[1],"tags":[12193,95,295,12194,18,12195],"jetpack_publicize_connections":[],"yoast_head":"<!-- This site is optimized with the Yoast SEO plugin v19.1 - https:\/\/yoast.com\/wordpress\/plugins\/seo\/ -->\n<title>Fotografijat Eskluzive t\u00eb Ur\u00ebs &quot;Porti i Milen\u00ebs&quot; - Lajme nga Ulqini<\/title>\n<meta name=\"description\" content=\"Merni Failin\u00a0 p\u00ebr ta shikuar Projektin e Ur\u00ebs s\u00eb Port Milen\u00ebs t\u00eb Komun\u00ebs s\u00eb Ulqinit dhe p\u00ebr 60 sekonda deri sa mbushet failli shkoni n\u00eb\u00a0 Free User dhe\" \/>\n<meta name=\"robots\" content=\"index, follow, max-snippet:-1, max-image-preview:large, max-video-preview:-1\" \/>\n<link rel=\"canonical\" href=\"https:\/\/www.visit-ulcinj.com\/blog\/2009\/08\/14\/esluzive-fotografijat-e-ures-porti-i-milenes\/\" \/>\n<meta property=\"og:locale\" content=\"en_US\" \/>\n<meta property=\"og:type\" content=\"article\" \/>\n<meta property=\"og:title\" content=\"Fotografijat Eskluzive t\u00eb Ur\u00ebs &quot;Porti i Milen\u00ebs&quot; - Lajme nga Ulqini\" \/>\n<meta property=\"og:description\" content=\"Merni Failin\u00a0 p\u00ebr ta shikuar Projektin e Ur\u00ebs s\u00eb Port Milen\u00ebs t\u00eb Komun\u00ebs s\u00eb Ulqinit dhe p\u00ebr 60 sekonda deri sa mbushet failli shkoni n\u00eb\u00a0 Free User dhe\" \/>\n<meta property=\"og:url\" content=\"https:\/\/www.visit-ulcinj.com\/blog\/2009\/08\/14\/esluzive-fotografijat-e-ures-porti-i-milenes\/\" \/>\n<meta property=\"og:site_name\" content=\"Lajme nga Ulqini\" \/>\n<meta property=\"article:published_time\" content=\"2009-08-14T17:26:01+00:00\" \/>\n<meta property=\"article:modified_time\" content=\"2009-08-16T08:24:42+00:00\" \/>\n<meta property=\"og:image\" content=\"https:\/\/www.visit-ulcinj.com\/blog\/wp-content\/uploads\/2009\/08\/Rasklopni-most-na-Port-Mileni.110-150x150.jpg\" \/>\n<meta name=\"twitter:label1\" content=\"Written by\" \/>\n\t<meta name=\"twitter:data1\" content=\"ulqini\" \/>\n\t<meta name=\"twitter:label2\" content=\"Est. reading time\" \/>\n\t<meta name=\"twitter:data2\" content=\"5 minutes\" \/>\n<script type=\"application\/ld+json\" class=\"yoast-schema-graph\">{\"@context\":\"https:\/\/schema.org\",\"@graph\":[{\"@type\":\"WebSite\",\"@id\":\"https:\/\/www.visit-ulcinj.com\/blog\/#website\",\"url\":\"https:\/\/www.visit-ulcinj.com\/blog\/\",\"name\":\"Lajme nga Ulqini\",\"description\":\"Lajme,Vijesti,Ulqini,Ulqin,Crna Gora,Mali i Zi\",\"potentialAction\":[{\"@type\":\"SearchAction\",\"target\":{\"@type\":\"EntryPoint\",\"urlTemplate\":\"https:\/\/www.visit-ulcinj.com\/blog\/?s={search_term_string}\"},\"query-input\":\"required name=search_term_string\"}],\"inLanguage\":\"en-US\"},{\"@type\":\"ImageObject\",\"inLanguage\":\"en-US\",\"@id\":\"https:\/\/www.visit-ulcinj.com\/blog\/2009\/08\/14\/esluzive-fotografijat-e-ures-porti-i-milenes\/#primaryimage\",\"url\":\"https:\/\/www.visit-ulcinj.com\/blog\/wp-content\/uploads\/2009\/08\/Rasklopni-most-na-Port-Mileni.211.jpg\",\"contentUrl\":\"https:\/\/www.visit-ulcinj.com\/blog\/wp-content\/uploads\/2009\/08\/Rasklopni-most-na-Port-Mileni.211.jpg\",\"width\":\"1024\",\"height\":\"768\"},{\"@type\":\"WebPage\",\"@id\":\"https:\/\/www.visit-ulcinj.com\/blog\/2009\/08\/14\/esluzive-fotografijat-e-ures-porti-i-milenes\/#webpage\",\"url\":\"https:\/\/www.visit-ulcinj.com\/blog\/2009\/08\/14\/esluzive-fotografijat-e-ures-porti-i-milenes\/\",\"name\":\"Fotografijat Eskluzive t\u00eb Ur\u00ebs \\\"Porti i Milen\u00ebs\\\" - Lajme nga Ulqini\",\"isPartOf\":{\"@id\":\"https:\/\/www.visit-ulcinj.com\/blog\/#website\"},\"primaryImageOfPage\":{\"@id\":\"https:\/\/www.visit-ulcinj.com\/blog\/2009\/08\/14\/esluzive-fotografijat-e-ures-porti-i-milenes\/#primaryimage\"},\"datePublished\":\"2009-08-14T17:26:01+00:00\",\"dateModified\":\"2009-08-16T08:24:42+00:00\",\"author\":{\"@id\":\"https:\/\/www.visit-ulcinj.com\/blog\/#\/schema\/person\/dcab619c614d3038751c63bc2aadc06d\"},\"description\":\"Merni Failin\u00a0 p\u00ebr ta shikuar Projektin e Ur\u00ebs s\u00eb Port Milen\u00ebs t\u00eb Komun\u00ebs s\u00eb Ulqinit dhe p\u00ebr 60 sekonda deri sa mbushet failli shkoni n\u00eb\u00a0 Free User dhe\",\"breadcrumb\":{\"@id\":\"https:\/\/www.visit-ulcinj.com\/blog\/2009\/08\/14\/esluzive-fotografijat-e-ures-porti-i-milenes\/#breadcrumb\"},\"inLanguage\":\"en-US\",\"potentialAction\":[{\"@type\":\"ReadAction\",\"target\":[\"https:\/\/www.visit-ulcinj.com\/blog\/2009\/08\/14\/esluzive-fotografijat-e-ures-porti-i-milenes\/\"]}]},{\"@type\":\"BreadcrumbList\",\"@id\":\"https:\/\/www.visit-ulcinj.com\/blog\/2009\/08\/14\/esluzive-fotografijat-e-ures-porti-i-milenes\/#breadcrumb\",\"itemListElement\":[{\"@type\":\"ListItem\",\"position\":1,\"name\":\"Fotografijat Eskluzive t\u00eb Ur\u00ebs &#8220;Porti i Milen\u00ebs&#8221;\"}]},{\"@type\":\"Person\",\"@id\":\"https:\/\/www.visit-ulcinj.com\/blog\/#\/schema\/person\/dcab619c614d3038751c63bc2aadc06d\",\"name\":\"ulqini\",\"sameAs\":[\"http:\/\/www.visit-ulcinj.com\"],\"url\":\"https:\/\/www.visit-ulcinj.com\/blog\/author\/admin\/\"}]}<\/script>\n<!-- \/ Yoast SEO plugin. -->","yoast_head_json":{"title":"Fotografijat Eskluzive t\u00eb Ur\u00ebs \"Porti i Milen\u00ebs\" - Lajme nga Ulqini","description":"Merni Failin\u00a0 p\u00ebr ta shikuar Projektin e Ur\u00ebs s\u00eb Port Milen\u00ebs t\u00eb Komun\u00ebs s\u00eb Ulqinit dhe p\u00ebr 60 sekonda deri sa mbushet failli shkoni n\u00eb\u00a0 Free User dhe","robots":{"index":"index","follow":"follow","max-snippet":"max-snippet:-1","max-image-preview":"max-image-preview:large","max-video-preview":"max-video-preview:-1"},"canonical":"https:\/\/www.visit-ulcinj.com\/blog\/2009\/08\/14\/esluzive-fotografijat-e-ures-porti-i-milenes\/","og_locale":"en_US","og_type":"article","og_title":"Fotografijat Eskluzive t\u00eb Ur\u00ebs \"Porti i Milen\u00ebs\" - Lajme nga Ulqini","og_description":"Merni Failin\u00a0 p\u00ebr ta shikuar Projektin e Ur\u00ebs s\u00eb Port Milen\u00ebs t\u00eb Komun\u00ebs s\u00eb Ulqinit dhe p\u00ebr 60 sekonda deri sa mbushet failli shkoni n\u00eb\u00a0 Free User dhe","og_url":"https:\/\/www.visit-ulcinj.com\/blog\/2009\/08\/14\/esluzive-fotografijat-e-ures-porti-i-milenes\/","og_site_name":"Lajme nga Ulqini","article_published_time":"2009-08-14T17:26:01+00:00","article_modified_time":"2009-08-16T08:24:42+00:00","og_image":[{"url":"https:\/\/www.visit-ulcinj.com\/blog\/wp-content\/uploads\/2009\/08\/Rasklopni-most-na-Port-Mileni.110-150x150.jpg"}],"twitter_misc":{"Written by":"ulqini","Est. reading time":"5 minutes"},"schema":{"@context":"https:\/\/schema.org","@graph":[{"@type":"WebSite","@id":"https:\/\/www.visit-ulcinj.com\/blog\/#website","url":"https:\/\/www.visit-ulcinj.com\/blog\/","name":"Lajme nga Ulqini","description":"Lajme,Vijesti,Ulqini,Ulqin,Crna Gora,Mali i Zi","potentialAction":[{"@type":"SearchAction","target":{"@type":"EntryPoint","urlTemplate":"https:\/\/www.visit-ulcinj.com\/blog\/?s={search_term_string}"},"query-input":"required name=search_term_string"}],"inLanguage":"en-US"},{"@type":"ImageObject","inLanguage":"en-US","@id":"https:\/\/www.visit-ulcinj.com\/blog\/2009\/08\/14\/esluzive-fotografijat-e-ures-porti-i-milenes\/#primaryimage","url":"https:\/\/www.visit-ulcinj.com\/blog\/wp-content\/uploads\/2009\/08\/Rasklopni-most-na-Port-Mileni.211.jpg","contentUrl":"https:\/\/www.visit-ulcinj.com\/blog\/wp-content\/uploads\/2009\/08\/Rasklopni-most-na-Port-Mileni.211.jpg","width":"1024","height":"768"},{"@type":"WebPage","@id":"https:\/\/www.visit-ulcinj.com\/blog\/2009\/08\/14\/esluzive-fotografijat-e-ures-porti-i-milenes\/#webpage","url":"https:\/\/www.visit-ulcinj.com\/blog\/2009\/08\/14\/esluzive-fotografijat-e-ures-porti-i-milenes\/","name":"Fotografijat Eskluzive t\u00eb Ur\u00ebs \"Porti i Milen\u00ebs\" - Lajme nga Ulqini","isPartOf":{"@id":"https:\/\/www.visit-ulcinj.com\/blog\/#website"},"primaryImageOfPage":{"@id":"https:\/\/www.visit-ulcinj.com\/blog\/2009\/08\/14\/esluzive-fotografijat-e-ures-porti-i-milenes\/#primaryimage"},"datePublished":"2009-08-14T17:26:01+00:00","dateModified":"2009-08-16T08:24:42+00:00","author":{"@id":"https:\/\/www.visit-ulcinj.com\/blog\/#\/schema\/person\/dcab619c614d3038751c63bc2aadc06d"},"description":"Merni Failin\u00a0 p\u00ebr ta shikuar Projektin e Ur\u00ebs s\u00eb Port Milen\u00ebs t\u00eb Komun\u00ebs s\u00eb Ulqinit dhe p\u00ebr 60 sekonda deri sa mbushet failli shkoni n\u00eb\u00a0 Free User dhe","breadcrumb":{"@id":"https:\/\/www.visit-ulcinj.com\/blog\/2009\/08\/14\/esluzive-fotografijat-e-ures-porti-i-milenes\/#breadcrumb"},"inLanguage":"en-US","potentialAction":[{"@type":"ReadAction","target":["https:\/\/www.visit-ulcinj.com\/blog\/2009\/08\/14\/esluzive-fotografijat-e-ures-porti-i-milenes\/"]}]},{"@type":"BreadcrumbList","@id":"https:\/\/www.visit-ulcinj.com\/blog\/2009\/08\/14\/esluzive-fotografijat-e-ures-porti-i-milenes\/#breadcrumb","itemListElement":[{"@type":"ListItem","position":1,"name":"Fotografijat Eskluzive t\u00eb Ur\u00ebs &#8220;Porti i Milen\u00ebs&#8221;"}]},{"@type":"Person","@id":"https:\/\/www.visit-ulcinj.com\/blog\/#\/schema\/person\/dcab619c614d3038751c63bc2aadc06d","name":"ulqini","sameAs":["http:\/\/www.visit-ulcinj.com"],"url":"https:\/\/www.visit-ulcinj.com\/blog\/author\/admin\/"}]}},"jetpack_featured_media_url":"","jetpack_sharing_enabled":true,"jetpack_shortlink":"https:\/\/wp.me\/pe6lTn-6nv","_links":{"self":[{"href":"https:\/\/www.visit-ulcinj.com\/blog\/wp-json\/wp\/v2\/posts\/24521"}],"collection":[{"href":"https:\/\/www.visit-ulcinj.com\/blog\/wp-json\/wp\/v2\/posts"}],"about":[{"href":"https:\/\/www.visit-ulcinj.com\/blog\/wp-json\/wp\/v2\/types\/post"}],"author":[{"embeddable":true,"href":"https:\/\/www.visit-ulcinj.com\/blog\/wp-json\/wp\/v2\/users\/1"}],"replies":[{"embeddable":true,"href":"https:\/\/www.visit-ulcinj.com\/blog\/wp-json\/wp\/v2\/comments?post=24521"}],"version-history":[{"count":0,"href":"https:\/\/www.visit-ulcinj.com\/blog\/wp-json\/wp\/v2\/posts\/24521\/revisions"}],"wp:attachment":[{"href":"https:\/\/www.visit-ulcinj.com\/blog\/wp-json\/wp\/v2\/media?parent=24521"}],"wp:term":[{"taxonomy":"category","embeddable":true,"href":"https:\/\/www.visit-ulcinj.com\/blog\/wp-json\/wp\/v2\/categories?post=24521"},{"taxonomy":"post_tag","embeddable":true,"href":"https:\/\/www.visit-ulcinj.com\/blog\/wp-json\/wp\/v2\/tags?post=24521"}],"curies":[{"name":"wp","href":"https:\/\/api.w.org\/{rel}","templated":true}]}}