{"id":24553,"date":"2009-08-14T19:53:28","date_gmt":"2009-08-14T17:53:28","guid":{"rendered":"http:\/\/www.visit-ulcinj.com\/blog\/?p=24553"},"modified":"2009-08-15T14:43:03","modified_gmt":"2009-08-15T12:43:03","slug":"in-memorian-ne-moshen-43-vjecare-vdiq-haki-vukoviqi","status":"publish","type":"post","link":"https:\/\/www.visit-ulcinj.com\/blog\/2009\/08\/14\/in-memorian-ne-moshen-43-vjecare-vdiq-haki-vukoviqi\/","title":{"rendered":"In Memoriam: N\u00eb Mosh\u00ebn 43 vje\u00e7are vdiq Haki Vukoviqi"},"content":{"rendered":"<p><strong><a href=\"http:\/\/www.visit-ulcinj.com\/blog\/wp-content\/uploads\/2009\/08\/Haki-Vukoviqi-_ulqin.jpg\"><img loading=\"lazy\" class=\"alignleft size-full wp-image-24554\" title=\"Haki Vukoviqi _ulqin\" src=\"http:\/\/www.visit-ulcinj.com\/blog\/wp-content\/uploads\/2009\/08\/Haki-Vukoviqi-_ulqin.jpg\" alt=\"Haki Vukoviqi _ulqin\" width=\"570\" height=\"300\" \/><\/a>Da je u Brezovik stigao ranije, Hakija bi bio \u017eiv<\/strong><\/p>\n<address><strong>ULCINJANIN, KOJI JE PREKJU?E UMRO OD UPALE PLU?A, SAHRANJEN JU?E U RODNOM GRADU, BLISKI PRIJATELJI I KUMOVI SUMNJAJU U BROJNE PROPUSTE LJEKARA U BARU I ULCINJU<\/strong><\/address>\n<p>Ulcinj &#8211; Vi\u0161e stotina Ulcinjana odalo je posljednju po\u0161tu sugra?aninu Hakiji Vukovi?u (43), koji je sahranjen ju?e u svom rodnom mjestu nakon \u0161to je u srijedu u bolnici u Brezoviku preminuo od posljedica obostrane upale plu?a.<br \/>\nVukovi? je umro oko 13 sati dok je nad njim bdilo sedam ljekara, samo tri sata nakon \u0161to je iz barske bolnice dovezen u skoro nepokretnom stanju.<br \/>\nKumovi i bliski prijatelji Vukovi?a ogor?eni su i tvrde da bi on danas bio \u017eiv da je ranije stigao u Brezovik. \u0160u?o Sadikovi?, koji je sa Vukovi?em bio do posljednje sekunde, sumnja u brojne propuste ljekara u Baru i u Ulcinju.<br \/>\n\u201cJedan ljekar iz Brezovika mi je rekao da bi Hakija mo\u017eda i prebrodio bolest da je dan ili dva ranije stigao u Brezovik. Drugi, koji je po prijemu pogledao snimak za koji je konstatovao da je katastrofalan, zavrtio je glavom i pitao: &#8216;Gdje su dr\u017eali ovog ?ovjeka dosad&#8217;\u201d, ispri?ao je Sadikovi? \u201cVijestima\u201d.<br \/>\nSmrknutih lica, dok u gara\u017ei pored ku?e gdje porodica prima sau?e\u0161?e piju kafu, brojni prijatelji Vukovi?a uglas negoduju \u0161to on iz barske bolnice ranije nije preba?en u Brezovik i pitaju da li je mogu?e i u 21. vijeku umrijeti od upale plu?a, posebno ako se na pregled ode blagovremeno&#8217;.<br \/>\n\u201cHakiju su u nedjelju primili u barsku bolnicu, ali se njegovo stanje za tri dana, do srijede kada je preba?en za Nik\u0161i?, katastrofalno pogor\u0161alo. Tog kobnog dana nije mogao ni na noge\u201d, kazao je Sadikovi?.<br \/>\nI Junuz Muharemovi? tvrdi da je samo dan prije smrti njegov vjen?ani kum u bolni?koj sobi bio raspolo\u017een za razgovor i \u0161alu.<br \/>\n\u201cNi\u0161ta nije slutilo na tragi?an epilog. \u0160ta se u me?uvremenu zbilo i zbog ?ega se stanje pogor\u0161alo, treba pitati ljekare koji su pratili njegovu bolest do prijema u Brezovik. O?igledno je da ima propusta i tra\u017ei?emo da se do detalja ispita sva?ija uloga i eventualna odgovornost u ovom tragi?nom slu?aju ne samo za familiju Vukovi?, ve? za cijeli grad\u201d, kazao je Muharemovi? \u201cVijestima\u201d.<br \/>\nZa ljekare iz Brezovika, Sadikovi? ima samo rije?i hvale.<br \/>\n\u201cLjudi su odmah sko?ili oko Hakije. Sve vrijeme su svi ljekari bili tu, pa ?ak i sestre koje nijesu bile na du\u017enosti. U?inili su sve \u0161to su mogli. Na\u017ealost, nijesu uspjeli\u201d, kazao je Sadikovi?.<br \/>\nOn tvrdi da su u barskoj bolnici i u srijedu posao oko otpusne liste \u201codradili traljavo\u201d.<br \/>\n\u201cNijesu nam dali svoje vozilo, ve? je sanitetski automobil, u 7 ujutro, stigao iz Ulcinja. Ni to nije bilo dovoljno, pa smo otpusnu listu za ?ovjeka na samrti ?ekali dva sata, iako smo do 9 mogli biti u Brezoviku\u201d, kazao je Sadikovi?.<br \/>\nDirektor ulcinjskog Doma zdravlja Gani Karamanaga odbacio je tvrdnje o propustu ljekara te ustanove u toku Vukovi?eve bolesti.<br \/>\n\u201cVukovi? se 4. avgusta javio svom izabranom ljekaru koji mu je dao terapiju zbog bolova u gu\u0161i i ka\u0161lja. Dan kasnije, dobio je temperaturu, pa ga je ljekar uputio infektologu u Bar koji je konstatovao da nema indikicija za infektolo\u0161ku obradu. Sa snimkom plu?a, pro\u0161log petka Vukovi? je do\u0161ao kod mene i ja sam konstatovao da nema znakova upale. Njegovo stanje se pogor\u0161alo u subotu ve?e, kada je dobio visoku temperaturu, zbog ?ega je u nedjelju ujutro smje\u0161ten na interno odjeljenje u Baru\u201d, ispri?ao je Karamanaga \u201cVijestima\u201d kratak tok istorije bolesti Vukovi?a.<br \/>\nKaramanaga je kazao da pouzdano ne zna \u0161ta se de\u0161avalo u Baru, ali je siguran da su u Brezoviku u?inili sve \u0161to su mogli.<br \/>\n\u201cOko njega je bilo 7 ljekara. To dovoljno govori o svemu\u201d, kazao je Karamanaga.<br \/>\nMinistarstvo zdravlja saop\u0161tilo je da Vukovi? nije bio zara\u017een virusom A (H1N1).<\/p>\n<p><strong>U barskoj bolnici tvrde da je sve bilo po proceduri<\/strong><\/p>\n<p>Bar &#8211; Iz barske bolnice \u201cVijestima\u201d je saop\u0161teno da je \u201cu ovom slu?aju apsolutno ispo\u0161tovana sva propisana procedura, od konsultacija sa infektologom, rendgena i ultrazvuka do laboratorijske dijagnostike i predvi?ene terapije\u201d.<br \/>\n\u201cPacijent je primljen 9. avgusta oko podne na interno odjeljenje sa prolongiranom temperaturom, a prethodno je tretiran ambulantno, za \u0161ta imamo izvje\u0161taje ljekara iz Ulcinja i Brezovika. U ponedjeljak su mu uzeti biolaboratorijski nalazi i konstatovana povi\u0161ena sedimentacija, nakon ?ega je konsultovan specijalista infektolog koji je isklju?io postojanje svinjskog gripa i potvrdio terapiju sa dva jaka antibiotika-kortikosteriodima i bronhodilatatorima. Pacijent se sve vrijeme kretao i razgovarao. U utorak smo uradili ponovo rendgenski snimak plu?a koji se bitno razlikovao od snimka iz Ulcinja, i na njemu je vidna upala na oba krila. Pacijent je i dalje kontinuirano pri?ao i kretao se. Do pogor\u0161anja njegovog stanja dolazi 12. jula oko 4 sata. Uklju?ili smo kompletnu terapiju, a potom ga uz pratnju poslali kolima u Brezovik, i tokom cijelog puta nije bilo nikakvih komplikacija. Dakle, apsolutno smo ispo\u0161tovali sve procedure\u201d, saop\u0161teno je \u201eVijestima\u201c u barskoj bolnici.<\/p>\n<p><strong>Mijanovi?: Kasno je primljen<\/strong><\/p>\n<p>Nik\u0161i? &#8211; Dr Radovan Mijanovi?, direktor bolnice u Brezoviku, kazao je \u201eVijestima\u201c da je pacijent Vukovi? \u201ekasno primljen\u201c.<br \/>\n\u201eNa\u017ealost, uprkos nadzoru ljekara, pacijent je preminuo od posljedica upale plu?a\u201c, rekao je Mijanovi?.<br \/>\nOn je kazao da je rodbini predlo\u017eio da svoju rije? da i sudska medicina.<br \/>\n\u201ePacijent je primljen u takvom stanju da smo se borili za njegov \u017eivot na intenzivnoj njezi, jer njegova plu?a nijesu bila u mogu?nosti da ventiliraju i oksigeni\u0161u krv, zbog obostrane upale. Saznali smo da je pregledan u Ulcinju, hospitalizovan u barskoj bolnici, gdje su ga pregledali infektolog i internisti, ali je dovezen u takvom stanju da nijesu pomogli aparati i oprema. Pacijent koji ima grip je rumen, ima temperaturu, znoji se, a on je bio blijed, bez temperature, sa prakti?no blokiranim plu?ima\u201c, rekao je Mijanovi?.<br \/>\nOn je dodao da je ljetos u vi\u0161e navrata \u201ebilo javnih i tajnih pri?a o meksi?kom gripu\u201c, ali da niko u toj bolnici nije hospitalizovan pod tom dijagnozom. Mijanovi? je rekao i da su \u201eod upale plu?a, koja, kao \u0161to vidimo, mo\u017ee imati i takav razvoj\u201c, preminula jo\u0161 dva pacijenta, prije tri mjeseca i prije dvije godine.<\/p>\n<p><strong>Sahranjen na sinovljev ro?endan<\/strong><\/p>\n<p>Vijest o Vukovi?evoj smrti bolno je odjeknula gradom, gdje je bio veoma omiljen i cijenjen. Vukovi? je za sobom ostavio suprugu, troje djece, sestru i majku. Stariji sin Fljorim, ju?e je na dan o?eve sahrane, napunio 14 godina.<br \/>\n<strong>S.B.<\/strong><\/p>\n<p><strong><a href=\"http:\/\/www.vijesti.cg.yu\/index.php?id_pre=313076&amp;godina=2009\" target=\"_blank\">Vijesti<\/a><br \/>\n<\/strong><\/p>\n","protected":false},"excerpt":{"rendered":"<p>Da je u Brezovik stigao ranije, Hakija bi bio \u017eiv ULCINJANIN, KOJI JE PREKJU?E UMRO OD UPALE PLU?A, SAHRANJEN JU?E U RODNOM GRADU, BLISKI PRIJATELJI I KUMOVI SUMNJAJU U BROJNE PROPUSTE LJEKARA U BARU I ULCINJU Ulcinj &#8211; Vi\u0161e stotina Ulcinjana odalo je posljednju po\u0161tu sugra?aninu Hakiji Vukovi?u (43), koji je sahranjen ju?e u svom [&hellip;]<\/p>\n","protected":false},"author":1,"featured_media":0,"comment_status":"open","ping_status":"closed","sticky":false,"template":"","format":"standard","meta":{"spay_email":"","jetpack_publicize_message":"","jetpack_is_tweetstorm":false,"jetpack_publicize_feature_enabled":true},"categories":[12],"tags":[12196],"jetpack_publicize_connections":[],"yoast_head":"<!-- This site is optimized with the Yoast SEO plugin v19.1 - https:\/\/yoast.com\/wordpress\/plugins\/seo\/ -->\n<title>In Memoriam: N\u00eb Mosh\u00ebn 43 vje\u00e7are vdiq Haki Vukoviqi - Lajme nga Ulqini<\/title>\n<meta name=\"description\" content=\"Da je u Brezovik stigao ranije, Hakija bi bio \u017eiv ULCINJANIN, KOJI JE PREKJU?E UMRO OD UPALE PLU?A, SAHRANJEN JU?E U RODNOM GRADU, BLISKI PRIJATELJI I\" \/>\n<meta name=\"robots\" content=\"index, follow, max-snippet:-1, max-image-preview:large, max-video-preview:-1\" \/>\n<link rel=\"canonical\" href=\"https:\/\/www.visit-ulcinj.com\/blog\/2009\/08\/14\/in-memorian-ne-moshen-43-vjecare-vdiq-haki-vukoviqi\/\" \/>\n<meta property=\"og:locale\" content=\"en_US\" \/>\n<meta property=\"og:type\" content=\"article\" \/>\n<meta property=\"og:title\" content=\"In Memoriam: N\u00eb Mosh\u00ebn 43 vje\u00e7are vdiq Haki Vukoviqi - Lajme nga Ulqini\" \/>\n<meta property=\"og:description\" content=\"Da je u Brezovik stigao ranije, Hakija bi bio \u017eiv ULCINJANIN, KOJI JE PREKJU?E UMRO OD UPALE PLU?A, SAHRANJEN JU?E U RODNOM GRADU, BLISKI PRIJATELJI I\" \/>\n<meta property=\"og:url\" content=\"https:\/\/www.visit-ulcinj.com\/blog\/2009\/08\/14\/in-memorian-ne-moshen-43-vjecare-vdiq-haki-vukoviqi\/\" \/>\n<meta property=\"og:site_name\" content=\"Lajme nga Ulqini\" \/>\n<meta property=\"article:published_time\" content=\"2009-08-14T17:53:28+00:00\" \/>\n<meta property=\"article:modified_time\" content=\"2009-08-15T12:43:03+00:00\" \/>\n<meta property=\"og:image\" content=\"http:\/\/www.visit-ulcinj.com\/blog\/wp-content\/uploads\/2009\/08\/Haki-Vukoviqi-_ulqin.jpg\" \/>\n<meta name=\"twitter:label1\" content=\"Written by\" \/>\n\t<meta name=\"twitter:data1\" content=\"ulqini\" \/>\n\t<meta name=\"twitter:label2\" content=\"Est. reading time\" \/>\n\t<meta name=\"twitter:data2\" content=\"6 minutes\" \/>\n<script type=\"application\/ld+json\" class=\"yoast-schema-graph\">{\"@context\":\"https:\/\/schema.org\",\"@graph\":[{\"@type\":\"WebSite\",\"@id\":\"https:\/\/www.visit-ulcinj.com\/blog\/#website\",\"url\":\"https:\/\/www.visit-ulcinj.com\/blog\/\",\"name\":\"Lajme nga Ulqini\",\"description\":\"Lajme,Vijesti,Ulqini,Ulqin,Crna Gora,Mali i Zi\",\"potentialAction\":[{\"@type\":\"SearchAction\",\"target\":{\"@type\":\"EntryPoint\",\"urlTemplate\":\"https:\/\/www.visit-ulcinj.com\/blog\/?s={search_term_string}\"},\"query-input\":\"required name=search_term_string\"}],\"inLanguage\":\"en-US\"},{\"@type\":\"ImageObject\",\"inLanguage\":\"en-US\",\"@id\":\"https:\/\/www.visit-ulcinj.com\/blog\/2009\/08\/14\/in-memorian-ne-moshen-43-vjecare-vdiq-haki-vukoviqi\/#primaryimage\",\"url\":\"https:\/\/www.visit-ulcinj.com\/blog\/wp-content\/uploads\/2009\/08\/Haki-Vukoviqi-_ulqin.jpg\",\"contentUrl\":\"https:\/\/www.visit-ulcinj.com\/blog\/wp-content\/uploads\/2009\/08\/Haki-Vukoviqi-_ulqin.jpg\",\"width\":\"290\",\"height\":\"190\"},{\"@type\":\"WebPage\",\"@id\":\"https:\/\/www.visit-ulcinj.com\/blog\/2009\/08\/14\/in-memorian-ne-moshen-43-vjecare-vdiq-haki-vukoviqi\/#webpage\",\"url\":\"https:\/\/www.visit-ulcinj.com\/blog\/2009\/08\/14\/in-memorian-ne-moshen-43-vjecare-vdiq-haki-vukoviqi\/\",\"name\":\"In Memoriam: N\u00eb Mosh\u00ebn 43 vje\u00e7are vdiq Haki Vukoviqi - Lajme nga Ulqini\",\"isPartOf\":{\"@id\":\"https:\/\/www.visit-ulcinj.com\/blog\/#website\"},\"primaryImageOfPage\":{\"@id\":\"https:\/\/www.visit-ulcinj.com\/blog\/2009\/08\/14\/in-memorian-ne-moshen-43-vjecare-vdiq-haki-vukoviqi\/#primaryimage\"},\"datePublished\":\"2009-08-14T17:53:28+00:00\",\"dateModified\":\"2009-08-15T12:43:03+00:00\",\"author\":{\"@id\":\"https:\/\/www.visit-ulcinj.com\/blog\/#\/schema\/person\/dcab619c614d3038751c63bc2aadc06d\"},\"description\":\"Da je u Brezovik stigao ranije, Hakija bi bio \u017eiv ULCINJANIN, KOJI JE PREKJU?E UMRO OD UPALE PLU?A, SAHRANJEN JU?E U RODNOM GRADU, BLISKI PRIJATELJI I\",\"breadcrumb\":{\"@id\":\"https:\/\/www.visit-ulcinj.com\/blog\/2009\/08\/14\/in-memorian-ne-moshen-43-vjecare-vdiq-haki-vukoviqi\/#breadcrumb\"},\"inLanguage\":\"en-US\",\"potentialAction\":[{\"@type\":\"ReadAction\",\"target\":[\"https:\/\/www.visit-ulcinj.com\/blog\/2009\/08\/14\/in-memorian-ne-moshen-43-vjecare-vdiq-haki-vukoviqi\/\"]}]},{\"@type\":\"BreadcrumbList\",\"@id\":\"https:\/\/www.visit-ulcinj.com\/blog\/2009\/08\/14\/in-memorian-ne-moshen-43-vjecare-vdiq-haki-vukoviqi\/#breadcrumb\",\"itemListElement\":[{\"@type\":\"ListItem\",\"position\":1,\"name\":\"In Memoriam: N\u00eb Mosh\u00ebn 43 vje\u00e7are vdiq Haki Vukoviqi\"}]},{\"@type\":\"Person\",\"@id\":\"https:\/\/www.visit-ulcinj.com\/blog\/#\/schema\/person\/dcab619c614d3038751c63bc2aadc06d\",\"name\":\"ulqini\",\"sameAs\":[\"http:\/\/www.visit-ulcinj.com\"],\"url\":\"https:\/\/www.visit-ulcinj.com\/blog\/author\/admin\/\"}]}<\/script>\n<!-- \/ Yoast SEO plugin. -->","yoast_head_json":{"title":"In Memoriam: N\u00eb Mosh\u00ebn 43 vje\u00e7are vdiq Haki Vukoviqi - Lajme nga Ulqini","description":"Da je u Brezovik stigao ranije, Hakija bi bio \u017eiv ULCINJANIN, KOJI JE PREKJU?E UMRO OD UPALE PLU?A, SAHRANJEN JU?E U RODNOM GRADU, BLISKI PRIJATELJI I","robots":{"index":"index","follow":"follow","max-snippet":"max-snippet:-1","max-image-preview":"max-image-preview:large","max-video-preview":"max-video-preview:-1"},"canonical":"https:\/\/www.visit-ulcinj.com\/blog\/2009\/08\/14\/in-memorian-ne-moshen-43-vjecare-vdiq-haki-vukoviqi\/","og_locale":"en_US","og_type":"article","og_title":"In Memoriam: N\u00eb Mosh\u00ebn 43 vje\u00e7are vdiq Haki Vukoviqi - Lajme nga Ulqini","og_description":"Da je u Brezovik stigao ranije, Hakija bi bio \u017eiv ULCINJANIN, KOJI JE PREKJU?E UMRO OD UPALE PLU?A, SAHRANJEN JU?E U RODNOM GRADU, BLISKI PRIJATELJI I","og_url":"https:\/\/www.visit-ulcinj.com\/blog\/2009\/08\/14\/in-memorian-ne-moshen-43-vjecare-vdiq-haki-vukoviqi\/","og_site_name":"Lajme nga Ulqini","article_published_time":"2009-08-14T17:53:28+00:00","article_modified_time":"2009-08-15T12:43:03+00:00","og_image":[{"url":"http:\/\/www.visit-ulcinj.com\/blog\/wp-content\/uploads\/2009\/08\/Haki-Vukoviqi-_ulqin.jpg"}],"twitter_misc":{"Written by":"ulqini","Est. reading time":"6 minutes"},"schema":{"@context":"https:\/\/schema.org","@graph":[{"@type":"WebSite","@id":"https:\/\/www.visit-ulcinj.com\/blog\/#website","url":"https:\/\/www.visit-ulcinj.com\/blog\/","name":"Lajme nga Ulqini","description":"Lajme,Vijesti,Ulqini,Ulqin,Crna Gora,Mali i Zi","potentialAction":[{"@type":"SearchAction","target":{"@type":"EntryPoint","urlTemplate":"https:\/\/www.visit-ulcinj.com\/blog\/?s={search_term_string}"},"query-input":"required name=search_term_string"}],"inLanguage":"en-US"},{"@type":"ImageObject","inLanguage":"en-US","@id":"https:\/\/www.visit-ulcinj.com\/blog\/2009\/08\/14\/in-memorian-ne-moshen-43-vjecare-vdiq-haki-vukoviqi\/#primaryimage","url":"https:\/\/www.visit-ulcinj.com\/blog\/wp-content\/uploads\/2009\/08\/Haki-Vukoviqi-_ulqin.jpg","contentUrl":"https:\/\/www.visit-ulcinj.com\/blog\/wp-content\/uploads\/2009\/08\/Haki-Vukoviqi-_ulqin.jpg","width":"290","height":"190"},{"@type":"WebPage","@id":"https:\/\/www.visit-ulcinj.com\/blog\/2009\/08\/14\/in-memorian-ne-moshen-43-vjecare-vdiq-haki-vukoviqi\/#webpage","url":"https:\/\/www.visit-ulcinj.com\/blog\/2009\/08\/14\/in-memorian-ne-moshen-43-vjecare-vdiq-haki-vukoviqi\/","name":"In Memoriam: N\u00eb Mosh\u00ebn 43 vje\u00e7are vdiq Haki Vukoviqi - Lajme nga Ulqini","isPartOf":{"@id":"https:\/\/www.visit-ulcinj.com\/blog\/#website"},"primaryImageOfPage":{"@id":"https:\/\/www.visit-ulcinj.com\/blog\/2009\/08\/14\/in-memorian-ne-moshen-43-vjecare-vdiq-haki-vukoviqi\/#primaryimage"},"datePublished":"2009-08-14T17:53:28+00:00","dateModified":"2009-08-15T12:43:03+00:00","author":{"@id":"https:\/\/www.visit-ulcinj.com\/blog\/#\/schema\/person\/dcab619c614d3038751c63bc2aadc06d"},"description":"Da je u Brezovik stigao ranije, Hakija bi bio \u017eiv ULCINJANIN, KOJI JE PREKJU?E UMRO OD UPALE PLU?A, SAHRANJEN JU?E U RODNOM GRADU, BLISKI PRIJATELJI I","breadcrumb":{"@id":"https:\/\/www.visit-ulcinj.com\/blog\/2009\/08\/14\/in-memorian-ne-moshen-43-vjecare-vdiq-haki-vukoviqi\/#breadcrumb"},"inLanguage":"en-US","potentialAction":[{"@type":"ReadAction","target":["https:\/\/www.visit-ulcinj.com\/blog\/2009\/08\/14\/in-memorian-ne-moshen-43-vjecare-vdiq-haki-vukoviqi\/"]}]},{"@type":"BreadcrumbList","@id":"https:\/\/www.visit-ulcinj.com\/blog\/2009\/08\/14\/in-memorian-ne-moshen-43-vjecare-vdiq-haki-vukoviqi\/#breadcrumb","itemListElement":[{"@type":"ListItem","position":1,"name":"In Memoriam: N\u00eb Mosh\u00ebn 43 vje\u00e7are vdiq Haki Vukoviqi"}]},{"@type":"Person","@id":"https:\/\/www.visit-ulcinj.com\/blog\/#\/schema\/person\/dcab619c614d3038751c63bc2aadc06d","name":"ulqini","sameAs":["http:\/\/www.visit-ulcinj.com"],"url":"https:\/\/www.visit-ulcinj.com\/blog\/author\/admin\/"}]}},"jetpack_featured_media_url":"","jetpack_sharing_enabled":true,"jetpack_shortlink":"https:\/\/wp.me\/pe6lTn-6o1","_links":{"self":[{"href":"https:\/\/www.visit-ulcinj.com\/blog\/wp-json\/wp\/v2\/posts\/24553"}],"collection":[{"href":"https:\/\/www.visit-ulcinj.com\/blog\/wp-json\/wp\/v2\/posts"}],"about":[{"href":"https:\/\/www.visit-ulcinj.com\/blog\/wp-json\/wp\/v2\/types\/post"}],"author":[{"embeddable":true,"href":"https:\/\/www.visit-ulcinj.com\/blog\/wp-json\/wp\/v2\/users\/1"}],"replies":[{"embeddable":true,"href":"https:\/\/www.visit-ulcinj.com\/blog\/wp-json\/wp\/v2\/comments?post=24553"}],"version-history":[{"count":0,"href":"https:\/\/www.visit-ulcinj.com\/blog\/wp-json\/wp\/v2\/posts\/24553\/revisions"}],"wp:attachment":[{"href":"https:\/\/www.visit-ulcinj.com\/blog\/wp-json\/wp\/v2\/media?parent=24553"}],"wp:term":[{"taxonomy":"category","embeddable":true,"href":"https:\/\/www.visit-ulcinj.com\/blog\/wp-json\/wp\/v2\/categories?post=24553"},{"taxonomy":"post_tag","embeddable":true,"href":"https:\/\/www.visit-ulcinj.com\/blog\/wp-json\/wp\/v2\/tags?post=24553"}],"curies":[{"name":"wp","href":"https:\/\/api.w.org\/{rel}","templated":true}]}}