{"id":24578,"date":"2009-08-15T15:21:36","date_gmt":"2009-08-15T13:21:36","guid":{"rendered":"http:\/\/www.visit-ulcinj.com\/blog\/?p=24578"},"modified":"2009-08-15T15:22:54","modified_gmt":"2009-08-15T13:22:54","slug":"elvana-gjata-dashuria-eshte-jete-ndihem-e-lumtur","status":"publish","type":"post","link":"https:\/\/www.visit-ulcinj.com\/blog\/2009\/08\/15\/elvana-gjata-dashuria-eshte-jete-ndihem-e-lumtur\/","title":{"rendered":"Elvana Gjata: Dashuria \u00ebsht\u00eb jet\u00eb, ndihem e lumtur"},"content":{"rendered":"<p><a href=\"http:\/\/www.visit-ulcinj.com\/blog\/wp-content\/uploads\/2009\/08\/Elvana-Gjata-The-Bests-Songs.jpg\"><img loading=\"lazy\" class=\"alignleft size-full wp-image-24579\" title=\"Elvana-Gjata-The-Bests-Songs\" src=\"http:\/\/www.visit-ulcinj.com\/blog\/wp-content\/uploads\/2009\/08\/Elvana-Gjata-The-Bests-Songs.jpg\" alt=\"Elvana-Gjata-The-Bests-Songs\" width=\"570\" height=\"390\" \/><\/a>Ka nj\u00eb z\u00eb t\u00eb bukur, q\u00eb p\u00eblqehet m\u00eb s\u00eb shumti nga rinia. N\u00eb \u00e7do k\u00ebng\u00eb t\u00eb saj ajo shfaqet me nj\u00eb stil t\u00eb ri muzikor. Pasi Elvana Gjata nuk do t\u00eb jet\u00eb kurr\u00eb e nj\u00ebjt\u00eb. P\u00ebrve\u00e7 se n\u00eb muzik\u00eb kjo ndodh edhe n\u00eb look-un e saj dhe n\u00eb performancat n\u00eb klipet e saj krejt t\u00eb ve\u00e7anta. Sapo ka lan\u00e7uar k\u00ebng\u00ebn e saj t\u00eb re \u201cHitech\u201d dhe gjith\u00eb koh\u00ebs gjendet n\u00eb udh\u00ebtim. Nj\u00eb turne koncertesh n\u00eb Kosov\u00eb e Maqedoni, e p\u00ebr t\u00eb vazhduar aktualisht pun\u00ebn me albumin e saj t\u00eb dyt\u00eb q\u00eb pritet t\u00eb dal\u00eb n\u00eb k\u00ebt\u00eb shtator. P\u00ebrpos sukseseve n\u00eb jet\u00ebn artistike Elvana po shijon edhe lidhjen e saj t\u00eb dashuris\u00eb, p\u00ebr t\u00eb cil\u00ebn na pohon se ndihet e lumtur. E do jet\u00ebn dhe e shijon n\u00eb t\u00eb gjitha dimensionet e saj. P\u00ebr t\u00eb, aventura m\u00eb e bukur \u00ebsht\u00eb pik\u00ebrisht jeta. E nd\u00ebrkaq t\u00eb tjera plane e surpriza na i rr\u00ebfen vet\u00eb bukuroshja e muzik\u00ebs.<\/p>\n<p><strong>Si ka qen\u00eb kjo ver\u00eb p\u00ebr Elvan\u00ebn?<\/strong><br \/>\nKa qen\u00eb dhe vazhdon t\u00eb jet\u00eb nj\u00eb ver\u00eb shum\u00eb e ngarkuar, me plot koncerte. Kam zhvilluar nj\u00eb turne n\u00eb Kosov\u00eb dhe Maqedoni e p\u00ebrve\u00e7 k\u00ebtyre jam duke p\u00ebrfunduar pun\u00ebn p\u00ebr albumin e dyt\u00eb q\u00eb del k\u00ebt\u00eb shtator.<\/p>\n<p><strong><a href=\"http:\/\/www.visit-ulcinj.com\/blog\/wp-content\/uploads\/2009\/08\/Elvana-Gjata.3.jpg\"><img loading=\"lazy\" class=\"alignleft size-full wp-image-24581\" title=\"Elvana Gjata.3\" src=\"http:\/\/www.visit-ulcinj.com\/blog\/wp-content\/uploads\/2009\/08\/Elvana-Gjata.3.jpg\" alt=\"Elvana Gjata.3\" width=\"400\" height=\"354\" srcset=\"https:\/\/www.visit-ulcinj.com\/blog\/wp-content\/uploads\/2009\/08\/Elvana-Gjata.3.jpg 400w, https:\/\/www.visit-ulcinj.com\/blog\/wp-content\/uploads\/2009\/08\/Elvana-Gjata.3-300x265.jpg 300w\" sizes=\"(max-width: 400px) 100vw, 400px\" \/><\/a>P\u00ebr ju kjo stin\u00eb do t\u00eb thot\u00eb m\u00eb shum\u00eb pun\u00eb apo pushime?<\/strong><br \/>\nAbsolutisht me shum\u00eb pun\u00eb, sidomos k\u00ebt\u00eb ver\u00eb q\u00eb p\u00ebrve\u00e7se m\u00eb duhet t\u00eb zhvilloj koncerte jasht\u00eb Shqip\u00ebris\u00eb, duhet edhe t\u00eb punoj p\u00ebr shfaqjen time q\u00eb do t\u00eb jet\u00eb diploma ime. M\u00eb duhet ta shfaq n\u00eb shtator dhe at\u00eb, k\u00ebshtu q\u00eb s\u2019m\u00eb mbetet koh\u00eb p\u00ebr pushime\u2026 Kam b\u00ebr\u00eb pushime vet\u00ebm dy dit\u00eb n\u00eb Dh\u00ebrmi me familjen n\u00eb qershor para se t\u00eb nisja turneun dhe k\u00ebto kan\u00eb qen\u00eb dy dit\u00eb pushime (n\u00eb qoft\u00eb se mund t\u00eb quhen t\u00eb tilla) t\u00eb mrekullueshme.<\/p>\n<p><strong>Sapo keni nxjerr\u00eb k\u00ebng\u00ebn tuaj t\u00eb re \u201cHitech\u201d, nj\u00eb k\u00ebng\u00eb ndryshe nga ato q\u00eb ju kemi par\u00eb deri m\u00eb tani. Keni zgjedhur vet\u00eb q\u00eb t\u00eb mos jeni nj\u00ebsoj n\u00eb \u00e7do k\u00ebng\u00eb, apo jeni ende n\u00eb faz\u00ebn q\u00eb eksperimentoni n\u00eb t\u00eb gjitha llojet e muzik\u00ebs p\u00ebr t\u00eb kuptuar se ku ju p\u00eblqen m\u00eb shum\u00eb publiku?<\/strong><\/p>\n<p>N\u00eb fakt \u201cHitech\u201d p\u00ebrfaq\u00ebson stilin e muzik\u00ebs q\u00eb b\u00ebj, por muzika evoluon nga dita n\u00eb dit\u00eb dhe t\u00eb krijon p\u00ebrshtypjen e nj\u00eb stili t\u00eb ri. M\u00eb p\u00eblqen q\u00eb t\u00eb vij gjithmon\u00eb ndryshe. Duke e ndryshuar imazhin tim, gjithmon\u00eb me profesionaliz\u00ebm. Jam e bindur q\u00eb publiku e p\u00ebrkrah \u00e7do gj\u00eb q\u00eb ka pasion dhe p\u00ebrkushtim brenda.<\/p>\n<p><strong>Deri m\u00eb tani cili \u00ebsht\u00eb suksesi juaj m\u00eb i madh n\u00eb muzik\u00eb?<\/strong><br \/>\n\u00c7do dalje e imja ka pasur nj\u00eb pik\u00ebsynim t\u00eb caktuar dhe them se ia kam arritur. Kjo p\u00ebrb\u00ebn nj\u00eb sukses t\u00eb madh n\u00eb t\u00ebr\u00ebsi.<\/p>\n<p><strong>Cili \u00ebsht\u00eb komplimenti m\u00eb i bukur q\u00eb ju kan\u00eb b\u00ebr\u00eb?<\/strong><br \/>\nAto komplimente q\u00eb un\u00eb e kam ndjer\u00eb v\u00ebrtet\u00eb q\u00eb kan\u00eb qen\u00eb t\u00eb sinqerta.<\/p>\n<p><strong>Veshjet tuaja i krahasojn\u00eb shpesh me ato t\u00eb k\u00ebng\u00ebtares J.Lo. \u00cbsht\u00eb idhull i juaji ajo?<\/strong><br \/>\nJo. Aq m\u00eb tep\u00ebr q\u00eb vitin e fundit q\u00eb veshjet e mia stilohen nga stilisja Jona Mu\u00e7a t\u00eb cilat jan\u00eb v\u00ebrtet unike.<\/p>\n<p><strong>Kush \u00ebsht\u00eb k\u00ebng\u00ebtarja model q\u00eb ju preferoni?<\/strong><br \/>\nKa shum\u00eb t\u00eb tilla, po do t\u00eb ve\u00e7oja Mary.J.Blige, Whitney Huston dhe Lauren Hill.<br \/>\n<strong>Po nga k\u00ebng\u00ebtaret shqiptare k\u00eb vler\u00ebsoni?<\/strong><br \/>\nNga k\u00ebng\u00ebtar\u00ebt tan\u00eb vokalisht m\u00eb p\u00eblqejn\u00eb Soni Malaj, Besa Kokdhima, Eneida Tarifa, etj.<\/p>\n<p><strong>Kush ka qen\u00eb njeriu q\u00eb ka zbuluar talentin tek ju dhe ju ka mb\u00ebshtetur n\u00eb rrug\u00ebn e muzik\u00ebs?<\/strong><br \/>\nMotra ime. Ajo ka qen\u00eb e para dhe ka qen\u00eb nj\u00eb mb\u00ebshtetje e madhe gjat\u00eb gjith\u00eb karrier\u00ebs time dhe i jam mir\u00ebnjoh\u00ebse.<\/p>\n<p><strong>E kishit menduar ndonj\u00ebher\u00eb se do ta arrinit suksesin kaq shpejt?<br \/>\n<\/strong>P\u00ebr t\u00eb qen\u00eb e v\u00ebrtet\u00eb e kisha menduar. un\u00eb jam e mendimit se me pun\u00eb mund t\u00eb arrihet gjith\u00e7ka. Shpejt apo ngadal\u00eb, \u00ebsht\u00eb \u00e7\u00ebshtje kohe.<\/p>\n<p><strong><a href=\"http:\/\/www.visit-ulcinj.com\/blog\/wp-content\/uploads\/2009\/08\/Elvana-Gjata.1.jpg\"><img loading=\"lazy\" class=\"alignright size-full wp-image-24580\" title=\"Elvana Gjata.1\" src=\"http:\/\/www.visit-ulcinj.com\/blog\/wp-content\/uploads\/2009\/08\/Elvana-Gjata.1.jpg\" alt=\"Elvana Gjata.1\" width=\"264\" height=\"379\" srcset=\"https:\/\/www.visit-ulcinj.com\/blog\/wp-content\/uploads\/2009\/08\/Elvana-Gjata.1.jpg 264w, https:\/\/www.visit-ulcinj.com\/blog\/wp-content\/uploads\/2009\/08\/Elvana-Gjata.1-208x300.jpg 208w\" sizes=\"(max-width: 264px) 100vw, 264px\" \/><\/a>Jeni e k\u00ebnaqur me \u00e7far\u00eb keni arritur deri tani dhe cilin do t\u00eb cil\u00ebsonit si \u00e7el\u00ebsin e suksesit tuaj?<\/strong><br \/>\nE mira s\u2019ka fund. Kam ende shum\u00eb pun\u00eb p\u00ebr t\u00eb b\u00ebr\u00eb. Padyshim Florian Mumajesi \u00ebsht\u00eb ai q\u00eb ka gjetur \u00e7el\u00ebsin.<\/p>\n<p><strong>Cili \u00ebsht\u00eb koncerti m\u00eb i bukur ku keni qen\u00eb deri m\u00eb tani dhe \u00e7far\u00eb ju ka emocionuar?<\/strong><br \/>\nKoncertet jan\u00eb burim emocionesh t\u00eb pashtershme q\u00eb do m\u00eb q\u00ebndrojn\u00eb gjat\u00eb n\u00eb mendje. Gjithsecili ka ve\u00e7antin\u00eb e tij.<\/p>\n<p><strong>A keni ndjer\u00eb ndonj\u00ebher\u00eb xhelozin\u00eb e ndonj\u00eb k\u00ebng\u00ebtareje ndaj jush?<br \/>\n<\/strong>Jo t\u00eb shprehura t\u00eb pakt\u00ebn.<\/p>\n<p><strong>\u00c7far\u00eb planesh ka Elvana p\u00ebr karrier\u00ebn e saj? \u00c7far\u00eb do t\u00eb donit t\u00eb realizonit?<br \/>\n<\/strong>Tani p\u00ebr tani \u00ebsht\u00eb albumi. Plane ka shum\u00eb, nj\u00eb nd\u00ebr to \u00ebsht\u00eb nj\u00eb koncert recital me orkest\u00ebr sinfonike.<\/p>\n<p><strong>Cila \u00ebsht\u00eb aventura m\u00eb e bukur q\u00eb keni b\u00ebr\u00eb?<\/strong><br \/>\nJeta q\u00eb po jetoj.<\/p>\n<p><strong>Jeni natyr\u00eb q\u00eb p\u00eblqeni sportet ekstreme apo jo? \u00c7far\u00eb e k\u00ebnaq Elvan\u00ebn? \u00c7far\u00eb ju rrit adrenalin\u00ebn?<\/strong><br \/>\nNuk jam shum\u00eb e dh\u00ebn\u00eb ndaj sporteve ekstreme, ama nj\u00eb shpejt\u00ebsi m\u00eb tep\u00ebr se e lejuara n\u00eb ngarjen e makin\u00ebs ndonj\u00ebher\u00eb m\u00eb p\u00eblqen.<\/p>\n<p><strong>Dini t\u00eb gatuani dhe \u00e7far\u00eb b\u00ebni?<\/strong><br \/>\nJam nj\u00eb amvis\u00eb e shk\u00eblqyer, e kam pasion kuzhin\u00ebn. Mund t\u00eb gatuaj gjith\u00e7ka.<\/p>\n<p><strong>Cila \u00ebsht\u00eb frika jote m\u00eb e madhe? Nga se keni fobi?<\/strong><br \/>\nT\u00eb humb njer\u00ebzit m\u00eb t\u00eb dashur. Por gjithashtu kam shum\u00eb fobi nga era e fort\u00eb, fortuna.<\/p>\n<p><strong>Jeni kapur nga paparac\u00ebt me nj\u00eb djalosh. Por vet\u00eb nuk pranoni t\u00eb flisni p\u00ebr jet\u00ebn tuaj private. Lexuesit e \u201cSummer Pages\u201d dhe fansat tuaj do t\u00eb donin t\u00eb dinin di\u00e7ka p\u00ebr t\u00eb dashurin tuaj dhe si ndihet Elvana?<\/strong><br \/>\nKam nevoj\u00eb q\u00eb edhe un\u00eb t\u00eb kem jet\u00ebn time private, por mund t\u00eb them q\u00eb ndihem shum\u00eb mir\u00eb.<\/p>\n<p><strong>\u00c7far\u00eb \u00ebsht\u00eb dashuria p\u00ebr ju?<\/strong><br \/>\n\u00cbsht\u00eb jet\u00eb.<\/p>\n<p><strong>Jeni natyr\u00eb q\u00eb b\u00ebni \u00e7mendurira apo sakrifica p\u00ebr dashurin\u00eb?<\/strong><br \/>\nInvestoj shum\u00eb p\u00ebr t\u00eb.<br \/>\n<strong><br \/>\nG.SH<\/strong><\/p>\n<p><strong><!--YouTube Error: bad URL entered--><br \/>\n<\/strong><\/p>\n","protected":false},"excerpt":{"rendered":"<p>Ka nj\u00eb z\u00eb t\u00eb bukur, q\u00eb p\u00eblqehet m\u00eb s\u00eb shumti nga rinia. N\u00eb \u00e7do k\u00ebng\u00eb t\u00eb saj ajo shfaqet me nj\u00eb stil t\u00eb ri muzikor. Pasi Elvana Gjata nuk do t\u00eb jet\u00eb kurr\u00eb e nj\u00ebjt\u00eb. P\u00ebrve\u00e7 se n\u00eb muzik\u00eb kjo ndodh edhe n\u00eb look-un e saj dhe n\u00eb performancat n\u00eb klipet e saj krejt t\u00eb [&hellip;]<\/p>\n","protected":false},"author":1,"featured_media":0,"comment_status":"open","ping_status":"closed","sticky":false,"template":"","format":"standard","meta":{"spay_email":"","jetpack_publicize_message":"","jetpack_is_tweetstorm":false,"jetpack_publicize_feature_enabled":true},"categories":[1],"tags":[7760],"jetpack_publicize_connections":[],"yoast_head":"<!-- This site is optimized with the Yoast SEO plugin v19.1 - https:\/\/yoast.com\/wordpress\/plugins\/seo\/ -->\n<title>Elvana Gjata: Dashuria \u00ebsht\u00eb jet\u00eb, ndihem e lumtur - Lajme nga Ulqini<\/title>\n<meta name=\"description\" content=\"Ka nj\u00eb z\u00eb t\u00eb bukur, q\u00eb p\u00eblqehet m\u00eb s\u00eb shumti nga rinia. N\u00eb \u00e7do k\u00ebng\u00eb t\u00eb saj ajo shfaqet me nj\u00eb stil t\u00eb ri muzikor. Pasi Elvana Gjata nuk do t\u00eb jet\u00eb kurr\u00eb\" \/>\n<meta name=\"robots\" content=\"index, follow, max-snippet:-1, max-image-preview:large, max-video-preview:-1\" \/>\n<link rel=\"canonical\" href=\"https:\/\/www.visit-ulcinj.com\/blog\/2009\/08\/15\/elvana-gjata-dashuria-eshte-jete-ndihem-e-lumtur\/\" \/>\n<meta property=\"og:locale\" content=\"en_US\" \/>\n<meta property=\"og:type\" content=\"article\" \/>\n<meta property=\"og:title\" content=\"Elvana Gjata: Dashuria \u00ebsht\u00eb jet\u00eb, ndihem e lumtur - Lajme nga Ulqini\" \/>\n<meta property=\"og:description\" content=\"Ka nj\u00eb z\u00eb t\u00eb bukur, q\u00eb p\u00eblqehet m\u00eb s\u00eb shumti nga rinia. N\u00eb \u00e7do k\u00ebng\u00eb t\u00eb saj ajo shfaqet me nj\u00eb stil t\u00eb ri muzikor. Pasi Elvana Gjata nuk do t\u00eb jet\u00eb kurr\u00eb\" \/>\n<meta property=\"og:url\" content=\"https:\/\/www.visit-ulcinj.com\/blog\/2009\/08\/15\/elvana-gjata-dashuria-eshte-jete-ndihem-e-lumtur\/\" \/>\n<meta property=\"og:site_name\" content=\"Lajme nga Ulqini\" \/>\n<meta property=\"article:published_time\" content=\"2009-08-15T13:21:36+00:00\" \/>\n<meta property=\"article:modified_time\" content=\"2009-08-15T13:22:54+00:00\" \/>\n<meta property=\"og:image\" content=\"http:\/\/www.visit-ulcinj.com\/blog\/wp-content\/uploads\/2009\/08\/Elvana-Gjata-The-Bests-Songs.jpg\" \/>\n<meta name=\"twitter:label1\" content=\"Written by\" \/>\n\t<meta name=\"twitter:data1\" content=\"ulqini\" \/>\n\t<meta name=\"twitter:label2\" content=\"Est. reading time\" \/>\n\t<meta name=\"twitter:data2\" content=\"5 minutes\" \/>\n<script type=\"application\/ld+json\" class=\"yoast-schema-graph\">{\"@context\":\"https:\/\/schema.org\",\"@graph\":[{\"@type\":\"WebSite\",\"@id\":\"https:\/\/www.visit-ulcinj.com\/blog\/#website\",\"url\":\"https:\/\/www.visit-ulcinj.com\/blog\/\",\"name\":\"Lajme nga Ulqini\",\"description\":\"Lajme,Vijesti,Ulqini,Ulqin,Crna Gora,Mali i Zi\",\"potentialAction\":[{\"@type\":\"SearchAction\",\"target\":{\"@type\":\"EntryPoint\",\"urlTemplate\":\"https:\/\/www.visit-ulcinj.com\/blog\/?s={search_term_string}\"},\"query-input\":\"required name=search_term_string\"}],\"inLanguage\":\"en-US\"},{\"@type\":\"ImageObject\",\"inLanguage\":\"en-US\",\"@id\":\"https:\/\/www.visit-ulcinj.com\/blog\/2009\/08\/15\/elvana-gjata-dashuria-eshte-jete-ndihem-e-lumtur\/#primaryimage\",\"url\":\"https:\/\/www.visit-ulcinj.com\/blog\/wp-content\/uploads\/2009\/08\/Elvana-Gjata-The-Bests-Songs.jpg\",\"contentUrl\":\"https:\/\/www.visit-ulcinj.com\/blog\/wp-content\/uploads\/2009\/08\/Elvana-Gjata-The-Bests-Songs.jpg\",\"width\":\"401\",\"height\":\"290\"},{\"@type\":\"WebPage\",\"@id\":\"https:\/\/www.visit-ulcinj.com\/blog\/2009\/08\/15\/elvana-gjata-dashuria-eshte-jete-ndihem-e-lumtur\/#webpage\",\"url\":\"https:\/\/www.visit-ulcinj.com\/blog\/2009\/08\/15\/elvana-gjata-dashuria-eshte-jete-ndihem-e-lumtur\/\",\"name\":\"Elvana Gjata: Dashuria \u00ebsht\u00eb jet\u00eb, ndihem e lumtur - Lajme nga Ulqini\",\"isPartOf\":{\"@id\":\"https:\/\/www.visit-ulcinj.com\/blog\/#website\"},\"primaryImageOfPage\":{\"@id\":\"https:\/\/www.visit-ulcinj.com\/blog\/2009\/08\/15\/elvana-gjata-dashuria-eshte-jete-ndihem-e-lumtur\/#primaryimage\"},\"datePublished\":\"2009-08-15T13:21:36+00:00\",\"dateModified\":\"2009-08-15T13:22:54+00:00\",\"author\":{\"@id\":\"https:\/\/www.visit-ulcinj.com\/blog\/#\/schema\/person\/dcab619c614d3038751c63bc2aadc06d\"},\"description\":\"Ka nj\u00eb z\u00eb t\u00eb bukur, q\u00eb p\u00eblqehet m\u00eb s\u00eb shumti nga rinia. N\u00eb \u00e7do k\u00ebng\u00eb t\u00eb saj ajo shfaqet me nj\u00eb stil t\u00eb ri muzikor. Pasi Elvana Gjata nuk do t\u00eb jet\u00eb kurr\u00eb\",\"breadcrumb\":{\"@id\":\"https:\/\/www.visit-ulcinj.com\/blog\/2009\/08\/15\/elvana-gjata-dashuria-eshte-jete-ndihem-e-lumtur\/#breadcrumb\"},\"inLanguage\":\"en-US\",\"potentialAction\":[{\"@type\":\"ReadAction\",\"target\":[\"https:\/\/www.visit-ulcinj.com\/blog\/2009\/08\/15\/elvana-gjata-dashuria-eshte-jete-ndihem-e-lumtur\/\"]}]},{\"@type\":\"BreadcrumbList\",\"@id\":\"https:\/\/www.visit-ulcinj.com\/blog\/2009\/08\/15\/elvana-gjata-dashuria-eshte-jete-ndihem-e-lumtur\/#breadcrumb\",\"itemListElement\":[{\"@type\":\"ListItem\",\"position\":1,\"name\":\"Elvana Gjata: Dashuria \u00ebsht\u00eb jet\u00eb, ndihem e lumtur\"}]},{\"@type\":\"Person\",\"@id\":\"https:\/\/www.visit-ulcinj.com\/blog\/#\/schema\/person\/dcab619c614d3038751c63bc2aadc06d\",\"name\":\"ulqini\",\"sameAs\":[\"http:\/\/www.visit-ulcinj.com\"],\"url\":\"https:\/\/www.visit-ulcinj.com\/blog\/author\/admin\/\"}]}<\/script>\n<!-- \/ Yoast SEO plugin. -->","yoast_head_json":{"title":"Elvana Gjata: Dashuria \u00ebsht\u00eb jet\u00eb, ndihem e lumtur - Lajme nga Ulqini","description":"Ka nj\u00eb z\u00eb t\u00eb bukur, q\u00eb p\u00eblqehet m\u00eb s\u00eb shumti nga rinia. N\u00eb \u00e7do k\u00ebng\u00eb t\u00eb saj ajo shfaqet me nj\u00eb stil t\u00eb ri muzikor. Pasi Elvana Gjata nuk do t\u00eb jet\u00eb kurr\u00eb","robots":{"index":"index","follow":"follow","max-snippet":"max-snippet:-1","max-image-preview":"max-image-preview:large","max-video-preview":"max-video-preview:-1"},"canonical":"https:\/\/www.visit-ulcinj.com\/blog\/2009\/08\/15\/elvana-gjata-dashuria-eshte-jete-ndihem-e-lumtur\/","og_locale":"en_US","og_type":"article","og_title":"Elvana Gjata: Dashuria \u00ebsht\u00eb jet\u00eb, ndihem e lumtur - Lajme nga Ulqini","og_description":"Ka nj\u00eb z\u00eb t\u00eb bukur, q\u00eb p\u00eblqehet m\u00eb s\u00eb shumti nga rinia. N\u00eb \u00e7do k\u00ebng\u00eb t\u00eb saj ajo shfaqet me nj\u00eb stil t\u00eb ri muzikor. Pasi Elvana Gjata nuk do t\u00eb jet\u00eb kurr\u00eb","og_url":"https:\/\/www.visit-ulcinj.com\/blog\/2009\/08\/15\/elvana-gjata-dashuria-eshte-jete-ndihem-e-lumtur\/","og_site_name":"Lajme nga Ulqini","article_published_time":"2009-08-15T13:21:36+00:00","article_modified_time":"2009-08-15T13:22:54+00:00","og_image":[{"url":"http:\/\/www.visit-ulcinj.com\/blog\/wp-content\/uploads\/2009\/08\/Elvana-Gjata-The-Bests-Songs.jpg"}],"twitter_misc":{"Written by":"ulqini","Est. reading time":"5 minutes"},"schema":{"@context":"https:\/\/schema.org","@graph":[{"@type":"WebSite","@id":"https:\/\/www.visit-ulcinj.com\/blog\/#website","url":"https:\/\/www.visit-ulcinj.com\/blog\/","name":"Lajme nga Ulqini","description":"Lajme,Vijesti,Ulqini,Ulqin,Crna Gora,Mali i Zi","potentialAction":[{"@type":"SearchAction","target":{"@type":"EntryPoint","urlTemplate":"https:\/\/www.visit-ulcinj.com\/blog\/?s={search_term_string}"},"query-input":"required name=search_term_string"}],"inLanguage":"en-US"},{"@type":"ImageObject","inLanguage":"en-US","@id":"https:\/\/www.visit-ulcinj.com\/blog\/2009\/08\/15\/elvana-gjata-dashuria-eshte-jete-ndihem-e-lumtur\/#primaryimage","url":"https:\/\/www.visit-ulcinj.com\/blog\/wp-content\/uploads\/2009\/08\/Elvana-Gjata-The-Bests-Songs.jpg","contentUrl":"https:\/\/www.visit-ulcinj.com\/blog\/wp-content\/uploads\/2009\/08\/Elvana-Gjata-The-Bests-Songs.jpg","width":"401","height":"290"},{"@type":"WebPage","@id":"https:\/\/www.visit-ulcinj.com\/blog\/2009\/08\/15\/elvana-gjata-dashuria-eshte-jete-ndihem-e-lumtur\/#webpage","url":"https:\/\/www.visit-ulcinj.com\/blog\/2009\/08\/15\/elvana-gjata-dashuria-eshte-jete-ndihem-e-lumtur\/","name":"Elvana Gjata: Dashuria \u00ebsht\u00eb jet\u00eb, ndihem e lumtur - Lajme nga Ulqini","isPartOf":{"@id":"https:\/\/www.visit-ulcinj.com\/blog\/#website"},"primaryImageOfPage":{"@id":"https:\/\/www.visit-ulcinj.com\/blog\/2009\/08\/15\/elvana-gjata-dashuria-eshte-jete-ndihem-e-lumtur\/#primaryimage"},"datePublished":"2009-08-15T13:21:36+00:00","dateModified":"2009-08-15T13:22:54+00:00","author":{"@id":"https:\/\/www.visit-ulcinj.com\/blog\/#\/schema\/person\/dcab619c614d3038751c63bc2aadc06d"},"description":"Ka nj\u00eb z\u00eb t\u00eb bukur, q\u00eb p\u00eblqehet m\u00eb s\u00eb shumti nga rinia. N\u00eb \u00e7do k\u00ebng\u00eb t\u00eb saj ajo shfaqet me nj\u00eb stil t\u00eb ri muzikor. Pasi Elvana Gjata nuk do t\u00eb jet\u00eb kurr\u00eb","breadcrumb":{"@id":"https:\/\/www.visit-ulcinj.com\/blog\/2009\/08\/15\/elvana-gjata-dashuria-eshte-jete-ndihem-e-lumtur\/#breadcrumb"},"inLanguage":"en-US","potentialAction":[{"@type":"ReadAction","target":["https:\/\/www.visit-ulcinj.com\/blog\/2009\/08\/15\/elvana-gjata-dashuria-eshte-jete-ndihem-e-lumtur\/"]}]},{"@type":"BreadcrumbList","@id":"https:\/\/www.visit-ulcinj.com\/blog\/2009\/08\/15\/elvana-gjata-dashuria-eshte-jete-ndihem-e-lumtur\/#breadcrumb","itemListElement":[{"@type":"ListItem","position":1,"name":"Elvana Gjata: Dashuria \u00ebsht\u00eb jet\u00eb, ndihem e lumtur"}]},{"@type":"Person","@id":"https:\/\/www.visit-ulcinj.com\/blog\/#\/schema\/person\/dcab619c614d3038751c63bc2aadc06d","name":"ulqini","sameAs":["http:\/\/www.visit-ulcinj.com"],"url":"https:\/\/www.visit-ulcinj.com\/blog\/author\/admin\/"}]}},"jetpack_featured_media_url":"","jetpack_sharing_enabled":true,"jetpack_shortlink":"https:\/\/wp.me\/pe6lTn-6oq","_links":{"self":[{"href":"https:\/\/www.visit-ulcinj.com\/blog\/wp-json\/wp\/v2\/posts\/24578"}],"collection":[{"href":"https:\/\/www.visit-ulcinj.com\/blog\/wp-json\/wp\/v2\/posts"}],"about":[{"href":"https:\/\/www.visit-ulcinj.com\/blog\/wp-json\/wp\/v2\/types\/post"}],"author":[{"embeddable":true,"href":"https:\/\/www.visit-ulcinj.com\/blog\/wp-json\/wp\/v2\/users\/1"}],"replies":[{"embeddable":true,"href":"https:\/\/www.visit-ulcinj.com\/blog\/wp-json\/wp\/v2\/comments?post=24578"}],"version-history":[{"count":0,"href":"https:\/\/www.visit-ulcinj.com\/blog\/wp-json\/wp\/v2\/posts\/24578\/revisions"}],"wp:attachment":[{"href":"https:\/\/www.visit-ulcinj.com\/blog\/wp-json\/wp\/v2\/media?parent=24578"}],"wp:term":[{"taxonomy":"category","embeddable":true,"href":"https:\/\/www.visit-ulcinj.com\/blog\/wp-json\/wp\/v2\/categories?post=24578"},{"taxonomy":"post_tag","embeddable":true,"href":"https:\/\/www.visit-ulcinj.com\/blog\/wp-json\/wp\/v2\/tags?post=24578"}],"curies":[{"name":"wp","href":"https:\/\/api.w.org\/{rel}","templated":true}]}}