{"id":24585,"date":"2009-08-15T18:25:23","date_gmt":"2009-08-15T16:25:23","guid":{"rendered":"http:\/\/www.visit-ulcinj.com\/blog\/?p=24585"},"modified":"2009-08-15T18:25:23","modified_gmt":"2009-08-15T16:25:23","slug":"protest-u-valdanosu","status":"publish","type":"post","link":"https:\/\/www.visit-ulcinj.com\/blog\/2009\/08\/15\/protest-u-valdanosu\/","title":{"rendered":"Protest u Valdanosu"},"content":{"rendered":"<p><a href=\"http:\/\/www.visit-ulcinj.com\/blog\/wp-content\/uploads\/2009\/07\/protestna-setnja-e2809evratite-imovinu-u-valdanosue2809c9.jpg\"><img loading=\"lazy\" class=\"alignleft size-full wp-image-23648\" title=\"protestna-setnja-e2809evratite-imovinu-u-valdanosue2809c9\" src=\"http:\/\/www.visit-ulcinj.com\/blog\/wp-content\/uploads\/2009\/07\/protestna-setnja-e2809evratite-imovinu-u-valdanosue2809c9.jpg\" alt=\"protestna-setnja-e2809evratite-imovinu-u-valdanosue2809c9\" width=\"580\" height=\"400\" \/><\/a>Ulcinj &#8211; Odbor za povra?aj maslinade u Valdanosu organizova?e u srijedu, 19. avgusta protestno okupljanje budu?i da Vlada biv\u0161im vlasnicima ne vra?a imovinu oduzetu 1977. godine.<br \/>\nBiv\u0161i vlasnici protestuju i zato \u0161to vi\u0161e svoje maslinjake ne mogu uzeti pod vi\u0161edecenijski zakup, iako je to Vlada svojevremeno gromoglasno najavila kao prelazno rje\u0161enje.<br \/>\n\u201cNa ovaj na?in jo\u0161 jednom ?emo iskazati na\u0161u odlu?nost da vratimo svoju imovinu, kao i sna\u017eno protivljenje da se ona bilo kome izda u zakup\u201d, navodi se u saop\u0161tenju Odbora koje je potpisao predsjednik Luka ?akonovi?.<br \/>\nKako je najavljeno, na protestu ?e govoriti ?lanovi Odbora, vlasnici imovine u Valdanosu, predstavnici vjerskih zajednica i udru\u017eenja za povra?aj svojinskih prava iz Crne Gore.<br \/>\n<a href=\"http:\/\/www.visit-ulcinj.com\/blog\/wp-content\/uploads\/2009\/05\/otvorite-kapije-valdanosa_ulcinj_crna-gora4.jpg\"><img loading=\"lazy\" class=\"alignnone\" src=\"http:\/\/www.visit-ulcinj.com\/blog\/wp-content\/uploads\/2009\/05\/otvorite-kapije-valdanosa_ulcinj_crna-gora4.jpg\" alt=\"\" width=\"580\" height=\"400\" \/><\/a><br \/>\nProtest ?e biti odr\u017ean u 18.30 ?asova ispred ulazne kapije Valdanosa.<br \/>\nU Valdanosu je 1977. godine oduzeto 93 hektara imovine za izgradnju velike vojne baze. Od tog projekta se ubrzo odustalo, a u uvali je izgra?eno vojno odmarali\u0161te za potrebe vojnih oficira i njihovih porodica. Posljednjih godina, odmarali\u0161te je bilo otvoreno i za civile. Biv\u0161i vlasnici tvrde da su se stvorili svi uslovi da im Vlada vrati maslinjake, budu?i da oduzeta imovina nije privedena namjeni.<br \/>\nNa tenderu za valorizaciju Valdanosa u aprilu ove godine pobijedila je britanska kompanija \u201cCubus Lux\u201d, ponudiv\u0161i investiciju vrijednu 225 miliona eura. U zakup je ponu?eno zemlji\u0161te od 3,71 milion metara kvadratnih na 30 godina sa mogu?no\u0161?u produ\u017eetka.<\/p>\n<p><strong>S.A.<br \/>\n<a href=\"http:\/\/www.vijesti.cg.yu\/index.php?id_pre=313218&amp;godina=2009\" target=\"_blank\">Vijesti<\/a><\/strong><\/p>\n<p><strong><!--YouTube Error: bad URL entered--><br \/>\n<\/strong><\/p>\n","protected":false},"excerpt":{"rendered":"<p>Ulcinj &#8211; Odbor za povra?aj maslinade u Valdanosu organizova?e u srijedu, 19. avgusta protestno okupljanje budu?i da Vlada biv\u0161im vlasnicima ne vra?a imovinu oduzetu 1977. godine. Biv\u0161i vlasnici protestuju i zato \u0161to vi\u0161e svoje maslinjake ne mogu uzeti pod vi\u0161edecenijski zakup, iako je to Vlada svojevremeno gromoglasno najavila kao prelazno rje\u0161enje. \u201cNa ovaj na?in jo\u0161 [&hellip;]<\/p>\n","protected":false},"author":1,"featured_media":0,"comment_status":"open","ping_status":"closed","sticky":false,"template":"","format":"standard","meta":{"spay_email":"","jetpack_publicize_message":"","jetpack_is_tweetstorm":false,"jetpack_publicize_feature_enabled":true},"categories":[8337],"tags":[20,12203,19],"jetpack_publicize_connections":[],"yoast_head":"<!-- This site is optimized with the Yoast SEO plugin v19.1 - https:\/\/yoast.com\/wordpress\/plugins\/seo\/ -->\n<title>Protest u Valdanosu - Lajme nga Ulqini<\/title>\n<meta name=\"description\" content=\"Ulcinj - Odbor za povra?aj maslinade u Valdanosu organizova?e u srijedu, 19. avgusta protestno okupljanje budu?i da Vlada biv\u0161im vlasnicima ne vra?a\" \/>\n<meta name=\"robots\" content=\"index, follow, max-snippet:-1, max-image-preview:large, max-video-preview:-1\" \/>\n<link rel=\"canonical\" href=\"https:\/\/www.visit-ulcinj.com\/blog\/2009\/08\/15\/protest-u-valdanosu\/\" \/>\n<meta property=\"og:locale\" content=\"en_US\" \/>\n<meta property=\"og:type\" content=\"article\" \/>\n<meta property=\"og:title\" content=\"Protest u Valdanosu - Lajme nga Ulqini\" \/>\n<meta property=\"og:description\" content=\"Ulcinj - Odbor za povra?aj maslinade u Valdanosu organizova?e u srijedu, 19. avgusta protestno okupljanje budu?i da Vlada biv\u0161im vlasnicima ne vra?a\" \/>\n<meta property=\"og:url\" content=\"https:\/\/www.visit-ulcinj.com\/blog\/2009\/08\/15\/protest-u-valdanosu\/\" \/>\n<meta property=\"og:site_name\" content=\"Lajme nga Ulqini\" \/>\n<meta property=\"article:published_time\" content=\"2009-08-15T16:25:23+00:00\" \/>\n<meta property=\"og:image\" content=\"http:\/\/www.visit-ulcinj.com\/blog\/wp-content\/uploads\/2009\/07\/protestna-setnja-e2809evratite-imovinu-u-valdanosue2809c9.jpg\" \/>\n<meta name=\"twitter:label1\" content=\"Written by\" \/>\n\t<meta name=\"twitter:data1\" content=\"ulqini\" \/>\n\t<meta name=\"twitter:label2\" content=\"Est. reading time\" \/>\n\t<meta name=\"twitter:data2\" content=\"1 minute\" \/>\n<script type=\"application\/ld+json\" class=\"yoast-schema-graph\">{\"@context\":\"https:\/\/schema.org\",\"@graph\":[{\"@type\":\"WebSite\",\"@id\":\"https:\/\/www.visit-ulcinj.com\/blog\/#website\",\"url\":\"https:\/\/www.visit-ulcinj.com\/blog\/\",\"name\":\"Lajme nga Ulqini\",\"description\":\"Lajme,Vijesti,Ulqini,Ulqin,Crna Gora,Mali i Zi\",\"potentialAction\":[{\"@type\":\"SearchAction\",\"target\":{\"@type\":\"EntryPoint\",\"urlTemplate\":\"https:\/\/www.visit-ulcinj.com\/blog\/?s={search_term_string}\"},\"query-input\":\"required name=search_term_string\"}],\"inLanguage\":\"en-US\"},{\"@type\":\"ImageObject\",\"inLanguage\":\"en-US\",\"@id\":\"https:\/\/www.visit-ulcinj.com\/blog\/2009\/08\/15\/protest-u-valdanosu\/#primaryimage\",\"url\":\"https:\/\/www.visit-ulcinj.com\/blog\/wp-content\/uploads\/2009\/07\/protestna-setnja-e2809evratite-imovinu-u-valdanosue2809c9.jpg\",\"contentUrl\":\"https:\/\/www.visit-ulcinj.com\/blog\/wp-content\/uploads\/2009\/07\/protestna-setnja-e2809evratite-imovinu-u-valdanosue2809c9.jpg\",\"width\":\"640\",\"height\":\"428\"},{\"@type\":\"WebPage\",\"@id\":\"https:\/\/www.visit-ulcinj.com\/blog\/2009\/08\/15\/protest-u-valdanosu\/#webpage\",\"url\":\"https:\/\/www.visit-ulcinj.com\/blog\/2009\/08\/15\/protest-u-valdanosu\/\",\"name\":\"Protest u Valdanosu - Lajme nga Ulqini\",\"isPartOf\":{\"@id\":\"https:\/\/www.visit-ulcinj.com\/blog\/#website\"},\"primaryImageOfPage\":{\"@id\":\"https:\/\/www.visit-ulcinj.com\/blog\/2009\/08\/15\/protest-u-valdanosu\/#primaryimage\"},\"datePublished\":\"2009-08-15T16:25:23+00:00\",\"dateModified\":\"2009-08-15T16:25:23+00:00\",\"author\":{\"@id\":\"https:\/\/www.visit-ulcinj.com\/blog\/#\/schema\/person\/dcab619c614d3038751c63bc2aadc06d\"},\"description\":\"Ulcinj - Odbor za povra?aj maslinade u Valdanosu organizova?e u srijedu, 19. avgusta protestno okupljanje budu?i da Vlada biv\u0161im vlasnicima ne vra?a\",\"breadcrumb\":{\"@id\":\"https:\/\/www.visit-ulcinj.com\/blog\/2009\/08\/15\/protest-u-valdanosu\/#breadcrumb\"},\"inLanguage\":\"en-US\",\"potentialAction\":[{\"@type\":\"ReadAction\",\"target\":[\"https:\/\/www.visit-ulcinj.com\/blog\/2009\/08\/15\/protest-u-valdanosu\/\"]}]},{\"@type\":\"BreadcrumbList\",\"@id\":\"https:\/\/www.visit-ulcinj.com\/blog\/2009\/08\/15\/protest-u-valdanosu\/#breadcrumb\",\"itemListElement\":[{\"@type\":\"ListItem\",\"position\":1,\"name\":\"Protest u Valdanosu\"}]},{\"@type\":\"Person\",\"@id\":\"https:\/\/www.visit-ulcinj.com\/blog\/#\/schema\/person\/dcab619c614d3038751c63bc2aadc06d\",\"name\":\"ulqini\",\"sameAs\":[\"http:\/\/www.visit-ulcinj.com\"],\"url\":\"https:\/\/www.visit-ulcinj.com\/blog\/author\/admin\/\"}]}<\/script>\n<!-- \/ Yoast SEO plugin. -->","yoast_head_json":{"title":"Protest u Valdanosu - Lajme nga Ulqini","description":"Ulcinj - Odbor za povra?aj maslinade u Valdanosu organizova?e u srijedu, 19. avgusta protestno okupljanje budu?i da Vlada biv\u0161im vlasnicima ne vra?a","robots":{"index":"index","follow":"follow","max-snippet":"max-snippet:-1","max-image-preview":"max-image-preview:large","max-video-preview":"max-video-preview:-1"},"canonical":"https:\/\/www.visit-ulcinj.com\/blog\/2009\/08\/15\/protest-u-valdanosu\/","og_locale":"en_US","og_type":"article","og_title":"Protest u Valdanosu - Lajme nga Ulqini","og_description":"Ulcinj - Odbor za povra?aj maslinade u Valdanosu organizova?e u srijedu, 19. avgusta protestno okupljanje budu?i da Vlada biv\u0161im vlasnicima ne vra?a","og_url":"https:\/\/www.visit-ulcinj.com\/blog\/2009\/08\/15\/protest-u-valdanosu\/","og_site_name":"Lajme nga Ulqini","article_published_time":"2009-08-15T16:25:23+00:00","og_image":[{"url":"http:\/\/www.visit-ulcinj.com\/blog\/wp-content\/uploads\/2009\/07\/protestna-setnja-e2809evratite-imovinu-u-valdanosue2809c9.jpg"}],"twitter_misc":{"Written by":"ulqini","Est. reading time":"1 minute"},"schema":{"@context":"https:\/\/schema.org","@graph":[{"@type":"WebSite","@id":"https:\/\/www.visit-ulcinj.com\/blog\/#website","url":"https:\/\/www.visit-ulcinj.com\/blog\/","name":"Lajme nga Ulqini","description":"Lajme,Vijesti,Ulqini,Ulqin,Crna Gora,Mali i Zi","potentialAction":[{"@type":"SearchAction","target":{"@type":"EntryPoint","urlTemplate":"https:\/\/www.visit-ulcinj.com\/blog\/?s={search_term_string}"},"query-input":"required name=search_term_string"}],"inLanguage":"en-US"},{"@type":"ImageObject","inLanguage":"en-US","@id":"https:\/\/www.visit-ulcinj.com\/blog\/2009\/08\/15\/protest-u-valdanosu\/#primaryimage","url":"https:\/\/www.visit-ulcinj.com\/blog\/wp-content\/uploads\/2009\/07\/protestna-setnja-e2809evratite-imovinu-u-valdanosue2809c9.jpg","contentUrl":"https:\/\/www.visit-ulcinj.com\/blog\/wp-content\/uploads\/2009\/07\/protestna-setnja-e2809evratite-imovinu-u-valdanosue2809c9.jpg","width":"640","height":"428"},{"@type":"WebPage","@id":"https:\/\/www.visit-ulcinj.com\/blog\/2009\/08\/15\/protest-u-valdanosu\/#webpage","url":"https:\/\/www.visit-ulcinj.com\/blog\/2009\/08\/15\/protest-u-valdanosu\/","name":"Protest u Valdanosu - Lajme nga Ulqini","isPartOf":{"@id":"https:\/\/www.visit-ulcinj.com\/blog\/#website"},"primaryImageOfPage":{"@id":"https:\/\/www.visit-ulcinj.com\/blog\/2009\/08\/15\/protest-u-valdanosu\/#primaryimage"},"datePublished":"2009-08-15T16:25:23+00:00","dateModified":"2009-08-15T16:25:23+00:00","author":{"@id":"https:\/\/www.visit-ulcinj.com\/blog\/#\/schema\/person\/dcab619c614d3038751c63bc2aadc06d"},"description":"Ulcinj - Odbor za povra?aj maslinade u Valdanosu organizova?e u srijedu, 19. avgusta protestno okupljanje budu?i da Vlada biv\u0161im vlasnicima ne vra?a","breadcrumb":{"@id":"https:\/\/www.visit-ulcinj.com\/blog\/2009\/08\/15\/protest-u-valdanosu\/#breadcrumb"},"inLanguage":"en-US","potentialAction":[{"@type":"ReadAction","target":["https:\/\/www.visit-ulcinj.com\/blog\/2009\/08\/15\/protest-u-valdanosu\/"]}]},{"@type":"BreadcrumbList","@id":"https:\/\/www.visit-ulcinj.com\/blog\/2009\/08\/15\/protest-u-valdanosu\/#breadcrumb","itemListElement":[{"@type":"ListItem","position":1,"name":"Protest u Valdanosu"}]},{"@type":"Person","@id":"https:\/\/www.visit-ulcinj.com\/blog\/#\/schema\/person\/dcab619c614d3038751c63bc2aadc06d","name":"ulqini","sameAs":["http:\/\/www.visit-ulcinj.com"],"url":"https:\/\/www.visit-ulcinj.com\/blog\/author\/admin\/"}]}},"jetpack_featured_media_url":"","jetpack_sharing_enabled":true,"jetpack_shortlink":"https:\/\/wp.me\/pe6lTn-6ox","_links":{"self":[{"href":"https:\/\/www.visit-ulcinj.com\/blog\/wp-json\/wp\/v2\/posts\/24585"}],"collection":[{"href":"https:\/\/www.visit-ulcinj.com\/blog\/wp-json\/wp\/v2\/posts"}],"about":[{"href":"https:\/\/www.visit-ulcinj.com\/blog\/wp-json\/wp\/v2\/types\/post"}],"author":[{"embeddable":true,"href":"https:\/\/www.visit-ulcinj.com\/blog\/wp-json\/wp\/v2\/users\/1"}],"replies":[{"embeddable":true,"href":"https:\/\/www.visit-ulcinj.com\/blog\/wp-json\/wp\/v2\/comments?post=24585"}],"version-history":[{"count":0,"href":"https:\/\/www.visit-ulcinj.com\/blog\/wp-json\/wp\/v2\/posts\/24585\/revisions"}],"wp:attachment":[{"href":"https:\/\/www.visit-ulcinj.com\/blog\/wp-json\/wp\/v2\/media?parent=24585"}],"wp:term":[{"taxonomy":"category","embeddable":true,"href":"https:\/\/www.visit-ulcinj.com\/blog\/wp-json\/wp\/v2\/categories?post=24585"},{"taxonomy":"post_tag","embeddable":true,"href":"https:\/\/www.visit-ulcinj.com\/blog\/wp-json\/wp\/v2\/tags?post=24585"}],"curies":[{"name":"wp","href":"https:\/\/api.w.org\/{rel}","templated":true}]}}