{"id":24588,"date":"2009-08-15T18:54:07","date_gmt":"2009-08-15T16:54:07","guid":{"rendered":"http:\/\/www.visit-ulcinj.com\/blog\/?p=24588"},"modified":"2009-10-10T20:25:32","modified_gmt":"2009-10-10T18:25:32","slug":"cafo-beg-ulqini-mbeti-i-pashuar-per-t%e2%80%99u-lavderuar","status":"publish","type":"post","link":"https:\/\/www.visit-ulcinj.com\/blog\/2009\/08\/15\/cafo-beg-ulqini-mbeti-i-pashuar-per-t%e2%80%99u-lavderuar\/","title":{"rendered":"Cafo Beg Ulqini: Mbeti i pashuar p\u00ebr t\u2019u lavd\u00ebruar"},"content":{"rendered":"<p><a href=\"http:\/\/www.visit-ulcinj.com\/blog\/wp-content\/uploads\/2009\/08\/Libri-i-Cafo-Beg-Ulqini.jpg\"><img loading=\"lazy\" class=\"alignleft size-full wp-image-24589\" title=\"Libri i Cafo Beg Ulqini\" src=\"http:\/\/www.visit-ulcinj.com\/blog\/wp-content\/uploads\/2009\/08\/Libri-i-Cafo-Beg-Ulqini.jpg\" alt=\"Libri i Cafo Beg Ulqini\" width=\"344\" height=\"479\" srcset=\"https:\/\/www.visit-ulcinj.com\/blog\/wp-content\/uploads\/2009\/08\/Libri-i-Cafo-Beg-Ulqini.jpg 300w, https:\/\/www.visit-ulcinj.com\/blog\/wp-content\/uploads\/2009\/08\/Libri-i-Cafo-Beg-Ulqini-215x300.jpg 215w\" sizes=\"(max-width: 344px) 100vw, 344px\" \/><\/a>N\u00eb plejad\u00ebn e patriot\u00ebve shqiptar\u00eb t\u00eb shekullit q\u00eb sa kaloi, nj\u00eb vend nderi z\u00eb edhe Cafo Beg Ulqini. Ky u shfaq n\u00eb horizontin shqiptar jo si i rast\u00ebsish\u00ebm, si ndonj\u00eb meteor q\u00eb l\u00eb mbrapa nj\u00eb rreze drite dhe n\u00eb pak sekonda zhduket n\u00eb pafund\u00ebsi, por lindi si yll m\u00ebngjesi dhe mbeti i pashuar p\u00ebr t\u2019u lavd\u00ebruar p\u00ebr s\u00eb gjalli dhe p\u00ebr t\u2019u nderuar dhe kujtuar me respekt p\u00ebr s\u00eb vdekuri.<\/p>\n<p>\u201cE v\u00ebrteta historike nuk mund t\u00eb harrohet dhe as t\u00eb fshihet p\u00ebr interesa t\u00eb \u00e7far\u00ebdolloji qofshin ato. Figura t\u00eb tilla si Cafo Beg Ulqini, q\u00eb punuan dhe luftuan me p\u00ebrkushtim p\u00ebr shp\u00ebtimin e kombit n\u00eb \u00e7astet m\u00eb t\u00eb v\u00ebshtira p\u00ebr t\u00eb, nderojn\u00eb qytetin q\u00eb i lindi, kombin p\u00ebr t\u00eb cilin shkrin\u00eb jet\u00ebn dhe, nj\u00ebher\u00ebsh, ua ndri\u00e7ojn\u00eb rrug\u00ebn gjeneratave t\u00eb reja, drejt idealeve t\u00eb pastra komb\u00ebtare.<br \/>\nN\u00eb plejad\u00ebn e patriot\u00ebve shqiptar\u00eb t\u00eb shekullit q\u00eb sa kaloi, nj\u00eb vend nderi z\u00eb edhe Cafo Beg Ulqini. Ky u shfaq n\u00eb horizontin shqiptar jo si i rast\u00ebsish\u00ebm, si ndonj\u00eb meteor q\u00eb l\u00eb mbrapa nj\u00eb rreze drite dhe n\u00eb pak sekonda zhduket n\u00eb pafund\u00ebsi, por lindi si yll m\u00ebngjesi dhe mbeti i pashuar p\u00ebr t\u2019u lavd\u00ebruar p\u00ebr s\u00eb gjalli dhe p\u00ebr t\u2019u nderuar dhe kujtuar me respekt p\u00ebr s\u00eb vdekuri. N\u00eb historin\u00eb e popujve, t\u00eb till\u00eb burra, vepra e t\u00eb cil\u00ebve kalon goj\u00eb m\u00eb goj\u00eb dhe fiton pavdek\u00ebsin\u00eb, vijn\u00eb pak n\u00eb jet\u00eb&#8230;\u201d<\/p>\n<p><strong>Tanush Mulleti<br \/>\nKoha Javore<\/strong><\/p>\n<p><strong><!--YouTube Error: bad URL entered--><br \/>\n<\/strong><\/p>\n","protected":false},"excerpt":{"rendered":"<p>N\u00eb plejad\u00ebn e patriot\u00ebve shqiptar\u00eb t\u00eb shekullit q\u00eb sa kaloi, nj\u00eb vend nderi z\u00eb edhe Cafo Beg Ulqini. Ky u shfaq n\u00eb horizontin shqiptar jo si i rast\u00ebsish\u00ebm, si ndonj\u00eb meteor q\u00eb l\u00eb mbrapa nj\u00eb rreze drite dhe n\u00eb pak sekonda zhduket n\u00eb pafund\u00ebsi, por lindi si yll m\u00ebngjesi dhe mbeti i pashuar p\u00ebr t\u2019u [&hellip;]<\/p>\n","protected":false},"author":1,"featured_media":0,"comment_status":"open","ping_status":"closed","sticky":false,"template":"","format":"standard","meta":{"spay_email":"","jetpack_publicize_message":"","jetpack_is_tweetstorm":false,"jetpack_publicize_feature_enabled":true},"categories":[11],"tags":[12204,12205,95,200],"jetpack_publicize_connections":[],"yoast_head":"<!-- This site is optimized with the Yoast SEO plugin v19.1 - https:\/\/yoast.com\/wordpress\/plugins\/seo\/ -->\n<title>Cafo Beg Ulqini: Mbeti i pashuar p\u00ebr t\u2019u lavd\u00ebruar - Lajme nga Ulqini<\/title>\n<meta name=\"description\" content=\"N\u00eb plejad\u00ebn e patriot\u00ebve shqiptar\u00eb t\u00eb shekullit q\u00eb sa kaloi, nj\u00eb vend nderi z\u00eb edhe Cafo Beg Ulqini. Ky u shfaq n\u00eb horizontin shqiptar jo si i\" \/>\n<meta name=\"robots\" content=\"index, follow, max-snippet:-1, max-image-preview:large, max-video-preview:-1\" \/>\n<link rel=\"canonical\" href=\"https:\/\/www.visit-ulcinj.com\/blog\/2009\/08\/15\/cafo-beg-ulqini-mbeti-i-pashuar-per-t\u2019u-lavderuar\/\" \/>\n<meta property=\"og:locale\" content=\"en_US\" \/>\n<meta property=\"og:type\" content=\"article\" \/>\n<meta property=\"og:title\" content=\"Cafo Beg Ulqini: Mbeti i pashuar p\u00ebr t\u2019u lavd\u00ebruar - Lajme nga Ulqini\" \/>\n<meta property=\"og:description\" content=\"N\u00eb plejad\u00ebn e patriot\u00ebve shqiptar\u00eb t\u00eb shekullit q\u00eb sa kaloi, nj\u00eb vend nderi z\u00eb edhe Cafo Beg Ulqini. Ky u shfaq n\u00eb horizontin shqiptar jo si i\" \/>\n<meta property=\"og:url\" content=\"https:\/\/www.visit-ulcinj.com\/blog\/2009\/08\/15\/cafo-beg-ulqini-mbeti-i-pashuar-per-t\u2019u-lavderuar\/\" \/>\n<meta property=\"og:site_name\" content=\"Lajme nga Ulqini\" \/>\n<meta property=\"article:published_time\" content=\"2009-08-15T16:54:07+00:00\" \/>\n<meta property=\"article:modified_time\" content=\"2009-10-10T18:25:32+00:00\" \/>\n<meta property=\"og:image\" content=\"http:\/\/www.visit-ulcinj.com\/blog\/wp-content\/uploads\/2009\/08\/Libri-i-Cafo-Beg-Ulqini.jpg\" \/>\n<meta name=\"twitter:label1\" content=\"Written by\" \/>\n\t<meta name=\"twitter:data1\" content=\"ulqini\" \/>\n\t<meta name=\"twitter:label2\" content=\"Est. reading time\" \/>\n\t<meta name=\"twitter:data2\" content=\"1 minute\" \/>\n<script type=\"application\/ld+json\" class=\"yoast-schema-graph\">{\"@context\":\"https:\/\/schema.org\",\"@graph\":[{\"@type\":\"WebSite\",\"@id\":\"https:\/\/www.visit-ulcinj.com\/blog\/#website\",\"url\":\"https:\/\/www.visit-ulcinj.com\/blog\/\",\"name\":\"Lajme nga Ulqini\",\"description\":\"Lajme,Vijesti,Ulqini,Ulqin,Crna Gora,Mali i Zi\",\"potentialAction\":[{\"@type\":\"SearchAction\",\"target\":{\"@type\":\"EntryPoint\",\"urlTemplate\":\"https:\/\/www.visit-ulcinj.com\/blog\/?s={search_term_string}\"},\"query-input\":\"required name=search_term_string\"}],\"inLanguage\":\"en-US\"},{\"@type\":\"ImageObject\",\"inLanguage\":\"en-US\",\"@id\":\"https:\/\/www.visit-ulcinj.com\/blog\/2009\/08\/15\/cafo-beg-ulqini-mbeti-i-pashuar-per-t%e2%80%99u-lavderuar\/#primaryimage\",\"url\":\"https:\/\/www.visit-ulcinj.com\/blog\/wp-content\/uploads\/2009\/08\/Libri-i-Cafo-Beg-Ulqini.jpg\",\"contentUrl\":\"https:\/\/www.visit-ulcinj.com\/blog\/wp-content\/uploads\/2009\/08\/Libri-i-Cafo-Beg-Ulqini.jpg\",\"width\":\"300\",\"height\":\"417\"},{\"@type\":\"WebPage\",\"@id\":\"https:\/\/www.visit-ulcinj.com\/blog\/2009\/08\/15\/cafo-beg-ulqini-mbeti-i-pashuar-per-t%e2%80%99u-lavderuar\/#webpage\",\"url\":\"https:\/\/www.visit-ulcinj.com\/blog\/2009\/08\/15\/cafo-beg-ulqini-mbeti-i-pashuar-per-t%e2%80%99u-lavderuar\/\",\"name\":\"Cafo Beg Ulqini: Mbeti i pashuar p\u00ebr t\u2019u lavd\u00ebruar - Lajme nga Ulqini\",\"isPartOf\":{\"@id\":\"https:\/\/www.visit-ulcinj.com\/blog\/#website\"},\"primaryImageOfPage\":{\"@id\":\"https:\/\/www.visit-ulcinj.com\/blog\/2009\/08\/15\/cafo-beg-ulqini-mbeti-i-pashuar-per-t%e2%80%99u-lavderuar\/#primaryimage\"},\"datePublished\":\"2009-08-15T16:54:07+00:00\",\"dateModified\":\"2009-10-10T18:25:32+00:00\",\"author\":{\"@id\":\"https:\/\/www.visit-ulcinj.com\/blog\/#\/schema\/person\/dcab619c614d3038751c63bc2aadc06d\"},\"description\":\"N\u00eb plejad\u00ebn e patriot\u00ebve shqiptar\u00eb t\u00eb shekullit q\u00eb sa kaloi, nj\u00eb vend nderi z\u00eb edhe Cafo Beg Ulqini. Ky u shfaq n\u00eb horizontin shqiptar jo si i\",\"breadcrumb\":{\"@id\":\"https:\/\/www.visit-ulcinj.com\/blog\/2009\/08\/15\/cafo-beg-ulqini-mbeti-i-pashuar-per-t%e2%80%99u-lavderuar\/#breadcrumb\"},\"inLanguage\":\"en-US\",\"potentialAction\":[{\"@type\":\"ReadAction\",\"target\":[\"https:\/\/www.visit-ulcinj.com\/blog\/2009\/08\/15\/cafo-beg-ulqini-mbeti-i-pashuar-per-t%e2%80%99u-lavderuar\/\"]}]},{\"@type\":\"BreadcrumbList\",\"@id\":\"https:\/\/www.visit-ulcinj.com\/blog\/2009\/08\/15\/cafo-beg-ulqini-mbeti-i-pashuar-per-t%e2%80%99u-lavderuar\/#breadcrumb\",\"itemListElement\":[{\"@type\":\"ListItem\",\"position\":1,\"name\":\"Cafo Beg Ulqini: Mbeti i pashuar p\u00ebr t\u2019u lavd\u00ebruar\"}]},{\"@type\":\"Person\",\"@id\":\"https:\/\/www.visit-ulcinj.com\/blog\/#\/schema\/person\/dcab619c614d3038751c63bc2aadc06d\",\"name\":\"ulqini\",\"sameAs\":[\"http:\/\/www.visit-ulcinj.com\"],\"url\":\"https:\/\/www.visit-ulcinj.com\/blog\/author\/admin\/\"}]}<\/script>\n<!-- \/ Yoast SEO plugin. -->","yoast_head_json":{"title":"Cafo Beg Ulqini: Mbeti i pashuar p\u00ebr t\u2019u lavd\u00ebruar - Lajme nga Ulqini","description":"N\u00eb plejad\u00ebn e patriot\u00ebve shqiptar\u00eb t\u00eb shekullit q\u00eb sa kaloi, nj\u00eb vend nderi z\u00eb edhe Cafo Beg Ulqini. Ky u shfaq n\u00eb horizontin shqiptar jo si i","robots":{"index":"index","follow":"follow","max-snippet":"max-snippet:-1","max-image-preview":"max-image-preview:large","max-video-preview":"max-video-preview:-1"},"canonical":"https:\/\/www.visit-ulcinj.com\/blog\/2009\/08\/15\/cafo-beg-ulqini-mbeti-i-pashuar-per-t\u2019u-lavderuar\/","og_locale":"en_US","og_type":"article","og_title":"Cafo Beg Ulqini: Mbeti i pashuar p\u00ebr t\u2019u lavd\u00ebruar - Lajme nga Ulqini","og_description":"N\u00eb plejad\u00ebn e patriot\u00ebve shqiptar\u00eb t\u00eb shekullit q\u00eb sa kaloi, nj\u00eb vend nderi z\u00eb edhe Cafo Beg Ulqini. Ky u shfaq n\u00eb horizontin shqiptar jo si i","og_url":"https:\/\/www.visit-ulcinj.com\/blog\/2009\/08\/15\/cafo-beg-ulqini-mbeti-i-pashuar-per-t\u2019u-lavderuar\/","og_site_name":"Lajme nga Ulqini","article_published_time":"2009-08-15T16:54:07+00:00","article_modified_time":"2009-10-10T18:25:32+00:00","og_image":[{"url":"http:\/\/www.visit-ulcinj.com\/blog\/wp-content\/uploads\/2009\/08\/Libri-i-Cafo-Beg-Ulqini.jpg"}],"twitter_misc":{"Written by":"ulqini","Est. reading time":"1 minute"},"schema":{"@context":"https:\/\/schema.org","@graph":[{"@type":"WebSite","@id":"https:\/\/www.visit-ulcinj.com\/blog\/#website","url":"https:\/\/www.visit-ulcinj.com\/blog\/","name":"Lajme nga Ulqini","description":"Lajme,Vijesti,Ulqini,Ulqin,Crna Gora,Mali i Zi","potentialAction":[{"@type":"SearchAction","target":{"@type":"EntryPoint","urlTemplate":"https:\/\/www.visit-ulcinj.com\/blog\/?s={search_term_string}"},"query-input":"required name=search_term_string"}],"inLanguage":"en-US"},{"@type":"ImageObject","inLanguage":"en-US","@id":"https:\/\/www.visit-ulcinj.com\/blog\/2009\/08\/15\/cafo-beg-ulqini-mbeti-i-pashuar-per-t%e2%80%99u-lavderuar\/#primaryimage","url":"https:\/\/www.visit-ulcinj.com\/blog\/wp-content\/uploads\/2009\/08\/Libri-i-Cafo-Beg-Ulqini.jpg","contentUrl":"https:\/\/www.visit-ulcinj.com\/blog\/wp-content\/uploads\/2009\/08\/Libri-i-Cafo-Beg-Ulqini.jpg","width":"300","height":"417"},{"@type":"WebPage","@id":"https:\/\/www.visit-ulcinj.com\/blog\/2009\/08\/15\/cafo-beg-ulqini-mbeti-i-pashuar-per-t%e2%80%99u-lavderuar\/#webpage","url":"https:\/\/www.visit-ulcinj.com\/blog\/2009\/08\/15\/cafo-beg-ulqini-mbeti-i-pashuar-per-t%e2%80%99u-lavderuar\/","name":"Cafo Beg Ulqini: Mbeti i pashuar p\u00ebr t\u2019u lavd\u00ebruar - Lajme nga Ulqini","isPartOf":{"@id":"https:\/\/www.visit-ulcinj.com\/blog\/#website"},"primaryImageOfPage":{"@id":"https:\/\/www.visit-ulcinj.com\/blog\/2009\/08\/15\/cafo-beg-ulqini-mbeti-i-pashuar-per-t%e2%80%99u-lavderuar\/#primaryimage"},"datePublished":"2009-08-15T16:54:07+00:00","dateModified":"2009-10-10T18:25:32+00:00","author":{"@id":"https:\/\/www.visit-ulcinj.com\/blog\/#\/schema\/person\/dcab619c614d3038751c63bc2aadc06d"},"description":"N\u00eb plejad\u00ebn e patriot\u00ebve shqiptar\u00eb t\u00eb shekullit q\u00eb sa kaloi, nj\u00eb vend nderi z\u00eb edhe Cafo Beg Ulqini. Ky u shfaq n\u00eb horizontin shqiptar jo si i","breadcrumb":{"@id":"https:\/\/www.visit-ulcinj.com\/blog\/2009\/08\/15\/cafo-beg-ulqini-mbeti-i-pashuar-per-t%e2%80%99u-lavderuar\/#breadcrumb"},"inLanguage":"en-US","potentialAction":[{"@type":"ReadAction","target":["https:\/\/www.visit-ulcinj.com\/blog\/2009\/08\/15\/cafo-beg-ulqini-mbeti-i-pashuar-per-t%e2%80%99u-lavderuar\/"]}]},{"@type":"BreadcrumbList","@id":"https:\/\/www.visit-ulcinj.com\/blog\/2009\/08\/15\/cafo-beg-ulqini-mbeti-i-pashuar-per-t%e2%80%99u-lavderuar\/#breadcrumb","itemListElement":[{"@type":"ListItem","position":1,"name":"Cafo Beg Ulqini: Mbeti i pashuar p\u00ebr t\u2019u lavd\u00ebruar"}]},{"@type":"Person","@id":"https:\/\/www.visit-ulcinj.com\/blog\/#\/schema\/person\/dcab619c614d3038751c63bc2aadc06d","name":"ulqini","sameAs":["http:\/\/www.visit-ulcinj.com"],"url":"https:\/\/www.visit-ulcinj.com\/blog\/author\/admin\/"}]}},"jetpack_featured_media_url":"","jetpack_sharing_enabled":true,"jetpack_shortlink":"https:\/\/wp.me\/pe6lTn-6oA","_links":{"self":[{"href":"https:\/\/www.visit-ulcinj.com\/blog\/wp-json\/wp\/v2\/posts\/24588"}],"collection":[{"href":"https:\/\/www.visit-ulcinj.com\/blog\/wp-json\/wp\/v2\/posts"}],"about":[{"href":"https:\/\/www.visit-ulcinj.com\/blog\/wp-json\/wp\/v2\/types\/post"}],"author":[{"embeddable":true,"href":"https:\/\/www.visit-ulcinj.com\/blog\/wp-json\/wp\/v2\/users\/1"}],"replies":[{"embeddable":true,"href":"https:\/\/www.visit-ulcinj.com\/blog\/wp-json\/wp\/v2\/comments?post=24588"}],"version-history":[{"count":0,"href":"https:\/\/www.visit-ulcinj.com\/blog\/wp-json\/wp\/v2\/posts\/24588\/revisions"}],"wp:attachment":[{"href":"https:\/\/www.visit-ulcinj.com\/blog\/wp-json\/wp\/v2\/media?parent=24588"}],"wp:term":[{"taxonomy":"category","embeddable":true,"href":"https:\/\/www.visit-ulcinj.com\/blog\/wp-json\/wp\/v2\/categories?post=24588"},{"taxonomy":"post_tag","embeddable":true,"href":"https:\/\/www.visit-ulcinj.com\/blog\/wp-json\/wp\/v2\/tags?post=24588"}],"curies":[{"name":"wp","href":"https:\/\/api.w.org\/{rel}","templated":true}]}}