{"id":24611,"date":"2009-08-16T10:53:06","date_gmt":"2009-08-16T08:53:06","guid":{"rendered":"http:\/\/www.visit-ulcinj.com\/blog\/?p=24611"},"modified":"2009-08-16T10:53:52","modified_gmt":"2009-08-16T08:53:52","slug":"gili-puthja-e-pare-17-vjece","status":"publish","type":"post","link":"https:\/\/www.visit-ulcinj.com\/blog\/2009\/08\/16\/gili-puthja-e-pare-17-vjece\/","title":{"rendered":"GILI: Puthja e par\u00eb&#8230; 17 vje\u00e7e"},"content":{"rendered":"<p><strong>P\u00ebr her\u00eb t\u00eb par\u00eb, burrin tim t\u00eb ardhsh\u00ebm, e takova n\u00eb korin e qytetit dhe ishte nga ata djelmoshat e rrall\u00eb me flok\u00eb t\u00eb gjat\u00eb e sy t\u00eb kalt\u00ebr. Ishte solist i korit, i binte nga pak pianos dhe k\u00ebndonte edhe n\u00eb gjuh\u00ebn angleze, pra ishte nj\u00eb djal\u00eb si un\u00eb e kisha \u00ebnd\u00ebrruar. Fati deshi q\u00eb t\u00eb takoheshim p\u00ebrs\u00ebri n\u00eb shkoll\u00ebn e mesme t\u00eb mjek\u00ebsis\u00eb dhe nga at\u00ebher\u00eb m\u00eb nuk u ndam\u00eb. Ndoshta urt\u00ebsia ime m\u00eb dalloi nga shoqet tij t\u00eb shumta q\u00eb i viheshin pas.<\/strong><\/p>\n<p><strong><br \/>\n<\/strong><\/p>\n<p>Jan\u00eb takuar q\u00eb adoleshent\u00eb bashk\u00eb. Ishin 17 vje\u00e7 kur dhan\u00eb puthjen e par\u00eb dhe tashm\u00eb pas kaq vitesh, jetojn\u00eb martes\u00ebn e lumtur. Dashuria \u00ebsht\u00eb motivi i t\u00eb dyve, dhe familja nj\u00ebkoh\u00ebsisht \u00ebsht\u00eb mbret\u00ebria larg sken\u00ebs. Gili, (Fevzije Berani) k\u00ebng\u00ebtarja e njohur nga Kosova, sot \u00ebsht\u00eb n\u00ebna e dy djemve t\u00eb rritur, Robrtit 18 -vje\u00e7ar dhe Redonit 10 -vje\u00e7ar. \u00cbsht\u00eb bashk\u00ebshortja e p\u00ebrkushtuar, ndaj tekstshkruesit t\u00eb k\u00ebng\u00ebve t\u00eb saj, Ilir Berani e nj\u00ebkoh\u00ebsisht \u00ebsht\u00eb artistja q\u00eb preferon t\u00eb jet\u00eb gjithnj\u00eb me k\u00ebmb\u00ebt n\u00eb tok\u00eb.<\/p>\n<p>\u201cF\u00ebmij\u00ebt e mi nuk din\u00eb se sa t\u00eb suksessh\u00ebm jemi ne prind\u00ebrit e tyre. Madje \u00e7uditen kur njer\u00ebzit e mir\u00eb na b\u00ebjn\u00eb favore&#8230;\u201d, tregon ajo. K\u00ebto dhe t\u00eb tjera detaje nga jeta dhe familja e Gilit, i lexoni n\u00eb intervist\u00eb me shtojc\u00ebn \u201cUn\u00eb gruaja\u201d.<\/p>\n<p><a href=\"http:\/\/www.visit-ulcinj.com\/blog\/wp-content\/uploads\/2009\/08\/Fevzije-Berani-Gili.jpg\"><img loading=\"lazy\" style=\"border: 1px solid black; margin: 1px;\" title=\"Fevzije Berani - Gili\" src=\"http:\/\/www.telegrafi.com\/data\/image\/Gili3.jpg\" border=\"1\" alt=\"\" hspace=\"1\" vspace=\"1\" width=\"350\" height=\"467\" align=\"middle\" \/><\/a><\/p>\n<p><strong>N\u00ebse riktheheni pas n\u00eb koh\u00eb dhe kujtoni rinin\u00eb tuaj. Si ka qen\u00eb ajo&#8230;Si ka qen\u00eb Gili f\u00ebmij\u00eb, kur nisi t\u00eb k\u00ebndonte p\u00ebr t\u00eb par\u00ebn her\u00eb, kush e zbuloi talentin tuaj? <\/strong><\/p>\n<p>N\u00ebna m\u00eb thoshte se jam m\u00eb e urta e f\u00ebmij\u00ebve. Kam k\u00ebnduar n\u00eb korin e shkoll\u00ebs dhe at\u00eb t\u00eb qytetit n\u00eb koh\u00ebn kur kriteret ishin shum\u00eb t\u00eb larta dhe kur n\u00eb gar\u00eb kishim t\u00eb gjitha qytetet e ish- Jugosllavis\u00eb. P\u00ebrvoja e fituar m\u00eb ka profesionalizuar n\u00eb k\u00ebt\u00eb l\u00ebm\u00eb. Si e rritur kam k\u00ebnduar n\u00eb trion \u201cRona\u201d me t\u00eb cil\u00ebn kam sjell\u00eb rrymat e reja t\u00eb pop muzik\u00ebs n\u00eb Kosov\u00eb prej l985. Si soliste fillova me l993 dhe q\u00eb at\u00ebher\u00eb kam punuar shum\u00eb k\u00ebng\u00eb, recitale, festivale, klipe&#8230;<\/p>\n<p><strong>Cila \u00ebsht\u00eb rruga q\u00eb keni b\u00ebr\u00eb deri n\u00eb ngjitjen n\u00eb sken\u00ebn e v\u00ebrtet\u00eb? <\/strong><\/p>\n<p>Debutimi im ishte n\u00eb sken\u00ebn e madhe t\u00eb Akordeve t\u00eb Kosov\u00ebs me orkestr\u00ebn e madhe simfonike si l8 -vje\u00e7are n\u00eb gar\u00eb me emrat m\u00eb t\u00eb m\u00ebdhenj t\u00eb muzik\u00ebs zbavit\u00ebse. Kam performuar n\u00eb skenat m\u00eb t\u00eb m\u00ebdha t\u00eb festivale gjithandej q\u00eb m\u00eb kan\u00eb nderuar dhe frym\u00ebzuar me artin e tyre. Kam krijuar profilin tim artistik me nj\u00eb num\u00ebr t\u00eb madh t\u00eb fansave, me t\u00eb cil\u00ebt bashk\u00ebjetojn\u00eb k\u00ebng\u00ebt e mia p\u00ebr dy dekada.<\/p>\n<p><strong>Mendoni se i keni realizuar planet tuaja? A keni b\u00ebr\u00eb pik\u00ebrisht at\u00eb q\u00eb keni dashur dhe ashtu si e keni dashur? <\/strong><\/p>\n<p>Un\u00eb kam nj\u00eb karrier\u00eb t\u00eb nd\u00ebrtuar sipas qejfit tim. Momenti nkur un\u00eb kam kulmuar n\u00eb muzik\u00eb ishte shum\u00eb i favorsh\u00ebm p\u00ebr nj\u00eb k\u00ebng\u00ebtare. \u00cbsht\u00eb vet\u00ebm vendimi im q\u00eb t\u00eb mos k\u00ebndoj n\u00eb dasma e ahengje. Ishte vendimi im t\u00eb prezantohem n\u00eb festivale e n\u00ebp\u00ebr koncerte solistike me orkest\u00ebr e trup\u00eb baleti vetjake. Ishte vendimi im, eleganca e jo zhveshja skenike etj. Kam sh\u00ebrbyer si shembull i drejt\u00eb p\u00ebr nj\u00eb k\u00ebng\u00ebtare t\u00eb re dhe nuk i kam kontribuar shthurjes banale t\u00eb sken\u00ebs muzikore sot. Komercialja n\u00eb kufi t\u00eb artit ishte motoja ime gjat\u00eb gjith\u00eb k\u00ebtyre viteve.<\/p>\n<p><strong>Kur jeni njohur me Ilirin. Rikthehuni n\u00eb kujtime. Ku jeni njohur, kur dhe si jeni njohur? \u00c7\u2019gj\u00eb e ve\u00e7ant\u00eb ju t\u00ebrhoqi prej tij dhe \u00e7\u2019gj\u00eb t\u00eb ve\u00e7ant\u00eb pa ai tek ju?<\/strong><\/p>\n<p>P\u00ebr her\u00eb t\u00eb par\u00eb e takova n\u00eb korin e qytetit dhe ishte nga ata djelmoshat e rrall\u00eb me flok\u00eb t\u00eb gjat\u00eb e sy t\u00eb kalt\u00ebr. Ishte solist i korit, i binte nga pak pianos dhe k\u00ebndonte edhe n\u00eb gjuh\u00ebn angleze, pra ishte nj\u00eb djal\u00eb si un\u00eb e kisha \u00ebnd\u00ebrruar. Fati deshi q\u00eb t\u00eb takoheshim p\u00ebrs\u00ebri n\u00eb shkoll\u00ebn e mesme t\u00eb mjek\u00ebsis\u00eb dhe nga at\u00ebher\u00eb m\u00eb nuk u ndam\u00eb. Ndoshta urt\u00ebsia ime m\u00eb dalloi nga shoqet e tij t\u00eb shumta q\u00eb i viheshin pas.<\/p>\n<p><strong>Kur ndodhi takimi i par\u00eb? Po puthja?<\/strong><\/p>\n<p>\u00c7do gj\u00eb lidhet me shkoll\u00ebn e mesme. Isha 17.<\/p>\n<p><strong>Si do ta p\u00ebrshkruanit rrug\u00ebn nga e dashuruar, m\u00eb pas e fejuar, martuar e tashm\u00eb q\u00eb keni nj\u00eb familje&#8230; \u00c7\u2019ndryshime hasen n\u00eb k\u00ebt\u00eb rrug\u00eb. Nga p\u00ebrvoja juaj \u00e7do t\u00eb ve\u00e7onit?<\/strong><\/p>\n<p>Me t\u00eb gjitha fazat e jet\u00ebs sime shkon fjala e dashuruar. Kemi pas nj\u00eb rini p\u00ebr t\u2019u lakmuar. Nj\u00eb kultur\u00eb dhe \u00ebnd\u00ebrr evropiane. M\u00eb von\u00eb i p\u00ebrjetuam dy luft\u00ebra Ballkanike meq\u00eb jetuam edhe n\u00eb Sarajev\u00eb. Ishim refugjat\u00eb, u ballafaquam edhe me rr\u00ebnimin kulturor e ekonomik dhe n\u00eb situata t\u00eb tilla, n\u00ebse nj\u00eb \u00e7ift nuk ndahet at\u00ebher\u00eb ata do t\u00eb jetojn\u00eb t\u00eb lumtur p\u00ebrgjithmon\u00eb.<\/p>\n<p><a href=\"http:\/\/www.visit-ulcinj.com\/blog\/wp-content\/uploads\/2009\/08\/Fevzije-Berani-Gili.1.jpg\"><img loading=\"lazy\" style=\"border: 1px solid black; margin: 1px;\" title=\"Fevzije Berani - Gili\" src=\"http:\/\/www.telegrafi.com\/data\/image\/Gili2.jpg\" border=\"1\" alt=\"\" hspace=\"1\" vspace=\"1\" width=\"350\" height=\"467\" align=\"middle\" \/><\/a><\/p>\n<p><strong>Kush \u00ebsht\u00eb Iliri p\u00ebr ju? P\u00ebrve\u00e7se nj\u00eb bashk\u00ebshort, nj\u00eb bashk\u00ebpunues n\u00eb karrier\u00eb&#8230;?<\/strong><\/p>\n<p>\u00cbsht\u00eb nj\u00eb njeri q\u00eb e kam d\u00ebshiruar q\u00eb e vog\u00ebl. \u00cbsht\u00eb nj\u00eb shok dhe bashk\u00ebshort. Nj\u00eb baba shum\u00eb i mir\u00eb i dy djemve tan\u00eb. Nj\u00eb njeri shum\u00eb spirituoz. N\u00eb fund \u00ebsht\u00eb nj\u00eb bashk\u00ebpun\u00ebtor p\u00ebr mua. Muzika, sado q\u00eb e dua, vjen pas dashuris\u00eb dhe familjes sime.<\/p>\n<p><strong>Po ju p\u00ebr t\u00eb? <\/strong><\/p>\n<p>Un\u00eb jam gruaja e p\u00ebrzgjedhur e jet\u00ebs s\u00eb tij. Jam n\u00ebna e f\u00ebmij\u00ebve t\u00eb tij dhe kjo \u00ebsht\u00eb d\u00ebshmia m\u00eb e madhe q\u00eb i jep nj\u00eb njeri i men\u00e7ur dashuris\u00eb.<\/p>\n<p><strong>Koha e shuan pasionin? \u00c7\u2019e z\u00ebvend\u00ebson at\u00eb me pas, nj\u00eb element m\u00eb rezistues ndaj koh\u00ebs?<\/strong><\/p>\n<p>Pasioni shuhet vet\u00ebm kur shuhet dashuria.<\/p>\n<p><strong>Nj\u00eb fem\u00ebr dhe nj\u00eb mashkull duhet t\u00eb jen\u00eb t\u00eb ndrysh\u00ebm q\u00eb t\u00eb funksionoj\u00eb marr\u00ebdh\u00ebnia, apo p\u00ebrkundrazi, t\u00eb ken\u00eb pika kontakti t\u00eb p\u00ebrbashk\u00ebta? \u00c7far\u00eb ofron p\u00ebrvoja juaj?<\/strong><\/p>\n<p>Ne jemi plusi e minusi. Kemi shum\u00eb pik\u00ebpamje t\u00eb kund\u00ebrta por kemi iden\u00eb e nj\u00ebjt\u00eb p\u00ebr moralin, familjen, t\u00eb qen\u00eb njer\u00ebz t\u00eb mir\u00eb.<\/p>\n<p><strong>N\u00eb familjen tuaj si jan\u00eb t\u00eb pozicionuara dy gjysmat e t\u00eb t\u00ebr\u00ebs: cil\u00ebt jan\u00eb rolet tuaja n\u00eb familje? <\/strong><\/p>\n<p>Ne funksionojm\u00eb si nj\u00eb t\u00ebr\u00ebsi n\u00eb t\u00eb gjitha obligimet e p\u00ebrditshm\u00ebris\u00eb. Edhe n\u00eb familje si prind edhe n\u00eb muzik\u00eb gjithmon\u00eb funksionojm\u00eb si t\u00ebr\u00ebsi. Kemi shum\u00eb debate deri t\u00eb marrja e vendimeve por \u00e7do vendim mban emrin e t\u00eb dyve.<\/p>\n<p><strong>A mendoni se n\u00eb nj\u00eb familje, dy bashk\u00ebshort\u00ebt duhen t\u00eb ken\u00eb pika p\u00ebrkimi profesional? Apo preferoni pik\u00ebrisht t\u00eb kund\u00ebrt\u00ebn?&#8230;Ka q\u00eb mendojn\u00eb se diskutimet e pun\u00ebs duhen l\u00ebn\u00eb jasht\u00eb der\u00ebs s\u00eb sht\u00ebpis\u00eb\u2026 <\/strong><\/p>\n<p>Ne i diskutojm\u00eb vet\u00ebm n\u00eb sht\u00ebpi por mund\u00ebsisht jo para f\u00ebmij\u00ebve. Ata as nuk e kan\u00eb iden\u00eb sa t\u00eb suksessh\u00ebm jemi t\u00eb dy n\u00eb profesionin ton\u00eb. Nuk i kan\u00eb p\u00ebrjetuar shum\u00eb duartrokitjet as fotot me adhuruesit as kritikat e shkruara. Tani kur jan\u00eb m\u00eb t\u00eb rritur ndonj\u00ebher\u00eb mbesin t\u00eb befasuar nga favoret q\u00eb na b\u00ebjn\u00eb njer\u00ebzit q\u00eb e duan pun\u00ebn dhe k\u00ebng\u00ebn ton\u00eb.<\/p>\n<p><strong>K\u00ebnga, \u00e7\u2019vend t\u00eb dit\u00ebs z\u00eb tek ju?<\/strong><\/p>\n<p>Gjith\u00eb minutat kur nuk jemi pran\u00eb f\u00ebmij\u00ebve, familjar\u00ebve apo shok\u00ebve tan\u00eb; jan\u00eb muzik\u00eb.<\/p>\n<p><a href=\"http:\/\/www.visit-ulcinj.com\/blog\/wp-content\/uploads\/2009\/08\/Fevzije-Berani-Gili.2.jpg\"><img loading=\"lazy\" style=\"border: 1px solid black; margin: 1px;\" title=\"Fevzije Berani - Gili\" src=\"http:\/\/www.telegrafi.com\/data\/image\/Gili4.jpg\" border=\"1\" alt=\"\" hspace=\"1\" vspace=\"1\" width=\"350\" height=\"469\" align=\"middle\" \/><\/a><\/p>\n<p><strong>Si \u00ebsht\u00eb nj\u00eb familje artist\u00ebsh?<\/strong><\/p>\n<p>Familja ime nuk e ka at\u00eb ndjesi p\u00ebrve\u00e7 faktit, q\u00eb nuk jan\u00eb me ne kur punojm\u00eb.<\/p>\n<p><strong>Si nis nj\u00eb dit\u00eb p\u00ebr ju? <\/strong><\/p>\n<p>F\u00ebmij\u00ebt i p\u00ebrcjellim n\u00eb shkoll\u00eb n\u00eb 08:00 t\u00eb m\u00ebngjesit dhe pastaj p\u00ebrmbushen obligimet tona ditore. \u00c7do fundjav\u00eb q\u00eb nuk punojm\u00eb ikim jasht\u00eb Kosov\u00ebs aty ku nuk m\u00eb njohin n\u00eb ndonj\u00eb oaz\u00eb t\u00eb qet\u00eb. Kafja me miqt\u00eb \u00ebsht\u00eb e obliguar pothuajse \u00e7do dit\u00eb, si\u00e7 jan\u00eb edhe t\u00eb parit t\u00eb filmave me f\u00ebmij\u00ebt para se t\u00eb shkojn\u00eb n\u00eb gjum\u00eb.<\/p>\n<p><strong>Kur zgjoheni?<\/strong><\/p>\n<p>Gjithmon\u00eb para or\u00ebs 08:00, edhe at\u00ebher\u00eb kur punoj.<\/p>\n<p><strong>Cila \u00ebsht\u00eb marr\u00ebdh\u00ebnia juaj me shtypin? A i lexoni gazetat? Cilat jan\u00eb rubrikat q\u00eb ju interesojn\u00eb?<\/strong><\/p>\n<p>I kam pasion gazetat edhe televizionin. Lexoj dhe shikoj t\u00eb gjitha. \u00c7do informacion nga cilado sfer\u00eb e jet\u00ebs \u00ebsht\u00eb e d\u00ebshiruar p\u00ebr mua.<\/p>\n<p><strong>Kafja e par\u00eb e dit\u00ebs jasht\u00eb? Si e shijoni, ku e shijoni, n\u00eb shoq\u00ebrin\u00eb e kujt?<\/strong><\/p>\n<p>Gjithmon\u00eb me Ilirin dhe miqt\u00eb tan\u00eb n\u00eb disa nga kafeterit\u00eb e Prishtin\u00ebs. Kur jemi jasht\u00eb zgjedhim vendet e njohura t\u00eb metropoleve gjithmon\u00eb pran\u00eb lumit apo liqenit sepse uji m\u00eb qet\u00ebson.<\/p>\n<p><strong>Dini t\u00eb gatuani?<\/strong><\/p>\n<p>Po edhe pse f\u00ebmij\u00ebt jan\u00eb m\u00eb shum\u00eb ithtar\u00eb t\u00eb gatesave t\u00eb gjyshes.<\/p>\n<p><strong>Cila or\u00eb e pasdites ju gjen n\u00eb sht\u00ebpi?<\/strong><\/p>\n<p>Para or\u00ebs l6:00.<\/p>\n<p><strong>Cili \u00ebsht\u00eb arg\u00ebtimi juaj i preferuar orareve t\u00eb pasdites apo i or\u00ebve t\u00eb para t\u00eb mbr\u00ebmjes?<\/strong><\/p>\n<p>Mundohem q\u00eb disa angazhime t\u00eb mia dhe t\u00eb f\u00ebmij\u00ebve t\u2019i trajtoj si arg\u00ebtim q\u00eb t\u2019i shmangem stresit t\u00eb panevojsh\u00ebm. Shum\u00eb her\u00eb organizojm\u00eb<br \/>\nkuize me pyetjet nga m\u00ebsimet e fundit t\u00eb djalit t\u00eb vog\u00ebl apo shpikim histori nga m\u00ebsimet e djalit t\u00eb madh.<\/p>\n<p><strong>\u00c7\u2019 marr\u00ebdh\u00ebnie keni me shoping-un? \u00c7\u2019koh\u00eb t\u00eb dit\u00ebs apo \u00e7\u2019 dit\u00eb t\u00eb jav\u00ebs i kushtoni?<\/strong><\/p>\n<p>Mund t\u00eb them se vitet e fundit jam sh\u00ebruar nga shopingu dhe e kam z\u00ebvend\u00ebsuar at\u00eb me qendrat \u201cSpa &amp; wellness\u201d q\u00eb m\u00eb qet\u00ebsojn\u00eb dhe m\u00eb p\u00ebrmbushin me energjin\u00eb e nevojshme p\u00ebr jet\u00ebn.<\/p>\n<p><strong>Komentoheni p\u00ebr nj\u00eb look t\u00eb ve\u00e7ant\u00eb n\u00eb sken\u00eb? Kush ju stilon, kush merret me makeupin tuaj?<\/strong><\/p>\n<p>Ata q\u00eb jan\u00eb m\u00eb t\u00eb mir\u00ebt p\u00ebr momentin i angazhoj p\u00ebr flokun dhe make-up-in. Veshjen e kam profilizuar prej vitesh dhe m\u00eb shum\u00eb jan\u00eb gj\u00ebra q\u00eb blej n\u00ebp\u00ebr Evrop\u00eb. Kur vij n\u00eb Tiran\u00eb p\u00ebr mua p\u00ebrkujdeset Turi me t\u00eb cilin jam shum\u00eb e k\u00ebnaqur.<\/p>\n<p><strong>Cilat jan\u00eb angazhimet tuaja t\u00eb para gjumit? <\/strong><\/p>\n<p>T\u00eb zakonshmet, gjithmon\u00eb higjienike.<\/p>\n<p><strong>N\u00eb \u00e7\u2019or\u00eb e fikni drit\u00ebn e abazhurit t\u00eb komodin\u00ebs? <\/strong><\/p>\n<p>Mjaft von\u00eb.<\/p>\n<p><strong>Telegrafi<\/strong><\/p>\n<!--YouTube Error: bad URL entered-->\n","protected":false},"excerpt":{"rendered":"<p>P\u00ebr her\u00eb t\u00eb par\u00eb, burrin tim t\u00eb ardhsh\u00ebm, e takova n\u00eb korin e qytetit dhe ishte nga ata djelmoshat e rrall\u00eb me flok\u00eb t\u00eb gjat\u00eb e sy t\u00eb kalt\u00ebr. Ishte solist i korit, i binte nga pak pianos dhe k\u00ebndonte edhe n\u00eb gjuh\u00ebn angleze, pra ishte nj\u00eb djal\u00eb si un\u00eb e kisha \u00ebnd\u00ebrruar. Fati deshi [&hellip;]<\/p>\n","protected":false},"author":1,"featured_media":0,"comment_status":"open","ping_status":"closed","sticky":false,"template":"","format":"standard","meta":{"spay_email":"","jetpack_publicize_message":"","jetpack_is_tweetstorm":false,"jetpack_publicize_feature_enabled":true},"categories":[1],"tags":[12213,223],"jetpack_publicize_connections":[],"yoast_head":"<!-- This site is optimized with the Yoast SEO plugin v19.1 - https:\/\/yoast.com\/wordpress\/plugins\/seo\/ -->\n<title>GILI: Puthja e par\u00eb... 17 vje\u00e7e - Lajme nga Ulqini<\/title>\n<meta name=\"description\" content=\"P\u00ebr her\u00eb t\u00eb par\u00eb, burrin tim t\u00eb ardhsh\u00ebm, e takova n\u00eb korin e qytetit dhe ishte nga ata djelmoshat e rrall\u00eb me flok\u00eb t\u00eb gjat\u00eb e sy t\u00eb kalt\u00ebr. Ishte solist\" \/>\n<meta name=\"robots\" content=\"index, follow, max-snippet:-1, max-image-preview:large, max-video-preview:-1\" \/>\n<link rel=\"canonical\" href=\"https:\/\/www.visit-ulcinj.com\/blog\/2009\/08\/16\/gili-puthja-e-pare-17-vjece\/\" \/>\n<meta property=\"og:locale\" content=\"en_US\" \/>\n<meta property=\"og:type\" content=\"article\" \/>\n<meta property=\"og:title\" content=\"GILI: Puthja e par\u00eb... 17 vje\u00e7e - Lajme nga Ulqini\" \/>\n<meta property=\"og:description\" content=\"P\u00ebr her\u00eb t\u00eb par\u00eb, burrin tim t\u00eb ardhsh\u00ebm, e takova n\u00eb korin e qytetit dhe ishte nga ata djelmoshat e rrall\u00eb me flok\u00eb t\u00eb gjat\u00eb e sy t\u00eb kalt\u00ebr. Ishte solist\" \/>\n<meta property=\"og:url\" content=\"https:\/\/www.visit-ulcinj.com\/blog\/2009\/08\/16\/gili-puthja-e-pare-17-vjece\/\" \/>\n<meta property=\"og:site_name\" content=\"Lajme nga Ulqini\" \/>\n<meta property=\"article:published_time\" content=\"2009-08-16T08:53:06+00:00\" \/>\n<meta property=\"article:modified_time\" content=\"2009-08-16T08:53:52+00:00\" \/>\n<meta property=\"og:image\" content=\"http:\/\/www.telegrafi.com\/data\/image\/Gili3.jpg\" \/>\n<meta name=\"twitter:label1\" content=\"Written by\" \/>\n\t<meta name=\"twitter:data1\" content=\"ulqini\" \/>\n\t<meta name=\"twitter:label2\" content=\"Est. reading time\" \/>\n\t<meta name=\"twitter:data2\" content=\"9 minutes\" \/>\n<script type=\"application\/ld+json\" class=\"yoast-schema-graph\">{\"@context\":\"https:\/\/schema.org\",\"@graph\":[{\"@type\":\"WebSite\",\"@id\":\"https:\/\/www.visit-ulcinj.com\/blog\/#website\",\"url\":\"https:\/\/www.visit-ulcinj.com\/blog\/\",\"name\":\"Lajme nga Ulqini\",\"description\":\"Lajme,Vijesti,Ulqini,Ulqin,Crna Gora,Mali i Zi\",\"potentialAction\":[{\"@type\":\"SearchAction\",\"target\":{\"@type\":\"EntryPoint\",\"urlTemplate\":\"https:\/\/www.visit-ulcinj.com\/blog\/?s={search_term_string}\"},\"query-input\":\"required name=search_term_string\"}],\"inLanguage\":\"en-US\"},{\"@type\":\"ImageObject\",\"inLanguage\":\"en-US\",\"@id\":\"https:\/\/www.visit-ulcinj.com\/blog\/2009\/08\/16\/gili-puthja-e-pare-17-vjece\/#primaryimage\",\"url\":\"http:\/\/www.telegrafi.com\/data\/image\/Gili3.jpg\",\"contentUrl\":\"http:\/\/www.telegrafi.com\/data\/image\/Gili3.jpg\"},{\"@type\":\"WebPage\",\"@id\":\"https:\/\/www.visit-ulcinj.com\/blog\/2009\/08\/16\/gili-puthja-e-pare-17-vjece\/#webpage\",\"url\":\"https:\/\/www.visit-ulcinj.com\/blog\/2009\/08\/16\/gili-puthja-e-pare-17-vjece\/\",\"name\":\"GILI: Puthja e par\u00eb... 17 vje\u00e7e - Lajme nga Ulqini\",\"isPartOf\":{\"@id\":\"https:\/\/www.visit-ulcinj.com\/blog\/#website\"},\"primaryImageOfPage\":{\"@id\":\"https:\/\/www.visit-ulcinj.com\/blog\/2009\/08\/16\/gili-puthja-e-pare-17-vjece\/#primaryimage\"},\"datePublished\":\"2009-08-16T08:53:06+00:00\",\"dateModified\":\"2009-08-16T08:53:52+00:00\",\"author\":{\"@id\":\"https:\/\/www.visit-ulcinj.com\/blog\/#\/schema\/person\/dcab619c614d3038751c63bc2aadc06d\"},\"description\":\"P\u00ebr her\u00eb t\u00eb par\u00eb, burrin tim t\u00eb ardhsh\u00ebm, e takova n\u00eb korin e qytetit dhe ishte nga ata djelmoshat e rrall\u00eb me flok\u00eb t\u00eb gjat\u00eb e sy t\u00eb kalt\u00ebr. Ishte solist\",\"breadcrumb\":{\"@id\":\"https:\/\/www.visit-ulcinj.com\/blog\/2009\/08\/16\/gili-puthja-e-pare-17-vjece\/#breadcrumb\"},\"inLanguage\":\"en-US\",\"potentialAction\":[{\"@type\":\"ReadAction\",\"target\":[\"https:\/\/www.visit-ulcinj.com\/blog\/2009\/08\/16\/gili-puthja-e-pare-17-vjece\/\"]}]},{\"@type\":\"BreadcrumbList\",\"@id\":\"https:\/\/www.visit-ulcinj.com\/blog\/2009\/08\/16\/gili-puthja-e-pare-17-vjece\/#breadcrumb\",\"itemListElement\":[{\"@type\":\"ListItem\",\"position\":1,\"name\":\"GILI: Puthja e par\u00eb&#8230; 17 vje\u00e7e\"}]},{\"@type\":\"Person\",\"@id\":\"https:\/\/www.visit-ulcinj.com\/blog\/#\/schema\/person\/dcab619c614d3038751c63bc2aadc06d\",\"name\":\"ulqini\",\"sameAs\":[\"http:\/\/www.visit-ulcinj.com\"],\"url\":\"https:\/\/www.visit-ulcinj.com\/blog\/author\/admin\/\"}]}<\/script>\n<!-- \/ Yoast SEO plugin. -->","yoast_head_json":{"title":"GILI: Puthja e par\u00eb... 17 vje\u00e7e - Lajme nga Ulqini","description":"P\u00ebr her\u00eb t\u00eb par\u00eb, burrin tim t\u00eb ardhsh\u00ebm, e takova n\u00eb korin e qytetit dhe ishte nga ata djelmoshat e rrall\u00eb me flok\u00eb t\u00eb gjat\u00eb e sy t\u00eb kalt\u00ebr. Ishte solist","robots":{"index":"index","follow":"follow","max-snippet":"max-snippet:-1","max-image-preview":"max-image-preview:large","max-video-preview":"max-video-preview:-1"},"canonical":"https:\/\/www.visit-ulcinj.com\/blog\/2009\/08\/16\/gili-puthja-e-pare-17-vjece\/","og_locale":"en_US","og_type":"article","og_title":"GILI: Puthja e par\u00eb... 17 vje\u00e7e - Lajme nga Ulqini","og_description":"P\u00ebr her\u00eb t\u00eb par\u00eb, burrin tim t\u00eb ardhsh\u00ebm, e takova n\u00eb korin e qytetit dhe ishte nga ata djelmoshat e rrall\u00eb me flok\u00eb t\u00eb gjat\u00eb e sy t\u00eb kalt\u00ebr. Ishte solist","og_url":"https:\/\/www.visit-ulcinj.com\/blog\/2009\/08\/16\/gili-puthja-e-pare-17-vjece\/","og_site_name":"Lajme nga Ulqini","article_published_time":"2009-08-16T08:53:06+00:00","article_modified_time":"2009-08-16T08:53:52+00:00","og_image":[{"url":"http:\/\/www.telegrafi.com\/data\/image\/Gili3.jpg"}],"twitter_misc":{"Written by":"ulqini","Est. reading time":"9 minutes"},"schema":{"@context":"https:\/\/schema.org","@graph":[{"@type":"WebSite","@id":"https:\/\/www.visit-ulcinj.com\/blog\/#website","url":"https:\/\/www.visit-ulcinj.com\/blog\/","name":"Lajme nga Ulqini","description":"Lajme,Vijesti,Ulqini,Ulqin,Crna Gora,Mali i Zi","potentialAction":[{"@type":"SearchAction","target":{"@type":"EntryPoint","urlTemplate":"https:\/\/www.visit-ulcinj.com\/blog\/?s={search_term_string}"},"query-input":"required name=search_term_string"}],"inLanguage":"en-US"},{"@type":"ImageObject","inLanguage":"en-US","@id":"https:\/\/www.visit-ulcinj.com\/blog\/2009\/08\/16\/gili-puthja-e-pare-17-vjece\/#primaryimage","url":"http:\/\/www.telegrafi.com\/data\/image\/Gili3.jpg","contentUrl":"http:\/\/www.telegrafi.com\/data\/image\/Gili3.jpg"},{"@type":"WebPage","@id":"https:\/\/www.visit-ulcinj.com\/blog\/2009\/08\/16\/gili-puthja-e-pare-17-vjece\/#webpage","url":"https:\/\/www.visit-ulcinj.com\/blog\/2009\/08\/16\/gili-puthja-e-pare-17-vjece\/","name":"GILI: Puthja e par\u00eb... 17 vje\u00e7e - Lajme nga Ulqini","isPartOf":{"@id":"https:\/\/www.visit-ulcinj.com\/blog\/#website"},"primaryImageOfPage":{"@id":"https:\/\/www.visit-ulcinj.com\/blog\/2009\/08\/16\/gili-puthja-e-pare-17-vjece\/#primaryimage"},"datePublished":"2009-08-16T08:53:06+00:00","dateModified":"2009-08-16T08:53:52+00:00","author":{"@id":"https:\/\/www.visit-ulcinj.com\/blog\/#\/schema\/person\/dcab619c614d3038751c63bc2aadc06d"},"description":"P\u00ebr her\u00eb t\u00eb par\u00eb, burrin tim t\u00eb ardhsh\u00ebm, e takova n\u00eb korin e qytetit dhe ishte nga ata djelmoshat e rrall\u00eb me flok\u00eb t\u00eb gjat\u00eb e sy t\u00eb kalt\u00ebr. Ishte solist","breadcrumb":{"@id":"https:\/\/www.visit-ulcinj.com\/blog\/2009\/08\/16\/gili-puthja-e-pare-17-vjece\/#breadcrumb"},"inLanguage":"en-US","potentialAction":[{"@type":"ReadAction","target":["https:\/\/www.visit-ulcinj.com\/blog\/2009\/08\/16\/gili-puthja-e-pare-17-vjece\/"]}]},{"@type":"BreadcrumbList","@id":"https:\/\/www.visit-ulcinj.com\/blog\/2009\/08\/16\/gili-puthja-e-pare-17-vjece\/#breadcrumb","itemListElement":[{"@type":"ListItem","position":1,"name":"GILI: Puthja e par\u00eb&#8230; 17 vje\u00e7e"}]},{"@type":"Person","@id":"https:\/\/www.visit-ulcinj.com\/blog\/#\/schema\/person\/dcab619c614d3038751c63bc2aadc06d","name":"ulqini","sameAs":["http:\/\/www.visit-ulcinj.com"],"url":"https:\/\/www.visit-ulcinj.com\/blog\/author\/admin\/"}]}},"jetpack_featured_media_url":"","jetpack_sharing_enabled":true,"jetpack_shortlink":"https:\/\/wp.me\/pe6lTn-6oX","_links":{"self":[{"href":"https:\/\/www.visit-ulcinj.com\/blog\/wp-json\/wp\/v2\/posts\/24611"}],"collection":[{"href":"https:\/\/www.visit-ulcinj.com\/blog\/wp-json\/wp\/v2\/posts"}],"about":[{"href":"https:\/\/www.visit-ulcinj.com\/blog\/wp-json\/wp\/v2\/types\/post"}],"author":[{"embeddable":true,"href":"https:\/\/www.visit-ulcinj.com\/blog\/wp-json\/wp\/v2\/users\/1"}],"replies":[{"embeddable":true,"href":"https:\/\/www.visit-ulcinj.com\/blog\/wp-json\/wp\/v2\/comments?post=24611"}],"version-history":[{"count":0,"href":"https:\/\/www.visit-ulcinj.com\/blog\/wp-json\/wp\/v2\/posts\/24611\/revisions"}],"wp:attachment":[{"href":"https:\/\/www.visit-ulcinj.com\/blog\/wp-json\/wp\/v2\/media?parent=24611"}],"wp:term":[{"taxonomy":"category","embeddable":true,"href":"https:\/\/www.visit-ulcinj.com\/blog\/wp-json\/wp\/v2\/categories?post=24611"},{"taxonomy":"post_tag","embeddable":true,"href":"https:\/\/www.visit-ulcinj.com\/blog\/wp-json\/wp\/v2\/tags?post=24611"}],"curies":[{"name":"wp","href":"https:\/\/api.w.org\/{rel}","templated":true}]}}