{"id":24624,"date":"2009-08-16T11:49:46","date_gmt":"2009-08-16T09:49:46","guid":{"rendered":"http:\/\/www.visit-ulcinj.com\/blog\/?p=24624"},"modified":"2009-08-16T11:50:33","modified_gmt":"2009-08-16T09:50:33","slug":"jeta-faqolli-provokon-plazhistet-me-bikini-mbi-motor","status":"publish","type":"post","link":"https:\/\/www.visit-ulcinj.com\/blog\/2009\/08\/16\/jeta-faqolli-provokon-plazhistet-me-bikini-mbi-motor\/","title":{"rendered":"Jeta Faqolli provokon plazhist\u00ebt me bikini mbi motor"},"content":{"rendered":"<p><a href=\"http:\/\/www.visit-ulcinj.com\/blog\/wp-content\/uploads\/2009\/08\/Jeta-Faqolli.jpg\"><img loading=\"lazy\" class=\"alignleft size-full wp-image-24625\" title=\"Jeta Faqolli\" src=\"http:\/\/www.visit-ulcinj.com\/blog\/wp-content\/uploads\/2009\/08\/Jeta-Faqolli.jpg\" alt=\"Jeta Faqolli\" width=\"570\" height=\"631\" \/><\/a>K\u00ebng\u00ebtarja Jeta Faqolli ka vendosur q\u00eb p\u00ebr k\u00ebt\u00eb ver\u00eb aventurat mos t\u00eb ken\u00eb fund dhe k\u00ebshtu edhe performancat e saj provokuese n\u00eb bregdet. M\u00eb t\u00eb fundit jan\u00eb disa foto t\u00eb Jet\u00ebs, ku ajo shfaqet n\u00eb bregdet me rroba banje mbi nj\u00eb motor dhe n\u00eb skena shum\u00eb provokuese. Nj\u00eb stil \u201calla brazilian\u201d i rrobave t\u00eb banj\u00ebs nxjerr n\u00eb pah fund shpin\u00ebn e Faqollit m\u00eb shum\u00eb se kurr\u00eb dhe n\u00eb fakt k\u00ebto lloj provokimesh Jet\u00ebs duket se i p\u00eblqejn\u00eb. S\u00eb bashku me shoq\u00ebrin\u00eb e saj n\u00eb nj\u00eb nga plazhet e Ulqinit k\u00ebng\u00ebtarja nuk ka hezituar t\u00eb pozoj\u00eb p\u00ebr aparatet amator\u00eb. N\u00ebse je n\u00eb plazh dhe pozon mbi nj\u00eb motor uji kjo \u00ebsht\u00eb sportive, por n\u00ebse je me rroba plazhi dhe pozon mbi nj\u00eb motor tjet\u00ebr kjo nuk \u00ebsht\u00eb asgj\u00eb m\u00eb shum\u00eb sesa fantazi provokuese me t\u00eb cil\u00ebn Faqolli duket se ja ka arritur q\u00ebllimit t\u00eb t\u00ebrheq\u00eb v\u00ebmendje. Gjat\u00eb muajve t\u00eb stin\u00ebs s\u00eb nxeht\u00eb Jeta nuk erdistanc\u00eb, dhi me asnj\u00eb klip t\u00eb nxeht\u00eb veror si\u00e7 \u00ebsht\u00eb b\u00ebr\u00eb e mod\u00ebs p\u00ebr k\u00ebng\u00ebtaret e reja, por me nj\u00eb realizim ndryshe t\u00eb titulluar \u201cShko\u201d. Gjat\u00eb k\u00ebsaj kohe ajo \u00ebsht\u00eb angazhuar edhe me t\u00eb tjera aktivitete si\u00e7 \u00ebsht\u00eb \u201cMaratona 4\u201d, ku s\u00eb bashku me koleg\u00eb t\u00eb tjer\u00eb k\u00ebng\u00ebtar\u00eb kan\u00eb udh\u00ebtuar n\u00eb shum\u00eb qytete duke dh\u00ebn\u00eb koncerte.<br \/>\n<strong>Panorama Plus<\/strong><\/p>\n<p><strong>\n\t\t<style type=\"text\/css\">\n\t\t\t#gallery-1 {\n\t\t\t\tmargin: auto;\n\t\t\t}\n\t\t\t#gallery-1 .gallery-item {\n\t\t\t\tfloat: left;\n\t\t\t\tmargin-top: 10px;\n\t\t\t\ttext-align: center;\n\t\t\t\twidth: 33%;\n\t\t\t}\n\t\t\t#gallery-1 img {\n\t\t\t\tborder: 2px solid #cfcfcf;\n\t\t\t}\n\t\t\t#gallery-1 .gallery-caption {\n\t\t\t\tmargin-left: 0;\n\t\t\t}\n\t\t\t\/* see gallery_shortcode() in wp-includes\/media.php *\/\n\t\t<\/style>\n\t\t<div id='gallery-1' class='gallery galleryid-24624 gallery-columns-3 gallery-size-thumbnail'><dl class='gallery-item'>\n\t\t\t<dt class='gallery-icon portrait'>\n\t\t\t\t<a href='https:\/\/www.visit-ulcinj.com\/blog\/wp-content\/uploads\/2009\/08\/Jeta-Faqolli.jpg'><img width=\"150\" height=\"150\" src=\"https:\/\/www.visit-ulcinj.com\/blog\/wp-content\/uploads\/2009\/08\/Jeta-Faqolli-150x150.jpg\" class=\"attachment-thumbnail size-thumbnail\" alt=\"\" loading=\"lazy\" \/><\/a>\n\t\t\t<\/dt><\/dl><dl class='gallery-item'>\n\t\t\t<dt class='gallery-icon portrait'>\n\t\t\t\t<a href='https:\/\/www.visit-ulcinj.com\/blog\/wp-content\/uploads\/2009\/08\/Jeta-Faqolli.1.jpg'><img width=\"150\" height=\"150\" src=\"https:\/\/www.visit-ulcinj.com\/blog\/wp-content\/uploads\/2009\/08\/Jeta-Faqolli.1-150x150.jpg\" class=\"attachment-thumbnail size-thumbnail\" alt=\"\" loading=\"lazy\" \/><\/a>\n\t\t\t<\/dt><\/dl><dl class='gallery-item'>\n\t\t\t<dt class='gallery-icon portrait'>\n\t\t\t\t<a href='https:\/\/www.visit-ulcinj.com\/blog\/wp-content\/uploads\/2009\/08\/Jeta-Faqolli.2.jpg'><img width=\"150\" height=\"150\" src=\"https:\/\/www.visit-ulcinj.com\/blog\/wp-content\/uploads\/2009\/08\/Jeta-Faqolli.2-150x150.jpg\" class=\"attachment-thumbnail size-thumbnail\" alt=\"\" loading=\"lazy\" \/><\/a>\n\t\t\t<\/dt><\/dl><br style=\"clear: both\" \/><dl class='gallery-item'>\n\t\t\t<dt class='gallery-icon portrait'>\n\t\t\t\t<a href='https:\/\/www.visit-ulcinj.com\/blog\/wp-content\/uploads\/2009\/08\/Jeta-Faqolli.3.jpg'><img width=\"150\" height=\"150\" src=\"https:\/\/www.visit-ulcinj.com\/blog\/wp-content\/uploads\/2009\/08\/Jeta-Faqolli.3-150x150.jpg\" class=\"attachment-thumbnail size-thumbnail\" alt=\"\" loading=\"lazy\" \/><\/a>\n\t\t\t<\/dt><\/dl><dl class='gallery-item'>\n\t\t\t<dt class='gallery-icon portrait'>\n\t\t\t\t<a href='https:\/\/www.visit-ulcinj.com\/blog\/wp-content\/uploads\/2009\/08\/Jeta-Faqolli.4.jpg'><img width=\"150\" height=\"150\" src=\"https:\/\/www.visit-ulcinj.com\/blog\/wp-content\/uploads\/2009\/08\/Jeta-Faqolli.4-150x150.jpg\" class=\"attachment-thumbnail size-thumbnail\" alt=\"\" loading=\"lazy\" \/><\/a>\n\t\t\t<\/dt><\/dl><dl class='gallery-item'>\n\t\t\t<dt class='gallery-icon portrait'>\n\t\t\t\t<a href='https:\/\/www.visit-ulcinj.com\/blog\/wp-content\/uploads\/2009\/08\/Jeta-Faqolli.5.jpg'><img width=\"150\" height=\"150\" src=\"https:\/\/www.visit-ulcinj.com\/blog\/wp-content\/uploads\/2009\/08\/Jeta-Faqolli.5-150x150.jpg\" class=\"attachment-thumbnail size-thumbnail\" alt=\"\" loading=\"lazy\" \/><\/a>\n\t\t\t<\/dt><\/dl><br style=\"clear: both\" \/>\n\t\t<\/div>\n<br \/>\n<\/strong><\/p>\n<p><strong><!--YouTube Error: bad URL entered--><br \/>\n<\/strong><\/p>\n","protected":false},"excerpt":{"rendered":"<p>K\u00ebng\u00ebtarja Jeta Faqolli ka vendosur q\u00eb p\u00ebr k\u00ebt\u00eb ver\u00eb aventurat mos t\u00eb ken\u00eb fund dhe k\u00ebshtu edhe performancat e saj provokuese n\u00eb bregdet. M\u00eb t\u00eb fundit jan\u00eb disa foto t\u00eb Jet\u00ebs, ku ajo shfaqet n\u00eb bregdet me rroba banje mbi nj\u00eb motor dhe n\u00eb skena shum\u00eb provokuese. Nj\u00eb stil \u201calla brazilian\u201d i rrobave t\u00eb banj\u00ebs [&hellip;]<\/p>\n","protected":false},"author":1,"featured_media":0,"comment_status":"open","ping_status":"closed","sticky":false,"template":"","format":"standard","meta":{"spay_email":"","jetpack_publicize_message":"","jetpack_is_tweetstorm":false,"jetpack_publicize_feature_enabled":true},"categories":[1],"tags":[5894],"jetpack_publicize_connections":[],"yoast_head":"<!-- This site is optimized with the Yoast SEO plugin v19.1 - https:\/\/yoast.com\/wordpress\/plugins\/seo\/ -->\n<title>Jeta Faqolli provokon plazhist\u00ebt me bikini mbi motor - Lajme nga Ulqini<\/title>\n<meta name=\"description\" content=\"K\u00ebng\u00ebtarja Jeta Faqolli ka vendosur q\u00eb p\u00ebr k\u00ebt\u00eb ver\u00eb aventurat mos t\u00eb ken\u00eb fund dhe k\u00ebshtu edhe performancat e saj provokuese n\u00eb bregdet. M\u00eb t\u00eb fundit\" \/>\n<meta name=\"robots\" content=\"index, follow, max-snippet:-1, max-image-preview:large, max-video-preview:-1\" \/>\n<link rel=\"canonical\" href=\"https:\/\/www.visit-ulcinj.com\/blog\/2009\/08\/16\/jeta-faqolli-provokon-plazhistet-me-bikini-mbi-motor\/\" \/>\n<meta property=\"og:locale\" content=\"en_US\" \/>\n<meta property=\"og:type\" content=\"article\" \/>\n<meta property=\"og:title\" content=\"Jeta Faqolli provokon plazhist\u00ebt me bikini mbi motor - Lajme nga Ulqini\" \/>\n<meta property=\"og:description\" content=\"K\u00ebng\u00ebtarja Jeta Faqolli ka vendosur q\u00eb p\u00ebr k\u00ebt\u00eb ver\u00eb aventurat mos t\u00eb ken\u00eb fund dhe k\u00ebshtu edhe performancat e saj provokuese n\u00eb bregdet. M\u00eb t\u00eb fundit\" \/>\n<meta property=\"og:url\" content=\"https:\/\/www.visit-ulcinj.com\/blog\/2009\/08\/16\/jeta-faqolli-provokon-plazhistet-me-bikini-mbi-motor\/\" \/>\n<meta property=\"og:site_name\" content=\"Lajme nga Ulqini\" \/>\n<meta property=\"article:published_time\" content=\"2009-08-16T09:49:46+00:00\" \/>\n<meta property=\"article:modified_time\" content=\"2009-08-16T09:50:33+00:00\" \/>\n<meta property=\"og:image\" content=\"https:\/\/www.visit-ulcinj.com\/blog\/wp-content\/uploads\/2009\/08\/Jeta-Faqolli-150x150.jpg\" \/>\n<meta name=\"twitter:label1\" content=\"Written by\" \/>\n\t<meta name=\"twitter:data1\" content=\"ulqini\" \/>\n\t<meta name=\"twitter:label2\" content=\"Est. reading time\" \/>\n\t<meta name=\"twitter:data2\" content=\"1 minute\" \/>\n<script type=\"application\/ld+json\" class=\"yoast-schema-graph\">{\"@context\":\"https:\/\/schema.org\",\"@graph\":[{\"@type\":\"WebSite\",\"@id\":\"https:\/\/www.visit-ulcinj.com\/blog\/#website\",\"url\":\"https:\/\/www.visit-ulcinj.com\/blog\/\",\"name\":\"Lajme nga Ulqini\",\"description\":\"Lajme,Vijesti,Ulqini,Ulqin,Crna Gora,Mali i Zi\",\"potentialAction\":[{\"@type\":\"SearchAction\",\"target\":{\"@type\":\"EntryPoint\",\"urlTemplate\":\"https:\/\/www.visit-ulcinj.com\/blog\/?s={search_term_string}\"},\"query-input\":\"required name=search_term_string\"}],\"inLanguage\":\"en-US\"},{\"@type\":\"ImageObject\",\"inLanguage\":\"en-US\",\"@id\":\"https:\/\/www.visit-ulcinj.com\/blog\/2009\/08\/16\/jeta-faqolli-provokon-plazhistet-me-bikini-mbi-motor\/#primaryimage\",\"url\":\"https:\/\/www.visit-ulcinj.com\/blog\/wp-content\/uploads\/2009\/08\/Jeta-Faqolli.jpg\",\"contentUrl\":\"https:\/\/www.visit-ulcinj.com\/blog\/wp-content\/uploads\/2009\/08\/Jeta-Faqolli.jpg\",\"width\":\"476\",\"height\":\"631\"},{\"@type\":\"WebPage\",\"@id\":\"https:\/\/www.visit-ulcinj.com\/blog\/2009\/08\/16\/jeta-faqolli-provokon-plazhistet-me-bikini-mbi-motor\/#webpage\",\"url\":\"https:\/\/www.visit-ulcinj.com\/blog\/2009\/08\/16\/jeta-faqolli-provokon-plazhistet-me-bikini-mbi-motor\/\",\"name\":\"Jeta Faqolli provokon plazhist\u00ebt me bikini mbi motor - Lajme nga Ulqini\",\"isPartOf\":{\"@id\":\"https:\/\/www.visit-ulcinj.com\/blog\/#website\"},\"primaryImageOfPage\":{\"@id\":\"https:\/\/www.visit-ulcinj.com\/blog\/2009\/08\/16\/jeta-faqolli-provokon-plazhistet-me-bikini-mbi-motor\/#primaryimage\"},\"datePublished\":\"2009-08-16T09:49:46+00:00\",\"dateModified\":\"2009-08-16T09:50:33+00:00\",\"author\":{\"@id\":\"https:\/\/www.visit-ulcinj.com\/blog\/#\/schema\/person\/dcab619c614d3038751c63bc2aadc06d\"},\"description\":\"K\u00ebng\u00ebtarja Jeta Faqolli ka vendosur q\u00eb p\u00ebr k\u00ebt\u00eb ver\u00eb aventurat mos t\u00eb ken\u00eb fund dhe k\u00ebshtu edhe performancat e saj provokuese n\u00eb bregdet. M\u00eb t\u00eb fundit\",\"breadcrumb\":{\"@id\":\"https:\/\/www.visit-ulcinj.com\/blog\/2009\/08\/16\/jeta-faqolli-provokon-plazhistet-me-bikini-mbi-motor\/#breadcrumb\"},\"inLanguage\":\"en-US\",\"potentialAction\":[{\"@type\":\"ReadAction\",\"target\":[\"https:\/\/www.visit-ulcinj.com\/blog\/2009\/08\/16\/jeta-faqolli-provokon-plazhistet-me-bikini-mbi-motor\/\"]}]},{\"@type\":\"BreadcrumbList\",\"@id\":\"https:\/\/www.visit-ulcinj.com\/blog\/2009\/08\/16\/jeta-faqolli-provokon-plazhistet-me-bikini-mbi-motor\/#breadcrumb\",\"itemListElement\":[{\"@type\":\"ListItem\",\"position\":1,\"name\":\"Jeta Faqolli provokon plazhist\u00ebt me bikini mbi motor\"}]},{\"@type\":\"Person\",\"@id\":\"https:\/\/www.visit-ulcinj.com\/blog\/#\/schema\/person\/dcab619c614d3038751c63bc2aadc06d\",\"name\":\"ulqini\",\"sameAs\":[\"http:\/\/www.visit-ulcinj.com\"],\"url\":\"https:\/\/www.visit-ulcinj.com\/blog\/author\/admin\/\"}]}<\/script>\n<!-- \/ Yoast SEO plugin. -->","yoast_head_json":{"title":"Jeta Faqolli provokon plazhist\u00ebt me bikini mbi motor - Lajme nga Ulqini","description":"K\u00ebng\u00ebtarja Jeta Faqolli ka vendosur q\u00eb p\u00ebr k\u00ebt\u00eb ver\u00eb aventurat mos t\u00eb ken\u00eb fund dhe k\u00ebshtu edhe performancat e saj provokuese n\u00eb bregdet. M\u00eb t\u00eb fundit","robots":{"index":"index","follow":"follow","max-snippet":"max-snippet:-1","max-image-preview":"max-image-preview:large","max-video-preview":"max-video-preview:-1"},"canonical":"https:\/\/www.visit-ulcinj.com\/blog\/2009\/08\/16\/jeta-faqolli-provokon-plazhistet-me-bikini-mbi-motor\/","og_locale":"en_US","og_type":"article","og_title":"Jeta Faqolli provokon plazhist\u00ebt me bikini mbi motor - Lajme nga Ulqini","og_description":"K\u00ebng\u00ebtarja Jeta Faqolli ka vendosur q\u00eb p\u00ebr k\u00ebt\u00eb ver\u00eb aventurat mos t\u00eb ken\u00eb fund dhe k\u00ebshtu edhe performancat e saj provokuese n\u00eb bregdet. M\u00eb t\u00eb fundit","og_url":"https:\/\/www.visit-ulcinj.com\/blog\/2009\/08\/16\/jeta-faqolli-provokon-plazhistet-me-bikini-mbi-motor\/","og_site_name":"Lajme nga Ulqini","article_published_time":"2009-08-16T09:49:46+00:00","article_modified_time":"2009-08-16T09:50:33+00:00","og_image":[{"url":"https:\/\/www.visit-ulcinj.com\/blog\/wp-content\/uploads\/2009\/08\/Jeta-Faqolli-150x150.jpg"}],"twitter_misc":{"Written by":"ulqini","Est. reading time":"1 minute"},"schema":{"@context":"https:\/\/schema.org","@graph":[{"@type":"WebSite","@id":"https:\/\/www.visit-ulcinj.com\/blog\/#website","url":"https:\/\/www.visit-ulcinj.com\/blog\/","name":"Lajme nga Ulqini","description":"Lajme,Vijesti,Ulqini,Ulqin,Crna Gora,Mali i Zi","potentialAction":[{"@type":"SearchAction","target":{"@type":"EntryPoint","urlTemplate":"https:\/\/www.visit-ulcinj.com\/blog\/?s={search_term_string}"},"query-input":"required name=search_term_string"}],"inLanguage":"en-US"},{"@type":"ImageObject","inLanguage":"en-US","@id":"https:\/\/www.visit-ulcinj.com\/blog\/2009\/08\/16\/jeta-faqolli-provokon-plazhistet-me-bikini-mbi-motor\/#primaryimage","url":"https:\/\/www.visit-ulcinj.com\/blog\/wp-content\/uploads\/2009\/08\/Jeta-Faqolli.jpg","contentUrl":"https:\/\/www.visit-ulcinj.com\/blog\/wp-content\/uploads\/2009\/08\/Jeta-Faqolli.jpg","width":"476","height":"631"},{"@type":"WebPage","@id":"https:\/\/www.visit-ulcinj.com\/blog\/2009\/08\/16\/jeta-faqolli-provokon-plazhistet-me-bikini-mbi-motor\/#webpage","url":"https:\/\/www.visit-ulcinj.com\/blog\/2009\/08\/16\/jeta-faqolli-provokon-plazhistet-me-bikini-mbi-motor\/","name":"Jeta Faqolli provokon plazhist\u00ebt me bikini mbi motor - Lajme nga Ulqini","isPartOf":{"@id":"https:\/\/www.visit-ulcinj.com\/blog\/#website"},"primaryImageOfPage":{"@id":"https:\/\/www.visit-ulcinj.com\/blog\/2009\/08\/16\/jeta-faqolli-provokon-plazhistet-me-bikini-mbi-motor\/#primaryimage"},"datePublished":"2009-08-16T09:49:46+00:00","dateModified":"2009-08-16T09:50:33+00:00","author":{"@id":"https:\/\/www.visit-ulcinj.com\/blog\/#\/schema\/person\/dcab619c614d3038751c63bc2aadc06d"},"description":"K\u00ebng\u00ebtarja Jeta Faqolli ka vendosur q\u00eb p\u00ebr k\u00ebt\u00eb ver\u00eb aventurat mos t\u00eb ken\u00eb fund dhe k\u00ebshtu edhe performancat e saj provokuese n\u00eb bregdet. M\u00eb t\u00eb fundit","breadcrumb":{"@id":"https:\/\/www.visit-ulcinj.com\/blog\/2009\/08\/16\/jeta-faqolli-provokon-plazhistet-me-bikini-mbi-motor\/#breadcrumb"},"inLanguage":"en-US","potentialAction":[{"@type":"ReadAction","target":["https:\/\/www.visit-ulcinj.com\/blog\/2009\/08\/16\/jeta-faqolli-provokon-plazhistet-me-bikini-mbi-motor\/"]}]},{"@type":"BreadcrumbList","@id":"https:\/\/www.visit-ulcinj.com\/blog\/2009\/08\/16\/jeta-faqolli-provokon-plazhistet-me-bikini-mbi-motor\/#breadcrumb","itemListElement":[{"@type":"ListItem","position":1,"name":"Jeta Faqolli provokon plazhist\u00ebt me bikini mbi motor"}]},{"@type":"Person","@id":"https:\/\/www.visit-ulcinj.com\/blog\/#\/schema\/person\/dcab619c614d3038751c63bc2aadc06d","name":"ulqini","sameAs":["http:\/\/www.visit-ulcinj.com"],"url":"https:\/\/www.visit-ulcinj.com\/blog\/author\/admin\/"}]}},"jetpack_featured_media_url":"","jetpack_sharing_enabled":true,"jetpack_shortlink":"https:\/\/wp.me\/pe6lTn-6pa","_links":{"self":[{"href":"https:\/\/www.visit-ulcinj.com\/blog\/wp-json\/wp\/v2\/posts\/24624"}],"collection":[{"href":"https:\/\/www.visit-ulcinj.com\/blog\/wp-json\/wp\/v2\/posts"}],"about":[{"href":"https:\/\/www.visit-ulcinj.com\/blog\/wp-json\/wp\/v2\/types\/post"}],"author":[{"embeddable":true,"href":"https:\/\/www.visit-ulcinj.com\/blog\/wp-json\/wp\/v2\/users\/1"}],"replies":[{"embeddable":true,"href":"https:\/\/www.visit-ulcinj.com\/blog\/wp-json\/wp\/v2\/comments?post=24624"}],"version-history":[{"count":0,"href":"https:\/\/www.visit-ulcinj.com\/blog\/wp-json\/wp\/v2\/posts\/24624\/revisions"}],"wp:attachment":[{"href":"https:\/\/www.visit-ulcinj.com\/blog\/wp-json\/wp\/v2\/media?parent=24624"}],"wp:term":[{"taxonomy":"category","embeddable":true,"href":"https:\/\/www.visit-ulcinj.com\/blog\/wp-json\/wp\/v2\/categories?post=24624"},{"taxonomy":"post_tag","embeddable":true,"href":"https:\/\/www.visit-ulcinj.com\/blog\/wp-json\/wp\/v2\/tags?post=24624"}],"curies":[{"name":"wp","href":"https:\/\/api.w.org\/{rel}","templated":true}]}}