{"id":24648,"date":"2009-08-16T22:35:14","date_gmt":"2009-08-16T20:35:14","guid":{"rendered":"http:\/\/www.visit-ulcinj.com\/blog\/?p=24648"},"modified":"2009-08-16T22:35:14","modified_gmt":"2009-08-16T20:35:14","slug":"luftanijet-e-fuqive-te-medha-grumbullohen-ne-raguze","status":"publish","type":"post","link":"https:\/\/www.visit-ulcinj.com\/blog\/2009\/08\/16\/luftanijet-e-fuqive-te-medha-grumbullohen-ne-raguze\/","title":{"rendered":"Luftanijet e Fuqive t\u00eb M\u00ebdha grumbullohen n\u00eb Raguz\u00eb"},"content":{"rendered":"<p><strong><a href=\"http:\/\/www.visit-ulcinj.com\/blog\/wp-content\/uploads\/2009\/08\/Luftanijet-e-Fuqive-t\u00eb-M\u00ebdha-grumbullohen-n\u00eb-Raguz\u00eb.jpg\"><img loading=\"lazy\" class=\"alignleft size-full wp-image-24649\" title=\"Luftanijet e Fuqive t\u00eb M\u00ebdha grumbullohen n\u00eb Raguz\u00eb\" src=\"http:\/\/www.visit-ulcinj.com\/blog\/wp-content\/uploads\/2009\/08\/Luftanijet-e-Fuqive-t%C3%AB-M%C3%ABdha-grumbullohen-n%C3%AB-Raguz%C3%AB.jpg\" alt=\"Luftanijet e Fuqive t\u00eb M\u00ebdha grumbullohen n\u00eb Raguz\u00eb\" width=\"580\" height=\"400\" \/><\/a>ULQINI N\u00cb VITET E LIDHJES SHQIPTARE T\u00cb PRIZRENIT 1878-1881 (31)<\/strong><\/p>\n<p>Nga flota e bashkuar nd\u00ebrkomb\u00ebtare askush nuk kishte autorizime q\u00eb t\u00eb zhvillonte far\u00eb negociatash eventuale t\u00eb reja p\u00ebr caktimin e kufirit. P\u00ebrkundrazi, komandanti suprem i flot\u00ebs do t\u00eb duhej t\u00eb k\u00ebshillohej me komandant\u00ebt e tjer\u00eb p\u00ebr t\u00eb gjetur m\u00ebnyr\u00ebn m\u00eb t\u00eb p\u00ebrshtatshme t\u00eb zbatimit t\u00eb vendimeve t\u00eb Fuqive t\u00eb M\u00ebdha.<br \/>\nPo qe se autoritetet lokale do t\u00eb p\u00ebrgjigjeshin se nuk kan\u00eb urdh\u00ebr p\u00ebr ta dor\u00ebzuar krahin\u00ebn e Ulqinit, at\u00ebher\u00eb do t\u00eb duhej deklaruar se nj\u00eb p\u00ebrgjigje e till\u00eb nuk do t\u00eb mund t\u00eb pranohej dhe se n\u00eb rast se brenda tre dit\u00ebve nuk do t\u00eb merrej p\u00ebrgjigje tjet\u00ebr ose n\u00eb qoft\u00eb se ajo nuk do t\u00eb jet\u00eb e p\u00eblqyeshme, kjo do t\u00eb konsiderohet si refuzim. At\u00ebher\u00eb komandanti suprem do t\u00eb konsultohet me komandant\u00ebt e tjer\u00eb aleat\u00eb mbi m\u00ebnyrat m\u00eb t\u00eb mira t\u00eb cilat mund t\u00eb jen\u00eb t\u00eb pranueshme p\u00ebr zbatimin e k\u00ebrkesave t\u00eb paraqitura n\u00eb not\u00ebn e 3 gushtit 1880 dhe me k\u00ebt\u00eb q\u00ebndrim do t\u2019i informonin qeverit\u00eb e veta.<br \/>\nPas t\u00eb gjitha p\u00ebrgatitjeve, me p\u00eblqimin e t\u00eb gjith\u00eb komandant\u00ebve, do t\u00eb duhej t\u00eb ftoheshin organet turke n\u00eb pik\u00ebn m\u00eb t\u00eb af\u00ebrt q\u00eb t\u00eb bashkoheshin me Fuqit\u00eb e M\u00ebdha p\u00ebr ta ndihmuar princin e Malit t\u00eb Zi t\u00eb merrte n\u00eb zot\u00ebrim rajonin e Ulqinit. N\u00eb qoft\u00eb se autoritetet turke do t\u00eb p\u00ebrgjigjeshin se Porta e Lart\u00eb \u00ebsht\u00eb e gatshme p\u00ebr ta dor\u00ebzuar krahin\u00ebn e Ulqinit, por pengohet nga popullsia vend\u00ebse shqiptare, n\u00eb nj\u00eb rast t\u00eb till\u00eb do t\u00eb duhej t\u00eb ftoheshin n\u00eb nj\u00eb takim kryetar\u00ebt e fiseve shqiptare, n\u00eb m\u00ebnyr\u00eb q\u00eb t\u00eb prezentonin kushtet, t\u00eb cilat, sipas mendimit t\u00eb tyre, mund ta b\u00ebnin t\u00eb pranuesh\u00ebm dor\u00ebzimin.<br \/>\nNga flota e bashkuar nd\u00ebrkomb\u00ebtare askush nuk kishte autorizime q\u00eb t\u00eb zhvillonte far\u00eb negociatash eventuale t\u00eb reja p\u00ebr caktimin e kufirit. P\u00ebrkundrazi, komandanti suprem i flot\u00ebs do t\u00eb duhej t\u00eb k\u00ebshillohej me komandant\u00ebt e tjer\u00eb p\u00ebr t\u00eb gjetur m\u00ebnyr\u00ebn m\u00eb t\u00eb p\u00ebrshtatshme t\u00eb zbatimit t\u00eb vendimeve t\u00eb Fuqive t\u00eb M\u00ebdha.<br \/>\nM\u00eb n\u00eb fund, Fuqit\u00eb e M\u00ebdha, t\u00eb vendosura p\u00ebr ta zgjidhur p\u00ebrfundimisht \u00e7\u00ebshtjen e Ulqinit n\u00eb favor t\u00eb Malit t\u00eb Zi, u dhan\u00eb urdh\u00ebr luftanijeve t\u00eb tyre t\u00eb grumbulloheshin n\u00eb Raguz\u00eb. Duke filluar nga 30 gushti dhe fillimi i shtatorit 1880, luftanijet e Fuqive t\u00eb M\u00ebdha u bashkuan n\u00eb Raguz\u00eb, n\u00eb limanin e Gruzh\u00ebs, i cili qe caktuar si vend tubimi. N\u00eb Gruzh\u00eb kishin d\u00ebrguar luftanije k\u00ebto shtete:<br \/>\nRusia \u2013 \u201cSv. Ana\u201d, 3202 tonash, 18 topa, 450W; \u201cAskold\u201d, 2402 tonash, 14 topa, 360W; \u201cElborus\u201d, 764 tonash, 2 topa, 260W.<br \/>\nAustria \u2013 \u201cCustozza\u201d, 800 tonash, 8 topa, 5000W; \u201cPrinc Eugen\u201d, 3550 tonash, 8 topa, 3000W.<br \/>\nGjermania \u2013 \u201cVictoria\u201d, 1796 tona, 10 topa, 1300W.<br \/>\nFranca \u2013 \u201cFriedland\u201d, 8323 tonash, 8 topa, 3800W; \u201cSuffrein\u201d, 7600 tona, 16 topa, 4181W; \u201cHirondell\u201d, 10030 tona, 2 topa, 1780W.<br \/>\nAnglia \u2013 \u201cAlexandra\u201d, 9492 tona, 12 topa, 8650W; \u201cTemeraire\u201d, 8412 tonash, 20 topa, 7700W; \u201cMonarch\u201d, 8322 tonash, 4 topa, 7842W.<br \/>\nItalia \u2013 \u201cPalestro, 5780 tonash, 1 top, 3500W; \u201cVenecia\u201d, 5700 tonash, 8 topa, 4000W; \u201cVedeta\u201d, 790 tona, 4 topa, 200W.<br \/>\nN\u00eb krye t\u00eb flot\u00ebs s\u00eb kombinuar detare si komandant qe caktuar admirali anglez Boshun Seimur. M\u00eb 5 shtator 1880 Seimuri arriti n\u00eb Raguz\u00eb, nd\u00ebrsa m\u00eb 8 shtator e ka marr\u00eb komandimin mbi t\u00ebr\u00eb flot\u00ebn e bashkuar nd\u00ebrkomb\u00ebtare.<br \/>\nLidhur me situat\u00ebn e krijuar, gazeta \u201cGlas Crnogorca\u201d e 30 gushtit 1880 shkruante: \u201cUlqini u b\u00eb qend\u00ebr e v\u00ebmendjes n\u00eb t\u00eb cilin e ka drejtuar shikimin t\u00ebr\u00eb bota politike. Fuqit\u00eb e M\u00ebdha i d\u00ebrguan luftanijet. Ndjehet frika nga d\u00ebrgimi i flot\u00ebs s\u00eb bashkuar nd\u00ebrkomb\u00ebtare, sidomos te shqiptar\u00ebt, gj\u00eb q\u00eb \u00ebsht\u00eb krejt normale, sepse turqit s\u2019kan\u00eb \u00e7\u2019t\u00eb humbin nga angazhimi eventual i flot\u00ebs, nd\u00ebrsa shqiptar\u00ebt humbin shum\u00eb\u201d.<br \/>\nM\u00eb 31 gusht 1880 u tubua ushtria malazeze n\u00eb Cetin\u00eb, u organizua dhe u nis p\u00ebr n\u00eb Sutorman. Asaj iu bashkuan edhe brigadat e vojvod\u00eb Llazar So\u00e7ic\u00ebs dhe vojvod\u00eb Masho Gjuroviqit. Komandant\u00eb u caktuan vojvod\u00ebt Bozho Petroviq dhe Petar Vukotiq.<br \/>\nM\u00eb 1 shtator 1880, Fuqit\u00eb e M\u00ebdha ran\u00eb dakord p\u00ebr ta v\u00ebn\u00eb n\u00eb jet\u00eb demonstrat\u00ebn e flot\u00ebs s\u00eb bashkuar nd\u00ebrkomb\u00ebtare.<\/p>\n<p><strong>Mr. Riza Rexha<br \/>\nKoha Javore<\/strong><\/p>\n<p><strong><!--YouTube Error: bad URL entered--><br \/>\n<\/strong><\/p>\n","protected":false},"excerpt":{"rendered":"<p>ULQINI N\u00cb VITET E LIDHJES SHQIPTARE T\u00cb PRIZRENIT 1878-1881 (31) Nga flota e bashkuar nd\u00ebrkomb\u00ebtare askush nuk kishte autorizime q\u00eb t\u00eb zhvillonte far\u00eb negociatash eventuale t\u00eb reja p\u00ebr caktimin e kufirit. P\u00ebrkundrazi, komandanti suprem i flot\u00ebs do t\u00eb duhej t\u00eb k\u00ebshillohej me komandant\u00ebt e tjer\u00eb p\u00ebr t\u00eb gjetur m\u00ebnyr\u00ebn m\u00eb t\u00eb p\u00ebrshtatshme t\u00eb zbatimit t\u00eb [&hellip;]<\/p>\n","protected":false},"author":1,"featured_media":0,"comment_status":"open","ping_status":"closed","sticky":false,"template":"","format":"standard","meta":{"spay_email":"","jetpack_publicize_message":"","jetpack_is_tweetstorm":false,"jetpack_publicize_feature_enabled":true},"categories":[11],"tags":[12225,12226,12227],"jetpack_publicize_connections":[],"yoast_head":"<!-- This site is optimized with the Yoast SEO plugin v19.1 - https:\/\/yoast.com\/wordpress\/plugins\/seo\/ -->\n<title>Luftanijet e Fuqive t\u00eb M\u00ebdha grumbullohen n\u00eb Raguz\u00eb - Lajme nga Ulqini<\/title>\n<meta name=\"description\" content=\"ULQINI N\u00cb VITET E LIDHJES SHQIPTARE T\u00cb PRIZRENIT 1878-1881 (31) Nga flota e bashkuar nd\u00ebrkomb\u00ebtare askush nuk kishte autorizime q\u00eb t\u00eb zhvillonte far\u00eb\" \/>\n<meta name=\"robots\" content=\"index, follow, max-snippet:-1, max-image-preview:large, max-video-preview:-1\" \/>\n<link rel=\"canonical\" href=\"https:\/\/www.visit-ulcinj.com\/blog\/2009\/08\/16\/luftanijet-e-fuqive-te-medha-grumbullohen-ne-raguze\/\" \/>\n<meta property=\"og:locale\" content=\"en_US\" \/>\n<meta property=\"og:type\" content=\"article\" \/>\n<meta property=\"og:title\" content=\"Luftanijet e Fuqive t\u00eb M\u00ebdha grumbullohen n\u00eb Raguz\u00eb - Lajme nga Ulqini\" \/>\n<meta property=\"og:description\" content=\"ULQINI N\u00cb VITET E LIDHJES SHQIPTARE T\u00cb PRIZRENIT 1878-1881 (31) Nga flota e bashkuar nd\u00ebrkomb\u00ebtare askush nuk kishte autorizime q\u00eb t\u00eb zhvillonte far\u00eb\" \/>\n<meta property=\"og:url\" content=\"https:\/\/www.visit-ulcinj.com\/blog\/2009\/08\/16\/luftanijet-e-fuqive-te-medha-grumbullohen-ne-raguze\/\" \/>\n<meta property=\"og:site_name\" content=\"Lajme nga Ulqini\" \/>\n<meta property=\"article:published_time\" content=\"2009-08-16T20:35:14+00:00\" \/>\n<meta property=\"og:image\" content=\"http:\/\/www.visit-ulcinj.com\/blog\/wp-content\/uploads\/2009\/08\/Luftanijet-e-Fuqive-t%C3%AB-M%C3%ABdha-grumbullohen-n%C3%AB-Raguz%C3%AB.jpg\" \/>\n<meta name=\"twitter:label1\" content=\"Written by\" \/>\n\t<meta name=\"twitter:data1\" content=\"ulqini\" \/>\n\t<meta name=\"twitter:label2\" content=\"Est. reading time\" \/>\n\t<meta name=\"twitter:data2\" content=\"4 minutes\" \/>\n<script type=\"application\/ld+json\" class=\"yoast-schema-graph\">{\"@context\":\"https:\/\/schema.org\",\"@graph\":[{\"@type\":\"WebSite\",\"@id\":\"https:\/\/www.visit-ulcinj.com\/blog\/#website\",\"url\":\"https:\/\/www.visit-ulcinj.com\/blog\/\",\"name\":\"Lajme nga Ulqini\",\"description\":\"Lajme,Vijesti,Ulqini,Ulqin,Crna Gora,Mali i Zi\",\"potentialAction\":[{\"@type\":\"SearchAction\",\"target\":{\"@type\":\"EntryPoint\",\"urlTemplate\":\"https:\/\/www.visit-ulcinj.com\/blog\/?s={search_term_string}\"},\"query-input\":\"required name=search_term_string\"}],\"inLanguage\":\"en-US\"},{\"@type\":\"ImageObject\",\"inLanguage\":\"en-US\",\"@id\":\"https:\/\/www.visit-ulcinj.com\/blog\/2009\/08\/16\/luftanijet-e-fuqive-te-medha-grumbullohen-ne-raguze\/#primaryimage\",\"url\":\"http:\/\/www.visit-ulcinj.com\/blog\/wp-content\/uploads\/2009\/08\/Luftanijet-e-Fuqive-t%C3%AB-M%C3%ABdha-grumbullohen-n%C3%AB-Raguz%C3%AB.jpg\",\"contentUrl\":\"http:\/\/www.visit-ulcinj.com\/blog\/wp-content\/uploads\/2009\/08\/Luftanijet-e-Fuqive-t%C3%AB-M%C3%ABdha-grumbullohen-n%C3%AB-Raguz%C3%AB.jpg\"},{\"@type\":\"WebPage\",\"@id\":\"https:\/\/www.visit-ulcinj.com\/blog\/2009\/08\/16\/luftanijet-e-fuqive-te-medha-grumbullohen-ne-raguze\/#webpage\",\"url\":\"https:\/\/www.visit-ulcinj.com\/blog\/2009\/08\/16\/luftanijet-e-fuqive-te-medha-grumbullohen-ne-raguze\/\",\"name\":\"Luftanijet e Fuqive t\u00eb M\u00ebdha grumbullohen n\u00eb Raguz\u00eb - Lajme nga Ulqini\",\"isPartOf\":{\"@id\":\"https:\/\/www.visit-ulcinj.com\/blog\/#website\"},\"primaryImageOfPage\":{\"@id\":\"https:\/\/www.visit-ulcinj.com\/blog\/2009\/08\/16\/luftanijet-e-fuqive-te-medha-grumbullohen-ne-raguze\/#primaryimage\"},\"datePublished\":\"2009-08-16T20:35:14+00:00\",\"dateModified\":\"2009-08-16T20:35:14+00:00\",\"author\":{\"@id\":\"https:\/\/www.visit-ulcinj.com\/blog\/#\/schema\/person\/dcab619c614d3038751c63bc2aadc06d\"},\"description\":\"ULQINI N\u00cb VITET E LIDHJES SHQIPTARE T\u00cb PRIZRENIT 1878-1881 (31) Nga flota e bashkuar nd\u00ebrkomb\u00ebtare askush nuk kishte autorizime q\u00eb t\u00eb zhvillonte far\u00eb\",\"breadcrumb\":{\"@id\":\"https:\/\/www.visit-ulcinj.com\/blog\/2009\/08\/16\/luftanijet-e-fuqive-te-medha-grumbullohen-ne-raguze\/#breadcrumb\"},\"inLanguage\":\"en-US\",\"potentialAction\":[{\"@type\":\"ReadAction\",\"target\":[\"https:\/\/www.visit-ulcinj.com\/blog\/2009\/08\/16\/luftanijet-e-fuqive-te-medha-grumbullohen-ne-raguze\/\"]}]},{\"@type\":\"BreadcrumbList\",\"@id\":\"https:\/\/www.visit-ulcinj.com\/blog\/2009\/08\/16\/luftanijet-e-fuqive-te-medha-grumbullohen-ne-raguze\/#breadcrumb\",\"itemListElement\":[{\"@type\":\"ListItem\",\"position\":1,\"name\":\"Luftanijet e Fuqive t\u00eb M\u00ebdha grumbullohen n\u00eb Raguz\u00eb\"}]},{\"@type\":\"Person\",\"@id\":\"https:\/\/www.visit-ulcinj.com\/blog\/#\/schema\/person\/dcab619c614d3038751c63bc2aadc06d\",\"name\":\"ulqini\",\"sameAs\":[\"http:\/\/www.visit-ulcinj.com\"],\"url\":\"https:\/\/www.visit-ulcinj.com\/blog\/author\/admin\/\"}]}<\/script>\n<!-- \/ Yoast SEO plugin. -->","yoast_head_json":{"title":"Luftanijet e Fuqive t\u00eb M\u00ebdha grumbullohen n\u00eb Raguz\u00eb - Lajme nga Ulqini","description":"ULQINI N\u00cb VITET E LIDHJES SHQIPTARE T\u00cb PRIZRENIT 1878-1881 (31) Nga flota e bashkuar nd\u00ebrkomb\u00ebtare askush nuk kishte autorizime q\u00eb t\u00eb zhvillonte far\u00eb","robots":{"index":"index","follow":"follow","max-snippet":"max-snippet:-1","max-image-preview":"max-image-preview:large","max-video-preview":"max-video-preview:-1"},"canonical":"https:\/\/www.visit-ulcinj.com\/blog\/2009\/08\/16\/luftanijet-e-fuqive-te-medha-grumbullohen-ne-raguze\/","og_locale":"en_US","og_type":"article","og_title":"Luftanijet e Fuqive t\u00eb M\u00ebdha grumbullohen n\u00eb Raguz\u00eb - Lajme nga Ulqini","og_description":"ULQINI N\u00cb VITET E LIDHJES SHQIPTARE T\u00cb PRIZRENIT 1878-1881 (31) Nga flota e bashkuar nd\u00ebrkomb\u00ebtare askush nuk kishte autorizime q\u00eb t\u00eb zhvillonte far\u00eb","og_url":"https:\/\/www.visit-ulcinj.com\/blog\/2009\/08\/16\/luftanijet-e-fuqive-te-medha-grumbullohen-ne-raguze\/","og_site_name":"Lajme nga Ulqini","article_published_time":"2009-08-16T20:35:14+00:00","og_image":[{"url":"http:\/\/www.visit-ulcinj.com\/blog\/wp-content\/uploads\/2009\/08\/Luftanijet-e-Fuqive-t%C3%AB-M%C3%ABdha-grumbullohen-n%C3%AB-Raguz%C3%AB.jpg"}],"twitter_misc":{"Written by":"ulqini","Est. reading time":"4 minutes"},"schema":{"@context":"https:\/\/schema.org","@graph":[{"@type":"WebSite","@id":"https:\/\/www.visit-ulcinj.com\/blog\/#website","url":"https:\/\/www.visit-ulcinj.com\/blog\/","name":"Lajme nga Ulqini","description":"Lajme,Vijesti,Ulqini,Ulqin,Crna Gora,Mali i Zi","potentialAction":[{"@type":"SearchAction","target":{"@type":"EntryPoint","urlTemplate":"https:\/\/www.visit-ulcinj.com\/blog\/?s={search_term_string}"},"query-input":"required name=search_term_string"}],"inLanguage":"en-US"},{"@type":"ImageObject","inLanguage":"en-US","@id":"https:\/\/www.visit-ulcinj.com\/blog\/2009\/08\/16\/luftanijet-e-fuqive-te-medha-grumbullohen-ne-raguze\/#primaryimage","url":"http:\/\/www.visit-ulcinj.com\/blog\/wp-content\/uploads\/2009\/08\/Luftanijet-e-Fuqive-t%C3%AB-M%C3%ABdha-grumbullohen-n%C3%AB-Raguz%C3%AB.jpg","contentUrl":"http:\/\/www.visit-ulcinj.com\/blog\/wp-content\/uploads\/2009\/08\/Luftanijet-e-Fuqive-t%C3%AB-M%C3%ABdha-grumbullohen-n%C3%AB-Raguz%C3%AB.jpg"},{"@type":"WebPage","@id":"https:\/\/www.visit-ulcinj.com\/blog\/2009\/08\/16\/luftanijet-e-fuqive-te-medha-grumbullohen-ne-raguze\/#webpage","url":"https:\/\/www.visit-ulcinj.com\/blog\/2009\/08\/16\/luftanijet-e-fuqive-te-medha-grumbullohen-ne-raguze\/","name":"Luftanijet e Fuqive t\u00eb M\u00ebdha grumbullohen n\u00eb Raguz\u00eb - Lajme nga Ulqini","isPartOf":{"@id":"https:\/\/www.visit-ulcinj.com\/blog\/#website"},"primaryImageOfPage":{"@id":"https:\/\/www.visit-ulcinj.com\/blog\/2009\/08\/16\/luftanijet-e-fuqive-te-medha-grumbullohen-ne-raguze\/#primaryimage"},"datePublished":"2009-08-16T20:35:14+00:00","dateModified":"2009-08-16T20:35:14+00:00","author":{"@id":"https:\/\/www.visit-ulcinj.com\/blog\/#\/schema\/person\/dcab619c614d3038751c63bc2aadc06d"},"description":"ULQINI N\u00cb VITET E LIDHJES SHQIPTARE T\u00cb PRIZRENIT 1878-1881 (31) Nga flota e bashkuar nd\u00ebrkomb\u00ebtare askush nuk kishte autorizime q\u00eb t\u00eb zhvillonte far\u00eb","breadcrumb":{"@id":"https:\/\/www.visit-ulcinj.com\/blog\/2009\/08\/16\/luftanijet-e-fuqive-te-medha-grumbullohen-ne-raguze\/#breadcrumb"},"inLanguage":"en-US","potentialAction":[{"@type":"ReadAction","target":["https:\/\/www.visit-ulcinj.com\/blog\/2009\/08\/16\/luftanijet-e-fuqive-te-medha-grumbullohen-ne-raguze\/"]}]},{"@type":"BreadcrumbList","@id":"https:\/\/www.visit-ulcinj.com\/blog\/2009\/08\/16\/luftanijet-e-fuqive-te-medha-grumbullohen-ne-raguze\/#breadcrumb","itemListElement":[{"@type":"ListItem","position":1,"name":"Luftanijet e Fuqive t\u00eb M\u00ebdha grumbullohen n\u00eb Raguz\u00eb"}]},{"@type":"Person","@id":"https:\/\/www.visit-ulcinj.com\/blog\/#\/schema\/person\/dcab619c614d3038751c63bc2aadc06d","name":"ulqini","sameAs":["http:\/\/www.visit-ulcinj.com"],"url":"https:\/\/www.visit-ulcinj.com\/blog\/author\/admin\/"}]}},"jetpack_featured_media_url":"","jetpack_sharing_enabled":true,"jetpack_shortlink":"https:\/\/wp.me\/pe6lTn-6py","_links":{"self":[{"href":"https:\/\/www.visit-ulcinj.com\/blog\/wp-json\/wp\/v2\/posts\/24648"}],"collection":[{"href":"https:\/\/www.visit-ulcinj.com\/blog\/wp-json\/wp\/v2\/posts"}],"about":[{"href":"https:\/\/www.visit-ulcinj.com\/blog\/wp-json\/wp\/v2\/types\/post"}],"author":[{"embeddable":true,"href":"https:\/\/www.visit-ulcinj.com\/blog\/wp-json\/wp\/v2\/users\/1"}],"replies":[{"embeddable":true,"href":"https:\/\/www.visit-ulcinj.com\/blog\/wp-json\/wp\/v2\/comments?post=24648"}],"version-history":[{"count":0,"href":"https:\/\/www.visit-ulcinj.com\/blog\/wp-json\/wp\/v2\/posts\/24648\/revisions"}],"wp:attachment":[{"href":"https:\/\/www.visit-ulcinj.com\/blog\/wp-json\/wp\/v2\/media?parent=24648"}],"wp:term":[{"taxonomy":"category","embeddable":true,"href":"https:\/\/www.visit-ulcinj.com\/blog\/wp-json\/wp\/v2\/categories?post=24648"},{"taxonomy":"post_tag","embeddable":true,"href":"https:\/\/www.visit-ulcinj.com\/blog\/wp-json\/wp\/v2\/tags?post=24648"}],"curies":[{"name":"wp","href":"https:\/\/api.w.org\/{rel}","templated":true}]}}