{"id":24652,"date":"2009-08-17T16:23:39","date_gmt":"2009-08-17T14:23:39","guid":{"rendered":"http:\/\/www.visit-ulcinj.com\/blog\/?p=24652"},"modified":"2009-08-17T16:31:59","modified_gmt":"2009-08-17T14:31:59","slug":"ne-tetor-pritet-te-filloje-ndertimi-i-ures-se-port-milenes","status":"publish","type":"post","link":"https:\/\/www.visit-ulcinj.com\/blog\/2009\/08\/17\/ne-tetor-pritet-te-filloje-ndertimi-i-ures-se-port-milenes\/","title":{"rendered":"N\u00eb tetor pritet t\u00eb filloj\u00eb nd\u00ebrtimi i Ur\u00ebs s\u00eb Port Milen\u00ebs"},"content":{"rendered":"<p><strong><a href=\"http:\/\/www.visit-ulcinj.com\/blog\/wp-content\/uploads\/2009\/08\/ndertimi-i-Ures-s\u00eb-Port-Milenes.jpg\"><img loading=\"lazy\" class=\"alignleft size-full wp-image-24653\" title=\"ndertimi i Ures s\u00eb Port Milenes\" src=\"http:\/\/www.visit-ulcinj.com\/blog\/wp-content\/uploads\/2009\/08\/ndertimi-i-Ures-s\u00eb-Port-Milenes.jpg\" alt=\"ndertimi i Ures s\u00eb Port Milenes\" width=\"580\" height=\"400\" \/><\/a><\/strong><br \/>\n<strong>Prezantohet projekti i ur\u00ebs s\u00eb Port Milen\u00ebs<\/strong><br \/>\nUlqin \u2013 Punimet p\u00ebr nd\u00ebrtimin e Ur\u00ebs s\u00eb Port Milen\u00ebs pritet t\u00eb fillojn\u00eb n\u00eb muajin tetor, ka paralajm\u00ebruar Dushko Kokiq, k\u00ebshilltar i pavarur pran\u00eb Drejtoris\u00eb s\u00eb Komunikacionit, n\u00eb prezantimin e k\u00ebtij projekti t\u00eb mart\u00ebn n\u00eb Ulqin.<br \/>\nAi ka th\u00ebn\u00eb se deri m\u00eb 15 shtator pritet t\u00eb hapet tenderi p\u00ebr marrjen e ofertave p\u00ebr zgjedhjen e firm\u00ebs q\u00eb do t\u00eb kryej\u00eb punimet, dhe pas 30-45 dit\u00ebsh sa do t\u00eb zgjas\u00eb procedura e tenderimit dhe zgjedhjes s\u00eb zbatuesit t\u00eb punimeve, deri n\u00eb fund t\u00eb muajit tetor mund t\u00eb fillojn\u00eb punimet.<br \/>\nNd\u00ebrtimi i ur\u00ebs parashikohet t\u00eb kushtoj\u00eb 16-18 milion\u00eb euro dhe parat\u00eb p\u00ebr nd\u00ebrtimin e saj jan\u00eb siguruar.<br \/>\n\u201cNj\u00eb pjes\u00eb e parave jan\u00eb siguruar nga Qeveria e Malit t\u00eb Zi, kurse pjesa tjet\u00ebr p\u00ebrmes kredis\u00eb nga Banka Evropiane p\u00ebr Investime\u201d, ka sqaruar Kokiq.<br \/>\nN\u00eb baz\u00eb t\u00eb projektit, Ura e Port Milen\u00ebs parashikohet t\u00eb jet\u00eb e gjat\u00eb 600 metra, nga t\u00eb cilat 330 metra \u00ebsht\u00eb vet\u00ebm ura, si dhe 50 metra pjesa e hapur e ur\u00ebs q\u00eb lejon kalimin e mjeteve lundruese.<br \/>\nKryetari i Komun\u00ebs s\u00eb Ulqinit, G\u00ebzim Hajdinaga, ka th\u00ebn\u00eb se pik\u00ebrisht ndryshimi i projektit me q\u00ebllim p\u00ebrmir\u00ebsimin e tij ka qen\u00eb arsyeja kryesore p\u00ebr shtyrjen e fillimit t\u00eb punimeve p\u00ebr nd\u00ebrtimin e ur\u00ebs.<br \/>\n\u201cVlera e investimit \u00ebsht\u00eb pes\u00eb her\u00eb m\u00eb e lart\u00eb sesa q\u00eb \u00ebsht\u00eb parashikuar me projektin q\u00eb ne kemi gjetur kur kemi ardhur n\u00eb pushtet. Po ashtu, lart\u00ebsia e ur\u00ebs nga 2.5 metra sa ka qen\u00eb e parashikuar me projektin e m\u00ebparsh\u00ebm \u00ebsht\u00eb rritur n\u00eb shtat\u00eb metra\u201d, ka th\u00ebn\u00eb ai.<br \/>\nHajdinaga ka shpjeguar se nd\u00ebrtimi i Ur\u00ebs s\u00eb Port Milen\u00ebs ka hyr\u00eb nd\u00ebr kat\u00ebr projektet kapitale me prioritet t\u00eb Qeveris\u00eb s\u00eb Malit t\u00eb Zi.<br \/>\nAi ka th\u00ebn\u00eb se e g\u00ebzon fakti q\u00eb me nd\u00ebrtimin e Ur\u00ebs do t\u00eb valorizohet kjo zon\u00eb dhe se Port Milena edhe pas nd\u00ebrtimit t\u00eb ur\u00ebs do t\u00eb jet\u00eb e lundrueshme.<br \/>\nProjekti p\u00ebr nd\u00ebrtimin e Ur\u00ebs s\u00eb Port Milen\u00ebs \u00ebsht\u00eb punuar nga Sht\u00ebpia Projektuese DB \u201cInxhinjering\u201d nga Beogradi.<br \/>\nP\u00ebrfaq\u00ebsuesi i k\u00ebsaj sht\u00ebpie, inxhinieri Dushko Bobera, i cili ka b\u00ebr\u00eb prezantimin e projektit, ka sqaruar se ura nuk \u00ebsht\u00eb shikuar si vep\u00ebr e ve\u00e7ant\u00eb, por si pjes\u00eb p\u00ebrb\u00ebr\u00ebse e zgjidhjes s\u00eb ardhshme t\u00eb t\u00ebr\u00eb kompleksit.<br \/>\nAi ka theksuar se ura do t\u00eb jet\u00eb e p\u00ebrb\u00ebr\u00eb nga dy pjes\u00eb, do t\u00eb ket\u00eb kat\u00ebr korsi p\u00ebr makina, nga dy n\u00eb secilin drejtim me gjer\u00ebsi nga 3.5 metra, si dhe trotuare p\u00ebr k\u00ebmb\u00ebsor\u00eb n\u00eb t\u00eb dy an\u00ebt me gjer\u00ebsi nga dy metra.<br \/>\nSipas tij, p\u00ebrkund\u00ebr faktit se ura e re do t\u00eb jet\u00eb e hapur, problem p\u00ebr lundrim paraqet ekzistenca e ur\u00ebs s\u00eb vjet\u00ebr si dhe fakti se thell\u00ebsia e Port Milen\u00ebs \u00ebsht\u00eb vet\u00ebm 1.20-1.30 metra, e q\u00eb sipas tij p\u00ebr t\u00eb qen\u00eb i lundruesh\u00ebm duhet q\u00eb kanali t\u00eb thellohet.<br \/>\nHartimi i projektit t\u00eb Ur\u00ebs s\u00eb Port Milen\u00ebs \u00ebsht\u00eb financuar nga Drejtoria e Komunikacionit, nd\u00ebrsa nd\u00ebrtimi i saj do t\u00eb financohet nga Qeveria e Malit t\u00eb Zi.<\/p>\n<p><strong>I.Kallaba<br \/>\nKoha Javore<\/strong><\/p>\n<p><strong>\n\t\t<style type=\"text\/css\">\n\t\t\t#gallery-1 {\n\t\t\t\tmargin: auto;\n\t\t\t}\n\t\t\t#gallery-1 .gallery-item {\n\t\t\t\tfloat: left;\n\t\t\t\tmargin-top: 10px;\n\t\t\t\ttext-align: center;\n\t\t\t\twidth: 33%;\n\t\t\t}\n\t\t\t#gallery-1 img {\n\t\t\t\tborder: 2px solid #cfcfcf;\n\t\t\t}\n\t\t\t#gallery-1 .gallery-caption {\n\t\t\t\tmargin-left: 0;\n\t\t\t}\n\t\t\t\/* see gallery_shortcode() in wp-includes\/media.php *\/\n\t\t<\/style>\n\t\t<div id='gallery-1' class='gallery galleryid-24652 gallery-columns-3 gallery-size-thumbnail'><dl class='gallery-item'>\n\t\t\t<dt class='gallery-icon '>\n\t\t\t\t<a href='https:\/\/www.visit-ulcinj.com\/blog\/wp-content\/uploads\/2009\/08\/ndertimi-i-Ures-s\u00c3\u00ab-Port-Milenes.jpg'><img width=\"1\" height=\"1\" src=\"https:\/\/www.visit-ulcinj.com\/blog\/wp-content\/uploads\/2009\/08\/ndertimi-i-Ures-s\u00c3\u00ab-Port-Milenes.jpg\" class=\"attachment-thumbnail size-thumbnail\" alt=\"\" loading=\"lazy\" \/><\/a>\n\t\t\t<\/dt><\/dl><dl class='gallery-item'>\n\t\t\t<dt class='gallery-icon '>\n\t\t\t\t<a href='https:\/\/www.visit-ulcinj.com\/blog\/wp-content\/uploads\/2009\/08\/ndertimi-i-Ures-s\u00c3\u00ab-Port-Milenes.1.jpg'><img width=\"1\" height=\"1\" src=\"https:\/\/www.visit-ulcinj.com\/blog\/wp-content\/uploads\/2009\/08\/ndertimi-i-Ures-s\u00c3\u00ab-Port-Milenes.1.jpg\" class=\"attachment-thumbnail size-thumbnail\" alt=\"\" loading=\"lazy\" \/><\/a>\n\t\t\t<\/dt><\/dl><dl class='gallery-item'>\n\t\t\t<dt class='gallery-icon '>\n\t\t\t\t<a href='https:\/\/www.visit-ulcinj.com\/blog\/wp-content\/uploads\/2009\/08\/ndertimi-i-Ures-s\u00c3\u00ab-Port-Milenes.2.jpg'><img width=\"1\" height=\"1\" src=\"https:\/\/www.visit-ulcinj.com\/blog\/wp-content\/uploads\/2009\/08\/ndertimi-i-Ures-s\u00c3\u00ab-Port-Milenes.2.jpg\" class=\"attachment-thumbnail size-thumbnail\" alt=\"\" loading=\"lazy\" \/><\/a>\n\t\t\t<\/dt><\/dl><br style=\"clear: both\" \/>\n\t\t<\/div>\n<\/p>\n<p><\/strong><\/p>\n<p><strong> <\/strong><\/p>\n<p><strong> <\/strong><\/p>\n<p><strong> <\/strong><\/p>\n<p><strong> <\/strong><\/p>\n<p><strong><!--YouTube Error: bad URL entered--><br \/>\n<\/strong><\/p>\n","protected":false},"excerpt":{"rendered":"<p>Prezantohet projekti i ur\u00ebs s\u00eb Port Milen\u00ebs Ulqin \u2013 Punimet p\u00ebr nd\u00ebrtimin e Ur\u00ebs s\u00eb Port Milen\u00ebs pritet t\u00eb fillojn\u00eb n\u00eb muajin tetor, ka paralajm\u00ebruar Dushko Kokiq, k\u00ebshilltar i pavarur pran\u00eb Drejtoris\u00eb s\u00eb Komunikacionit, n\u00eb prezantimin e k\u00ebtij projekti t\u00eb mart\u00ebn n\u00eb Ulqin. Ai ka th\u00ebn\u00eb se deri m\u00eb 15 shtator pritet t\u00eb hapet tenderi [&hellip;]<\/p>\n","protected":false},"author":1,"featured_media":0,"comment_status":"open","ping_status":"closed","sticky":false,"template":"","format":"standard","meta":{"spay_email":"","jetpack_publicize_message":"","jetpack_is_tweetstorm":false,"jetpack_publicize_feature_enabled":true},"categories":[1],"tags":[222,2515,12228,295],"jetpack_publicize_connections":[],"yoast_head":"<!-- This site is optimized with the Yoast SEO plugin v19.1 - https:\/\/yoast.com\/wordpress\/plugins\/seo\/ -->\n<title>N\u00eb tetor pritet t\u00eb filloj\u00eb nd\u00ebrtimi i Ur\u00ebs s\u00eb Port Milen\u00ebs - Lajme nga Ulqini<\/title>\n<meta name=\"description\" content=\"Prezantohet projekti i ur\u00ebs s\u00eb Port Milen\u00ebs Ulqin \u2013 Punimet p\u00ebr nd\u00ebrtimin e Ur\u00ebs s\u00eb Port Milen\u00ebs pritet t\u00eb fillojn\u00eb n\u00eb muajin tetor, ka paralajm\u00ebruar\" \/>\n<meta name=\"robots\" content=\"index, follow, max-snippet:-1, max-image-preview:large, max-video-preview:-1\" \/>\n<link rel=\"canonical\" href=\"https:\/\/www.visit-ulcinj.com\/blog\/2009\/08\/17\/ne-tetor-pritet-te-filloje-ndertimi-i-ures-se-port-milenes\/\" \/>\n<meta property=\"og:locale\" content=\"en_US\" \/>\n<meta property=\"og:type\" content=\"article\" \/>\n<meta property=\"og:title\" content=\"N\u00eb tetor pritet t\u00eb filloj\u00eb nd\u00ebrtimi i Ur\u00ebs s\u00eb Port Milen\u00ebs - Lajme nga Ulqini\" \/>\n<meta property=\"og:description\" content=\"Prezantohet projekti i ur\u00ebs s\u00eb Port Milen\u00ebs Ulqin \u2013 Punimet p\u00ebr nd\u00ebrtimin e Ur\u00ebs s\u00eb Port Milen\u00ebs pritet t\u00eb fillojn\u00eb n\u00eb muajin tetor, ka paralajm\u00ebruar\" \/>\n<meta property=\"og:url\" content=\"https:\/\/www.visit-ulcinj.com\/blog\/2009\/08\/17\/ne-tetor-pritet-te-filloje-ndertimi-i-ures-se-port-milenes\/\" \/>\n<meta property=\"og:site_name\" content=\"Lajme nga Ulqini\" \/>\n<meta property=\"article:published_time\" content=\"2009-08-17T14:23:39+00:00\" \/>\n<meta property=\"article:modified_time\" content=\"2009-08-17T14:31:59+00:00\" \/>\n<meta property=\"og:image\" content=\"https:\/\/www.visit-ulcinj.com\/blog\/wp-content\/uploads\/2009\/08\/ndertimi-i-Ures-s\u00c3\u00ab-Port-Milenes.jpg\" \/>\n<meta name=\"twitter:label1\" content=\"Written by\" \/>\n\t<meta name=\"twitter:data1\" content=\"ulqini\" \/>\n\t<meta name=\"twitter:label2\" content=\"Est. reading time\" \/>\n\t<meta name=\"twitter:data2\" content=\"3 minutes\" \/>\n<script type=\"application\/ld+json\" class=\"yoast-schema-graph\">{\"@context\":\"https:\/\/schema.org\",\"@graph\":[{\"@type\":\"WebSite\",\"@id\":\"https:\/\/www.visit-ulcinj.com\/blog\/#website\",\"url\":\"https:\/\/www.visit-ulcinj.com\/blog\/\",\"name\":\"Lajme nga Ulqini\",\"description\":\"Lajme,Vijesti,Ulqini,Ulqin,Crna Gora,Mali i Zi\",\"potentialAction\":[{\"@type\":\"SearchAction\",\"target\":{\"@type\":\"EntryPoint\",\"urlTemplate\":\"https:\/\/www.visit-ulcinj.com\/blog\/?s={search_term_string}\"},\"query-input\":\"required name=search_term_string\"}],\"inLanguage\":\"en-US\"},{\"@type\":\"WebPage\",\"@id\":\"https:\/\/www.visit-ulcinj.com\/blog\/2009\/08\/17\/ne-tetor-pritet-te-filloje-ndertimi-i-ures-se-port-milenes\/#webpage\",\"url\":\"https:\/\/www.visit-ulcinj.com\/blog\/2009\/08\/17\/ne-tetor-pritet-te-filloje-ndertimi-i-ures-se-port-milenes\/\",\"name\":\"N\u00eb tetor pritet t\u00eb filloj\u00eb nd\u00ebrtimi i Ur\u00ebs s\u00eb Port Milen\u00ebs - Lajme nga Ulqini\",\"isPartOf\":{\"@id\":\"https:\/\/www.visit-ulcinj.com\/blog\/#website\"},\"datePublished\":\"2009-08-17T14:23:39+00:00\",\"dateModified\":\"2009-08-17T14:31:59+00:00\",\"author\":{\"@id\":\"https:\/\/www.visit-ulcinj.com\/blog\/#\/schema\/person\/dcab619c614d3038751c63bc2aadc06d\"},\"description\":\"Prezantohet projekti i ur\u00ebs s\u00eb Port Milen\u00ebs Ulqin \u2013 Punimet p\u00ebr nd\u00ebrtimin e Ur\u00ebs s\u00eb Port Milen\u00ebs pritet t\u00eb fillojn\u00eb n\u00eb muajin tetor, ka paralajm\u00ebruar\",\"breadcrumb\":{\"@id\":\"https:\/\/www.visit-ulcinj.com\/blog\/2009\/08\/17\/ne-tetor-pritet-te-filloje-ndertimi-i-ures-se-port-milenes\/#breadcrumb\"},\"inLanguage\":\"en-US\",\"potentialAction\":[{\"@type\":\"ReadAction\",\"target\":[\"https:\/\/www.visit-ulcinj.com\/blog\/2009\/08\/17\/ne-tetor-pritet-te-filloje-ndertimi-i-ures-se-port-milenes\/\"]}]},{\"@type\":\"BreadcrumbList\",\"@id\":\"https:\/\/www.visit-ulcinj.com\/blog\/2009\/08\/17\/ne-tetor-pritet-te-filloje-ndertimi-i-ures-se-port-milenes\/#breadcrumb\",\"itemListElement\":[{\"@type\":\"ListItem\",\"position\":1,\"name\":\"N\u00eb tetor pritet t\u00eb filloj\u00eb nd\u00ebrtimi i Ur\u00ebs s\u00eb Port Milen\u00ebs\"}]},{\"@type\":\"Person\",\"@id\":\"https:\/\/www.visit-ulcinj.com\/blog\/#\/schema\/person\/dcab619c614d3038751c63bc2aadc06d\",\"name\":\"ulqini\",\"sameAs\":[\"http:\/\/www.visit-ulcinj.com\"],\"url\":\"https:\/\/www.visit-ulcinj.com\/blog\/author\/admin\/\"}]}<\/script>\n<!-- \/ Yoast SEO plugin. -->","yoast_head_json":{"title":"N\u00eb tetor pritet t\u00eb filloj\u00eb nd\u00ebrtimi i Ur\u00ebs s\u00eb Port Milen\u00ebs - Lajme nga Ulqini","description":"Prezantohet projekti i ur\u00ebs s\u00eb Port Milen\u00ebs Ulqin \u2013 Punimet p\u00ebr nd\u00ebrtimin e Ur\u00ebs s\u00eb Port Milen\u00ebs pritet t\u00eb fillojn\u00eb n\u00eb muajin tetor, ka paralajm\u00ebruar","robots":{"index":"index","follow":"follow","max-snippet":"max-snippet:-1","max-image-preview":"max-image-preview:large","max-video-preview":"max-video-preview:-1"},"canonical":"https:\/\/www.visit-ulcinj.com\/blog\/2009\/08\/17\/ne-tetor-pritet-te-filloje-ndertimi-i-ures-se-port-milenes\/","og_locale":"en_US","og_type":"article","og_title":"N\u00eb tetor pritet t\u00eb filloj\u00eb nd\u00ebrtimi i Ur\u00ebs s\u00eb Port Milen\u00ebs - Lajme nga Ulqini","og_description":"Prezantohet projekti i ur\u00ebs s\u00eb Port Milen\u00ebs Ulqin \u2013 Punimet p\u00ebr nd\u00ebrtimin e Ur\u00ebs s\u00eb Port Milen\u00ebs pritet t\u00eb fillojn\u00eb n\u00eb muajin tetor, ka paralajm\u00ebruar","og_url":"https:\/\/www.visit-ulcinj.com\/blog\/2009\/08\/17\/ne-tetor-pritet-te-filloje-ndertimi-i-ures-se-port-milenes\/","og_site_name":"Lajme nga Ulqini","article_published_time":"2009-08-17T14:23:39+00:00","article_modified_time":"2009-08-17T14:31:59+00:00","og_image":[{"url":"https:\/\/www.visit-ulcinj.com\/blog\/wp-content\/uploads\/2009\/08\/ndertimi-i-Ures-s\u00c3\u00ab-Port-Milenes.jpg"}],"twitter_misc":{"Written by":"ulqini","Est. reading time":"3 minutes"},"schema":{"@context":"https:\/\/schema.org","@graph":[{"@type":"WebSite","@id":"https:\/\/www.visit-ulcinj.com\/blog\/#website","url":"https:\/\/www.visit-ulcinj.com\/blog\/","name":"Lajme nga Ulqini","description":"Lajme,Vijesti,Ulqini,Ulqin,Crna Gora,Mali i Zi","potentialAction":[{"@type":"SearchAction","target":{"@type":"EntryPoint","urlTemplate":"https:\/\/www.visit-ulcinj.com\/blog\/?s={search_term_string}"},"query-input":"required name=search_term_string"}],"inLanguage":"en-US"},{"@type":"WebPage","@id":"https:\/\/www.visit-ulcinj.com\/blog\/2009\/08\/17\/ne-tetor-pritet-te-filloje-ndertimi-i-ures-se-port-milenes\/#webpage","url":"https:\/\/www.visit-ulcinj.com\/blog\/2009\/08\/17\/ne-tetor-pritet-te-filloje-ndertimi-i-ures-se-port-milenes\/","name":"N\u00eb tetor pritet t\u00eb filloj\u00eb nd\u00ebrtimi i Ur\u00ebs s\u00eb Port Milen\u00ebs - Lajme nga Ulqini","isPartOf":{"@id":"https:\/\/www.visit-ulcinj.com\/blog\/#website"},"datePublished":"2009-08-17T14:23:39+00:00","dateModified":"2009-08-17T14:31:59+00:00","author":{"@id":"https:\/\/www.visit-ulcinj.com\/blog\/#\/schema\/person\/dcab619c614d3038751c63bc2aadc06d"},"description":"Prezantohet projekti i ur\u00ebs s\u00eb Port Milen\u00ebs Ulqin \u2013 Punimet p\u00ebr nd\u00ebrtimin e Ur\u00ebs s\u00eb Port Milen\u00ebs pritet t\u00eb fillojn\u00eb n\u00eb muajin tetor, ka paralajm\u00ebruar","breadcrumb":{"@id":"https:\/\/www.visit-ulcinj.com\/blog\/2009\/08\/17\/ne-tetor-pritet-te-filloje-ndertimi-i-ures-se-port-milenes\/#breadcrumb"},"inLanguage":"en-US","potentialAction":[{"@type":"ReadAction","target":["https:\/\/www.visit-ulcinj.com\/blog\/2009\/08\/17\/ne-tetor-pritet-te-filloje-ndertimi-i-ures-se-port-milenes\/"]}]},{"@type":"BreadcrumbList","@id":"https:\/\/www.visit-ulcinj.com\/blog\/2009\/08\/17\/ne-tetor-pritet-te-filloje-ndertimi-i-ures-se-port-milenes\/#breadcrumb","itemListElement":[{"@type":"ListItem","position":1,"name":"N\u00eb tetor pritet t\u00eb filloj\u00eb nd\u00ebrtimi i Ur\u00ebs s\u00eb Port Milen\u00ebs"}]},{"@type":"Person","@id":"https:\/\/www.visit-ulcinj.com\/blog\/#\/schema\/person\/dcab619c614d3038751c63bc2aadc06d","name":"ulqini","sameAs":["http:\/\/www.visit-ulcinj.com"],"url":"https:\/\/www.visit-ulcinj.com\/blog\/author\/admin\/"}]}},"jetpack_featured_media_url":"","jetpack_sharing_enabled":true,"jetpack_shortlink":"https:\/\/wp.me\/pe6lTn-6pC","_links":{"self":[{"href":"https:\/\/www.visit-ulcinj.com\/blog\/wp-json\/wp\/v2\/posts\/24652"}],"collection":[{"href":"https:\/\/www.visit-ulcinj.com\/blog\/wp-json\/wp\/v2\/posts"}],"about":[{"href":"https:\/\/www.visit-ulcinj.com\/blog\/wp-json\/wp\/v2\/types\/post"}],"author":[{"embeddable":true,"href":"https:\/\/www.visit-ulcinj.com\/blog\/wp-json\/wp\/v2\/users\/1"}],"replies":[{"embeddable":true,"href":"https:\/\/www.visit-ulcinj.com\/blog\/wp-json\/wp\/v2\/comments?post=24652"}],"version-history":[{"count":0,"href":"https:\/\/www.visit-ulcinj.com\/blog\/wp-json\/wp\/v2\/posts\/24652\/revisions"}],"wp:attachment":[{"href":"https:\/\/www.visit-ulcinj.com\/blog\/wp-json\/wp\/v2\/media?parent=24652"}],"wp:term":[{"taxonomy":"category","embeddable":true,"href":"https:\/\/www.visit-ulcinj.com\/blog\/wp-json\/wp\/v2\/categories?post=24652"},{"taxonomy":"post_tag","embeddable":true,"href":"https:\/\/www.visit-ulcinj.com\/blog\/wp-json\/wp\/v2\/tags?post=24652"}],"curies":[{"name":"wp","href":"https:\/\/api.w.org\/{rel}","templated":true}]}}