{"id":24664,"date":"2009-08-17T17:32:45","date_gmt":"2009-08-17T15:32:45","guid":{"rendered":"http:\/\/www.visit-ulcinj.com\/blog\/?p=24664"},"modified":"2009-08-17T17:34:41","modified_gmt":"2009-08-17T15:34:41","slug":"interviste-me-kryetarin-e-kuvendit-te-komunes-se-ulqinit-muhamet-nika-2","status":"publish","type":"post","link":"https:\/\/www.visit-ulcinj.com\/blog\/2009\/08\/17\/interviste-me-kryetarin-e-kuvendit-te-komunes-se-ulqinit-muhamet-nika-2\/","title":{"rendered":"Intervist\u00eb me kryetarin e kuvendit t\u00eb komun\u00ebs s\u00eb Ulqinit, Muhamet Nika"},"content":{"rendered":"<p><a href=\"http:\/\/www.visit-ulcinj.com\/blog\/wp-content\/uploads\/2009\/06\/muhamet-nika_ulqin.jpg\"><img loading=\"lazy\" class=\"alignleft size-full wp-image-22312\" title=\"MUHAMET NIKA _KRYETARI I KUVENDIT T\u00cb KOMUNES SE ULQINIT\" src=\"http:\/\/www.visit-ulcinj.com\/blog\/wp-content\/uploads\/2009\/06\/muhamet-nika_ulqin.jpg\" alt=\"MUHAMET NIKA _KRYETARI I KUVENDIT T\u00cb KOMUNES SE ULQINIT\" width=\"343\" height=\"257\" \/><\/a><strong>Nuk do t\u00eb ket\u00eb zgjedhje t\u00eb parakohshme lokale<\/strong><\/p>\n<p><strong><\/strong><strong>Z. Nika, Kuvendi i Komun\u00ebs s\u00eb Ulqinit udh\u00ebheqet nga Koalicioni \u201eP\u00ebr Ulqinin Evropian\u201c (Partia Demokratike e Socialist\u00ebve, Unioni Demokratik i Shqiptar\u00ebve) dhe tre k\u00ebshilltar\u00ebt e PPD-s\u00eb, t\u00eb cil\u00ebt s\u00eb bashku p\u00ebrb\u00ebjn\u00eb shumic\u00ebn parlamentare prej 17 k\u00ebshilltar\u00ebsh nga gjithsej 33 sish. Sa jeni t\u00eb k\u00ebnaqur me produktivitetin e pun\u00ebs s\u00eb Kuvendit, ve\u00e7mas muajve t\u00eb fundit kur jemi d\u00ebshmitar\u00eb t\u00eb zvarritjeve t\u00eb gjata t\u00eb seancave t\u00eb Kuvendit?<\/strong><\/p>\n<p><strong>M. Nika:<\/strong> Partia e Prosperitetit Demokratik dhe un\u00eb personalisht e kemi ditur q\u00eb kjo bashk\u00ebjetes\u00eb me partit\u00eb q\u00eb ju i p\u00ebrmend\u00ebt nuk do t\u00eb ishte tep\u00ebr e leht\u00eb duke pasur parasysh diversitetin programor t\u00eb k\u00ebtyre partive me t\u00eb cilat ne nuk n\u00ebnshkruam koalicion paszgjedhor, por b\u00ebm\u00eb nj\u00eb shumic\u00eb parlamentare e cila n\u00ebnkupton q\u00eb subjekti im politik p\u00ebrpiqet maksimalisht t\u00eb ruaj\u00eb dhe t\u00eb zhvilloj\u00eb identitetin e vet si parti nacionale. Kjo ka sjell\u00eb q\u00eb t\u00eb kemi edhe situata t\u00eb tensionuara n\u00eb Kuvend, ku shpesh her\u00eb klubi i partis\u00eb son\u00eb din t\u00eb votoj\u00eb edhe me klubet e opozit\u00ebs, duke mbivotuar partner\u00ebt e shumic\u00ebs.<br \/>\nMir\u00ebpo, edhe kjo \u00ebsht\u00eb kuptuar si nj\u00eb hap\u00ebsir\u00eb demokratike. Dhe realisht kjo \u00e7on nganj\u00ebher\u00eb ndoshta edhe deri te zvarritjet e pun\u00ebs s\u00eb kuvendit. Megjithat\u00eb ai funksionon m\u00eb mir\u00eb se p\u00ebrpara, e kam fjal\u00ebn se sa n\u00eb legjislacionin e m\u00ebhersh\u00ebm dhe n\u00eb fillim t\u00eb k\u00ebtij legjislacioni, kur nuk punonte fare dhe bllokohej nga vet\u00eb partit\u00eb nacionale. Dihet se ne k\u00ebshilltar\u00ebt e PPD-s\u00eb nuk diktojm\u00eb politik\u00ebn e Koalicionit \u201cP\u00ebr Ulqinin Evropian\u201d, por e plot\u00ebsojm\u00eb at\u00eb n\u00eb ato vendime t\u00eb cilat shkojn\u00eb n\u00eb favor t\u00eb programit t\u00eb partis\u00eb son\u00eb dhe qytetar\u00ebve t\u00eb Ulqinit.<\/p>\n<address><strong>Sa jeni t\u00eb pavarur n\u00eb pun\u00ebn tuaj apo ndoshta, n\u00eb nj\u00ebfar\u00eb m\u00ebnyre, jeni t\u00eb kusht\u00ebzuar nga partner\u00ebt e koalicionit q\u00eb p\u00ebrb\u00ebjn\u00eb shumic\u00ebn parlamentare, si dhe nga p\u00ebrpjekjet e mundshme q\u00eb kuvendin ta mbaj\u00eb dikush tjet\u00ebr (grupim politik) n\u00eb duart e veta?<\/strong><\/address>\n<p><strong>M. Nika:<\/strong> E kuptoj shqet\u00ebsimin tuaj dhe personalisht e \u00e7moj si pyetje me vend. Kuvendi Komunal i Ulqinit q\u00eb nga viti 1990 e k\u00ebndej asnj\u00ebher\u00eb nuk ka pranuar q\u00eb t\u00eb zihet rob nga grupime politike. Ai ka pranuar madje t\u00eb mos mblidhet fare, pra edhe t\u00eb bllokohet n\u00eb pun\u00ebn e tij, dhe nuk lejoi q\u00eb t\u00eb ishte marionet\u00eb e dikujt, dhe mendoj se k\u00ebshtu do t\u00eb ndodh\u00eb edhe n\u00eb t\u00eb ardhmen. Kuvendi \u00ebsht\u00eb di\u00e7ka e gjall\u00eb q\u00eb l\u00ebviz, zhvillohet, kalitet dhe \u00ebsht\u00eb v\u00ebshtir\u00eb t\u00eb flitet p\u00ebr skena apo prapaskena. Ai ka shum\u00eb filtra, komisione dhe trupa punuese q\u00eb as vet\u00eb kryesuesi i seanc\u00ebs nuk mund ta dij\u00eb qind p\u00ebr qind m\u00ebnyr\u00ebn e votimit gjat\u00eb marrjes s\u00eb vendimeve. Por t\u00eb gjith\u00eb politikan\u00ebt duhet ta kuptojm\u00eb se koha po na m\u00ebson q\u00eb t\u00eb krijojm\u00eb hap\u00ebsir\u00eb demokratike t\u00eb nd\u00ebrsjell\u00eb p\u00ebr t\u00eb ardhur n\u00eb shprehje edhe identitetet partiake programore.<\/p>\n<address><strong>A \u00ebsht\u00eb duke i ushtruar t\u00eb gjitha funksionet e veta t\u00eb parapara me rregullore, statut dhe akte t\u00eb tjera ligjore, Kuvendi i Komun\u00ebs s\u00eb Ulqinit?<\/strong><\/address>\n<p><strong>M. Nika:<\/strong> Kuvendi Komunal i Ulqinit deri von\u00eb e kishte t\u00eb v\u00ebshtir\u00eb t\u00eb ushtronte funksionin e vet t\u00eb parapar\u00eb me rregullore, me statut dhe akte t\u00eb tjera ligjore, sepse t\u00eb gjitha k\u00ebto mungonin. E kjo ndodhte ngaq\u00eb politikat nacionale q\u00eb kishin pushtetin, n\u00eb kuvend d\u00ebshironin q\u00eb p\u00ebrmes statutit t\u00eb Komun\u00ebs t\u00eb zgjidhnin statusin e komun\u00ebs, kurse p\u00ebr rregullore nuk d\u00ebshironin t\u00eb flisnin, sepse me at\u00eb ia ngushtonin hap\u00ebsir\u00ebn vetes p\u00ebr t\u00eb debatuar n\u00eb kuvend. Duket e \u00e7uditshme, por disa nene t\u00eb statutit t\u00eb Komun\u00ebs s\u00eb Ulqinit, i dh\u00ebn\u00eb n\u00eb miratim diku n\u00eb vitin 1994, u hodh\u00ebn posht\u00eb nga Qeveria e Malit t\u00eb Zi. Kjo shumic\u00eb ka nxjerr\u00eb statutin e ri i n\u00eb pajtim me Kushtetut\u00ebn dhe me dokumentet nd\u00ebrkomb\u00ebtare. Pavar\u00ebsisht v\u00ebshtir\u00ebsive mendoj se Kuvendi megjithat\u00eb \u00ebsht\u00eb duke ushtruar funksionin e tij.<br \/>\nPun\u00ebn e deritashme t\u00eb paralamentit vendor, nd\u00ebr t\u00eb tjera, e kan\u00eb kareakterizuar mosefikasiteti i d\u00ebshiruar, pauzat dhe nd\u00ebrprerjet e shpeshta, tensionet e panevojshme, f\u00ebrkimet e ashpra, debatet n\u00ebn nivelin e shijes s\u00eb mir\u00eb dhe t\u00eb etik\u00ebs politike, fyerjet, madje edhe n\u00eb planin personal, fjalori banal, etj.<\/p>\n<address><strong>Pse ndodh kjo dhe a mundeni Ju si kryesues i Kuvendit ta zbusni k\u00ebt\u00eb lloj komunikimi midis k\u00ebshilltar\u00ebve?<\/strong><\/address>\n<p><strong>M. Nika: <\/strong>\u00cbsht\u00eb e v\u00ebrtet\u00eb q\u00eb etika e Kuvendit nuk k\u00ebnaq. Sidomos shqet\u00ebson agresiviteti n\u00eb t\u00eb folur. Mir\u00ebpo mendoj q\u00eb agresiviteti n\u00eb dialog dhe komunikim n\u00eb mes t\u00eb k\u00ebshilltar\u00ebve t\u00eb pozit\u00ebs dhe opozit\u00ebs, t\u00eb pakt\u00ebn deri m\u00eb tani, ka qen\u00eb si rezultat i nj\u00eb mode t\u00eb kuvendeve fqinje t\u00eb cil\u00ebt i shoq\u00ebrojn\u00eb problemet e p\u00ebrmendura. Dhe kjo, thjesht b\u00ebhej p\u00ebr t\u00eb kritikuar klubin e k\u00ebshilltar\u00ebve t\u00eb PPD-s\u00eb, gjoja p\u00ebr \u201ctradh\u00ebti komb\u00ebtare\u201d, pasi q\u00eb pranoi t`i b\u00ebj\u00eb shumic\u00eb n\u00eb parlamentin vendor t\u00eb Ulqinit partis\u00eb n\u00eb pushtet t\u00eb z. Gjukanoviq dhe UDSH-s\u00eb. Mir\u00ebpo dua t\u00eb them q\u00eb ky ishte opsioni i vet\u00ebm i mundur, duke e ditur q\u00eb ish partner\u00ebt e koalicionit t\u00eb partive shqiptare, LD n\u00eb MZ, Forca dhe BDSH, prish\u00ebn marr\u00ebveshjen dhe nuk pranuan q\u00eb t\u00eb shkohej n\u00eb zgjedhje t\u00eb parakohshme, duke kujtuar q\u00eb PPD do t\u00eb viktimizohej dhe do t\u00eb pranonte t\u00eb mbivotohej nga partner\u00ebt e partive nacionale. Pa dyshim q\u00eb kjo ishte nj\u00eb llogaritje e gabuar e tyre dhe mjerisht e humb\u00ebn pushtetin, duke b\u00ebr\u00eb ndaj nesh nj\u00eb masak\u00ebr propagandistike n\u00eb Kuvend me q\u00ebllim q\u00eb t`i bindin zgjedh\u00ebsit. Nga ana tjet\u00ebr, ata harronin q\u00eb krijonin koalicione n\u00ebp\u00ebr komuna t\u00eb tjera n\u00eb Mal t\u00eb Zi me parti serbe e proserbe me profil antidemokratik. Mendoj q\u00eb konfliktet e k\u00ebsaj natyre do t\u00eb shterren dhe s\u00eb shpejti do t\u00eb filloj\u00eb nj\u00eb faz\u00eb e normalitetit ngase u hetua, t\u00eb pakt\u00ebn n\u00eb zgjedhjet e fundit parlamentare, q\u00eb k\u00ebta individ\u00eb dhe parti nuk u p\u00ebrkrah\u00ebn nga zgjedh\u00ebsit. Ata q\u00eb b\u00ebn\u00eb m\u00eb shum\u00eb zhurm\u00eb kaluan shum\u00eb m\u00eb keq.<br \/>\nMadje p\u00ebrvoja e zgjedhjeve t\u00eb fundit parlamentare tregoi q\u00eb edhe n\u00eb nivelin shtet\u00ebror, ato parti q\u00eb ishin ekstreme p\u00ebrfundimisht u p\u00ebrsh\u00ebndet\u00ebn nga Parlamenti i Malit t\u00eb Zi. Pra, kaloi koha e Vishnjiq\u00ebve, Sheshel\u00ebve e k\u00ebshtu me radh\u00eb. Gjykoj se vetvetiu do t\u00eb fiket edhe ekstremi shqiptar n\u00eb kuad\u00ebr t\u00eb institucioneve t\u00eb kuvendeve. Un\u00eb gjithnj\u00eb kam vler\u00ebsuar se nuk \u00ebsht\u00eb n\u00eb interesin tim si kryesues i Kuvendit t\u00eb Ulqinit ta disiplinoj at\u00eb me \u00e7do kusht.<\/p>\n<address><strong>Shpesh d\u00ebgjohen z\u00ebra t\u00eb k\u00ebshilltar\u00ebve se nuk jeni t\u00eb gjendje ta kontrolloni si\u00e7 duhet pun\u00ebn e Kuvendit dhe iu akuzojn\u00eb se pik\u00ebrisht Ju me komente, sipas tyre provokuese, jeni b\u00ebr\u00eb penges\u00eb e mbar\u00ebvajtjes s\u00eb seancave t\u00eb kuvendit.<\/strong><\/address>\n<address><strong>Sa jan\u00eb t\u00eb v\u00ebrteta k\u00ebto vler\u00ebsime t\u00eb pakic\u00ebs parlamentare?<\/strong><\/address>\n<p><strong>M. Nika: <\/strong>P\u00ebr ata q\u00eb jan\u00eb mir\u00eb t\u00eb informuar, k\u00ebto akuza vijn\u00eb nga ata t\u00eb cil\u00ebt<a href=\"http:\/\/www.visit-ulcinj.com\/blog\/wp-content\/uploads\/2009\/08\/Muhamet-Nika_KRYETARI-I-KUVENDIT-TE-KOMUNES-SE-ULQINIT.jpg\"><img loading=\"lazy\" class=\"size-full wp-image-24665 alignright\" title=\"Muhamet Nika_KRYETARI I KUVENDIT TE KOMUNES SE ULQINIT\" src=\"http:\/\/www.visit-ulcinj.com\/blog\/wp-content\/uploads\/2009\/08\/Muhamet-Nika_KRYETARI-I-KUVENDIT-TE-KOMUNES-SE-ULQINIT.jpg\" alt=\"Muhamet Nika_KRYETARI I KUVENDIT TE KOMUNES SE ULQINIT\" width=\"260\" height=\"148\" \/><\/a> nuk mund t\u00eb ballafaqohen me argumentin dhe nga ata t\u00eb cil\u00ebve u mungon p\u00ebrvoja politike, jan\u00eb t\u00eb rinj dhe nuk e njohin historikun e problemeve t\u00eb kuvendit. P\u00ebrpar\u00ebsia ime n\u00eb k\u00ebt\u00eb moment \u00ebsht\u00eb p\u00ebrvoja disavje\u00e7are si k\u00ebshilltar i Kuvendit, njohja e problemeve, e kjo b\u00ebn q\u00eb pala tjet\u00ebr t\u00eb mbes\u00eb pa argument. Un\u00eb jam i vet\u00ebdijsh\u00ebm se duhet t\u00eb d\u00ebgjoj edhe an\u00ebn tjet\u00ebr, por edhe t\u00eb gjitha an\u00ebt dhe mendoj se di si t\u00eb d\u00ebgjoj. Por e gjith\u00eb kjo nuk mjafton po t\u00eb mos dua t\u00eb d\u00ebgjoj, po t\u00eb mos kem d\u00ebshir\u00eb p\u00ebr t\u00eb d\u00ebgjuar. Un\u00eb nuk jam njeri i varur dhe nuk kam nevoj\u00eb p\u00ebr t\u00eb tjer\u00ebt q\u00eb t\u00eb arrij at\u00eb q\u00eb d\u00ebshiroj. As nuk jam njeri i pavarur i cili e arrin at\u00eb q\u00eb e d\u00ebshiron fal\u00eb forcave t\u00eb veta. Por, preferoj t\u00eb jem njeri i nd\u00ebrvarur, i koordinuar dhe i pashkap\u00ebrderdhur, duke i kombinuar p\u00ebrpjekjet e mia me p\u00ebrpjekjet dhe d\u00ebshirat e t\u00eb tjer\u00ebve, p\u00ebr t\u00eb hedhur platforma t\u00eb m\u00ebdha.<br \/>\nMendoj me kok\u00ebn time, duke ikur nga nj\u00eb nivel i ul\u00ebt n\u00eb nj\u00eb nivel m\u00eb t\u00eb lart\u00eb. Un\u00eb dhe tre k\u00ebshilltar\u00ebt e PPD-s\u00eb nuk b\u00ebjm\u00eb \u201cvet\u00ebm gj\u00ebrat tona\u201d pa b\u00ebr\u00eb edhe \u201cgj\u00ebrat e t\u00eb tjer\u00ebve\u201d. E kjo si klub e parti, na imponon dashur a padashur, pozitat e liderizmit, pozitat e prij\u00ebsit n\u00eb Kuvend, t\u00eb cilat shpesh her\u00eb jan\u00eb t\u00eb paparashikueshme dhe kjo ka b\u00ebr\u00eb q\u00eb te qytetar\u00ebt nganj\u00ebher\u00eb PPD-ja t\u00eb njihet si parti e t\u00ebrmeteve, pra e paparashikueshme.<br \/>\nM\u00eb k\u00ebnaq kur nj\u00eb pjes\u00eb e mir\u00eb e k\u00ebshilltar\u00ebve kan\u00eb fituar siguri n\u00eb propozimet dhe veprimet e klubit t\u00eb PPD-s\u00eb. Parlamenti q\u00eb nga konstituimi po punon me mjaft v\u00ebshtir\u00ebsi. Megjithat\u00eb<br \/>\nka arritur t\u00eb nxjerr\u00eb disa vendime t\u00eb r\u00ebnd\u00ebsishme p\u00ebr qytetar\u00ebt.<\/p>\n<address><strong>Cilat arritje do t`i ve\u00e7onit dhe sa po zbatohen ato?<\/strong><\/address>\n<p><strong>M. Nika: <\/strong>Dua t\u00eb ve\u00e7oj nxjerrjen e Statutit, Rregullores s\u00eb Pun\u00ebs s\u00eb Kuvendit, Planin e P\u00ebrgjithsh\u00ebm Urbanistik, studimet e lokacionit dhe disa dokumente q\u00eb avancojn\u00eb ky\u00e7jen e sektorit joqeveritar n\u00eb pun\u00ebn e kuvendit. Un\u00eb duke forcuar pozit\u00ebn e sektorit civil, q\u00eb \u00ebsht\u00eb edhe obligim ligjor, tentoj t\u00eb fitoj edhe nj\u00eb opozit\u00eb tjet\u00ebr, pra t\u00eb forcoj faktorin e tret\u00eb.<\/p>\n<address><strong>Qytetar\u00ebt jan\u00eb tep\u00ebr t\u00eb shqet\u00ebsuar dhe t\u00eb revoltuar p\u00ebr shum\u00eb \u00e7\u00ebshtje q\u00eb duhet t`i zgjidh\u00eb Parlamenti, duke u nisur q\u00eb nga ndarja e trojeve, dh\u00ebnia n\u00eb shfryt\u00ebzim t\u00eb p\u00ebrkohsh\u00ebm t\u00eb tok\u00ebs nd\u00ebrtimore komunale, shp\u00ebrdorimi i detyr\u00ebs, korrupsioni, etj?<\/strong><\/address>\n<p><strong>M. Nika: <\/strong>Kuvendi dhe un\u00eb personalisht e ndaj k\u00ebt\u00eb shqet\u00ebsim t\u00eb qytetar\u00ebve dhe shpresoj q\u00eb shum\u00eb shpejt t\u00eb merremi edhe me k\u00ebto probleme, kuptohet n\u00eb kuad\u00ebr t\u00eb ligjit. Nd\u00ebrkaq p\u00ebr pjes\u00ebn e dyt\u00eb t\u00eb pyetjes q\u00eb shtroni, Kuvendi ka pak hap\u00ebsir\u00eb. Ai nuk \u00ebsht\u00eb organ hetimi, mir\u00ebpo brenda Rregullores dhe Statutit t\u00eb komun\u00ebs do ta shikojm\u00eb edhe mund\u00ebsin\u00eb e kontrollit t\u00eb pushtetit.<br \/>\nKjo p\u00ebrvoj\u00eb ka filluar t\u00eb pakt\u00ebn, ndoshta edhe n\u00eb m\u00ebnyr\u00eb declarative, edhe n\u00eb Parlamentin shtet\u00ebror e q\u00eb pritet q\u00eb t\u00eb vij\u00eb edhe te ne. N\u00eb disa pjes\u00eb t\u00eb komun\u00ebs, ve\u00e7mas n\u00eb Shtoj, jan\u00eb tjet\u00ebrsuar sip\u00ebrfaqe t\u00eb shumta toke edhe pse kuvendi, n\u00eb mos gabohem, nuk ka sjell\u00eb asnj\u00eb vendim q\u00eb toka t`i jepet dikujt.<\/p>\n<address><strong>\u00c7far\u00eb ka b\u00ebr\u00eb dhe \u00e7far\u00eb do t\u00eb b\u00ebj\u00eb pushteti lokal q\u00eb t\u00eb parandaloj\u00eb k\u00ebt\u00eb masak\u00ebr hap\u00ebsinore?<\/strong><\/address>\n<p><strong>M. Nika:<\/strong> Ekspropriimi, marrja me ligje revolucionare e tok\u00ebs nga shqiptar\u00ebt ka qen\u00eb problem edhe p\u00ebr banor\u00ebt e Ulqinit. \u00cbsht\u00eb marr\u00eb tok\u00eb n\u00eb t\u00eb gjitha hap\u00ebsirat. Mir\u00ebpo, me kalimin e koh\u00ebs ka ndodhur demokratizimi i shoq\u00ebris\u00eb dhe shtetit. Pra, komun\u00ebs iu desh q\u00eb qytetar\u00ebve t`ua b\u00ebj\u00eb kompensimin sipas principit tok\u00eb p\u00ebr tok\u00eb. Mendoj se k\u00ebtu u gabua q\u00ebllimisht, kur p\u00ebr shembull toka e marr\u00eb diku n\u00eb An\u00eb t\u00eb Malit, pra n\u00eb pjes\u00ebn kontinentale t\u00eb komun\u00ebs ose brenda qytetit t\u00eb Ulqinit, u nd\u00ebrrua me tok\u00ebn buz\u00eb detit n\u00eb raport dy m\u00eb nj\u00eb. Kjo b\u00ebri q\u00eb nj\u00eb pjes\u00eb e hap\u00ebsir\u00ebs s\u00eb Shtojit kaloi n\u00eb pron\u00ebsi t\u00eb qytetar\u00ebve t\u00eb komun\u00ebs s\u00eb Ulqinit, e t\u00eb cil\u00ebt nuk ishin intimisht t\u00eb lidhur<br \/>\np\u00ebr at\u00eb tok\u00eb ngase e kishin jet\u00ebn e organizuar diku tjet\u00ebr, k\u00ebshtu q\u00eb e shit\u00ebn nj\u00eb pjes\u00eb t\u00eb saj.<br \/>\nPo ashtu edhe vendasit ua shit\u00ebn sip\u00ebrfaqe t\u00eb konsiderueshme t\u00eb tok\u00ebs bler\u00ebsve nga Serbia, Sanxhaku e Rusia, t\u00eb cil\u00ebt kan\u00eb mentalitet dhe rregulla t\u00eb tjera. Kjo \u00ebsht\u00eb duke ndodhur edhe me hap\u00ebsirat e tjera n\u00eb Ulqin. E k\u00ebsaj \u00ebsht\u00eb duke i kontribuar edhe vet\u00eb Qeveria e Malit t\u00eb Zi e cila po tenton t\u00eb valorizoj\u00eb Valdanosin, Plazhin e Madh dhe Ad\u00ebn, pa p\u00eblqimin e popullat\u00ebs vendase.<\/p>\n<address><strong>N\u00eb Ulqin, desh\u00ebm apo s`desh\u00ebm ta pranojm\u00eb, mbret\u00ebron nj\u00eb situat\u00eb amullie dhe p\u00ebr fat t\u00eb keq vazhdon t\u00eb jet\u00eb k\u00ebshtu. Kur do t\u00eb filloj\u00eb parlamenti t\u00eb debatoj\u00eb p\u00ebr afera q\u00eb flitet t\u00eb ken\u00eb ndodhur n\u00eb pushtetin ekzekutiv dhe nuk jan\u00eb zabrdhur sot e k\u00ebsaj dite?<\/strong><\/address>\n<p><strong><a href=\"http:\/\/www.visit-ulcinj.com\/blog\/wp-content\/uploads\/2009\/04\/muhamet-nika.jpg\"><img loading=\"lazy\" class=\"alignleft size-full wp-image-17877\" title=\"muhamet-nika\" src=\"http:\/\/www.visit-ulcinj.com\/blog\/wp-content\/uploads\/2009\/04\/muhamet-nika.jpg\" alt=\"muhamet-nika\" width=\"253\" height=\"173\" srcset=\"https:\/\/www.visit-ulcinj.com\/blog\/wp-content\/uploads\/2009\/04\/muhamet-nika.jpg 422w, https:\/\/www.visit-ulcinj.com\/blog\/wp-content\/uploads\/2009\/04\/muhamet-nika-300x205.jpg 300w\" sizes=\"(max-width: 253px) 100vw, 253px\" \/><\/a>M. Nika:<\/strong> P\u00ebr fat t\u00eb keq, keni t\u00eb drejt\u00eb. Krimi n\u00eb komun\u00ebn e Ulqinit ka mbetur i pand\u00ebshkuar q\u00eb nga vitet \u201880 kur u asgj\u00ebsua komplet dokumentacioni i kredive dhe i parave p\u00ebr t\u00ebrmetin e vitit 1979, pra u dogj baraka e BVI-s\u00eb. Mir\u00ebpo, po duket se ata t\u00eb cil\u00ebt ishin p\u00ebrgjegj\u00ebs ose e dogj\u00ebn barak\u00ebn e BVI-s\u00eb dhe dogj\u00ebn edhe shum\u00eb dokumentacione t\u00eb tjera n\u00eb nd\u00ebrmarrjet e tjera shtet\u00ebrore, kan\u00eb qen\u00eb \u201ckomunist\u00eb\u201d t\u00eb mir\u00eb dhe \u201canti-iredentist\u00eb\u201d e \u201cantinacionalist\u00eb\u201d q\u00eb shteti nuk i ndiqte penalisht. Kjo praktik\u00eb pastaj vazhdoi me keqp\u00ebrdorime t\u00eb tjera, si ndarja e trojeve pa kriter, keqp\u00ebrdorimi i parave t\u00eb Bashkimit Evropian dedikuar familjeve q\u00eb strehuan refugjat\u00ebt nga Kosova e t\u00eb tjera. Mendoj se integrimet evropiane q\u00eb duhet t\u00eb ndodhin vetvetiu do t\u00eb prodhojn\u00eb mund\u00ebsin\u00eb p\u00ebr respektimin e normave dhe standardeve nd\u00ebrkomb\u00ebtare.<\/p>\n<address><strong>A jeni optimist se Kuvendi Komunal i Ulqinit mund t\u00eb vazhdoj\u00eb pun\u00ebn me k\u00ebt\u00eb p\u00ebrb\u00ebrje t\u00eb shumic\u00ebs parlamentare deri n\u00eb fund t\u00eb mandatit apo mund t\u00eb vij\u00eb deri te nj\u00eb rikompozim i ri i qeverisjes vendore, duke mos p\u00ebrjashtuar as zgjedhjet e parakohshme lokale?<\/strong><\/address>\n<p><strong>M. Nika:<\/strong> Un\u00eb dhe dy k\u00ebshilltar\u00ebt e PPD-s\u00eb, q\u00eb b\u00ebjm\u00eb shumic\u00ebn n\u00eb k\u00ebt\u00eb parlament, do t\u00eb b\u00ebjm\u00eb p\u00ebrpjekje maksimale q\u00eb parlamenti t\u00eb mos bllokohet. Kurse rikompozimet e reja nuk do t\u00eb ndodhin, sepse po t\u00eb kishim dashur e kemi patur k\u00ebt\u00eb mund\u00ebsi n\u00eb momentin kur PPD k\u00ebrkoi zgjedhje t\u00eb parakohshme n\u00eb kuad\u00ebr t\u00eb koalicionit shqiptar. Zgjedhjet e parakohshme<\/p>\n<p><strong>Bisedoi: Gj. Gjonaj<br \/>\nKoha Javore<\/strong><\/p>\n","protected":false},"excerpt":{"rendered":"<p>Nuk do t\u00eb ket\u00eb zgjedhje t\u00eb parakohshme lokale Z. Nika, Kuvendi i Komun\u00ebs s\u00eb Ulqinit udh\u00ebheqet nga Koalicioni \u201eP\u00ebr Ulqinin Evropian\u201c (Partia Demokratike e Socialist\u00ebve, Unioni Demokratik i Shqiptar\u00ebve) dhe tre k\u00ebshilltar\u00ebt e PPD-s\u00eb, t\u00eb cil\u00ebt s\u00eb bashku p\u00ebrb\u00ebjn\u00eb shumic\u00ebn parlamentare prej 17 k\u00ebshilltar\u00ebsh nga gjithsej 33 sish. Sa jeni t\u00eb k\u00ebnaqur me produktivitetin e [&hellip;]<\/p>\n","protected":false},"author":1,"featured_media":0,"comment_status":"open","ping_status":"closed","sticky":false,"template":"","format":"standard","meta":{"spay_email":"","jetpack_publicize_message":"","jetpack_is_tweetstorm":false,"jetpack_publicize_feature_enabled":true},"categories":[5],"tags":[7150,944],"jetpack_publicize_connections":[],"yoast_head":"<!-- This site is optimized with the Yoast SEO plugin v19.1 - https:\/\/yoast.com\/wordpress\/plugins\/seo\/ -->\n<title>Intervist\u00eb me kryetarin e kuvendit t\u00eb komun\u00ebs s\u00eb Ulqinit, Muhamet Nika - Lajme nga Ulqini<\/title>\n<meta name=\"description\" content=\"Nuk do t\u00eb ket\u00eb zgjedhje t\u00eb parakohshme lokale Z. Nika, Kuvendi i Komun\u00ebs s\u00eb Ulqinit udh\u00ebheqet nga Koalicioni \u201eP\u00ebr Ulqinin Evropian\u201c (Partia Demokratike e\" \/>\n<meta name=\"robots\" content=\"index, follow, max-snippet:-1, max-image-preview:large, max-video-preview:-1\" \/>\n<link rel=\"canonical\" href=\"https:\/\/www.visit-ulcinj.com\/blog\/2009\/08\/17\/interviste-me-kryetarin-e-kuvendit-te-komunes-se-ulqinit-muhamet-nika-2\/\" \/>\n<meta property=\"og:locale\" content=\"en_US\" \/>\n<meta property=\"og:type\" content=\"article\" \/>\n<meta property=\"og:title\" content=\"Intervist\u00eb me kryetarin e kuvendit t\u00eb komun\u00ebs s\u00eb Ulqinit, Muhamet Nika - Lajme nga Ulqini\" \/>\n<meta property=\"og:description\" content=\"Nuk do t\u00eb ket\u00eb zgjedhje t\u00eb parakohshme lokale Z. Nika, Kuvendi i Komun\u00ebs s\u00eb Ulqinit udh\u00ebheqet nga Koalicioni \u201eP\u00ebr Ulqinin Evropian\u201c (Partia Demokratike e\" \/>\n<meta property=\"og:url\" content=\"https:\/\/www.visit-ulcinj.com\/blog\/2009\/08\/17\/interviste-me-kryetarin-e-kuvendit-te-komunes-se-ulqinit-muhamet-nika-2\/\" \/>\n<meta property=\"og:site_name\" content=\"Lajme nga Ulqini\" \/>\n<meta property=\"article:published_time\" content=\"2009-08-17T15:32:45+00:00\" \/>\n<meta property=\"article:modified_time\" content=\"2009-08-17T15:34:41+00:00\" \/>\n<meta property=\"og:image\" content=\"http:\/\/www.visit-ulcinj.com\/blog\/wp-content\/uploads\/2009\/06\/muhamet-nika_ulqin.jpg\" \/>\n<meta name=\"twitter:label1\" content=\"Written by\" \/>\n\t<meta name=\"twitter:data1\" content=\"ulqini\" \/>\n\t<meta name=\"twitter:label2\" content=\"Est. reading time\" \/>\n\t<meta name=\"twitter:data2\" content=\"12 minutes\" \/>\n<script type=\"application\/ld+json\" class=\"yoast-schema-graph\">{\"@context\":\"https:\/\/schema.org\",\"@graph\":[{\"@type\":\"WebSite\",\"@id\":\"https:\/\/www.visit-ulcinj.com\/blog\/#website\",\"url\":\"https:\/\/www.visit-ulcinj.com\/blog\/\",\"name\":\"Lajme nga Ulqini\",\"description\":\"Lajme,Vijesti,Ulqini,Ulqin,Crna Gora,Mali i Zi\",\"potentialAction\":[{\"@type\":\"SearchAction\",\"target\":{\"@type\":\"EntryPoint\",\"urlTemplate\":\"https:\/\/www.visit-ulcinj.com\/blog\/?s={search_term_string}\"},\"query-input\":\"required name=search_term_string\"}],\"inLanguage\":\"en-US\"},{\"@type\":\"ImageObject\",\"inLanguage\":\"en-US\",\"@id\":\"https:\/\/www.visit-ulcinj.com\/blog\/2009\/08\/17\/interviste-me-kryetarin-e-kuvendit-te-komunes-se-ulqinit-muhamet-nika-2\/#primaryimage\",\"url\":\"https:\/\/www.visit-ulcinj.com\/blog\/wp-content\/uploads\/2009\/06\/muhamet-nika_ulqin.jpg\",\"contentUrl\":\"https:\/\/www.visit-ulcinj.com\/blog\/wp-content\/uploads\/2009\/06\/muhamet-nika_ulqin.jpg\",\"width\":\"290\",\"height\":\"218\"},{\"@type\":\"WebPage\",\"@id\":\"https:\/\/www.visit-ulcinj.com\/blog\/2009\/08\/17\/interviste-me-kryetarin-e-kuvendit-te-komunes-se-ulqinit-muhamet-nika-2\/#webpage\",\"url\":\"https:\/\/www.visit-ulcinj.com\/blog\/2009\/08\/17\/interviste-me-kryetarin-e-kuvendit-te-komunes-se-ulqinit-muhamet-nika-2\/\",\"name\":\"Intervist\u00eb me kryetarin e kuvendit t\u00eb komun\u00ebs s\u00eb Ulqinit, Muhamet Nika - Lajme nga Ulqini\",\"isPartOf\":{\"@id\":\"https:\/\/www.visit-ulcinj.com\/blog\/#website\"},\"primaryImageOfPage\":{\"@id\":\"https:\/\/www.visit-ulcinj.com\/blog\/2009\/08\/17\/interviste-me-kryetarin-e-kuvendit-te-komunes-se-ulqinit-muhamet-nika-2\/#primaryimage\"},\"datePublished\":\"2009-08-17T15:32:45+00:00\",\"dateModified\":\"2009-08-17T15:34:41+00:00\",\"author\":{\"@id\":\"https:\/\/www.visit-ulcinj.com\/blog\/#\/schema\/person\/dcab619c614d3038751c63bc2aadc06d\"},\"description\":\"Nuk do t\u00eb ket\u00eb zgjedhje t\u00eb parakohshme lokale Z. Nika, Kuvendi i Komun\u00ebs s\u00eb Ulqinit udh\u00ebheqet nga Koalicioni \u201eP\u00ebr Ulqinin Evropian\u201c (Partia Demokratike e\",\"breadcrumb\":{\"@id\":\"https:\/\/www.visit-ulcinj.com\/blog\/2009\/08\/17\/interviste-me-kryetarin-e-kuvendit-te-komunes-se-ulqinit-muhamet-nika-2\/#breadcrumb\"},\"inLanguage\":\"en-US\",\"potentialAction\":[{\"@type\":\"ReadAction\",\"target\":[\"https:\/\/www.visit-ulcinj.com\/blog\/2009\/08\/17\/interviste-me-kryetarin-e-kuvendit-te-komunes-se-ulqinit-muhamet-nika-2\/\"]}]},{\"@type\":\"BreadcrumbList\",\"@id\":\"https:\/\/www.visit-ulcinj.com\/blog\/2009\/08\/17\/interviste-me-kryetarin-e-kuvendit-te-komunes-se-ulqinit-muhamet-nika-2\/#breadcrumb\",\"itemListElement\":[{\"@type\":\"ListItem\",\"position\":1,\"name\":\"Intervist\u00eb me kryetarin e kuvendit t\u00eb komun\u00ebs s\u00eb Ulqinit, Muhamet Nika\"}]},{\"@type\":\"Person\",\"@id\":\"https:\/\/www.visit-ulcinj.com\/blog\/#\/schema\/person\/dcab619c614d3038751c63bc2aadc06d\",\"name\":\"ulqini\",\"sameAs\":[\"http:\/\/www.visit-ulcinj.com\"],\"url\":\"https:\/\/www.visit-ulcinj.com\/blog\/author\/admin\/\"}]}<\/script>\n<!-- \/ Yoast SEO plugin. -->","yoast_head_json":{"title":"Intervist\u00eb me kryetarin e kuvendit t\u00eb komun\u00ebs s\u00eb Ulqinit, Muhamet Nika - Lajme nga Ulqini","description":"Nuk do t\u00eb ket\u00eb zgjedhje t\u00eb parakohshme lokale Z. Nika, Kuvendi i Komun\u00ebs s\u00eb Ulqinit udh\u00ebheqet nga Koalicioni \u201eP\u00ebr Ulqinin Evropian\u201c (Partia Demokratike e","robots":{"index":"index","follow":"follow","max-snippet":"max-snippet:-1","max-image-preview":"max-image-preview:large","max-video-preview":"max-video-preview:-1"},"canonical":"https:\/\/www.visit-ulcinj.com\/blog\/2009\/08\/17\/interviste-me-kryetarin-e-kuvendit-te-komunes-se-ulqinit-muhamet-nika-2\/","og_locale":"en_US","og_type":"article","og_title":"Intervist\u00eb me kryetarin e kuvendit t\u00eb komun\u00ebs s\u00eb Ulqinit, Muhamet Nika - Lajme nga Ulqini","og_description":"Nuk do t\u00eb ket\u00eb zgjedhje t\u00eb parakohshme lokale Z. Nika, Kuvendi i Komun\u00ebs s\u00eb Ulqinit udh\u00ebheqet nga Koalicioni \u201eP\u00ebr Ulqinin Evropian\u201c (Partia Demokratike e","og_url":"https:\/\/www.visit-ulcinj.com\/blog\/2009\/08\/17\/interviste-me-kryetarin-e-kuvendit-te-komunes-se-ulqinit-muhamet-nika-2\/","og_site_name":"Lajme nga Ulqini","article_published_time":"2009-08-17T15:32:45+00:00","article_modified_time":"2009-08-17T15:34:41+00:00","og_image":[{"url":"http:\/\/www.visit-ulcinj.com\/blog\/wp-content\/uploads\/2009\/06\/muhamet-nika_ulqin.jpg"}],"twitter_misc":{"Written by":"ulqini","Est. reading time":"12 minutes"},"schema":{"@context":"https:\/\/schema.org","@graph":[{"@type":"WebSite","@id":"https:\/\/www.visit-ulcinj.com\/blog\/#website","url":"https:\/\/www.visit-ulcinj.com\/blog\/","name":"Lajme nga Ulqini","description":"Lajme,Vijesti,Ulqini,Ulqin,Crna Gora,Mali i Zi","potentialAction":[{"@type":"SearchAction","target":{"@type":"EntryPoint","urlTemplate":"https:\/\/www.visit-ulcinj.com\/blog\/?s={search_term_string}"},"query-input":"required name=search_term_string"}],"inLanguage":"en-US"},{"@type":"ImageObject","inLanguage":"en-US","@id":"https:\/\/www.visit-ulcinj.com\/blog\/2009\/08\/17\/interviste-me-kryetarin-e-kuvendit-te-komunes-se-ulqinit-muhamet-nika-2\/#primaryimage","url":"https:\/\/www.visit-ulcinj.com\/blog\/wp-content\/uploads\/2009\/06\/muhamet-nika_ulqin.jpg","contentUrl":"https:\/\/www.visit-ulcinj.com\/blog\/wp-content\/uploads\/2009\/06\/muhamet-nika_ulqin.jpg","width":"290","height":"218"},{"@type":"WebPage","@id":"https:\/\/www.visit-ulcinj.com\/blog\/2009\/08\/17\/interviste-me-kryetarin-e-kuvendit-te-komunes-se-ulqinit-muhamet-nika-2\/#webpage","url":"https:\/\/www.visit-ulcinj.com\/blog\/2009\/08\/17\/interviste-me-kryetarin-e-kuvendit-te-komunes-se-ulqinit-muhamet-nika-2\/","name":"Intervist\u00eb me kryetarin e kuvendit t\u00eb komun\u00ebs s\u00eb Ulqinit, Muhamet Nika - Lajme nga Ulqini","isPartOf":{"@id":"https:\/\/www.visit-ulcinj.com\/blog\/#website"},"primaryImageOfPage":{"@id":"https:\/\/www.visit-ulcinj.com\/blog\/2009\/08\/17\/interviste-me-kryetarin-e-kuvendit-te-komunes-se-ulqinit-muhamet-nika-2\/#primaryimage"},"datePublished":"2009-08-17T15:32:45+00:00","dateModified":"2009-08-17T15:34:41+00:00","author":{"@id":"https:\/\/www.visit-ulcinj.com\/blog\/#\/schema\/person\/dcab619c614d3038751c63bc2aadc06d"},"description":"Nuk do t\u00eb ket\u00eb zgjedhje t\u00eb parakohshme lokale Z. Nika, Kuvendi i Komun\u00ebs s\u00eb Ulqinit udh\u00ebheqet nga Koalicioni \u201eP\u00ebr Ulqinin Evropian\u201c (Partia Demokratike e","breadcrumb":{"@id":"https:\/\/www.visit-ulcinj.com\/blog\/2009\/08\/17\/interviste-me-kryetarin-e-kuvendit-te-komunes-se-ulqinit-muhamet-nika-2\/#breadcrumb"},"inLanguage":"en-US","potentialAction":[{"@type":"ReadAction","target":["https:\/\/www.visit-ulcinj.com\/blog\/2009\/08\/17\/interviste-me-kryetarin-e-kuvendit-te-komunes-se-ulqinit-muhamet-nika-2\/"]}]},{"@type":"BreadcrumbList","@id":"https:\/\/www.visit-ulcinj.com\/blog\/2009\/08\/17\/interviste-me-kryetarin-e-kuvendit-te-komunes-se-ulqinit-muhamet-nika-2\/#breadcrumb","itemListElement":[{"@type":"ListItem","position":1,"name":"Intervist\u00eb me kryetarin e kuvendit t\u00eb komun\u00ebs s\u00eb Ulqinit, Muhamet Nika"}]},{"@type":"Person","@id":"https:\/\/www.visit-ulcinj.com\/blog\/#\/schema\/person\/dcab619c614d3038751c63bc2aadc06d","name":"ulqini","sameAs":["http:\/\/www.visit-ulcinj.com"],"url":"https:\/\/www.visit-ulcinj.com\/blog\/author\/admin\/"}]}},"jetpack_featured_media_url":"","jetpack_sharing_enabled":true,"jetpack_shortlink":"https:\/\/wp.me\/pe6lTn-6pO","_links":{"self":[{"href":"https:\/\/www.visit-ulcinj.com\/blog\/wp-json\/wp\/v2\/posts\/24664"}],"collection":[{"href":"https:\/\/www.visit-ulcinj.com\/blog\/wp-json\/wp\/v2\/posts"}],"about":[{"href":"https:\/\/www.visit-ulcinj.com\/blog\/wp-json\/wp\/v2\/types\/post"}],"author":[{"embeddable":true,"href":"https:\/\/www.visit-ulcinj.com\/blog\/wp-json\/wp\/v2\/users\/1"}],"replies":[{"embeddable":true,"href":"https:\/\/www.visit-ulcinj.com\/blog\/wp-json\/wp\/v2\/comments?post=24664"}],"version-history":[{"count":0,"href":"https:\/\/www.visit-ulcinj.com\/blog\/wp-json\/wp\/v2\/posts\/24664\/revisions"}],"wp:attachment":[{"href":"https:\/\/www.visit-ulcinj.com\/blog\/wp-json\/wp\/v2\/media?parent=24664"}],"wp:term":[{"taxonomy":"category","embeddable":true,"href":"https:\/\/www.visit-ulcinj.com\/blog\/wp-json\/wp\/v2\/categories?post=24664"},{"taxonomy":"post_tag","embeddable":true,"href":"https:\/\/www.visit-ulcinj.com\/blog\/wp-json\/wp\/v2\/tags?post=24664"}],"curies":[{"name":"wp","href":"https:\/\/api.w.org\/{rel}","templated":true}]}}