{"id":247,"date":"2008-01-23T14:00:00","date_gmt":"2008-01-23T19:00:00","guid":{"rendered":"http:\/\/www.visit-ulcinj.com\/blog\/2008\/01\/23\/opozita-kerkon-doreheqjen-e-fuad-nimani\/"},"modified":"2008-02-12T19:37:30","modified_gmt":"2008-02-13T00:37:30","slug":"opozita-kerkon-doreheqjen-e-fuad-nimani","status":"publish","type":"post","link":"https:\/\/www.visit-ulcinj.com\/blog\/2008\/01\/23\/opozita-kerkon-doreheqjen-e-fuad-nimani\/","title":{"rendered":"Opozita k\u00ebrkon dor\u00ebheqjen e Fuad Nimani"},"content":{"rendered":"<p><a href=\"http:\/\/www.visit-ulcinj.com\/blog\/2008\/01\/23\/opozita-kerkon-doreheqjen-e-fuad-nimani\/nazif-cungu-kryetari-i-forces-se-re-demokratike\/\" rel=\"attachment wp-att-249\" title=\"Nazif Cungu kryetari i Forc?s s? Re Demokratike\"><img loading=\"lazy\" src=\"http:\/\/www.visit-ulcinj.com\/blog\/wp-content\/uploads\/2008\/01\/nazif-cungukryetari-i-forces-se-re-demokratike-2.jpg\" alt=\"Nazif Cungu kryetari i Forc?s s? Re Demokratike\" align=\"left\" height=\"146\" hspace=\"2\" vspace=\"2\" width=\"140\" \/><\/a>ULQIN, 22 JANAR \u2014 Lideri i opozit\u00ebs s\u00eb Ulqinit, Nazif Cungu, kryetar i Forc\u00ebs s\u00eb re Demokratike, q\u00eb \u00ebsht\u00eb edhe partia m\u00eb e madhe nacionale e shqiptar\u00ebve n\u00eb Mal t\u00eb Zi, ka k\u00ebrkuar dit\u00ebn e mart\u00eb n\u00eb Kuvendin e Ulqinit dor\u00ebheqjen e parevokueshme t\u00eb ministrit aktual t\u00eb pakicave n\u00eb Qeverin\u00eb e Malit t\u00eb Zi,Fuad Nimani dhe ish\u2013kryetar i Komun\u00ebs s\u00eb Ulqinit. <!--more-->\u201cAi \u00ebsht\u00eb fajtori kryesor p\u00ebr gjendjen katastrofale t\u00eb buxhetit t\u00eb Komun\u00ebs s\u00eb Ulqinit gjat\u00eb mandatit t\u00eb tij 2004, 2005 dhe 2006, p\u00ebr \u00e7ka revizori shtet\u00ebror malazias ka konstatuar keqp\u00ebrdorim katastrofal t\u00eb ark\u00ebs buxhetore t\u00eb Komun\u00ebs s\u00eb Ulqinit n\u00eb k\u00ebt\u00eb periudh\u00eb\u201d, tha Cungu. Ai tha se qeveria e socialist\u00ebve n\u00eb pushtet nuk e ka kontrolluar se si \u00ebsht\u00eb shpenzuar buxheti i Komun\u00ebs s\u00eb Ulqinit, por p\u00ebr k\u00ebt\u00eb \u201cmerit\u00eb\u201d, Nimani nga kjo parti \u00ebsht\u00eb shp\u00ebrblyer me postin e ministrit t\u00eb pakicave. Parlamenti i Ulqinit ka v\u00ebn\u00eb n\u00eb rend t\u00eb dit\u00ebs tri llogarit\u00eb kontestuese p\u00ebrfundimtare t\u00eb Komun\u00ebs s\u00eb Ulqinit. Kryesocialisti i Ulqinit, Luigj Shkreli, njeriu kryesor i koalicionit qeveris\u00ebs \u201cP\u00ebr Ulqinin evropian\u201d insiston q\u00eb ky parlament t\u2019i miratoj\u00eb k\u00ebto tri dokumente,nd\u00ebrsa organet hetuese dhe gjyq\u00ebsore t\u00eb hetojn\u00eb e t\u00eb marrin masa ligjore p\u00ebr keqmenaxhim t\u00eb buxhetit t\u00eb Komun\u00ebs s\u00eb Ulqinit.<a href=\"http:\/\/www.visit-ulcinj.com\/blog\/2008\/01\/23\/opozita-kerkon-doreheqjen-e-fuad-nimani\/fuad-nimani\/\" rel=\"attachment wp-att-251\" title=\"Fuad Nimani\"><img loading=\"lazy\" src=\"http:\/\/www.visit-ulcinj.com\/blog\/wp-content\/uploads\/2008\/01\/fuad-nimani.jpg\" alt=\"Fuad Nimani\" align=\"right\" height=\"106\" hspace=\"2\" vspace=\"2\" width=\"122\" \/><\/a>Nd\u00ebrkaq, partit\u00eb opozitare shqiptare<br \/>\njan\u00eb unike se p\u00ebr k\u00ebt\u00eb gjendje kaotike, fajtor \u00ebsht\u00eb ish-kryetari i Komun\u00ebs, Fuad Nimani, minist\u00ebr i pakicave. Lidhur me akuzat ndaj tij,ministri Nimani tha p\u00ebr KosovaLive se gjat\u00eb mandatit t\u00eb tij ka qen\u00eb v\u00ebshtir\u00eb t\u00eb ushtrohet pushtet n\u00eb form\u00eb trepartiake.<\/p>\n<p>Gazeta Express<\/p>\n","protected":false},"excerpt":{"rendered":"<p><img loading=\"lazy\" src=\"http:\/\/www.visit-ulcinj.com\/blog\/wp-content\/uploads\/2008\/01\/nazif-cungukryetari-i-forces-se-re-demokratike-2.jpg\" alt=\"Nazif Cungu kryetari i Forc?s s? Re Demokratike\" height=\"140\" width=\"140\" \/><\/p>\n","protected":false},"author":1,"featured_media":0,"comment_status":"open","ping_status":"closed","sticky":false,"template":"","format":"standard","meta":{"spay_email":"","jetpack_publicize_message":"","jetpack_is_tweetstorm":false,"jetpack_publicize_feature_enabled":true},"categories":[1],"tags":[1230,726,727,734,106,731,724,730,728,723,722,729,38,118],"jetpack_publicize_connections":[],"yoast_head":"<!-- This site is optimized with the Yoast SEO plugin v19.1 - https:\/\/yoast.com\/wordpress\/plugins\/seo\/ -->\n<title>Opozita k\u00ebrkon dor\u00ebheqjen e Fuad Nimani - Lajme nga Ulqini<\/title>\n<meta name=\"robots\" content=\"index, follow, max-snippet:-1, max-image-preview:large, max-video-preview:-1\" \/>\n<link rel=\"canonical\" href=\"https:\/\/www.visit-ulcinj.com\/blog\/2008\/01\/23\/opozita-kerkon-doreheqjen-e-fuad-nimani\/\" \/>\n<meta property=\"og:locale\" content=\"en_US\" \/>\n<meta property=\"og:type\" content=\"article\" \/>\n<meta property=\"og:title\" content=\"Opozita k\u00ebrkon dor\u00ebheqjen e Fuad Nimani - Lajme nga Ulqini\" \/>\n<meta property=\"og:url\" content=\"https:\/\/www.visit-ulcinj.com\/blog\/2008\/01\/23\/opozita-kerkon-doreheqjen-e-fuad-nimani\/\" \/>\n<meta property=\"og:site_name\" content=\"Lajme nga Ulqini\" \/>\n<meta property=\"article:published_time\" content=\"2008-01-23T19:00:00+00:00\" \/>\n<meta property=\"article:modified_time\" content=\"2008-02-13T00:37:30+00:00\" \/>\n<meta property=\"og:image\" content=\"http:\/\/www.visit-ulcinj.com\/blog\/wp-content\/uploads\/2008\/01\/nazif-cungukryetari-i-forces-se-re-demokratike-2.jpg\" \/>\n<meta name=\"twitter:label1\" content=\"Written by\" \/>\n\t<meta name=\"twitter:data1\" content=\"ulqini\" \/>\n\t<meta name=\"twitter:label2\" content=\"Est. reading time\" \/>\n\t<meta name=\"twitter:data2\" content=\"1 minute\" \/>\n<script type=\"application\/ld+json\" class=\"yoast-schema-graph\">{\"@context\":\"https:\/\/schema.org\",\"@graph\":[{\"@type\":\"WebSite\",\"@id\":\"https:\/\/www.visit-ulcinj.com\/blog\/#website\",\"url\":\"https:\/\/www.visit-ulcinj.com\/blog\/\",\"name\":\"Lajme nga Ulqini\",\"description\":\"Lajme,Vijesti,Ulqini,Ulqin,Crna Gora,Mali i Zi\",\"potentialAction\":[{\"@type\":\"SearchAction\",\"target\":{\"@type\":\"EntryPoint\",\"urlTemplate\":\"https:\/\/www.visit-ulcinj.com\/blog\/?s={search_term_string}\"},\"query-input\":\"required name=search_term_string\"}],\"inLanguage\":\"en-US\"},{\"@type\":\"ImageObject\",\"inLanguage\":\"en-US\",\"@id\":\"https:\/\/www.visit-ulcinj.com\/blog\/2008\/01\/23\/opozita-kerkon-doreheqjen-e-fuad-nimani\/#primaryimage\",\"url\":\"http:\/\/www.visit-ulcinj.com\/blog\/wp-content\/uploads\/2008\/01\/nazif-cungukryetari-i-forces-se-re-demokratike-2.jpg\",\"contentUrl\":\"http:\/\/www.visit-ulcinj.com\/blog\/wp-content\/uploads\/2008\/01\/nazif-cungukryetari-i-forces-se-re-demokratike-2.jpg\"},{\"@type\":\"WebPage\",\"@id\":\"https:\/\/www.visit-ulcinj.com\/blog\/2008\/01\/23\/opozita-kerkon-doreheqjen-e-fuad-nimani\/#webpage\",\"url\":\"https:\/\/www.visit-ulcinj.com\/blog\/2008\/01\/23\/opozita-kerkon-doreheqjen-e-fuad-nimani\/\",\"name\":\"Opozita k\u00ebrkon dor\u00ebheqjen e Fuad Nimani - Lajme nga Ulqini\",\"isPartOf\":{\"@id\":\"https:\/\/www.visit-ulcinj.com\/blog\/#website\"},\"primaryImageOfPage\":{\"@id\":\"https:\/\/www.visit-ulcinj.com\/blog\/2008\/01\/23\/opozita-kerkon-doreheqjen-e-fuad-nimani\/#primaryimage\"},\"datePublished\":\"2008-01-23T19:00:00+00:00\",\"dateModified\":\"2008-02-13T00:37:30+00:00\",\"author\":{\"@id\":\"https:\/\/www.visit-ulcinj.com\/blog\/#\/schema\/person\/dcab619c614d3038751c63bc2aadc06d\"},\"breadcrumb\":{\"@id\":\"https:\/\/www.visit-ulcinj.com\/blog\/2008\/01\/23\/opozita-kerkon-doreheqjen-e-fuad-nimani\/#breadcrumb\"},\"inLanguage\":\"en-US\",\"potentialAction\":[{\"@type\":\"ReadAction\",\"target\":[\"https:\/\/www.visit-ulcinj.com\/blog\/2008\/01\/23\/opozita-kerkon-doreheqjen-e-fuad-nimani\/\"]}]},{\"@type\":\"BreadcrumbList\",\"@id\":\"https:\/\/www.visit-ulcinj.com\/blog\/2008\/01\/23\/opozita-kerkon-doreheqjen-e-fuad-nimani\/#breadcrumb\",\"itemListElement\":[{\"@type\":\"ListItem\",\"position\":1,\"name\":\"Opozita k\u00ebrkon dor\u00ebheqjen e Fuad Nimani\"}]},{\"@type\":\"Person\",\"@id\":\"https:\/\/www.visit-ulcinj.com\/blog\/#\/schema\/person\/dcab619c614d3038751c63bc2aadc06d\",\"name\":\"ulqini\",\"sameAs\":[\"http:\/\/www.visit-ulcinj.com\"],\"url\":\"https:\/\/www.visit-ulcinj.com\/blog\/author\/admin\/\"}]}<\/script>\n<!-- \/ Yoast SEO plugin. -->","yoast_head_json":{"title":"Opozita k\u00ebrkon dor\u00ebheqjen e Fuad Nimani - Lajme nga Ulqini","robots":{"index":"index","follow":"follow","max-snippet":"max-snippet:-1","max-image-preview":"max-image-preview:large","max-video-preview":"max-video-preview:-1"},"canonical":"https:\/\/www.visit-ulcinj.com\/blog\/2008\/01\/23\/opozita-kerkon-doreheqjen-e-fuad-nimani\/","og_locale":"en_US","og_type":"article","og_title":"Opozita k\u00ebrkon dor\u00ebheqjen e Fuad Nimani - Lajme nga Ulqini","og_url":"https:\/\/www.visit-ulcinj.com\/blog\/2008\/01\/23\/opozita-kerkon-doreheqjen-e-fuad-nimani\/","og_site_name":"Lajme nga Ulqini","article_published_time":"2008-01-23T19:00:00+00:00","article_modified_time":"2008-02-13T00:37:30+00:00","og_image":[{"url":"http:\/\/www.visit-ulcinj.com\/blog\/wp-content\/uploads\/2008\/01\/nazif-cungukryetari-i-forces-se-re-demokratike-2.jpg"}],"twitter_misc":{"Written by":"ulqini","Est. reading time":"1 minute"},"schema":{"@context":"https:\/\/schema.org","@graph":[{"@type":"WebSite","@id":"https:\/\/www.visit-ulcinj.com\/blog\/#website","url":"https:\/\/www.visit-ulcinj.com\/blog\/","name":"Lajme nga Ulqini","description":"Lajme,Vijesti,Ulqini,Ulqin,Crna Gora,Mali i Zi","potentialAction":[{"@type":"SearchAction","target":{"@type":"EntryPoint","urlTemplate":"https:\/\/www.visit-ulcinj.com\/blog\/?s={search_term_string}"},"query-input":"required name=search_term_string"}],"inLanguage":"en-US"},{"@type":"ImageObject","inLanguage":"en-US","@id":"https:\/\/www.visit-ulcinj.com\/blog\/2008\/01\/23\/opozita-kerkon-doreheqjen-e-fuad-nimani\/#primaryimage","url":"http:\/\/www.visit-ulcinj.com\/blog\/wp-content\/uploads\/2008\/01\/nazif-cungukryetari-i-forces-se-re-demokratike-2.jpg","contentUrl":"http:\/\/www.visit-ulcinj.com\/blog\/wp-content\/uploads\/2008\/01\/nazif-cungukryetari-i-forces-se-re-demokratike-2.jpg"},{"@type":"WebPage","@id":"https:\/\/www.visit-ulcinj.com\/blog\/2008\/01\/23\/opozita-kerkon-doreheqjen-e-fuad-nimani\/#webpage","url":"https:\/\/www.visit-ulcinj.com\/blog\/2008\/01\/23\/opozita-kerkon-doreheqjen-e-fuad-nimani\/","name":"Opozita k\u00ebrkon dor\u00ebheqjen e Fuad Nimani - Lajme nga Ulqini","isPartOf":{"@id":"https:\/\/www.visit-ulcinj.com\/blog\/#website"},"primaryImageOfPage":{"@id":"https:\/\/www.visit-ulcinj.com\/blog\/2008\/01\/23\/opozita-kerkon-doreheqjen-e-fuad-nimani\/#primaryimage"},"datePublished":"2008-01-23T19:00:00+00:00","dateModified":"2008-02-13T00:37:30+00:00","author":{"@id":"https:\/\/www.visit-ulcinj.com\/blog\/#\/schema\/person\/dcab619c614d3038751c63bc2aadc06d"},"breadcrumb":{"@id":"https:\/\/www.visit-ulcinj.com\/blog\/2008\/01\/23\/opozita-kerkon-doreheqjen-e-fuad-nimani\/#breadcrumb"},"inLanguage":"en-US","potentialAction":[{"@type":"ReadAction","target":["https:\/\/www.visit-ulcinj.com\/blog\/2008\/01\/23\/opozita-kerkon-doreheqjen-e-fuad-nimani\/"]}]},{"@type":"BreadcrumbList","@id":"https:\/\/www.visit-ulcinj.com\/blog\/2008\/01\/23\/opozita-kerkon-doreheqjen-e-fuad-nimani\/#breadcrumb","itemListElement":[{"@type":"ListItem","position":1,"name":"Opozita k\u00ebrkon dor\u00ebheqjen e Fuad Nimani"}]},{"@type":"Person","@id":"https:\/\/www.visit-ulcinj.com\/blog\/#\/schema\/person\/dcab619c614d3038751c63bc2aadc06d","name":"ulqini","sameAs":["http:\/\/www.visit-ulcinj.com"],"url":"https:\/\/www.visit-ulcinj.com\/blog\/author\/admin\/"}]}},"jetpack_featured_media_url":"","jetpack_sharing_enabled":true,"jetpack_shortlink":"https:\/\/wp.me\/pe6lTn-3Z","_links":{"self":[{"href":"https:\/\/www.visit-ulcinj.com\/blog\/wp-json\/wp\/v2\/posts\/247"}],"collection":[{"href":"https:\/\/www.visit-ulcinj.com\/blog\/wp-json\/wp\/v2\/posts"}],"about":[{"href":"https:\/\/www.visit-ulcinj.com\/blog\/wp-json\/wp\/v2\/types\/post"}],"author":[{"embeddable":true,"href":"https:\/\/www.visit-ulcinj.com\/blog\/wp-json\/wp\/v2\/users\/1"}],"replies":[{"embeddable":true,"href":"https:\/\/www.visit-ulcinj.com\/blog\/wp-json\/wp\/v2\/comments?post=247"}],"version-history":[{"count":0,"href":"https:\/\/www.visit-ulcinj.com\/blog\/wp-json\/wp\/v2\/posts\/247\/revisions"}],"wp:attachment":[{"href":"https:\/\/www.visit-ulcinj.com\/blog\/wp-json\/wp\/v2\/media?parent=247"}],"wp:term":[{"taxonomy":"category","embeddable":true,"href":"https:\/\/www.visit-ulcinj.com\/blog\/wp-json\/wp\/v2\/categories?post=247"},{"taxonomy":"post_tag","embeddable":true,"href":"https:\/\/www.visit-ulcinj.com\/blog\/wp-json\/wp\/v2\/tags?post=247"}],"curies":[{"name":"wp","href":"https:\/\/api.w.org\/{rel}","templated":true}]}}