{"id":24710,"date":"2009-08-18T20:16:03","date_gmt":"2009-08-18T18:16:03","guid":{"rendered":"http:\/\/www.visit-ulcinj.com\/blog\/?p=24710"},"modified":"2009-08-18T20:17:25","modified_gmt":"2009-08-18T18:17:25","slug":"jane-rrezikuar-bukurite-natyrore-te-ulqinit","status":"publish","type":"post","link":"https:\/\/www.visit-ulcinj.com\/blog\/2009\/08\/18\/jane-rrezikuar-bukurite-natyrore-te-ulqinit\/","title":{"rendered":"Jan\u00eb rrezikuar bukurit\u00eb natyrore t\u00eb Ulqinit"},"content":{"rendered":"<p><strong><a href=\"http:\/\/www.visit-ulcinj.com\/blog\/wp-content\/uploads\/2009\/08\/Ada-Bojana-ulqin_ulcinj_montenegro.JPG\"><img loading=\"lazy\" class=\"alignleft size-full wp-image-24711\" title=\"Ada Bojana ulqin_ulcinj_montenegro\" src=\"http:\/\/www.visit-ulcinj.com\/blog\/wp-content\/uploads\/2009\/08\/Ada-Bojana-ulqin_ulcinj_montenegro.JPG\" alt=\"Ada Bojana ulqin_ulcinj_montenegro\" width=\"580\" height=\"400\" \/><\/a>Ada po zhduket n\u00eb syt\u00eb ton\u00eb<\/strong><br \/>\nNatyra nuk mund ta duroj\u00eb m\u00eb k\u00ebt\u00eb prishje t\u00eb baraspesh\u00ebs dhe prandaj kemi k\u00ebto procese t\u00eb tmerrshme. Thjesht\u00eb nuk mundem t\u00eb mos e citoj nj\u00eb pjes\u00eb t\u00eb mesazhit t\u00eb kryeparit indian nga Sietlli drejtuar njeriut t\u00eb bardh\u00eb n\u00eb vitin e kahmotsh\u00ebm 1854: \u201cKy uj\u00eb i kristalt\u00eb q\u00eb rrjedh n\u00ebp\u00ebr p\u00ebrrockat dhe lumenjt\u00eb e shpejt\u00eb nuk \u00ebsht\u00eb vet\u00ebm uj\u00eb por edhe gjak i t\u00eb par\u00ebve tan\u00eb. Lumenjt\u00eb jan\u00eb v\u00ebllez\u00ebrit ton\u00eb, ato na shuajn\u00eb etjen. Lumenjt\u00eb bajn\u00eb kanut\u00eb tona dhe ushqejn\u00eb f\u00ebmij\u00ebt tan\u00eb.<br \/>\nT\u00eb gjith\u00eb klient\u00ebt q\u00eb pushimet e ver\u00ebs i kalojn\u00eb n\u00eb Ulqin kryesisht vin\u00eb p\u00ebr shkak t\u00eb bukurive t\u00eb tij t\u00eb natyr\u00ebs, plazheve t\u00eb bukura, detit t\u00eb mrekulluesh\u00ebm, qiellit t\u00eb kalt\u00ebr, ajrit t\u00eb past\u00ebr.<br \/>\nP\u00ebr k\u00ebto gjithmon\u00eb na e kan\u00eb lakmi dhe shpesh\u00ebher\u00eb na porositin me nostalgji: ruajeni k\u00ebt\u00eb bukuri.<br \/>\nE kjo bukuri, resursi yn\u00eb m\u00eb i vlefsh\u00ebm, po zhduket me shpejt\u00ebsi para syve ton\u00eb apo devastohet n\u00eb m\u00ebnyr\u00eb brutale. Kjo po ndodh\u00eb me Pyllin e pishave, kanalet Port Milena dhe Bratica jan\u00eb b\u00ebr\u00eb sh\u00ebmti e qytetit nga t\u00eb cilat p\u00ebrhapet arom\u00eb kund\u00ebrmuese e padurueshme. M\u00eb sakt\u00ebsisht, ato jan\u00eb b\u00ebr\u00eb pleh\u00ebrishte t\u00eb v\u00ebrteta dhe burim infektimi n\u00eb zem\u00ebr t\u00eb qytetit. P\u00ebr raportin ndaj ullisht\u00ebs n\u00eb Valdanos, e cila madje \u00ebsht\u00eb e mbrojtur edhe me ligj dhe para 40 vitesh \u00ebsht\u00eb shpallur p\u00ebrmendore e natyr\u00ebs, nuk duhet m\u00eb t\u00eb shpenzohen fjal\u00eb. mjafton vet\u00ebm nj\u00eb fjal\u00eb e vetme: Turp. M\u00eb sakt\u00ebsisht krim!<br \/>\nKujt t\u2019i flitet at\u00ebher\u00eb se \u00e7do vit po zhduken dunat n\u00eb Plazhin e Madh, t\u00eb cilat gjithashtu jan\u00eb t\u00eb mbrojtura me ligj, se peshqit edhe tash e tutje po vriten me dinamit, se \u00e7rregullohet q\u00ebndrimi dhe furnizimi i peshqve n\u00eb Kripore.<br \/>\nAt\u00ebher\u00eb, si mund t\u00eb pritet p\u00ebrkrahja e natyr\u00ebs p\u00ebr gjith\u00eb at\u00eb q\u00eb po b\u00ebhet, kur po \u00e7rregullohet kjo qet\u00ebsi dhe harmoni e mrekullueshme, kur po b\u00ebhen \u00e7rregullime n\u00eb tok\u00eb dhe n\u00eb det.<br \/>\nNdoshta kjo shihet m\u00eb s\u00eb miri n\u00eb shembullin e Ad\u00ebs, e cila po zhduket. Shum\u00ebkush do t\u00eb thot\u00eb: jo, nuk jemi ne fajtor\u00eb, fajtore \u00ebsht\u00eb Shqip\u00ebria q\u00eb po nd\u00ebrton hidrocentrale n\u00eb Drin. Sepse, n\u00eb k\u00ebt\u00eb m\u00ebnyr\u00eb pengohet grumbullimi i sedimenteve nga ky lum\u00eb, t\u00eb cilat sedimente para 130 vitesh krijuan k\u00ebt\u00eb ishull t\u00eb mrekulluesh\u00ebm. Dhe kjo \u00ebsht\u00eb e sakt\u00eb: Drini \u00ebsht\u00eb m\u00eb i r\u00ebnd\u00ebsish\u00ebm se Buna p\u00ebr jet\u00ebgjat\u00ebsin\u00eb dhe ruajtjen e Ad\u00ebs. Mir\u00ebpo, kush e ka shkat\u00ebrruar t\u00ebr\u00eb ekosistemin dekada me radh\u00eb, k\u00ebt\u00eb ambient natyror t\u00eb shtaz\u00ebve dhe bim\u00ebve t\u00eb rralla, kush krijoi nga Ada vendin e shfrenimit dhe lakuriq\u00ebsis\u00eb?! Kush e plagosi dhe l\u00ebndoi Bun\u00ebn, k\u00ebshtu q\u00eb ata q\u00eb kan\u00eb shpirt mund t\u00eb d\u00ebgjojn\u00eb se si sot ajo d\u00ebnes\u00eb?!<br \/>\nNatyra nuk mund ta duroj\u00eb m\u00eb k\u00ebt\u00eb prishje t\u00eb baraspesh\u00ebs dhe prandaj kemi k\u00ebto procese t\u00eb tmerrshme. Thjesht nuk mundem t\u00eb mos e citoj nj\u00eb pjes\u00eb t\u00eb mesazhit t\u00eb kryeparit indian nga Sietlli drejtuar njeriut t\u00eb bardh\u00eb n\u00eb vitin e kahmotsh\u00ebm 1854: \u201cKy uj\u00eb i kristalt\u00eb q\u00eb rrjedh n\u00ebp\u00ebr p\u00ebrroskat dhe lumenjt\u00eb e shpejt\u00eb nuk \u00ebsht\u00eb vet\u00ebm uj\u00eb por edhe gjak i t\u00eb par\u00ebve tan\u00eb. Lumenjt\u00eb jan\u00eb v\u00ebllez\u00ebrit ton\u00eb, ato na shuajn\u00eb etjen. Lumenjt\u00eb bajn\u00eb kanut\u00eb tona dhe ushqejn\u00eb f\u00ebmij\u00ebt tan\u00eb.<br \/>\nNe e dim\u00eb se njeriu i bardh\u00eb nuk e kupton jet\u00ebn ton\u00eb. P\u00ebr ta nj\u00eb pjes\u00eb e vendit \u00ebsht\u00eb e barabart\u00eb me tjetr\u00ebn, sepse ai \u00ebsht\u00eb i huaj q\u00eb vjen nat\u00ebn dhe merr nga toka gjith\u00e7ka q\u00eb d\u00ebshiron. P\u00ebr t\u00eb toka nuk \u00ebsht\u00eb v\u00ebllai i tij por armiku i tij dhe kur ta n\u00ebnshtroj\u00eb ai vazhdon tutje. Ai l\u00eb pas vetes varret e baballar\u00ebve dhe nuk kthen kok\u00ebn. Ai rr\u00ebmben tok\u00ebn nga f\u00ebmij\u00ebt e vet dhe nuk b\u00ebhet merak. Ai sillet ndaj n\u00ebn\u00ebs-tok\u00eb dhe ndaj v\u00ebllait qiell si ndaj sendeve q\u00eb mund t\u00eb blihen, t\u00eb pla\u00e7kiten, t\u00eb shiten si kope apo si stoli vezulluese. Oreksi i tij do t\u00eb p\u00ebrbij\u00eb tok\u00ebn dhe do t\u00eb l\u00eb vet\u00ebm shkat\u00ebrrim.<br \/>\nNuk ka vend t\u00eb qet\u00eb n\u00eb qytetet e njeriut t\u00eb bardh\u00eb. Nuk ka vend ku mund t\u00eb d\u00ebgjohet \u00e7elja e gjetheve n\u00eb pranver\u00eb as dridhja e krah\u00ebve t\u00eb insekteve.<br \/>\nDhe \u00e7ka \u00ebsht\u00eb jeta n\u00ebse njeriu nuk mund t\u00eb d\u00ebgjoj\u00eb klithm\u00ebn e vetmuar t\u00eb bricjapit apo grindjen e bretkosave nat\u00ebn n\u00eb mo\u00e7al?<br \/>\nP\u00ebr njeriun e kuq ajri \u00ebsht\u00eb i shtrenjt\u00eb sepse \u00e7do gjalles\u00eb ndan t\u00eb nj\u00ebjt\u00ebn frym\u00eb \u2013 shtaza, bima, njeriu. Njeriu i bardh\u00eb duket sikur nuk e v\u00ebren ajrin q\u00eb thith. Ai \u00ebsht\u00eb topitur ndaj qelb\u00ebsir\u00ebs sikurse njeriu q\u00eb \u00ebsht\u00eb duke vdekur tash e sa dit\u00eb. Po \u00e7\u2019\u00ebsht\u00eb njeriu pa shtaz\u00eb? N\u00ebse shkojn\u00eb t\u00eb gjitha shtaz\u00ebt, njeriu do t\u00eb vdes\u00eb nga vetmia e madhe e shpirtit. \u00c7far\u00ebdo q\u00eb t\u2019u ket\u00eb ndodhur shtaz\u00ebve, do t\u2019i ndodh\u00eb s\u00eb shpejti edhe njeriut. T\u00eb gjitha gj\u00ebrat jan\u00eb t\u00eb nd\u00ebrlidhura.<br \/>\n\u00c7far\u00ebdo q\u00eb t\u2019i ndodh\u00eb Tok\u00ebs, do t\u2019u ndodh\u00eb edhe t\u00eb bijve t\u00eb Tok\u00ebs. N\u00ebse njeriu p\u00ebshtyn\u00eb n\u00eb Tok\u00eb, p\u00ebshtyn\u00eb mbi vetveten. Toka nuk i p\u00ebrket njeriut; njeriu i p\u00ebrket Tok\u00ebs\u201d.<br \/>\nK\u00ebt\u00eb t\u00eb v\u00ebrtet\u00eb e tha kryepari i madh indian i Sietllit: Nuk kishte kush ta d\u00ebgjonte! S\u00eb k\u00ebndejmi tani \u00ebsht\u00eb momenti i fundit q\u00eb t\u00eb vendosim paqe me natyr\u00ebn dhe me tradit\u00ebn dhe t\u2019u kund\u00ebrvihemi fuqimisht k\u00ebtyre projekteve keqb\u00ebr\u00ebse, nga cilado an\u00eb t\u00eb vijn\u00eb ato.<\/p>\n<p><strong>Mustafa Canka<br \/>\nKoha Javore<\/strong><\/p>\n<p><strong>\n\t\t<style type=\"text\/css\">\n\t\t\t#gallery-1 {\n\t\t\t\tmargin: auto;\n\t\t\t}\n\t\t\t#gallery-1 .gallery-item {\n\t\t\t\tfloat: left;\n\t\t\t\tmargin-top: 10px;\n\t\t\t\ttext-align: center;\n\t\t\t\twidth: 33%;\n\t\t\t}\n\t\t\t#gallery-1 img {\n\t\t\t\tborder: 2px solid #cfcfcf;\n\t\t\t}\n\t\t\t#gallery-1 .gallery-caption {\n\t\t\t\tmargin-left: 0;\n\t\t\t}\n\t\t\t\/* see gallery_shortcode() in wp-includes\/media.php *\/\n\t\t<\/style>\n\t\t<div id='gallery-1' class='gallery galleryid-24710 gallery-columns-3 gallery-size-thumbnail'><dl class='gallery-item'>\n\t\t\t<dt class='gallery-icon landscape'>\n\t\t\t\t<a href='https:\/\/www.visit-ulcinj.com\/blog\/wp-content\/uploads\/2009\/08\/Ada-Bojana-ulqin_ulcinj_montenegro.JPG'><img width=\"150\" height=\"150\" src=\"https:\/\/www.visit-ulcinj.com\/blog\/wp-content\/uploads\/2009\/08\/Ada-Bojana-ulqin_ulcinj_montenegro-150x150.jpg\" class=\"attachment-thumbnail size-thumbnail\" alt=\"\" loading=\"lazy\" \/><\/a>\n\t\t\t<\/dt><\/dl><dl class='gallery-item'>\n\t\t\t<dt class='gallery-icon portrait'>\n\t\t\t\t<a href='https:\/\/www.visit-ulcinj.com\/blog\/wp-content\/uploads\/2009\/08\/Ada-Bojana-ulqin_ulcinj_montenegro.1.jpg'><img width=\"150\" height=\"150\" src=\"https:\/\/www.visit-ulcinj.com\/blog\/wp-content\/uploads\/2009\/08\/Ada-Bojana-ulqin_ulcinj_montenegro.1-150x150.jpg\" class=\"attachment-thumbnail size-thumbnail\" alt=\"\" loading=\"lazy\" \/><\/a>\n\t\t\t<\/dt><\/dl><dl class='gallery-item'>\n\t\t\t<dt class='gallery-icon portrait'>\n\t\t\t\t<a href='https:\/\/www.visit-ulcinj.com\/blog\/wp-content\/uploads\/2009\/08\/Ada-Bojana-ulqin_ulcinj_montenegro.2.jpg'><img width=\"150\" height=\"150\" src=\"https:\/\/www.visit-ulcinj.com\/blog\/wp-content\/uploads\/2009\/08\/Ada-Bojana-ulqin_ulcinj_montenegro.2-150x150.jpg\" class=\"attachment-thumbnail size-thumbnail\" alt=\"\" loading=\"lazy\" \/><\/a>\n\t\t\t<\/dt><\/dl><br style=\"clear: both\" \/><dl class='gallery-item'>\n\t\t\t<dt class='gallery-icon landscape'>\n\t\t\t\t<a href='https:\/\/www.visit-ulcinj.com\/blog\/wp-content\/uploads\/2009\/08\/Ada-Bojana-ulqin_ulcinj_montenegro.3.jpg'><img width=\"150\" height=\"150\" src=\"https:\/\/www.visit-ulcinj.com\/blog\/wp-content\/uploads\/2009\/08\/Ada-Bojana-ulqin_ulcinj_montenegro.3-150x150.jpg\" class=\"attachment-thumbnail size-thumbnail\" alt=\"\" loading=\"lazy\" \/><\/a>\n\t\t\t<\/dt><\/dl><dl class='gallery-item'>\n\t\t\t<dt class='gallery-icon landscape'>\n\t\t\t\t<a href='https:\/\/www.visit-ulcinj.com\/blog\/wp-content\/uploads\/2009\/08\/Ada-Bojana-ulqin_ulcinj_montenegro.4.jpg'><img width=\"150\" height=\"150\" src=\"https:\/\/www.visit-ulcinj.com\/blog\/wp-content\/uploads\/2009\/08\/Ada-Bojana-ulqin_ulcinj_montenegro.4-150x150.jpg\" class=\"attachment-thumbnail size-thumbnail\" alt=\"\" loading=\"lazy\" \/><\/a>\n\t\t\t<\/dt><\/dl><dl class='gallery-item'>\n\t\t\t<dt class='gallery-icon portrait'>\n\t\t\t\t<a href='https:\/\/www.visit-ulcinj.com\/blog\/wp-content\/uploads\/2009\/08\/Ada-Bojana-ulqin_ulcinj_montenegro.5.jpg'><img width=\"150\" height=\"150\" src=\"https:\/\/www.visit-ulcinj.com\/blog\/wp-content\/uploads\/2009\/08\/Ada-Bojana-ulqin_ulcinj_montenegro.5-150x150.jpg\" class=\"attachment-thumbnail size-thumbnail\" alt=\"\" loading=\"lazy\" \/><\/a>\n\t\t\t<\/dt><\/dl><br style=\"clear: both\" \/><dl class='gallery-item'>\n\t\t\t<dt class='gallery-icon portrait'>\n\t\t\t\t<a href='https:\/\/www.visit-ulcinj.com\/blog\/wp-content\/uploads\/2009\/08\/Ada-Bojana-ulqin_ulcinj_montenegro.6.jpg'><img width=\"150\" height=\"150\" src=\"https:\/\/www.visit-ulcinj.com\/blog\/wp-content\/uploads\/2009\/08\/Ada-Bojana-ulqin_ulcinj_montenegro.6-150x150.jpg\" class=\"attachment-thumbnail size-thumbnail\" alt=\"\" loading=\"lazy\" \/><\/a>\n\t\t\t<\/dt><\/dl><dl class='gallery-item'>\n\t\t\t<dt class='gallery-icon portrait'>\n\t\t\t\t<a href='https:\/\/www.visit-ulcinj.com\/blog\/wp-content\/uploads\/2009\/08\/Ada-Bojana-ulqin_ulcinj_montenegro.7.jpg'><img width=\"150\" height=\"150\" src=\"https:\/\/www.visit-ulcinj.com\/blog\/wp-content\/uploads\/2009\/08\/Ada-Bojana-ulqin_ulcinj_montenegro.7-150x150.jpg\" class=\"attachment-thumbnail size-thumbnail\" alt=\"\" loading=\"lazy\" \/><\/a>\n\t\t\t<\/dt><\/dl><dl class='gallery-item'>\n\t\t\t<dt class='gallery-icon landscape'>\n\t\t\t\t<a href='https:\/\/www.visit-ulcinj.com\/blog\/wp-content\/uploads\/2009\/08\/Ada-Bojana-ulqin_ulcinj_montenegro.8.jpg'><img width=\"150\" height=\"150\" src=\"https:\/\/www.visit-ulcinj.com\/blog\/wp-content\/uploads\/2009\/08\/Ada-Bojana-ulqin_ulcinj_montenegro.8-150x150.jpg\" class=\"attachment-thumbnail size-thumbnail\" alt=\"\" loading=\"lazy\" \/><\/a>\n\t\t\t<\/dt><\/dl><br style=\"clear: both\" \/><dl class='gallery-item'>\n\t\t\t<dt class='gallery-icon portrait'>\n\t\t\t\t<a href='https:\/\/www.visit-ulcinj.com\/blog\/wp-content\/uploads\/2009\/08\/Ada-Bojana-ulqin_ulcinj_montenegro.9.jpg'><img width=\"150\" height=\"150\" src=\"https:\/\/www.visit-ulcinj.com\/blog\/wp-content\/uploads\/2009\/08\/Ada-Bojana-ulqin_ulcinj_montenegro.9-150x150.jpg\" class=\"attachment-thumbnail size-thumbnail\" alt=\"\" loading=\"lazy\" \/><\/a>\n\t\t\t<\/dt><\/dl><dl class='gallery-item'>\n\t\t\t<dt class='gallery-icon landscape'>\n\t\t\t\t<a href='https:\/\/www.visit-ulcinj.com\/blog\/wp-content\/uploads\/2009\/08\/Ada-Bojana-ulqin_ulcinj_montenegro.10.jpg'><img width=\"150\" height=\"150\" src=\"https:\/\/www.visit-ulcinj.com\/blog\/wp-content\/uploads\/2009\/08\/Ada-Bojana-ulqin_ulcinj_montenegro.10-150x150.jpg\" class=\"attachment-thumbnail size-thumbnail\" alt=\"\" loading=\"lazy\" \/><\/a>\n\t\t\t<\/dt><\/dl><dl class='gallery-item'>\n\t\t\t<dt class='gallery-icon landscape'>\n\t\t\t\t<a href='https:\/\/www.visit-ulcinj.com\/blog\/wp-content\/uploads\/2009\/08\/Ada-Bojana-ulqin_ulcinj_montenegro.11.jpg'><img width=\"150\" height=\"150\" src=\"https:\/\/www.visit-ulcinj.com\/blog\/wp-content\/uploads\/2009\/08\/Ada-Bojana-ulqin_ulcinj_montenegro.11-150x150.jpg\" class=\"attachment-thumbnail size-thumbnail\" alt=\"\" loading=\"lazy\" \/><\/a>\n\t\t\t<\/dt><\/dl><br style=\"clear: both\" \/>\n\t\t<\/div>\n<\/p>\n<p><\/strong><\/p>\n<p><strong> <\/strong><\/p>\n<p><strong><!--YouTube Error: bad URL entered--><br \/>\n<\/strong><\/p>\n<p><strong><br \/>\n<\/strong><\/p>\n","protected":false},"excerpt":{"rendered":"<p>Ada po zhduket n\u00eb syt\u00eb ton\u00eb Natyra nuk mund ta duroj\u00eb m\u00eb k\u00ebt\u00eb prishje t\u00eb baraspesh\u00ebs dhe prandaj kemi k\u00ebto procese t\u00eb tmerrshme. Thjesht\u00eb nuk mundem t\u00eb mos e citoj nj\u00eb pjes\u00eb t\u00eb mesazhit t\u00eb kryeparit indian nga Sietlli drejtuar njeriut t\u00eb bardh\u00eb n\u00eb vitin e kahmotsh\u00ebm 1854: \u201cKy uj\u00eb i kristalt\u00eb q\u00eb rrjedh n\u00ebp\u00ebr [&hellip;]<\/p>\n","protected":false},"author":1,"featured_media":0,"comment_status":"open","ping_status":"closed","sticky":false,"template":"","format":"standard","meta":{"spay_email":"","jetpack_publicize_message":"","jetpack_is_tweetstorm":false,"jetpack_publicize_feature_enabled":true},"categories":[13],"tags":[508,138,509,11648,95,200,18],"jetpack_publicize_connections":[],"yoast_head":"<!-- This site is optimized with the Yoast SEO plugin v19.1 - https:\/\/yoast.com\/wordpress\/plugins\/seo\/ -->\n<title>Jan\u00eb rrezikuar bukurit\u00eb natyrore t\u00eb Ulqinit - Lajme nga Ulqini<\/title>\n<meta name=\"description\" content=\"Ada po zhduket n\u00eb syt\u00eb ton\u00eb Natyra nuk mund ta duroj\u00eb m\u00eb k\u00ebt\u00eb prishje t\u00eb baraspesh\u00ebs dhe prandaj kemi k\u00ebto procese t\u00eb tmerrshme. Thjesht\u00eb nuk mundem t\u00eb\" \/>\n<meta name=\"robots\" content=\"index, follow, max-snippet:-1, max-image-preview:large, max-video-preview:-1\" \/>\n<link rel=\"canonical\" href=\"https:\/\/www.visit-ulcinj.com\/blog\/2009\/08\/18\/jane-rrezikuar-bukurite-natyrore-te-ulqinit\/\" \/>\n<meta property=\"og:locale\" content=\"en_US\" \/>\n<meta property=\"og:type\" content=\"article\" \/>\n<meta property=\"og:title\" content=\"Jan\u00eb rrezikuar bukurit\u00eb natyrore t\u00eb Ulqinit - Lajme nga Ulqini\" \/>\n<meta property=\"og:description\" content=\"Ada po zhduket n\u00eb syt\u00eb ton\u00eb Natyra nuk mund ta duroj\u00eb m\u00eb k\u00ebt\u00eb prishje t\u00eb baraspesh\u00ebs dhe prandaj kemi k\u00ebto procese t\u00eb tmerrshme. Thjesht\u00eb nuk mundem t\u00eb\" \/>\n<meta property=\"og:url\" content=\"https:\/\/www.visit-ulcinj.com\/blog\/2009\/08\/18\/jane-rrezikuar-bukurite-natyrore-te-ulqinit\/\" \/>\n<meta property=\"og:site_name\" content=\"Lajme nga Ulqini\" \/>\n<meta property=\"article:published_time\" content=\"2009-08-18T18:16:03+00:00\" \/>\n<meta property=\"article:modified_time\" content=\"2009-08-18T18:17:25+00:00\" \/>\n<meta property=\"og:image\" content=\"https:\/\/www.visit-ulcinj.com\/blog\/wp-content\/uploads\/2009\/08\/Ada-Bojana-ulqin_ulcinj_montenegro-150x150.jpg\" \/>\n<meta name=\"twitter:label1\" content=\"Written by\" \/>\n\t<meta name=\"twitter:data1\" content=\"ulqini\" \/>\n\t<meta name=\"twitter:label2\" content=\"Est. reading time\" \/>\n\t<meta name=\"twitter:data2\" content=\"5 minutes\" \/>\n<script type=\"application\/ld+json\" class=\"yoast-schema-graph\">{\"@context\":\"https:\/\/schema.org\",\"@graph\":[{\"@type\":\"WebSite\",\"@id\":\"https:\/\/www.visit-ulcinj.com\/blog\/#website\",\"url\":\"https:\/\/www.visit-ulcinj.com\/blog\/\",\"name\":\"Lajme nga Ulqini\",\"description\":\"Lajme,Vijesti,Ulqini,Ulqin,Crna Gora,Mali i Zi\",\"potentialAction\":[{\"@type\":\"SearchAction\",\"target\":{\"@type\":\"EntryPoint\",\"urlTemplate\":\"https:\/\/www.visit-ulcinj.com\/blog\/?s={search_term_string}\"},\"query-input\":\"required name=search_term_string\"}],\"inLanguage\":\"en-US\"},{\"@type\":\"ImageObject\",\"inLanguage\":\"en-US\",\"@id\":\"https:\/\/www.visit-ulcinj.com\/blog\/2009\/08\/18\/jane-rrezikuar-bukurite-natyrore-te-ulqinit\/#primaryimage\",\"url\":\"https:\/\/www.visit-ulcinj.com\/blog\/wp-content\/uploads\/2009\/08\/Ada-Bojana-ulqin_ulcinj_montenegro.JPG\",\"contentUrl\":\"https:\/\/www.visit-ulcinj.com\/blog\/wp-content\/uploads\/2009\/08\/Ada-Bojana-ulqin_ulcinj_montenegro.JPG\",\"width\":\"974\",\"height\":\"653\"},{\"@type\":\"WebPage\",\"@id\":\"https:\/\/www.visit-ulcinj.com\/blog\/2009\/08\/18\/jane-rrezikuar-bukurite-natyrore-te-ulqinit\/#webpage\",\"url\":\"https:\/\/www.visit-ulcinj.com\/blog\/2009\/08\/18\/jane-rrezikuar-bukurite-natyrore-te-ulqinit\/\",\"name\":\"Jan\u00eb rrezikuar bukurit\u00eb natyrore t\u00eb Ulqinit - Lajme nga Ulqini\",\"isPartOf\":{\"@id\":\"https:\/\/www.visit-ulcinj.com\/blog\/#website\"},\"primaryImageOfPage\":{\"@id\":\"https:\/\/www.visit-ulcinj.com\/blog\/2009\/08\/18\/jane-rrezikuar-bukurite-natyrore-te-ulqinit\/#primaryimage\"},\"datePublished\":\"2009-08-18T18:16:03+00:00\",\"dateModified\":\"2009-08-18T18:17:25+00:00\",\"author\":{\"@id\":\"https:\/\/www.visit-ulcinj.com\/blog\/#\/schema\/person\/dcab619c614d3038751c63bc2aadc06d\"},\"description\":\"Ada po zhduket n\u00eb syt\u00eb ton\u00eb Natyra nuk mund ta duroj\u00eb m\u00eb k\u00ebt\u00eb prishje t\u00eb baraspesh\u00ebs dhe prandaj kemi k\u00ebto procese t\u00eb tmerrshme. Thjesht\u00eb nuk mundem t\u00eb\",\"breadcrumb\":{\"@id\":\"https:\/\/www.visit-ulcinj.com\/blog\/2009\/08\/18\/jane-rrezikuar-bukurite-natyrore-te-ulqinit\/#breadcrumb\"},\"inLanguage\":\"en-US\",\"potentialAction\":[{\"@type\":\"ReadAction\",\"target\":[\"https:\/\/www.visit-ulcinj.com\/blog\/2009\/08\/18\/jane-rrezikuar-bukurite-natyrore-te-ulqinit\/\"]}]},{\"@type\":\"BreadcrumbList\",\"@id\":\"https:\/\/www.visit-ulcinj.com\/blog\/2009\/08\/18\/jane-rrezikuar-bukurite-natyrore-te-ulqinit\/#breadcrumb\",\"itemListElement\":[{\"@type\":\"ListItem\",\"position\":1,\"name\":\"Jan\u00eb rrezikuar bukurit\u00eb natyrore t\u00eb Ulqinit\"}]},{\"@type\":\"Person\",\"@id\":\"https:\/\/www.visit-ulcinj.com\/blog\/#\/schema\/person\/dcab619c614d3038751c63bc2aadc06d\",\"name\":\"ulqini\",\"sameAs\":[\"http:\/\/www.visit-ulcinj.com\"],\"url\":\"https:\/\/www.visit-ulcinj.com\/blog\/author\/admin\/\"}]}<\/script>\n<!-- \/ Yoast SEO plugin. -->","yoast_head_json":{"title":"Jan\u00eb rrezikuar bukurit\u00eb natyrore t\u00eb Ulqinit - Lajme nga Ulqini","description":"Ada po zhduket n\u00eb syt\u00eb ton\u00eb Natyra nuk mund ta duroj\u00eb m\u00eb k\u00ebt\u00eb prishje t\u00eb baraspesh\u00ebs dhe prandaj kemi k\u00ebto procese t\u00eb tmerrshme. Thjesht\u00eb nuk mundem t\u00eb","robots":{"index":"index","follow":"follow","max-snippet":"max-snippet:-1","max-image-preview":"max-image-preview:large","max-video-preview":"max-video-preview:-1"},"canonical":"https:\/\/www.visit-ulcinj.com\/blog\/2009\/08\/18\/jane-rrezikuar-bukurite-natyrore-te-ulqinit\/","og_locale":"en_US","og_type":"article","og_title":"Jan\u00eb rrezikuar bukurit\u00eb natyrore t\u00eb Ulqinit - Lajme nga Ulqini","og_description":"Ada po zhduket n\u00eb syt\u00eb ton\u00eb Natyra nuk mund ta duroj\u00eb m\u00eb k\u00ebt\u00eb prishje t\u00eb baraspesh\u00ebs dhe prandaj kemi k\u00ebto procese t\u00eb tmerrshme. Thjesht\u00eb nuk mundem t\u00eb","og_url":"https:\/\/www.visit-ulcinj.com\/blog\/2009\/08\/18\/jane-rrezikuar-bukurite-natyrore-te-ulqinit\/","og_site_name":"Lajme nga Ulqini","article_published_time":"2009-08-18T18:16:03+00:00","article_modified_time":"2009-08-18T18:17:25+00:00","og_image":[{"url":"https:\/\/www.visit-ulcinj.com\/blog\/wp-content\/uploads\/2009\/08\/Ada-Bojana-ulqin_ulcinj_montenegro-150x150.jpg"}],"twitter_misc":{"Written by":"ulqini","Est. reading time":"5 minutes"},"schema":{"@context":"https:\/\/schema.org","@graph":[{"@type":"WebSite","@id":"https:\/\/www.visit-ulcinj.com\/blog\/#website","url":"https:\/\/www.visit-ulcinj.com\/blog\/","name":"Lajme nga Ulqini","description":"Lajme,Vijesti,Ulqini,Ulqin,Crna Gora,Mali i Zi","potentialAction":[{"@type":"SearchAction","target":{"@type":"EntryPoint","urlTemplate":"https:\/\/www.visit-ulcinj.com\/blog\/?s={search_term_string}"},"query-input":"required name=search_term_string"}],"inLanguage":"en-US"},{"@type":"ImageObject","inLanguage":"en-US","@id":"https:\/\/www.visit-ulcinj.com\/blog\/2009\/08\/18\/jane-rrezikuar-bukurite-natyrore-te-ulqinit\/#primaryimage","url":"https:\/\/www.visit-ulcinj.com\/blog\/wp-content\/uploads\/2009\/08\/Ada-Bojana-ulqin_ulcinj_montenegro.JPG","contentUrl":"https:\/\/www.visit-ulcinj.com\/blog\/wp-content\/uploads\/2009\/08\/Ada-Bojana-ulqin_ulcinj_montenegro.JPG","width":"974","height":"653"},{"@type":"WebPage","@id":"https:\/\/www.visit-ulcinj.com\/blog\/2009\/08\/18\/jane-rrezikuar-bukurite-natyrore-te-ulqinit\/#webpage","url":"https:\/\/www.visit-ulcinj.com\/blog\/2009\/08\/18\/jane-rrezikuar-bukurite-natyrore-te-ulqinit\/","name":"Jan\u00eb rrezikuar bukurit\u00eb natyrore t\u00eb Ulqinit - Lajme nga Ulqini","isPartOf":{"@id":"https:\/\/www.visit-ulcinj.com\/blog\/#website"},"primaryImageOfPage":{"@id":"https:\/\/www.visit-ulcinj.com\/blog\/2009\/08\/18\/jane-rrezikuar-bukurite-natyrore-te-ulqinit\/#primaryimage"},"datePublished":"2009-08-18T18:16:03+00:00","dateModified":"2009-08-18T18:17:25+00:00","author":{"@id":"https:\/\/www.visit-ulcinj.com\/blog\/#\/schema\/person\/dcab619c614d3038751c63bc2aadc06d"},"description":"Ada po zhduket n\u00eb syt\u00eb ton\u00eb Natyra nuk mund ta duroj\u00eb m\u00eb k\u00ebt\u00eb prishje t\u00eb baraspesh\u00ebs dhe prandaj kemi k\u00ebto procese t\u00eb tmerrshme. Thjesht\u00eb nuk mundem t\u00eb","breadcrumb":{"@id":"https:\/\/www.visit-ulcinj.com\/blog\/2009\/08\/18\/jane-rrezikuar-bukurite-natyrore-te-ulqinit\/#breadcrumb"},"inLanguage":"en-US","potentialAction":[{"@type":"ReadAction","target":["https:\/\/www.visit-ulcinj.com\/blog\/2009\/08\/18\/jane-rrezikuar-bukurite-natyrore-te-ulqinit\/"]}]},{"@type":"BreadcrumbList","@id":"https:\/\/www.visit-ulcinj.com\/blog\/2009\/08\/18\/jane-rrezikuar-bukurite-natyrore-te-ulqinit\/#breadcrumb","itemListElement":[{"@type":"ListItem","position":1,"name":"Jan\u00eb rrezikuar bukurit\u00eb natyrore t\u00eb Ulqinit"}]},{"@type":"Person","@id":"https:\/\/www.visit-ulcinj.com\/blog\/#\/schema\/person\/dcab619c614d3038751c63bc2aadc06d","name":"ulqini","sameAs":["http:\/\/www.visit-ulcinj.com"],"url":"https:\/\/www.visit-ulcinj.com\/blog\/author\/admin\/"}]}},"jetpack_featured_media_url":"","jetpack_sharing_enabled":true,"jetpack_shortlink":"https:\/\/wp.me\/pe6lTn-6qy","_links":{"self":[{"href":"https:\/\/www.visit-ulcinj.com\/blog\/wp-json\/wp\/v2\/posts\/24710"}],"collection":[{"href":"https:\/\/www.visit-ulcinj.com\/blog\/wp-json\/wp\/v2\/posts"}],"about":[{"href":"https:\/\/www.visit-ulcinj.com\/blog\/wp-json\/wp\/v2\/types\/post"}],"author":[{"embeddable":true,"href":"https:\/\/www.visit-ulcinj.com\/blog\/wp-json\/wp\/v2\/users\/1"}],"replies":[{"embeddable":true,"href":"https:\/\/www.visit-ulcinj.com\/blog\/wp-json\/wp\/v2\/comments?post=24710"}],"version-history":[{"count":0,"href":"https:\/\/www.visit-ulcinj.com\/blog\/wp-json\/wp\/v2\/posts\/24710\/revisions"}],"wp:attachment":[{"href":"https:\/\/www.visit-ulcinj.com\/blog\/wp-json\/wp\/v2\/media?parent=24710"}],"wp:term":[{"taxonomy":"category","embeddable":true,"href":"https:\/\/www.visit-ulcinj.com\/blog\/wp-json\/wp\/v2\/categories?post=24710"},{"taxonomy":"post_tag","embeddable":true,"href":"https:\/\/www.visit-ulcinj.com\/blog\/wp-json\/wp\/v2\/tags?post=24710"}],"curies":[{"name":"wp","href":"https:\/\/api.w.org\/{rel}","templated":true}]}}