{"id":24733,"date":"2009-08-19T19:46:11","date_gmt":"2009-08-19T17:46:11","guid":{"rendered":"http:\/\/www.visit-ulcinj.com\/blog\/?p=24733"},"modified":"2009-08-19T19:46:11","modified_gmt":"2009-08-19T17:46:11","slug":"arta-bajrami-martohet-me-xhemajl-sekiracen","status":"publish","type":"post","link":"https:\/\/www.visit-ulcinj.com\/blog\/2009\/08\/19\/arta-bajrami-martohet-me-xhemajl-sekiracen\/","title":{"rendered":"Arta Bajrami martohet me Xhemajl Sekira\u00e7\u00ebn"},"content":{"rendered":"<p><a href=\"http:\/\/www.visit-ulcinj.com\/blog\/wp-content\/uploads\/2009\/08\/Arta-Bajrami-martohet-me-Xhemajl-Sekira\u00e7\u00ebn.jpg\"><img loading=\"lazy\" class=\"alignleft size-full wp-image-24734\" title=\"Arta Bajrami martohet me Xhemajl Sekira\u00e7\u00ebn\" src=\"http:\/\/www.visit-ulcinj.com\/blog\/wp-content\/uploads\/2009\/08\/Arta-Bajrami-martohet-me-Xhemajl-Sekira\u00e7\u00ebn.jpg\" alt=\"Arta Bajrami martohet me Xhemajl Sekira\u00e7\u00ebn\" width=\"570\" height=\"638\" \/><\/a>K\u00ebng\u00ebtarja Arta Bajrami \u00ebsht\u00eb martuar me Xhemajl Sekira\u00e7\u00ebn, i njohur me nofk\u00ebn Jimi, n\u00eb nj\u00eb ceremoni t\u00eb ngusht\u00eb familjare.<br \/>\nLidhja e Art\u00ebs me Jimi kishte filluar n\u00eb fillim t\u00eb k\u00ebtij viti, nd\u00ebrkaq u kuror\u00ebzua me martes\u00eb pas gjasht\u00eb muajsh fejese t\u00eb tyre.<br \/>\n\u201cPo \u00ebsht\u00eb e v\u00ebrtet q\u00eb jemi fejuar n\u00eb nj\u00eb ceremoni t\u00eb ngusht\u00eb familjare\u201d, ka th\u00ebn\u00eb Arta Bajrami p\u00ebr Express Online.<br \/>\nNd\u00ebrkaq, Arta me her\u00ebt po ashtu ka hedh n\u00eb treg albumin e saj m\u00eb t\u00eb ri, nd\u00ebrkaq do t\u00eb hedh s\u00eb shpejti edhe ndonj\u00eb \u201csingle\u201d t\u00eb ri.<\/p>\n<p><strong>Gazeta Express<\/strong><\/p>\n<p><strong>\n\t\t<style type=\"text\/css\">\n\t\t\t#gallery-1 {\n\t\t\t\tmargin: auto;\n\t\t\t}\n\t\t\t#gallery-1 .gallery-item {\n\t\t\t\tfloat: left;\n\t\t\t\tmargin-top: 10px;\n\t\t\t\ttext-align: center;\n\t\t\t\twidth: 33%;\n\t\t\t}\n\t\t\t#gallery-1 img {\n\t\t\t\tborder: 2px solid #cfcfcf;\n\t\t\t}\n\t\t\t#gallery-1 .gallery-caption {\n\t\t\t\tmargin-left: 0;\n\t\t\t}\n\t\t\t\/* see gallery_shortcode() in wp-includes\/media.php *\/\n\t\t<\/style>\n\t\t<div id='gallery-1' class='gallery galleryid-24733 gallery-columns-3 gallery-size-thumbnail'><dl class='gallery-item'>\n\t\t\t<dt class='gallery-icon '>\n\t\t\t\t<a href='https:\/\/www.visit-ulcinj.com\/blog\/wp-content\/uploads\/2009\/08\/Arta-Bajrami-martohet-me-Xhemajl-Sekira\u00c3\u00a7\u00c3\u00abn.jpg'><img width=\"1\" height=\"1\" src=\"https:\/\/www.visit-ulcinj.com\/blog\/wp-content\/uploads\/2009\/08\/Arta-Bajrami-martohet-me-Xhemajl-Sekira\u00c3\u00a7\u00c3\u00abn.jpg\" class=\"attachment-thumbnail size-thumbnail\" alt=\"\" loading=\"lazy\" \/><\/a>\n\t\t\t<\/dt><\/dl><dl class='gallery-item'>\n\t\t\t<dt class='gallery-icon landscape'>\n\t\t\t\t<a href='https:\/\/www.visit-ulcinj.com\/blog\/wp-content\/uploads\/2009\/08\/Arta-Bajrami.jpg'><img width=\"150\" height=\"150\" src=\"https:\/\/www.visit-ulcinj.com\/blog\/wp-content\/uploads\/2009\/08\/Arta-Bajrami-150x150.jpg\" class=\"attachment-thumbnail size-thumbnail\" alt=\"\" loading=\"lazy\" \/><\/a>\n\t\t\t<\/dt><\/dl><dl class='gallery-item'>\n\t\t\t<dt class='gallery-icon portrait'>\n\t\t\t\t<a href='https:\/\/www.visit-ulcinj.com\/blog\/wp-content\/uploads\/2009\/08\/Arta-Bajrami.1.jpg'><img width=\"150\" height=\"150\" src=\"https:\/\/www.visit-ulcinj.com\/blog\/wp-content\/uploads\/2009\/08\/Arta-Bajrami.1-150x150.jpg\" class=\"attachment-thumbnail size-thumbnail\" alt=\"\" loading=\"lazy\" \/><\/a>\n\t\t\t<\/dt><\/dl><br style=\"clear: both\" \/>\n\t\t<\/div>\n<br \/>\n<\/strong><\/p>\n<!--YouTube Error: bad URL entered-->\n","protected":false},"excerpt":{"rendered":"<p>K\u00ebng\u00ebtarja Arta Bajrami \u00ebsht\u00eb martuar me Xhemajl Sekira\u00e7\u00ebn, i njohur me nofk\u00ebn Jimi, n\u00eb nj\u00eb ceremoni t\u00eb ngusht\u00eb familjare. Lidhja e Art\u00ebs me Jimi kishte filluar n\u00eb fillim t\u00eb k\u00ebtij viti, nd\u00ebrkaq u kuror\u00ebzua me martes\u00eb pas gjasht\u00eb muajsh fejese t\u00eb tyre. \u201cPo \u00ebsht\u00eb e v\u00ebrtet q\u00eb jemi fejuar n\u00eb nj\u00eb ceremoni t\u00eb ngusht\u00eb familjare\u201d, [&hellip;]<\/p>\n","protected":false},"author":1,"featured_media":0,"comment_status":"open","ping_status":"closed","sticky":false,"template":"","format":"standard","meta":{"spay_email":"","jetpack_publicize_message":"","jetpack_is_tweetstorm":false,"jetpack_publicize_feature_enabled":true},"categories":[1],"tags":[4955,12241,12240],"jetpack_publicize_connections":[],"yoast_head":"<!-- This site is optimized with the Yoast SEO plugin v19.1 - https:\/\/yoast.com\/wordpress\/plugins\/seo\/ -->\n<title>Arta Bajrami martohet me Xhemajl Sekira\u00e7\u00ebn - Lajme nga Ulqini<\/title>\n<meta name=\"description\" content=\"K\u00ebng\u00ebtarja Arta Bajrami \u00ebsht\u00eb martuar me Xhemajl Sekira\u00e7\u00ebn, i njohur me nofk\u00ebn Jimi, n\u00eb nj\u00eb ceremoni t\u00eb ngusht\u00eb familjare. Lidhja e Art\u00ebs me Jimi kishte\" \/>\n<meta name=\"robots\" content=\"index, follow, max-snippet:-1, max-image-preview:large, max-video-preview:-1\" \/>\n<link rel=\"canonical\" href=\"https:\/\/www.visit-ulcinj.com\/blog\/2009\/08\/19\/arta-bajrami-martohet-me-xhemajl-sekiracen\/\" \/>\n<meta property=\"og:locale\" content=\"en_US\" \/>\n<meta property=\"og:type\" content=\"article\" \/>\n<meta property=\"og:title\" content=\"Arta Bajrami martohet me Xhemajl Sekira\u00e7\u00ebn - Lajme nga Ulqini\" \/>\n<meta property=\"og:description\" content=\"K\u00ebng\u00ebtarja Arta Bajrami \u00ebsht\u00eb martuar me Xhemajl Sekira\u00e7\u00ebn, i njohur me nofk\u00ebn Jimi, n\u00eb nj\u00eb ceremoni t\u00eb ngusht\u00eb familjare. Lidhja e Art\u00ebs me Jimi kishte\" \/>\n<meta property=\"og:url\" content=\"https:\/\/www.visit-ulcinj.com\/blog\/2009\/08\/19\/arta-bajrami-martohet-me-xhemajl-sekiracen\/\" \/>\n<meta property=\"og:site_name\" content=\"Lajme nga Ulqini\" \/>\n<meta property=\"article:published_time\" content=\"2009-08-19T17:46:11+00:00\" \/>\n<meta property=\"og:image\" content=\"https:\/\/www.visit-ulcinj.com\/blog\/wp-content\/uploads\/2009\/08\/Arta-Bajrami-martohet-me-Xhemajl-Sekira\u00c3\u00a7\u00c3\u00abn.jpg\" \/>\n<meta name=\"twitter:label1\" content=\"Written by\" \/>\n\t<meta name=\"twitter:data1\" content=\"ulqini\" \/>\n\t<meta name=\"twitter:label2\" content=\"Est. reading time\" \/>\n\t<meta name=\"twitter:data2\" content=\"1 minute\" \/>\n<script type=\"application\/ld+json\" class=\"yoast-schema-graph\">{\"@context\":\"https:\/\/schema.org\",\"@graph\":[{\"@type\":\"WebSite\",\"@id\":\"https:\/\/www.visit-ulcinj.com\/blog\/#website\",\"url\":\"https:\/\/www.visit-ulcinj.com\/blog\/\",\"name\":\"Lajme nga Ulqini\",\"description\":\"Lajme,Vijesti,Ulqini,Ulqin,Crna Gora,Mali i Zi\",\"potentialAction\":[{\"@type\":\"SearchAction\",\"target\":{\"@type\":\"EntryPoint\",\"urlTemplate\":\"https:\/\/www.visit-ulcinj.com\/blog\/?s={search_term_string}\"},\"query-input\":\"required name=search_term_string\"}],\"inLanguage\":\"en-US\"},{\"@type\":\"WebPage\",\"@id\":\"https:\/\/www.visit-ulcinj.com\/blog\/2009\/08\/19\/arta-bajrami-martohet-me-xhemajl-sekiracen\/#webpage\",\"url\":\"https:\/\/www.visit-ulcinj.com\/blog\/2009\/08\/19\/arta-bajrami-martohet-me-xhemajl-sekiracen\/\",\"name\":\"Arta Bajrami martohet me Xhemajl Sekira\u00e7\u00ebn - Lajme nga Ulqini\",\"isPartOf\":{\"@id\":\"https:\/\/www.visit-ulcinj.com\/blog\/#website\"},\"datePublished\":\"2009-08-19T17:46:11+00:00\",\"dateModified\":\"2009-08-19T17:46:11+00:00\",\"author\":{\"@id\":\"https:\/\/www.visit-ulcinj.com\/blog\/#\/schema\/person\/dcab619c614d3038751c63bc2aadc06d\"},\"description\":\"K\u00ebng\u00ebtarja Arta Bajrami \u00ebsht\u00eb martuar me Xhemajl Sekira\u00e7\u00ebn, i njohur me nofk\u00ebn Jimi, n\u00eb nj\u00eb ceremoni t\u00eb ngusht\u00eb familjare. Lidhja e Art\u00ebs me Jimi kishte\",\"breadcrumb\":{\"@id\":\"https:\/\/www.visit-ulcinj.com\/blog\/2009\/08\/19\/arta-bajrami-martohet-me-xhemajl-sekiracen\/#breadcrumb\"},\"inLanguage\":\"en-US\",\"potentialAction\":[{\"@type\":\"ReadAction\",\"target\":[\"https:\/\/www.visit-ulcinj.com\/blog\/2009\/08\/19\/arta-bajrami-martohet-me-xhemajl-sekiracen\/\"]}]},{\"@type\":\"BreadcrumbList\",\"@id\":\"https:\/\/www.visit-ulcinj.com\/blog\/2009\/08\/19\/arta-bajrami-martohet-me-xhemajl-sekiracen\/#breadcrumb\",\"itemListElement\":[{\"@type\":\"ListItem\",\"position\":1,\"name\":\"Arta Bajrami martohet me Xhemajl Sekira\u00e7\u00ebn\"}]},{\"@type\":\"Person\",\"@id\":\"https:\/\/www.visit-ulcinj.com\/blog\/#\/schema\/person\/dcab619c614d3038751c63bc2aadc06d\",\"name\":\"ulqini\",\"sameAs\":[\"http:\/\/www.visit-ulcinj.com\"],\"url\":\"https:\/\/www.visit-ulcinj.com\/blog\/author\/admin\/\"}]}<\/script>\n<!-- \/ Yoast SEO plugin. -->","yoast_head_json":{"title":"Arta Bajrami martohet me Xhemajl Sekira\u00e7\u00ebn - Lajme nga Ulqini","description":"K\u00ebng\u00ebtarja Arta Bajrami \u00ebsht\u00eb martuar me Xhemajl Sekira\u00e7\u00ebn, i njohur me nofk\u00ebn Jimi, n\u00eb nj\u00eb ceremoni t\u00eb ngusht\u00eb familjare. Lidhja e Art\u00ebs me Jimi kishte","robots":{"index":"index","follow":"follow","max-snippet":"max-snippet:-1","max-image-preview":"max-image-preview:large","max-video-preview":"max-video-preview:-1"},"canonical":"https:\/\/www.visit-ulcinj.com\/blog\/2009\/08\/19\/arta-bajrami-martohet-me-xhemajl-sekiracen\/","og_locale":"en_US","og_type":"article","og_title":"Arta Bajrami martohet me Xhemajl Sekira\u00e7\u00ebn - Lajme nga Ulqini","og_description":"K\u00ebng\u00ebtarja Arta Bajrami \u00ebsht\u00eb martuar me Xhemajl Sekira\u00e7\u00ebn, i njohur me nofk\u00ebn Jimi, n\u00eb nj\u00eb ceremoni t\u00eb ngusht\u00eb familjare. Lidhja e Art\u00ebs me Jimi kishte","og_url":"https:\/\/www.visit-ulcinj.com\/blog\/2009\/08\/19\/arta-bajrami-martohet-me-xhemajl-sekiracen\/","og_site_name":"Lajme nga Ulqini","article_published_time":"2009-08-19T17:46:11+00:00","og_image":[{"url":"https:\/\/www.visit-ulcinj.com\/blog\/wp-content\/uploads\/2009\/08\/Arta-Bajrami-martohet-me-Xhemajl-Sekira\u00c3\u00a7\u00c3\u00abn.jpg"}],"twitter_misc":{"Written by":"ulqini","Est. reading time":"1 minute"},"schema":{"@context":"https:\/\/schema.org","@graph":[{"@type":"WebSite","@id":"https:\/\/www.visit-ulcinj.com\/blog\/#website","url":"https:\/\/www.visit-ulcinj.com\/blog\/","name":"Lajme nga Ulqini","description":"Lajme,Vijesti,Ulqini,Ulqin,Crna Gora,Mali i Zi","potentialAction":[{"@type":"SearchAction","target":{"@type":"EntryPoint","urlTemplate":"https:\/\/www.visit-ulcinj.com\/blog\/?s={search_term_string}"},"query-input":"required name=search_term_string"}],"inLanguage":"en-US"},{"@type":"WebPage","@id":"https:\/\/www.visit-ulcinj.com\/blog\/2009\/08\/19\/arta-bajrami-martohet-me-xhemajl-sekiracen\/#webpage","url":"https:\/\/www.visit-ulcinj.com\/blog\/2009\/08\/19\/arta-bajrami-martohet-me-xhemajl-sekiracen\/","name":"Arta Bajrami martohet me Xhemajl Sekira\u00e7\u00ebn - Lajme nga Ulqini","isPartOf":{"@id":"https:\/\/www.visit-ulcinj.com\/blog\/#website"},"datePublished":"2009-08-19T17:46:11+00:00","dateModified":"2009-08-19T17:46:11+00:00","author":{"@id":"https:\/\/www.visit-ulcinj.com\/blog\/#\/schema\/person\/dcab619c614d3038751c63bc2aadc06d"},"description":"K\u00ebng\u00ebtarja Arta Bajrami \u00ebsht\u00eb martuar me Xhemajl Sekira\u00e7\u00ebn, i njohur me nofk\u00ebn Jimi, n\u00eb nj\u00eb ceremoni t\u00eb ngusht\u00eb familjare. Lidhja e Art\u00ebs me Jimi kishte","breadcrumb":{"@id":"https:\/\/www.visit-ulcinj.com\/blog\/2009\/08\/19\/arta-bajrami-martohet-me-xhemajl-sekiracen\/#breadcrumb"},"inLanguage":"en-US","potentialAction":[{"@type":"ReadAction","target":["https:\/\/www.visit-ulcinj.com\/blog\/2009\/08\/19\/arta-bajrami-martohet-me-xhemajl-sekiracen\/"]}]},{"@type":"BreadcrumbList","@id":"https:\/\/www.visit-ulcinj.com\/blog\/2009\/08\/19\/arta-bajrami-martohet-me-xhemajl-sekiracen\/#breadcrumb","itemListElement":[{"@type":"ListItem","position":1,"name":"Arta Bajrami martohet me Xhemajl Sekira\u00e7\u00ebn"}]},{"@type":"Person","@id":"https:\/\/www.visit-ulcinj.com\/blog\/#\/schema\/person\/dcab619c614d3038751c63bc2aadc06d","name":"ulqini","sameAs":["http:\/\/www.visit-ulcinj.com"],"url":"https:\/\/www.visit-ulcinj.com\/blog\/author\/admin\/"}]}},"jetpack_featured_media_url":"","jetpack_sharing_enabled":true,"jetpack_shortlink":"https:\/\/wp.me\/pe6lTn-6qV","_links":{"self":[{"href":"https:\/\/www.visit-ulcinj.com\/blog\/wp-json\/wp\/v2\/posts\/24733"}],"collection":[{"href":"https:\/\/www.visit-ulcinj.com\/blog\/wp-json\/wp\/v2\/posts"}],"about":[{"href":"https:\/\/www.visit-ulcinj.com\/blog\/wp-json\/wp\/v2\/types\/post"}],"author":[{"embeddable":true,"href":"https:\/\/www.visit-ulcinj.com\/blog\/wp-json\/wp\/v2\/users\/1"}],"replies":[{"embeddable":true,"href":"https:\/\/www.visit-ulcinj.com\/blog\/wp-json\/wp\/v2\/comments?post=24733"}],"version-history":[{"count":0,"href":"https:\/\/www.visit-ulcinj.com\/blog\/wp-json\/wp\/v2\/posts\/24733\/revisions"}],"wp:attachment":[{"href":"https:\/\/www.visit-ulcinj.com\/blog\/wp-json\/wp\/v2\/media?parent=24733"}],"wp:term":[{"taxonomy":"category","embeddable":true,"href":"https:\/\/www.visit-ulcinj.com\/blog\/wp-json\/wp\/v2\/categories?post=24733"},{"taxonomy":"post_tag","embeddable":true,"href":"https:\/\/www.visit-ulcinj.com\/blog\/wp-json\/wp\/v2\/tags?post=24733"}],"curies":[{"name":"wp","href":"https:\/\/api.w.org\/{rel}","templated":true}]}}