{"id":24739,"date":"2009-08-19T20:10:53","date_gmt":"2009-08-19T18:10:53","guid":{"rendered":"http:\/\/www.visit-ulcinj.com\/blog\/?p=24739"},"modified":"2009-08-20T16:48:49","modified_gmt":"2009-08-20T14:48:49","slug":"koha-per-pushimet-e-nora-istrefit","status":"publish","type":"post","link":"https:\/\/www.visit-ulcinj.com\/blog\/2009\/08\/19\/koha-per-pushimet-e-nora-istrefit\/","title":{"rendered":"Koha p\u00ebr pushimet e Nora Istrefit"},"content":{"rendered":"<p><a href=\"http:\/\/www.visit-ulcinj.com\/blog\/wp-content\/uploads\/2009\/08\/Nora-Istrefi.4.jpg\"><img loading=\"lazy\" class=\"alignleft size-full wp-image-24744\" title=\"Nora Istrefi.4\" src=\"http:\/\/www.visit-ulcinj.com\/blog\/wp-content\/uploads\/2009\/08\/Nora-Istrefi.4.jpg\" alt=\"Nora Istrefi.4\" width=\"361\" height=\"241\" srcset=\"https:\/\/www.visit-ulcinj.com\/blog\/wp-content\/uploads\/2009\/08\/Nora-Istrefi.4.jpg 361w, https:\/\/www.visit-ulcinj.com\/blog\/wp-content\/uploads\/2009\/08\/Nora-Istrefi.4-300x200.jpg 300w\" sizes=\"(max-width: 361px) 100vw, 361px\" \/><\/a>Nora Istrefi \u00ebsht\u00eb mjaft e angazhuar gjat\u00eb k\u00ebsaj vere, si n\u00eb Kosov\u00eb, Ulqin e Durr\u00ebs. Nd\u00ebrkaq p\u00ebr pushime mendon t\u00eb shkoj\u00eb nga fundi i k\u00ebtij muaji dhe sigurisht bashk\u00eb me t\u00eb fejuarin e saj. Duke qen\u00eb nj\u00ebra nd\u00ebr k\u00ebng\u00ebtaret m\u00eb t\u00eb vler\u00ebsuara nga publiku dhe m\u00eb t\u00eb dashura,ajo vazhdon t\u00eb jet\u00eb n\u00eb qend\u00ebr t\u00eb v\u00ebmendjes sa er\u00eb q\u00eb paraqitet me ndonj\u00eb projekt t\u00eb ri muzikor. Nd\u00ebrsa, sa i p\u00ebrket personalitetit dhe vetive t\u00eb saj,ajo ka folur duke zbuluar se \u00ebsht\u00eb person q\u00eb edhe ver\u00ebs ndjen t\u00eb ftoht\u00eb, k\u00ebshtu q\u00eb gjithmon\u00eb mban pizhame veshur<\/p>\n<p><strong>Bota Sot<br \/>\n\n\t\t<style type=\"text\/css\">\n\t\t\t#gallery-1 {\n\t\t\t\tmargin: auto;\n\t\t\t}\n\t\t\t#gallery-1 .gallery-item {\n\t\t\t\tfloat: left;\n\t\t\t\tmargin-top: 10px;\n\t\t\t\ttext-align: center;\n\t\t\t\twidth: 33%;\n\t\t\t}\n\t\t\t#gallery-1 img {\n\t\t\t\tborder: 2px solid #cfcfcf;\n\t\t\t}\n\t\t\t#gallery-1 .gallery-caption {\n\t\t\t\tmargin-left: 0;\n\t\t\t}\n\t\t\t\/* see gallery_shortcode() in wp-includes\/media.php *\/\n\t\t<\/style>\n\t\t<div id='gallery-1' class='gallery galleryid-24739 gallery-columns-3 gallery-size-thumbnail'><dl class='gallery-item'>\n\t\t\t<dt class='gallery-icon portrait'>\n\t\t\t\t<a href='https:\/\/www.visit-ulcinj.com\/blog\/wp-content\/uploads\/2009\/08\/Nora-Istrefi.1.jpg'><img width=\"150\" height=\"150\" src=\"https:\/\/www.visit-ulcinj.com\/blog\/wp-content\/uploads\/2009\/08\/Nora-Istrefi.1-150x150.jpg\" class=\"attachment-thumbnail size-thumbnail\" alt=\"\" loading=\"lazy\" \/><\/a>\n\t\t\t<\/dt><\/dl><dl class='gallery-item'>\n\t\t\t<dt class='gallery-icon portrait'>\n\t\t\t\t<a href='https:\/\/www.visit-ulcinj.com\/blog\/wp-content\/uploads\/2009\/08\/Nora-Istrefi.2.jpg'><img width=\"150\" height=\"150\" src=\"https:\/\/www.visit-ulcinj.com\/blog\/wp-content\/uploads\/2009\/08\/Nora-Istrefi.2-150x150.jpg\" class=\"attachment-thumbnail size-thumbnail\" alt=\"\" loading=\"lazy\" \/><\/a>\n\t\t\t<\/dt><\/dl><dl class='gallery-item'>\n\t\t\t<dt class='gallery-icon portrait'>\n\t\t\t\t<a href='https:\/\/www.visit-ulcinj.com\/blog\/wp-content\/uploads\/2009\/08\/Nora-Istrefi.3.jpg'><img width=\"150\" height=\"150\" src=\"https:\/\/www.visit-ulcinj.com\/blog\/wp-content\/uploads\/2009\/08\/Nora-Istrefi.3-150x150.jpg\" class=\"attachment-thumbnail size-thumbnail\" alt=\"\" loading=\"lazy\" \/><\/a>\n\t\t\t<\/dt><\/dl><br style=\"clear: both\" \/><dl class='gallery-item'>\n\t\t\t<dt class='gallery-icon landscape'>\n\t\t\t\t<a href='https:\/\/www.visit-ulcinj.com\/blog\/wp-content\/uploads\/2009\/08\/Nora-Istrefi.4.jpg'><img width=\"150\" height=\"150\" src=\"https:\/\/www.visit-ulcinj.com\/blog\/wp-content\/uploads\/2009\/08\/Nora-Istrefi.4-150x150.jpg\" class=\"attachment-thumbnail size-thumbnail\" alt=\"\" loading=\"lazy\" \/><\/a>\n\t\t\t<\/dt><\/dl><dl class='gallery-item'>\n\t\t\t<dt class='gallery-icon portrait'>\n\t\t\t\t<a href='https:\/\/www.visit-ulcinj.com\/blog\/wp-content\/uploads\/2009\/08\/Nora-Istrefi.5.jpg'><img width=\"150\" height=\"150\" src=\"https:\/\/www.visit-ulcinj.com\/blog\/wp-content\/uploads\/2009\/08\/Nora-Istrefi.5-150x150.jpg\" class=\"attachment-thumbnail size-thumbnail\" alt=\"\" loading=\"lazy\" \/><\/a>\n\t\t\t<\/dt><\/dl><dl class='gallery-item'>\n\t\t\t<dt class='gallery-icon portrait'>\n\t\t\t\t<a href='https:\/\/www.visit-ulcinj.com\/blog\/wp-content\/uploads\/2009\/08\/Nora-Istrefi1.jpg'><img width=\"150\" height=\"150\" src=\"https:\/\/www.visit-ulcinj.com\/blog\/wp-content\/uploads\/2009\/08\/Nora-Istrefi1-150x150.jpg\" class=\"attachment-thumbnail size-thumbnail\" alt=\"\" loading=\"lazy\" \/><\/a>\n\t\t\t<\/dt><\/dl><br style=\"clear: both\" \/>\n\t\t<\/div>\n<\/p>\n<p><\/strong><\/p>\n<p><strong> <\/strong><\/p>\n<p><strong><!--YouTube Error: bad URL entered--><br \/>\n<\/strong><\/p>\n","protected":false},"excerpt":{"rendered":"<p>Nora Istrefi \u00ebsht\u00eb mjaft e angazhuar gjat\u00eb k\u00ebsaj vere, si n\u00eb Kosov\u00eb, Ulqin e Durr\u00ebs. Nd\u00ebrkaq p\u00ebr pushime mendon t\u00eb shkoj\u00eb nga fundi i k\u00ebtij muaji dhe sigurisht bashk\u00eb me t\u00eb fejuarin e saj. Duke qen\u00eb nj\u00ebra nd\u00ebr k\u00ebng\u00ebtaret m\u00eb t\u00eb vler\u00ebsuara nga publiku dhe m\u00eb t\u00eb dashura,ajo vazhdon t\u00eb jet\u00eb n\u00eb qend\u00ebr t\u00eb v\u00ebmendjes [&hellip;]<\/p>\n","protected":false},"author":1,"featured_media":0,"comment_status":"open","ping_status":"closed","sticky":false,"template":"","format":"standard","meta":{"spay_email":"","jetpack_publicize_message":"","jetpack_is_tweetstorm":false,"jetpack_publicize_feature_enabled":true},"categories":[1],"tags":[4939],"jetpack_publicize_connections":[],"yoast_head":"<!-- This site is optimized with the Yoast SEO plugin v19.1 - https:\/\/yoast.com\/wordpress\/plugins\/seo\/ -->\n<title>Koha p\u00ebr pushimet e Nora Istrefit - Lajme nga Ulqini<\/title>\n<meta name=\"description\" content=\"Nora Istrefi \u00ebsht\u00eb mjaft e angazhuar gjat\u00eb k\u00ebsaj vere, si n\u00eb Kosov\u00eb, Ulqin e Durr\u00ebs. Nd\u00ebrkaq p\u00ebr pushime mendon t\u00eb shkoj\u00eb nga fundi i k\u00ebtij muaji dhe\" \/>\n<meta name=\"robots\" content=\"index, follow, max-snippet:-1, max-image-preview:large, max-video-preview:-1\" \/>\n<link rel=\"canonical\" href=\"https:\/\/www.visit-ulcinj.com\/blog\/2009\/08\/19\/koha-per-pushimet-e-nora-istrefit\/\" \/>\n<meta property=\"og:locale\" content=\"en_US\" \/>\n<meta property=\"og:type\" content=\"article\" \/>\n<meta property=\"og:title\" content=\"Koha p\u00ebr pushimet e Nora Istrefit - Lajme nga Ulqini\" \/>\n<meta property=\"og:description\" content=\"Nora Istrefi \u00ebsht\u00eb mjaft e angazhuar gjat\u00eb k\u00ebsaj vere, si n\u00eb Kosov\u00eb, Ulqin e Durr\u00ebs. Nd\u00ebrkaq p\u00ebr pushime mendon t\u00eb shkoj\u00eb nga fundi i k\u00ebtij muaji dhe\" \/>\n<meta property=\"og:url\" content=\"https:\/\/www.visit-ulcinj.com\/blog\/2009\/08\/19\/koha-per-pushimet-e-nora-istrefit\/\" \/>\n<meta property=\"og:site_name\" content=\"Lajme nga Ulqini\" \/>\n<meta property=\"article:published_time\" content=\"2009-08-19T18:10:53+00:00\" \/>\n<meta property=\"article:modified_time\" content=\"2009-08-20T14:48:49+00:00\" \/>\n<meta property=\"og:image\" content=\"https:\/\/www.visit-ulcinj.com\/blog\/wp-content\/uploads\/2009\/08\/Nora-Istrefi.1-150x150.jpg\" \/>\n<meta name=\"twitter:label1\" content=\"Written by\" \/>\n\t<meta name=\"twitter:data1\" content=\"ulqini\" \/>\n\t<meta name=\"twitter:label2\" content=\"Est. reading time\" \/>\n\t<meta name=\"twitter:data2\" content=\"1 minute\" \/>\n<script type=\"application\/ld+json\" class=\"yoast-schema-graph\">{\"@context\":\"https:\/\/schema.org\",\"@graph\":[{\"@type\":\"WebSite\",\"@id\":\"https:\/\/www.visit-ulcinj.com\/blog\/#website\",\"url\":\"https:\/\/www.visit-ulcinj.com\/blog\/\",\"name\":\"Lajme nga Ulqini\",\"description\":\"Lajme,Vijesti,Ulqini,Ulqin,Crna Gora,Mali i Zi\",\"potentialAction\":[{\"@type\":\"SearchAction\",\"target\":{\"@type\":\"EntryPoint\",\"urlTemplate\":\"https:\/\/www.visit-ulcinj.com\/blog\/?s={search_term_string}\"},\"query-input\":\"required name=search_term_string\"}],\"inLanguage\":\"en-US\"},{\"@type\":\"ImageObject\",\"inLanguage\":\"en-US\",\"@id\":\"https:\/\/www.visit-ulcinj.com\/blog\/2009\/08\/19\/koha-per-pushimet-e-nora-istrefit\/#primaryimage\",\"url\":\"https:\/\/www.visit-ulcinj.com\/blog\/wp-content\/uploads\/2009\/08\/Nora-Istrefi.4.jpg\",\"contentUrl\":\"https:\/\/www.visit-ulcinj.com\/blog\/wp-content\/uploads\/2009\/08\/Nora-Istrefi.4.jpg\",\"width\":\"361\",\"height\":\"241\"},{\"@type\":\"WebPage\",\"@id\":\"https:\/\/www.visit-ulcinj.com\/blog\/2009\/08\/19\/koha-per-pushimet-e-nora-istrefit\/#webpage\",\"url\":\"https:\/\/www.visit-ulcinj.com\/blog\/2009\/08\/19\/koha-per-pushimet-e-nora-istrefit\/\",\"name\":\"Koha p\u00ebr pushimet e Nora Istrefit - Lajme nga Ulqini\",\"isPartOf\":{\"@id\":\"https:\/\/www.visit-ulcinj.com\/blog\/#website\"},\"primaryImageOfPage\":{\"@id\":\"https:\/\/www.visit-ulcinj.com\/blog\/2009\/08\/19\/koha-per-pushimet-e-nora-istrefit\/#primaryimage\"},\"datePublished\":\"2009-08-19T18:10:53+00:00\",\"dateModified\":\"2009-08-20T14:48:49+00:00\",\"author\":{\"@id\":\"https:\/\/www.visit-ulcinj.com\/blog\/#\/schema\/person\/dcab619c614d3038751c63bc2aadc06d\"},\"description\":\"Nora Istrefi \u00ebsht\u00eb mjaft e angazhuar gjat\u00eb k\u00ebsaj vere, si n\u00eb Kosov\u00eb, Ulqin e Durr\u00ebs. Nd\u00ebrkaq p\u00ebr pushime mendon t\u00eb shkoj\u00eb nga fundi i k\u00ebtij muaji dhe\",\"breadcrumb\":{\"@id\":\"https:\/\/www.visit-ulcinj.com\/blog\/2009\/08\/19\/koha-per-pushimet-e-nora-istrefit\/#breadcrumb\"},\"inLanguage\":\"en-US\",\"potentialAction\":[{\"@type\":\"ReadAction\",\"target\":[\"https:\/\/www.visit-ulcinj.com\/blog\/2009\/08\/19\/koha-per-pushimet-e-nora-istrefit\/\"]}]},{\"@type\":\"BreadcrumbList\",\"@id\":\"https:\/\/www.visit-ulcinj.com\/blog\/2009\/08\/19\/koha-per-pushimet-e-nora-istrefit\/#breadcrumb\",\"itemListElement\":[{\"@type\":\"ListItem\",\"position\":1,\"name\":\"Koha p\u00ebr pushimet e Nora Istrefit\"}]},{\"@type\":\"Person\",\"@id\":\"https:\/\/www.visit-ulcinj.com\/blog\/#\/schema\/person\/dcab619c614d3038751c63bc2aadc06d\",\"name\":\"ulqini\",\"sameAs\":[\"http:\/\/www.visit-ulcinj.com\"],\"url\":\"https:\/\/www.visit-ulcinj.com\/blog\/author\/admin\/\"}]}<\/script>\n<!-- \/ Yoast SEO plugin. -->","yoast_head_json":{"title":"Koha p\u00ebr pushimet e Nora Istrefit - Lajme nga Ulqini","description":"Nora Istrefi \u00ebsht\u00eb mjaft e angazhuar gjat\u00eb k\u00ebsaj vere, si n\u00eb Kosov\u00eb, Ulqin e Durr\u00ebs. Nd\u00ebrkaq p\u00ebr pushime mendon t\u00eb shkoj\u00eb nga fundi i k\u00ebtij muaji dhe","robots":{"index":"index","follow":"follow","max-snippet":"max-snippet:-1","max-image-preview":"max-image-preview:large","max-video-preview":"max-video-preview:-1"},"canonical":"https:\/\/www.visit-ulcinj.com\/blog\/2009\/08\/19\/koha-per-pushimet-e-nora-istrefit\/","og_locale":"en_US","og_type":"article","og_title":"Koha p\u00ebr pushimet e Nora Istrefit - Lajme nga Ulqini","og_description":"Nora Istrefi \u00ebsht\u00eb mjaft e angazhuar gjat\u00eb k\u00ebsaj vere, si n\u00eb Kosov\u00eb, Ulqin e Durr\u00ebs. Nd\u00ebrkaq p\u00ebr pushime mendon t\u00eb shkoj\u00eb nga fundi i k\u00ebtij muaji dhe","og_url":"https:\/\/www.visit-ulcinj.com\/blog\/2009\/08\/19\/koha-per-pushimet-e-nora-istrefit\/","og_site_name":"Lajme nga Ulqini","article_published_time":"2009-08-19T18:10:53+00:00","article_modified_time":"2009-08-20T14:48:49+00:00","og_image":[{"url":"https:\/\/www.visit-ulcinj.com\/blog\/wp-content\/uploads\/2009\/08\/Nora-Istrefi.1-150x150.jpg"}],"twitter_misc":{"Written by":"ulqini","Est. reading time":"1 minute"},"schema":{"@context":"https:\/\/schema.org","@graph":[{"@type":"WebSite","@id":"https:\/\/www.visit-ulcinj.com\/blog\/#website","url":"https:\/\/www.visit-ulcinj.com\/blog\/","name":"Lajme nga Ulqini","description":"Lajme,Vijesti,Ulqini,Ulqin,Crna Gora,Mali i Zi","potentialAction":[{"@type":"SearchAction","target":{"@type":"EntryPoint","urlTemplate":"https:\/\/www.visit-ulcinj.com\/blog\/?s={search_term_string}"},"query-input":"required name=search_term_string"}],"inLanguage":"en-US"},{"@type":"ImageObject","inLanguage":"en-US","@id":"https:\/\/www.visit-ulcinj.com\/blog\/2009\/08\/19\/koha-per-pushimet-e-nora-istrefit\/#primaryimage","url":"https:\/\/www.visit-ulcinj.com\/blog\/wp-content\/uploads\/2009\/08\/Nora-Istrefi.4.jpg","contentUrl":"https:\/\/www.visit-ulcinj.com\/blog\/wp-content\/uploads\/2009\/08\/Nora-Istrefi.4.jpg","width":"361","height":"241"},{"@type":"WebPage","@id":"https:\/\/www.visit-ulcinj.com\/blog\/2009\/08\/19\/koha-per-pushimet-e-nora-istrefit\/#webpage","url":"https:\/\/www.visit-ulcinj.com\/blog\/2009\/08\/19\/koha-per-pushimet-e-nora-istrefit\/","name":"Koha p\u00ebr pushimet e Nora Istrefit - Lajme nga Ulqini","isPartOf":{"@id":"https:\/\/www.visit-ulcinj.com\/blog\/#website"},"primaryImageOfPage":{"@id":"https:\/\/www.visit-ulcinj.com\/blog\/2009\/08\/19\/koha-per-pushimet-e-nora-istrefit\/#primaryimage"},"datePublished":"2009-08-19T18:10:53+00:00","dateModified":"2009-08-20T14:48:49+00:00","author":{"@id":"https:\/\/www.visit-ulcinj.com\/blog\/#\/schema\/person\/dcab619c614d3038751c63bc2aadc06d"},"description":"Nora Istrefi \u00ebsht\u00eb mjaft e angazhuar gjat\u00eb k\u00ebsaj vere, si n\u00eb Kosov\u00eb, Ulqin e Durr\u00ebs. Nd\u00ebrkaq p\u00ebr pushime mendon t\u00eb shkoj\u00eb nga fundi i k\u00ebtij muaji dhe","breadcrumb":{"@id":"https:\/\/www.visit-ulcinj.com\/blog\/2009\/08\/19\/koha-per-pushimet-e-nora-istrefit\/#breadcrumb"},"inLanguage":"en-US","potentialAction":[{"@type":"ReadAction","target":["https:\/\/www.visit-ulcinj.com\/blog\/2009\/08\/19\/koha-per-pushimet-e-nora-istrefit\/"]}]},{"@type":"BreadcrumbList","@id":"https:\/\/www.visit-ulcinj.com\/blog\/2009\/08\/19\/koha-per-pushimet-e-nora-istrefit\/#breadcrumb","itemListElement":[{"@type":"ListItem","position":1,"name":"Koha p\u00ebr pushimet e Nora Istrefit"}]},{"@type":"Person","@id":"https:\/\/www.visit-ulcinj.com\/blog\/#\/schema\/person\/dcab619c614d3038751c63bc2aadc06d","name":"ulqini","sameAs":["http:\/\/www.visit-ulcinj.com"],"url":"https:\/\/www.visit-ulcinj.com\/blog\/author\/admin\/"}]}},"jetpack_featured_media_url":"","jetpack_sharing_enabled":true,"jetpack_shortlink":"https:\/\/wp.me\/pe6lTn-6r1","_links":{"self":[{"href":"https:\/\/www.visit-ulcinj.com\/blog\/wp-json\/wp\/v2\/posts\/24739"}],"collection":[{"href":"https:\/\/www.visit-ulcinj.com\/blog\/wp-json\/wp\/v2\/posts"}],"about":[{"href":"https:\/\/www.visit-ulcinj.com\/blog\/wp-json\/wp\/v2\/types\/post"}],"author":[{"embeddable":true,"href":"https:\/\/www.visit-ulcinj.com\/blog\/wp-json\/wp\/v2\/users\/1"}],"replies":[{"embeddable":true,"href":"https:\/\/www.visit-ulcinj.com\/blog\/wp-json\/wp\/v2\/comments?post=24739"}],"version-history":[{"count":0,"href":"https:\/\/www.visit-ulcinj.com\/blog\/wp-json\/wp\/v2\/posts\/24739\/revisions"}],"wp:attachment":[{"href":"https:\/\/www.visit-ulcinj.com\/blog\/wp-json\/wp\/v2\/media?parent=24739"}],"wp:term":[{"taxonomy":"category","embeddable":true,"href":"https:\/\/www.visit-ulcinj.com\/blog\/wp-json\/wp\/v2\/categories?post=24739"},{"taxonomy":"post_tag","embeddable":true,"href":"https:\/\/www.visit-ulcinj.com\/blog\/wp-json\/wp\/v2\/tags?post=24739"}],"curies":[{"name":"wp","href":"https:\/\/api.w.org\/{rel}","templated":true}]}}