{"id":24759,"date":"2009-08-20T18:02:32","date_gmt":"2009-08-20T16:02:32","guid":{"rendered":"http:\/\/www.visit-ulcinj.com\/blog\/?p=24759"},"modified":"2009-08-20T18:02:32","modified_gmt":"2009-08-20T16:02:32","slug":"ulqini-yne-ka-ndryshuar-per-te-mire","status":"publish","type":"post","link":"https:\/\/www.visit-ulcinj.com\/blog\/2009\/08\/20\/ulqini-yne-ka-ndryshuar-per-te-mire\/","title":{"rendered":"Ulqini yn\u00eb ka ndryshuar p\u00ebr t\u00eb mir\u00eb"},"content":{"rendered":"<p><strong><a href=\"http:\/\/www.visit-ulcinj.com\/blog\/wp-content\/uploads\/2009\/08\/Plazhi-i-madh\u00eb-Ulqin.jpg\"><img loading=\"lazy\" class=\"alignleft size-full wp-image-24760\" title=\"Plazhi i madh\u00eb Ulqin\" src=\"http:\/\/www.visit-ulcinj.com\/blog\/wp-content\/uploads\/2009\/08\/Plazhi-i-madh\u00eb-Ulqin.jpg\" alt=\"Plazhi i madh\u00eb Ulqin\" width=\"580\" height=\"400\" \/><\/a>Gazeta shkruan: Shqiptar\u00ebt u bashkuan\u2026<\/strong><strong><br \/>\n1.<br \/>\n<\/strong>Fiks n\u00eb or\u00ebn 20.00 autobusi yn\u00eb l\u00ebshon peronin e Stacionit t\u00eb Autobus\u00ebve dhe niset n\u00eb drejtim t\u00eb Ulqinit. Gati si p\u00ebrgjysm\u00eb, disa n\u00eb drejtim t\u00eb Durr\u00ebsit e t\u00eb tjer\u00ebt p\u00ebr Ulqin. Jemi ndar\u00eb ne shqiptar\u00ebt, por Deti Adriatik na bashkon! Rreth rrotull nga Lipjani se autostrada apo nuk me di se me \u00e7far\u00eb emri ta quaj\u00eb rrug\u00ebn e filluar ka dy vite p\u00ebr Sllatin\u00eb! Pun\u00eb shqiptar\u00ebsh-fjal\u00eb boll e pun\u00eb pak\u2026 Nejse, m\u00eb n\u00eb fund arrit\u00ebm deri te aeroporti, por nuk dilet dot. Thon\u00eb se ka tollovi te Kryqi i Sllatin\u00ebs, nj\u00eb aksident trafiku. Solla numrin e telefonit kujdestar t\u00eb z\u00ebdh\u00ebn\u00ebs s\u00eb Policis\u00eb s\u00eb Kosov\u00ebs (Violet\u00ebs) edhe ajo\u00a0 m\u00eb tha \u201cse nuk e di sakt\u00ebsisht se \u00e7far\u00eb ka ngjar\u00eb\u201d\u2026M\u00eb tha se edhe vet\u00eb ka marr\u00eb rrug\u00eb p\u00ebr Pej\u00eb, por nga tollovia \u00ebsht\u00eb kthyer! Enigma zgjidhet, nj\u00eb ndeshje dy patrulla t\u00eb policis\u00eb q\u00eb mezi kryenin pun\u00ebn e tyre dhe rrug\u00ebtimi deri n\u00eb Pej\u00eb nga zgjat hiq m\u00eb pak se 3 or\u00eb e fiu!<br \/>\nK\u00ebshtu e ka kur shteti yn\u00eb i pavarur, demokratik, sovran me plot goj\u00ebn \u201cse ne jemi n\u00eb rrug\u00eb t\u00eb drejt\u00eb\u201d.<br \/>\nPse e lodhi un\u00eb sonte kok\u00ebn p\u00ebr politik\u00eb kur ka kush merret me te, ka kush q\u00eb ia ka futur shpin\u00ebn dhe e mban mbi supe politik\u00ebn dhe t\u00ebr\u00eb Kosov\u00ebn\u2026<\/p>\n<p><strong>2.<\/strong><\/p>\n<p>N\u00eb kufirin me Malin e Zi, kufijve nd\u00ebrshtet\u00ebror\u00eb po i vjen era Evrop\u00eb, mund ta kap\u00ebrcesh kufirin edhe me nj\u00eb v\u00ebrtetim t\u00eb parkingut t\u00eb vetur\u00ebs n\u00eb Prishtin\u00eb. Soll a je nisur p\u00ebr Ulqin, ku do t\u00eb l\u00ebsh ca para dhe nj\u00eb l\u00ebkur\u00eb nga dielli! Policia jon\u00eb korrekte, ajo malaziase po ashtu madje me nj\u00eb \u201csretno\u201d drejtuar udh\u00ebtar\u00ebve!<\/p>\n<p><strong>3.<\/strong><\/p>\n<p>Ulqinak\u00ebt jan\u00eb transformuar, flasin shqipen dhe jan\u00eb shum\u00eb m\u00eb korrekt\u00eb se para viteve t\u00eb 90-ta. E keqja se disa \u201cmal\u00ebsor\u00eb\u201d ishin shnd\u00ebrruar n\u00eb ulqinak\u00eb dhe nj\u00eb kafe nuk ta qesin m\u00eb, nuk jan\u00eb m\u00eb ata krajnan\u00ebt e krutnjan\u00ebt e dikursh\u00ebm, kan\u00eb filluar t\u00eb ulqinakizohen\u2026<br \/>\nUlqini yn\u00eb ka ndryshuar p\u00ebr t\u00eb mir\u00eb. I mbushur plot turist\u00eb, por jo m\u00eb \u201cstranca\u201d si dikur, por me t\u00eb huaj. Edhe gjerman\u00eb, edhe holandez\u00eb, edhe rus\u00eb\u2026 E kur jemi te rus\u00ebt ata kan\u00eb bler\u00eb hotelin \u201cOtrant\u201d kan\u00eb v\u00ebn\u00eb rregull te dera, kan\u00eb hapur nj\u00eb pishin\u00eb e asgj\u00eb m\u00eb shum\u00eb, nd\u00ebrkaq q\u00eb \u201cbungallovat\u201d e dikurshme jan\u00eb si n\u00eb koh\u00ebn e Titos &#8211; t\u00eb l\u00ebna pas dore\u2026Plazhet jan\u00eb bler\u00eb nga shqiptaro-amerikan\u00ebt, \u00e7mimet e larta ama pushim i rahatsh\u00ebm.<\/p>\n<p><strong>4.<\/strong><\/p>\n<p>Tash Ulqini ka filluar t\u00eb ndryshoj\u00eb p\u00ebr t\u00eb mir\u00eb. S\u2019ka m\u00eb grumbuj t\u00eb b\u00ebrllokut n\u00ebp\u00ebr plazhe, s\u2019ka m\u00eb kontejner\u00eb t\u00eb str\u00ebmbushur atyre rrug\u00ebve, ka polici t\u00eb trafikut n\u00eb \u00e7do k\u00ebnd t\u00eb Plazhit t\u00eb Madh dhe trafiku zhvillohet si sahat. Polici i cili nj\u00eb dit\u00eb erdhi p\u00ebr pak minuta deri n\u00eb r\u00ebr\u00ebn e plazhit, sepse kishte humbur nj\u00eb f\u00ebmij\u00eb, nj\u00eb grua kishe hall me burrin e divorcuar dhe i b\u00ebnte telashe edhe n\u00eb plazh!<br \/>\nMali i Zi, shtet i ri, por ku funksionon pushteti, shembull p\u00ebr t\u00eb mir\u00eb.<\/p>\n<p><strong>5.<\/strong><\/p>\n<p>N\u00eb plazh dominojn\u00eb nga viset e ish-Jugosllavis\u00eb, sidomos boshnjak\u00eb nga Novi Pazari. Kosovar\u00ebt n\u00eb vendin e dyt\u00eb. \u201cSivjet kemi zhvilluar propagand\u00eb komb\u00ebtaro- patriotike\u2026t\u00eb gjitha rrug\u00ebt nga Kosova t\u00eb shpijn\u00eb p\u00ebr Durr\u00ebs e Velipoj\u00eb\u201d, m\u00eb thot\u00eb nj\u00eb mesoburr\u00eb nga Prishtina, t\u00eb cilin e njoha at\u00eb dit\u00eb vape n\u00eb plazh.<br \/>\nLajmet e jo lajmet! N\u00eb mes t\u00eb plazhit t\u00eb vijn\u00eb t\u00eb gjitha gazetat shqipe q\u00eb botohen n\u00eb Kosov\u00eb. Me nj\u00eb dit\u00eb vones\u00eb. I shp\u00ebrndan Nadiri nga Tetova, rreth t\u00eb 50-ve dhe nj\u00eb strajc\u00eb n\u00eb krah. B\u00ebrtet dhe \u00e7irret, por nuk lodhet: \u201cGazeta shkruan: Kosova drejt BE-s\u00eb\u201d, gazeta shkruan:\u201dAzem Vllasi e kandidon veten ambasador n\u00eb Mal t\u00eb Zi, por nuk \u00ebsht\u00eb askush n\u00eb list\u00eb\u201d, gazeta shkruan: \u201cT\u00eb gjith\u00eb shqiptar\u00ebt jan\u00eb t\u00eb bashkuar!\u201d Dhe kur e thot\u00eb k\u00ebt\u00eb ulet dhe qesh me z\u00eb: \u201cJo, k\u00ebt\u00eb lajm ende nuk e kam lexuar askush n\u00eb gazeta, desha ta trilloj\u00eb pak\u2026\u2019 qeshet Nadi, gazetashit\u00ebsi. Pas pushimit Nadiri nga Tetova ik n\u00eb drejtim t\u00eb Shtojit. K\u00ebmb\u00eb 10 kilometra nj\u00eb drejtim\u2026ka ardhur n\u00eb Ulqin jo p\u00ebr t\u00eb pushuar, por p\u00ebr ta nxjerr\u00eb ndonj\u00eb para p\u00ebr t\u2019i mbajtur carrok\u00ebt e vet diku n\u00eb nj\u00eb fshat t\u00eb Tetov\u00ebs\u2026<\/p>\n<p><strong>6.<\/strong><\/p>\n<p>Mbr\u00ebmjet n\u00eb Ulqin. N\u00eb Plazhin e Vog\u00ebl ka r\u00ebn\u00eb intensiteti, atje shkojn\u00eb t\u00eb rinjt\u00eb q\u00eb k\u00ebt\u00eb ver\u00eb nuk dominonin. N\u00eb Plazh t\u00eb Madh, n\u00eb tri lokale nd\u00ebrroheshin k\u00ebng\u00ebtar\u00ebt e estrad\u00ebs son\u00eb q\u00eb nga Sabri Fezjullahu, Meda, Ermali, Labinot Tahiri, Labi i 21-shit e p\u00ebr ta kallur e p\u00ebr t\u2019ia qitur tymin Gjystja e p\u00ebr t\u00eb p\u00ebrfunduar me Valamala e Stupcat. Tollovi, aksham pazar, 2 euro hyrja, 3.5 euro \u00e7do pije, edhe uji i thart\u00eb\u2026K\u00ebng\u00eb e piskam\u00eb, me shije e pa te, humor n\u00eb disa raste i pakriter dhe i pakrip\u00eb, tallava deri sa t\u00eb p\u00eblcet veshi. \u201cLamtumir\u00eb\u201d na thon\u00eb secili nga k\u00ebng\u00ebtar\u00ebt \u201cse nes\u00ebr mbr\u00ebma jemi n\u00eb Durr\u00ebs, kthehemi prap\u00eb pasnes\u00ebr te ju\u2026\u201d U ka r\u00ebn\u00eb shi n\u00eb kollomo\u00e7\u2026<br \/>\nK\u00ebshtu prezantohet \u201ckultura shqiptare e Kosov\u00ebs\u201d n\u00eb Ulqin. Nd\u00ebrkaq q\u00eb k\u00ebtu \u00e7do vit mbahen nga nj\u00eb e m\u00eb shum\u00eb manifestime kulturore, por i thon\u00eb shqiptare por zakonisht ftuar jan\u00eb nga Tirana, kurse Prishtina disa here \u00ebsht\u00eb l\u00ebn\u00eb pas dore! Ndoshta pa q\u00ebllim, nga harresa!!!<\/p>\n<p><strong>7.<\/strong><\/p>\n<p>E l\u00ebshojm\u00eb at\u00eb mbr\u00ebmje Ulqinin, n\u00eb or\u00ebn 18.00, disa autobus\u00eb nga Prishtina, Gjilani e tjer\u00eb. T\u00ebr\u00eb koh\u00ebs na p\u00ebrcjell nj\u00eb vetur\u00eb e policis\u00eb e sinjalizuar. Ishim t\u00eb p\u00ebrcjell\u00eb, si eskort\u00eb ambasador\u00ebsh. Autoritetet malazeze thon\u00eb se k\u00ebt\u00eb e b\u00ebjn\u00eb p\u00ebr shkaqe sigurie, sepse ka pasur raste kur jan\u00eb hedhur gur\u00eb mbi autobus\u00ebt me targa KS. Kjo p\u00ebrcjellje nuk m\u00eb p\u00eblqen fare! B\u00ebn nj\u00eb ndarje, nuk \u00ebsht\u00eb siguri, p\u00ebrkundrazi n\u00eb mua zgjon nj\u00eb habi dhe nj\u00eb pik\u00ebpyetje t\u00eb madhe\u2026Nuk e di sa kam t\u00eb drejt\u00eb?<br \/>\nKaq k\u00ebt\u00eb her\u00eb nga Ulqini i shqiptar\u00ebve, e sa \u00ebsht\u00eb i shqiptar\u00ebve k\u00ebt\u00eb duhet ta shqyrtojn\u00eb pak m\u00eb mir\u00eb strukturat politike shqiptare t\u00eb Malit t\u00eb Zi, q\u00eb jan\u00eb t\u00eb p\u00ebrfaq\u00ebsuara n\u00eb Podgoric\u00eb.<\/p>\n<p><strong>Esad Dujaka<br \/>\nKosova Sot<\/strong><\/p>\n<p><strong><!--YouTube Error: bad URL entered--><br \/>\n<\/strong><\/p>\n","protected":false},"excerpt":{"rendered":"<p>Gazeta shkruan: Shqiptar\u00ebt u bashkuan\u2026 1. Fiks n\u00eb or\u00ebn 20.00 autobusi yn\u00eb l\u00ebshon peronin e Stacionit t\u00eb Autobus\u00ebve dhe niset n\u00eb drejtim t\u00eb Ulqinit. Gati si p\u00ebrgjysm\u00eb, disa n\u00eb drejtim t\u00eb Durr\u00ebsit e t\u00eb tjer\u00ebt p\u00ebr Ulqin. Jemi ndar\u00eb ne shqiptar\u00ebt, por Deti Adriatik na bashkon! Rreth rrotull nga Lipjani se autostrada apo nuk me [&hellip;]<\/p>\n","protected":false},"author":1,"featured_media":0,"comment_status":"open","ping_status":"closed","sticky":false,"template":"","format":"standard","meta":{"spay_email":"","jetpack_publicize_message":"","jetpack_is_tweetstorm":false,"jetpack_publicize_feature_enabled":true},"categories":[15],"tags":[95,5657,200,18],"jetpack_publicize_connections":[],"yoast_head":"<!-- This site is optimized with the Yoast SEO plugin v19.1 - https:\/\/yoast.com\/wordpress\/plugins\/seo\/ -->\n<title>Ulqini yn\u00eb ka ndryshuar p\u00ebr t\u00eb mir\u00eb - Lajme nga Ulqini<\/title>\n<meta name=\"description\" content=\"Gazeta shkruan: Shqiptar\u00ebt u bashkuan\u2026 1. Fiks n\u00eb or\u00ebn 20.00 autobusi yn\u00eb l\u00ebshon peronin e Stacionit t\u00eb Autobus\u00ebve dhe niset n\u00eb drejtim t\u00eb Ulqinit. Gati\" \/>\n<meta name=\"robots\" content=\"index, follow, max-snippet:-1, max-image-preview:large, max-video-preview:-1\" \/>\n<link rel=\"canonical\" href=\"https:\/\/www.visit-ulcinj.com\/blog\/2009\/08\/20\/ulqini-yne-ka-ndryshuar-per-te-mire\/\" \/>\n<meta property=\"og:locale\" content=\"en_US\" \/>\n<meta property=\"og:type\" content=\"article\" \/>\n<meta property=\"og:title\" content=\"Ulqini yn\u00eb ka ndryshuar p\u00ebr t\u00eb mir\u00eb - Lajme nga Ulqini\" \/>\n<meta property=\"og:description\" content=\"Gazeta shkruan: Shqiptar\u00ebt u bashkuan\u2026 1. Fiks n\u00eb or\u00ebn 20.00 autobusi yn\u00eb l\u00ebshon peronin e Stacionit t\u00eb Autobus\u00ebve dhe niset n\u00eb drejtim t\u00eb Ulqinit. Gati\" \/>\n<meta property=\"og:url\" content=\"https:\/\/www.visit-ulcinj.com\/blog\/2009\/08\/20\/ulqini-yne-ka-ndryshuar-per-te-mire\/\" \/>\n<meta property=\"og:site_name\" content=\"Lajme nga Ulqini\" \/>\n<meta property=\"article:published_time\" content=\"2009-08-20T16:02:32+00:00\" \/>\n<meta name=\"twitter:label1\" content=\"Written by\" \/>\n\t<meta name=\"twitter:data1\" content=\"ulqini\" \/>\n\t<meta name=\"twitter:label2\" content=\"Est. reading time\" \/>\n\t<meta name=\"twitter:data2\" content=\"6 minutes\" \/>\n<script type=\"application\/ld+json\" class=\"yoast-schema-graph\">{\"@context\":\"https:\/\/schema.org\",\"@graph\":[{\"@type\":\"WebSite\",\"@id\":\"https:\/\/www.visit-ulcinj.com\/blog\/#website\",\"url\":\"https:\/\/www.visit-ulcinj.com\/blog\/\",\"name\":\"Lajme nga Ulqini\",\"description\":\"Lajme,Vijesti,Ulqini,Ulqin,Crna Gora,Mali i Zi\",\"potentialAction\":[{\"@type\":\"SearchAction\",\"target\":{\"@type\":\"EntryPoint\",\"urlTemplate\":\"https:\/\/www.visit-ulcinj.com\/blog\/?s={search_term_string}\"},\"query-input\":\"required name=search_term_string\"}],\"inLanguage\":\"en-US\"},{\"@type\":\"WebPage\",\"@id\":\"https:\/\/www.visit-ulcinj.com\/blog\/2009\/08\/20\/ulqini-yne-ka-ndryshuar-per-te-mire\/#webpage\",\"url\":\"https:\/\/www.visit-ulcinj.com\/blog\/2009\/08\/20\/ulqini-yne-ka-ndryshuar-per-te-mire\/\",\"name\":\"Ulqini yn\u00eb ka ndryshuar p\u00ebr t\u00eb mir\u00eb - Lajme nga Ulqini\",\"isPartOf\":{\"@id\":\"https:\/\/www.visit-ulcinj.com\/blog\/#website\"},\"datePublished\":\"2009-08-20T16:02:32+00:00\",\"dateModified\":\"2009-08-20T16:02:32+00:00\",\"author\":{\"@id\":\"https:\/\/www.visit-ulcinj.com\/blog\/#\/schema\/person\/dcab619c614d3038751c63bc2aadc06d\"},\"description\":\"Gazeta shkruan: Shqiptar\u00ebt u bashkuan\u2026 1. Fiks n\u00eb or\u00ebn 20.00 autobusi yn\u00eb l\u00ebshon peronin e Stacionit t\u00eb Autobus\u00ebve dhe niset n\u00eb drejtim t\u00eb Ulqinit. Gati\",\"breadcrumb\":{\"@id\":\"https:\/\/www.visit-ulcinj.com\/blog\/2009\/08\/20\/ulqini-yne-ka-ndryshuar-per-te-mire\/#breadcrumb\"},\"inLanguage\":\"en-US\",\"potentialAction\":[{\"@type\":\"ReadAction\",\"target\":[\"https:\/\/www.visit-ulcinj.com\/blog\/2009\/08\/20\/ulqini-yne-ka-ndryshuar-per-te-mire\/\"]}]},{\"@type\":\"BreadcrumbList\",\"@id\":\"https:\/\/www.visit-ulcinj.com\/blog\/2009\/08\/20\/ulqini-yne-ka-ndryshuar-per-te-mire\/#breadcrumb\",\"itemListElement\":[{\"@type\":\"ListItem\",\"position\":1,\"name\":\"Ulqini yn\u00eb ka ndryshuar p\u00ebr t\u00eb mir\u00eb\"}]},{\"@type\":\"Person\",\"@id\":\"https:\/\/www.visit-ulcinj.com\/blog\/#\/schema\/person\/dcab619c614d3038751c63bc2aadc06d\",\"name\":\"ulqini\",\"sameAs\":[\"http:\/\/www.visit-ulcinj.com\"],\"url\":\"https:\/\/www.visit-ulcinj.com\/blog\/author\/admin\/\"}]}<\/script>\n<!-- \/ Yoast SEO plugin. -->","yoast_head_json":{"title":"Ulqini yn\u00eb ka ndryshuar p\u00ebr t\u00eb mir\u00eb - Lajme nga Ulqini","description":"Gazeta shkruan: Shqiptar\u00ebt u bashkuan\u2026 1. Fiks n\u00eb or\u00ebn 20.00 autobusi yn\u00eb l\u00ebshon peronin e Stacionit t\u00eb Autobus\u00ebve dhe niset n\u00eb drejtim t\u00eb Ulqinit. Gati","robots":{"index":"index","follow":"follow","max-snippet":"max-snippet:-1","max-image-preview":"max-image-preview:large","max-video-preview":"max-video-preview:-1"},"canonical":"https:\/\/www.visit-ulcinj.com\/blog\/2009\/08\/20\/ulqini-yne-ka-ndryshuar-per-te-mire\/","og_locale":"en_US","og_type":"article","og_title":"Ulqini yn\u00eb ka ndryshuar p\u00ebr t\u00eb mir\u00eb - Lajme nga Ulqini","og_description":"Gazeta shkruan: Shqiptar\u00ebt u bashkuan\u2026 1. Fiks n\u00eb or\u00ebn 20.00 autobusi yn\u00eb l\u00ebshon peronin e Stacionit t\u00eb Autobus\u00ebve dhe niset n\u00eb drejtim t\u00eb Ulqinit. Gati","og_url":"https:\/\/www.visit-ulcinj.com\/blog\/2009\/08\/20\/ulqini-yne-ka-ndryshuar-per-te-mire\/","og_site_name":"Lajme nga Ulqini","article_published_time":"2009-08-20T16:02:32+00:00","twitter_misc":{"Written by":"ulqini","Est. reading time":"6 minutes"},"schema":{"@context":"https:\/\/schema.org","@graph":[{"@type":"WebSite","@id":"https:\/\/www.visit-ulcinj.com\/blog\/#website","url":"https:\/\/www.visit-ulcinj.com\/blog\/","name":"Lajme nga Ulqini","description":"Lajme,Vijesti,Ulqini,Ulqin,Crna Gora,Mali i Zi","potentialAction":[{"@type":"SearchAction","target":{"@type":"EntryPoint","urlTemplate":"https:\/\/www.visit-ulcinj.com\/blog\/?s={search_term_string}"},"query-input":"required name=search_term_string"}],"inLanguage":"en-US"},{"@type":"WebPage","@id":"https:\/\/www.visit-ulcinj.com\/blog\/2009\/08\/20\/ulqini-yne-ka-ndryshuar-per-te-mire\/#webpage","url":"https:\/\/www.visit-ulcinj.com\/blog\/2009\/08\/20\/ulqini-yne-ka-ndryshuar-per-te-mire\/","name":"Ulqini yn\u00eb ka ndryshuar p\u00ebr t\u00eb mir\u00eb - Lajme nga Ulqini","isPartOf":{"@id":"https:\/\/www.visit-ulcinj.com\/blog\/#website"},"datePublished":"2009-08-20T16:02:32+00:00","dateModified":"2009-08-20T16:02:32+00:00","author":{"@id":"https:\/\/www.visit-ulcinj.com\/blog\/#\/schema\/person\/dcab619c614d3038751c63bc2aadc06d"},"description":"Gazeta shkruan: Shqiptar\u00ebt u bashkuan\u2026 1. Fiks n\u00eb or\u00ebn 20.00 autobusi yn\u00eb l\u00ebshon peronin e Stacionit t\u00eb Autobus\u00ebve dhe niset n\u00eb drejtim t\u00eb Ulqinit. Gati","breadcrumb":{"@id":"https:\/\/www.visit-ulcinj.com\/blog\/2009\/08\/20\/ulqini-yne-ka-ndryshuar-per-te-mire\/#breadcrumb"},"inLanguage":"en-US","potentialAction":[{"@type":"ReadAction","target":["https:\/\/www.visit-ulcinj.com\/blog\/2009\/08\/20\/ulqini-yne-ka-ndryshuar-per-te-mire\/"]}]},{"@type":"BreadcrumbList","@id":"https:\/\/www.visit-ulcinj.com\/blog\/2009\/08\/20\/ulqini-yne-ka-ndryshuar-per-te-mire\/#breadcrumb","itemListElement":[{"@type":"ListItem","position":1,"name":"Ulqini yn\u00eb ka ndryshuar p\u00ebr t\u00eb mir\u00eb"}]},{"@type":"Person","@id":"https:\/\/www.visit-ulcinj.com\/blog\/#\/schema\/person\/dcab619c614d3038751c63bc2aadc06d","name":"ulqini","sameAs":["http:\/\/www.visit-ulcinj.com"],"url":"https:\/\/www.visit-ulcinj.com\/blog\/author\/admin\/"}]}},"jetpack_featured_media_url":"","jetpack_sharing_enabled":true,"jetpack_shortlink":"https:\/\/wp.me\/pe6lTn-6rl","_links":{"self":[{"href":"https:\/\/www.visit-ulcinj.com\/blog\/wp-json\/wp\/v2\/posts\/24759"}],"collection":[{"href":"https:\/\/www.visit-ulcinj.com\/blog\/wp-json\/wp\/v2\/posts"}],"about":[{"href":"https:\/\/www.visit-ulcinj.com\/blog\/wp-json\/wp\/v2\/types\/post"}],"author":[{"embeddable":true,"href":"https:\/\/www.visit-ulcinj.com\/blog\/wp-json\/wp\/v2\/users\/1"}],"replies":[{"embeddable":true,"href":"https:\/\/www.visit-ulcinj.com\/blog\/wp-json\/wp\/v2\/comments?post=24759"}],"version-history":[{"count":0,"href":"https:\/\/www.visit-ulcinj.com\/blog\/wp-json\/wp\/v2\/posts\/24759\/revisions"}],"wp:attachment":[{"href":"https:\/\/www.visit-ulcinj.com\/blog\/wp-json\/wp\/v2\/media?parent=24759"}],"wp:term":[{"taxonomy":"category","embeddable":true,"href":"https:\/\/www.visit-ulcinj.com\/blog\/wp-json\/wp\/v2\/categories?post=24759"},{"taxonomy":"post_tag","embeddable":true,"href":"https:\/\/www.visit-ulcinj.com\/blog\/wp-json\/wp\/v2\/tags?post=24759"}],"curies":[{"name":"wp","href":"https:\/\/api.w.org\/{rel}","templated":true}]}}