{"id":24766,"date":"2009-08-20T18:29:25","date_gmt":"2009-08-20T16:29:25","guid":{"rendered":"http:\/\/www.visit-ulcinj.com\/blog\/?p=24766"},"modified":"2009-08-24T16:36:22","modified_gmt":"2009-08-24T14:36:22","slug":"protesta-per-kthimin-e-pronave-ne-valdanos","status":"publish","type":"post","link":"https:\/\/www.visit-ulcinj.com\/blog\/2009\/08\/20\/protesta-per-kthimin-e-pronave-ne-valdanos\/","title":{"rendered":"Protesta per kthimin e pronave ne Valdanos"},"content":{"rendered":"<p><strong><a href=\"http:\/\/www.visit-ulcinj.com\/blog\/wp-content\/uploads\/2009\/08\/Protesta-per-kthimin-e-pronave-ne-Valdanos_ulqin_mali-i-zi.jpg\"><img loading=\"lazy\" class=\"alignleft size-full wp-image-24767\" title=\"Protesta per kthimin e pronave ne Valdanos_ulqin_mali i zi\" src=\"http:\/\/www.visit-ulcinj.com\/blog\/wp-content\/uploads\/2009\/08\/Protesta-per-kthimin-e-pronave-ne-Valdanos_ulqin_mali-i-zi.jpg\" alt=\"Protesta per kthimin e pronave ne Valdanos_ulqin_mali i zi\" width=\"580\" height=\"400\" \/><\/a>Dje ne Ulqin u mbajt protest\u00eb p\u00ebr kthimin e pronave n\u00eb gjirin e Valdanosit.<\/strong><\/p>\n<p>Edhe nj\u00ebher\u00eb banor\u00ebt e Ulqinit dol\u00ebn p\u00ebr t\u00eb protestuar ndaj\u00a0 qeveris\u00eb se Malit t\u00eb Zi e cila nuk vepron n\u00eb baz\u00eb t\u00eb ligjit me t\u00eb cilin duhet kthyer pronat e marra nga banor\u00ebt e \u00e7ka \u00ebsht\u00eb m\u00eb keq ajo shpall tender p\u00ebr shitjen e gjirit t\u00eb Valdanosit.<\/p>\n<p>N\u00eb protest\u00eb mor\u00ebn pjes\u00eb nje numer i konsiderueshem i protestuesve t\u00eb cil\u00ebve u drejtuan an\u00ebtar\u00ebt e k\u00ebshillit p\u00ebr kthimin e pronave t\u00eb Valdanosit, p\u00ebrfaq\u00ebsues s\u00eb bashk\u00ebsive fetare, Intelektual t\u00eb shquar dhe p\u00ebrfaq\u00ebsues s\u00eb shoq\u00ebris\u00eb civile.<\/p>\n<p>N\u00eb k\u00ebt\u00eb tubim u nxor\u00ebn k\u00ebto<\/p>\n<p><strong>KERKESA:<\/strong><\/p>\n<ul>\n<li><strong>1. <\/strong> K\u00ebrkojm\u00eb shpejt dhe pa kushte kthimin e pron\u00ebs ton\u00eb. Nga kjo nuk do t heqim dore kurr\u00eb. Nuk pranojm\u00eb asnj\u00ebfar\u00eb q\u00ebradh\u00ebnje t\u00eb pronave tona.<\/li>\n<li><strong>2. <\/strong> K\u00ebrkojm\u00eb nga pushteti republikan t\u00eb malit t\u00eb Zi q\u00eb t\u00eb vazhdimisht t\u00eb respektojn\u00eb ligjet\u00a0 e k\u00ebtij shtet.<\/li>\n<li><strong>3. <\/strong> Th\u00ebrrasim Kuvendin e Malit t\u00eb Zi dhe organet e pushtetit lokal t\u00eb zbatojn\u00eb vendimin p\u00ebr deeksproprijimin\u00a0 e\u00a0 gjirit t\u00eb Valdanosit.<\/li>\n<li><strong>4. <\/strong> K\u00ebrkojm\u00eb nga partit\u00eb politike, deputet\u00ebve n\u00eb parlamentin e Malit t\u00eb Zi, shoq\u00ebria civile, intelektual\u00ebve t\u00eb pavarur\u00a0 dhe t\u00eb gjith\u00eb qytetar\u00ebve t\u00eb mb\u00ebshtesin k\u00ebrkesat tona.<\/li>\n<li><strong>5. <\/strong> Th\u00ebrrasim t\u00eb gjith\u00eb shoqatat t\u00eb ngjashme n\u00eb Malin e Zi, t\u00eb vazhdojm\u00eb dhe ti intensifikojm\u00eb veprimet tona para gjygjeve\u00a0 nd\u00ebrkomb\u00ebtare p\u00ebr kthimin\u00a0 e drejt\u00ebs p\u00ebr pron\u00eb.<\/li>\n<\/ul>\n<ul>\n<li><strong>6. <\/strong> Konfirmojm\u00eb gatishm\u00ebrin\u00eb q\u00eb edhe fizikisht ta mbrojm\u00eb nderin dhe pron\u00ebn ton\u00eb.<\/li>\n<\/ul>\n<p><strong><br \/>\nSHOQATA E ULLISHTAR\u00cbVE \u2013 ULQIN<\/strong><\/p>\n<!--YouTube Error: bad URL entered-->\n","protected":false},"excerpt":{"rendered":"<p>Dje ne Ulqin u mbajt protest\u00eb p\u00ebr kthimin e pronave n\u00eb gjirin e Valdanosit. Edhe nj\u00ebher\u00eb banor\u00ebt e Ulqinit dol\u00ebn p\u00ebr t\u00eb protestuar ndaj\u00a0 qeveris\u00eb se Malit t\u00eb Zi e cila nuk vepron n\u00eb baz\u00eb t\u00eb ligjit me t\u00eb cilin duhet kthyer pronat e marra nga banor\u00ebt e \u00e7ka \u00ebsht\u00eb m\u00eb keq ajo shpall tender [&hellip;]<\/p>\n","protected":false},"author":1,"featured_media":0,"comment_status":"open","ping_status":"closed","sticky":false,"template":"","format":"standard","meta":{"spay_email":"","jetpack_publicize_message":"","jetpack_is_tweetstorm":false,"jetpack_publicize_feature_enabled":true},"categories":[11],"tags":[8318,95,12250,200,18,136],"jetpack_publicize_connections":[],"yoast_head":"<!-- This site is optimized with the Yoast SEO plugin v19.1 - https:\/\/yoast.com\/wordpress\/plugins\/seo\/ -->\n<title>Protesta per kthimin e pronave ne Valdanos - Lajme nga Ulqini<\/title>\n<meta name=\"description\" content=\"Dje ne Ulqin u mbajt protest\u00eb p\u00ebr kthimin e pronave n\u00eb gjirin e Valdanosit. Edhe nj\u00ebher\u00eb banor\u00ebt e Ulqinit dol\u00ebn p\u00ebr t\u00eb protestuar ndaj\u00a0 qeveris\u00eb se Malit\" \/>\n<meta name=\"robots\" content=\"index, follow, max-snippet:-1, max-image-preview:large, max-video-preview:-1\" \/>\n<link rel=\"canonical\" href=\"https:\/\/www.visit-ulcinj.com\/blog\/2009\/08\/20\/protesta-per-kthimin-e-pronave-ne-valdanos\/\" \/>\n<meta property=\"og:locale\" content=\"en_US\" \/>\n<meta property=\"og:type\" content=\"article\" \/>\n<meta property=\"og:title\" content=\"Protesta per kthimin e pronave ne Valdanos - Lajme nga Ulqini\" \/>\n<meta property=\"og:description\" content=\"Dje ne Ulqin u mbajt protest\u00eb p\u00ebr kthimin e pronave n\u00eb gjirin e Valdanosit. Edhe nj\u00ebher\u00eb banor\u00ebt e Ulqinit dol\u00ebn p\u00ebr t\u00eb protestuar ndaj\u00a0 qeveris\u00eb se Malit\" \/>\n<meta property=\"og:url\" content=\"https:\/\/www.visit-ulcinj.com\/blog\/2009\/08\/20\/protesta-per-kthimin-e-pronave-ne-valdanos\/\" \/>\n<meta property=\"og:site_name\" content=\"Lajme nga Ulqini\" \/>\n<meta property=\"article:published_time\" content=\"2009-08-20T16:29:25+00:00\" \/>\n<meta property=\"article:modified_time\" content=\"2009-08-24T14:36:22+00:00\" \/>\n<meta property=\"og:image\" content=\"http:\/\/www.visit-ulcinj.com\/blog\/wp-content\/uploads\/2009\/08\/Protesta-per-kthimin-e-pronave-ne-Valdanos_ulqin_mali-i-zi.jpg\" \/>\n<meta name=\"twitter:label1\" content=\"Written by\" \/>\n\t<meta name=\"twitter:data1\" content=\"ulqini\" \/>\n\t<meta name=\"twitter:label2\" content=\"Est. reading time\" \/>\n\t<meta name=\"twitter:data2\" content=\"1 minute\" \/>\n<script type=\"application\/ld+json\" class=\"yoast-schema-graph\">{\"@context\":\"https:\/\/schema.org\",\"@graph\":[{\"@type\":\"WebSite\",\"@id\":\"https:\/\/www.visit-ulcinj.com\/blog\/#website\",\"url\":\"https:\/\/www.visit-ulcinj.com\/blog\/\",\"name\":\"Lajme nga Ulqini\",\"description\":\"Lajme,Vijesti,Ulqini,Ulqin,Crna Gora,Mali i Zi\",\"potentialAction\":[{\"@type\":\"SearchAction\",\"target\":{\"@type\":\"EntryPoint\",\"urlTemplate\":\"https:\/\/www.visit-ulcinj.com\/blog\/?s={search_term_string}\"},\"query-input\":\"required name=search_term_string\"}],\"inLanguage\":\"en-US\"},{\"@type\":\"ImageObject\",\"inLanguage\":\"en-US\",\"@id\":\"https:\/\/www.visit-ulcinj.com\/blog\/2009\/08\/20\/protesta-per-kthimin-e-pronave-ne-valdanos\/#primaryimage\",\"url\":\"https:\/\/www.visit-ulcinj.com\/blog\/wp-content\/uploads\/2009\/08\/Protesta-per-kthimin-e-pronave-ne-Valdanos_ulqin_mali-i-zi.jpg\",\"contentUrl\":\"https:\/\/www.visit-ulcinj.com\/blog\/wp-content\/uploads\/2009\/08\/Protesta-per-kthimin-e-pronave-ne-Valdanos_ulqin_mali-i-zi.jpg\",\"width\":\"640\",\"height\":\"428\"},{\"@type\":\"WebPage\",\"@id\":\"https:\/\/www.visit-ulcinj.com\/blog\/2009\/08\/20\/protesta-per-kthimin-e-pronave-ne-valdanos\/#webpage\",\"url\":\"https:\/\/www.visit-ulcinj.com\/blog\/2009\/08\/20\/protesta-per-kthimin-e-pronave-ne-valdanos\/\",\"name\":\"Protesta per kthimin e pronave ne Valdanos - Lajme nga Ulqini\",\"isPartOf\":{\"@id\":\"https:\/\/www.visit-ulcinj.com\/blog\/#website\"},\"primaryImageOfPage\":{\"@id\":\"https:\/\/www.visit-ulcinj.com\/blog\/2009\/08\/20\/protesta-per-kthimin-e-pronave-ne-valdanos\/#primaryimage\"},\"datePublished\":\"2009-08-20T16:29:25+00:00\",\"dateModified\":\"2009-08-24T14:36:22+00:00\",\"author\":{\"@id\":\"https:\/\/www.visit-ulcinj.com\/blog\/#\/schema\/person\/dcab619c614d3038751c63bc2aadc06d\"},\"description\":\"Dje ne Ulqin u mbajt protest\u00eb p\u00ebr kthimin e pronave n\u00eb gjirin e Valdanosit. Edhe nj\u00ebher\u00eb banor\u00ebt e Ulqinit dol\u00ebn p\u00ebr t\u00eb protestuar ndaj\u00a0 qeveris\u00eb se Malit\",\"breadcrumb\":{\"@id\":\"https:\/\/www.visit-ulcinj.com\/blog\/2009\/08\/20\/protesta-per-kthimin-e-pronave-ne-valdanos\/#breadcrumb\"},\"inLanguage\":\"en-US\",\"potentialAction\":[{\"@type\":\"ReadAction\",\"target\":[\"https:\/\/www.visit-ulcinj.com\/blog\/2009\/08\/20\/protesta-per-kthimin-e-pronave-ne-valdanos\/\"]}]},{\"@type\":\"BreadcrumbList\",\"@id\":\"https:\/\/www.visit-ulcinj.com\/blog\/2009\/08\/20\/protesta-per-kthimin-e-pronave-ne-valdanos\/#breadcrumb\",\"itemListElement\":[{\"@type\":\"ListItem\",\"position\":1,\"name\":\"Protesta per kthimin e pronave ne Valdanos\"}]},{\"@type\":\"Person\",\"@id\":\"https:\/\/www.visit-ulcinj.com\/blog\/#\/schema\/person\/dcab619c614d3038751c63bc2aadc06d\",\"name\":\"ulqini\",\"sameAs\":[\"http:\/\/www.visit-ulcinj.com\"],\"url\":\"https:\/\/www.visit-ulcinj.com\/blog\/author\/admin\/\"}]}<\/script>\n<!-- \/ Yoast SEO plugin. -->","yoast_head_json":{"title":"Protesta per kthimin e pronave ne Valdanos - Lajme nga Ulqini","description":"Dje ne Ulqin u mbajt protest\u00eb p\u00ebr kthimin e pronave n\u00eb gjirin e Valdanosit. Edhe nj\u00ebher\u00eb banor\u00ebt e Ulqinit dol\u00ebn p\u00ebr t\u00eb protestuar ndaj\u00a0 qeveris\u00eb se Malit","robots":{"index":"index","follow":"follow","max-snippet":"max-snippet:-1","max-image-preview":"max-image-preview:large","max-video-preview":"max-video-preview:-1"},"canonical":"https:\/\/www.visit-ulcinj.com\/blog\/2009\/08\/20\/protesta-per-kthimin-e-pronave-ne-valdanos\/","og_locale":"en_US","og_type":"article","og_title":"Protesta per kthimin e pronave ne Valdanos - Lajme nga Ulqini","og_description":"Dje ne Ulqin u mbajt protest\u00eb p\u00ebr kthimin e pronave n\u00eb gjirin e Valdanosit. Edhe nj\u00ebher\u00eb banor\u00ebt e Ulqinit dol\u00ebn p\u00ebr t\u00eb protestuar ndaj\u00a0 qeveris\u00eb se Malit","og_url":"https:\/\/www.visit-ulcinj.com\/blog\/2009\/08\/20\/protesta-per-kthimin-e-pronave-ne-valdanos\/","og_site_name":"Lajme nga Ulqini","article_published_time":"2009-08-20T16:29:25+00:00","article_modified_time":"2009-08-24T14:36:22+00:00","og_image":[{"url":"http:\/\/www.visit-ulcinj.com\/blog\/wp-content\/uploads\/2009\/08\/Protesta-per-kthimin-e-pronave-ne-Valdanos_ulqin_mali-i-zi.jpg"}],"twitter_misc":{"Written by":"ulqini","Est. reading time":"1 minute"},"schema":{"@context":"https:\/\/schema.org","@graph":[{"@type":"WebSite","@id":"https:\/\/www.visit-ulcinj.com\/blog\/#website","url":"https:\/\/www.visit-ulcinj.com\/blog\/","name":"Lajme nga Ulqini","description":"Lajme,Vijesti,Ulqini,Ulqin,Crna Gora,Mali i Zi","potentialAction":[{"@type":"SearchAction","target":{"@type":"EntryPoint","urlTemplate":"https:\/\/www.visit-ulcinj.com\/blog\/?s={search_term_string}"},"query-input":"required name=search_term_string"}],"inLanguage":"en-US"},{"@type":"ImageObject","inLanguage":"en-US","@id":"https:\/\/www.visit-ulcinj.com\/blog\/2009\/08\/20\/protesta-per-kthimin-e-pronave-ne-valdanos\/#primaryimage","url":"https:\/\/www.visit-ulcinj.com\/blog\/wp-content\/uploads\/2009\/08\/Protesta-per-kthimin-e-pronave-ne-Valdanos_ulqin_mali-i-zi.jpg","contentUrl":"https:\/\/www.visit-ulcinj.com\/blog\/wp-content\/uploads\/2009\/08\/Protesta-per-kthimin-e-pronave-ne-Valdanos_ulqin_mali-i-zi.jpg","width":"640","height":"428"},{"@type":"WebPage","@id":"https:\/\/www.visit-ulcinj.com\/blog\/2009\/08\/20\/protesta-per-kthimin-e-pronave-ne-valdanos\/#webpage","url":"https:\/\/www.visit-ulcinj.com\/blog\/2009\/08\/20\/protesta-per-kthimin-e-pronave-ne-valdanos\/","name":"Protesta per kthimin e pronave ne Valdanos - Lajme nga Ulqini","isPartOf":{"@id":"https:\/\/www.visit-ulcinj.com\/blog\/#website"},"primaryImageOfPage":{"@id":"https:\/\/www.visit-ulcinj.com\/blog\/2009\/08\/20\/protesta-per-kthimin-e-pronave-ne-valdanos\/#primaryimage"},"datePublished":"2009-08-20T16:29:25+00:00","dateModified":"2009-08-24T14:36:22+00:00","author":{"@id":"https:\/\/www.visit-ulcinj.com\/blog\/#\/schema\/person\/dcab619c614d3038751c63bc2aadc06d"},"description":"Dje ne Ulqin u mbajt protest\u00eb p\u00ebr kthimin e pronave n\u00eb gjirin e Valdanosit. Edhe nj\u00ebher\u00eb banor\u00ebt e Ulqinit dol\u00ebn p\u00ebr t\u00eb protestuar ndaj\u00a0 qeveris\u00eb se Malit","breadcrumb":{"@id":"https:\/\/www.visit-ulcinj.com\/blog\/2009\/08\/20\/protesta-per-kthimin-e-pronave-ne-valdanos\/#breadcrumb"},"inLanguage":"en-US","potentialAction":[{"@type":"ReadAction","target":["https:\/\/www.visit-ulcinj.com\/blog\/2009\/08\/20\/protesta-per-kthimin-e-pronave-ne-valdanos\/"]}]},{"@type":"BreadcrumbList","@id":"https:\/\/www.visit-ulcinj.com\/blog\/2009\/08\/20\/protesta-per-kthimin-e-pronave-ne-valdanos\/#breadcrumb","itemListElement":[{"@type":"ListItem","position":1,"name":"Protesta per kthimin e pronave ne Valdanos"}]},{"@type":"Person","@id":"https:\/\/www.visit-ulcinj.com\/blog\/#\/schema\/person\/dcab619c614d3038751c63bc2aadc06d","name":"ulqini","sameAs":["http:\/\/www.visit-ulcinj.com"],"url":"https:\/\/www.visit-ulcinj.com\/blog\/author\/admin\/"}]}},"jetpack_featured_media_url":"","jetpack_sharing_enabled":true,"jetpack_shortlink":"https:\/\/wp.me\/pe6lTn-6rs","_links":{"self":[{"href":"https:\/\/www.visit-ulcinj.com\/blog\/wp-json\/wp\/v2\/posts\/24766"}],"collection":[{"href":"https:\/\/www.visit-ulcinj.com\/blog\/wp-json\/wp\/v2\/posts"}],"about":[{"href":"https:\/\/www.visit-ulcinj.com\/blog\/wp-json\/wp\/v2\/types\/post"}],"author":[{"embeddable":true,"href":"https:\/\/www.visit-ulcinj.com\/blog\/wp-json\/wp\/v2\/users\/1"}],"replies":[{"embeddable":true,"href":"https:\/\/www.visit-ulcinj.com\/blog\/wp-json\/wp\/v2\/comments?post=24766"}],"version-history":[{"count":0,"href":"https:\/\/www.visit-ulcinj.com\/blog\/wp-json\/wp\/v2\/posts\/24766\/revisions"}],"wp:attachment":[{"href":"https:\/\/www.visit-ulcinj.com\/blog\/wp-json\/wp\/v2\/media?parent=24766"}],"wp:term":[{"taxonomy":"category","embeddable":true,"href":"https:\/\/www.visit-ulcinj.com\/blog\/wp-json\/wp\/v2\/categories?post=24766"},{"taxonomy":"post_tag","embeddable":true,"href":"https:\/\/www.visit-ulcinj.com\/blog\/wp-json\/wp\/v2\/tags?post=24766"}],"curies":[{"name":"wp","href":"https:\/\/api.w.org\/{rel}","templated":true}]}}