{"id":24777,"date":"2009-08-21T21:11:37","date_gmt":"2009-08-21T19:11:37","guid":{"rendered":"http:\/\/www.visit-ulcinj.com\/blog\/?p=24777"},"modified":"2011-03-17T13:23:44","modified_gmt":"2011-03-17T12:23:44","slug":"zemljotres-u-kruce-kod-ulcinja","status":"publish","type":"post","link":"https:\/\/www.visit-ulcinj.com\/blog\/2009\/08\/21\/zemljotres-u-kruce-kod-ulcinja\/","title":{"rendered":"Zemljotres u Kruce kod Ulcinja"},"content":{"rendered":"<p><a href=\"http:\/\/www.visit-ulcinj.com\/blog\/wp-content\/uploads\/2009\/08\/Zemljotres-u-Ulcinj.jpg\"><img loading=\"lazy\" class=\"alignleft size-full wp-image-24778\" title=\"Zemljotres u Ulcinj\" src=\"http:\/\/www.visit-ulcinj.com\/blog\/wp-content\/uploads\/2009\/08\/Zemljotres-u-Ulcinj.jpg\" alt=\"Zemljotres u Ulcinj\" width=\"575\" height=\"220\" srcset=\"https:\/\/www.visit-ulcinj.com\/blog\/wp-content\/uploads\/2009\/08\/Zemljotres-u-Ulcinj.jpg 575w, https:\/\/www.visit-ulcinj.com\/blog\/wp-content\/uploads\/2009\/08\/Zemljotres-u-Ulcinj-300x114.jpg 300w\" sizes=\"(max-width: 575px) 100vw, 575px\" \/><\/a>Seizmolo\u0161ki zavod Crne Gore je, u 15 sati i 39 minuta registrovao ja?i zemljotres sa epicentrom 5 kilometara sjeveroisto?no od Kru?a, u blizini Ulcinja.<\/p>\n<p>Ja?ina zemljotresa u \u017eari\u0161tu iznosila je 4,8 jedinica Rihterove skale, \u0161to odgovara epicentralnom intenzitetu od VII stepeni Merkalijeve skale. \u017dari\u0161te ovog zemljotresa locirano je na dubini od 9 kilometara.<\/p>\n<p>Na osnovu teorijskog makro-seizmi?kog modela ovog regiona, magnitude zemljotresa i dubine hipocentra, ovaj zemljotres je mogao izazvati izvjesne materijalne \u0161tete u epicentralnom podru?ju, navode iz Seizmolo\u0161kog zavoda.<\/p>\n<p>Zemljotres se osjetio i u Podgorici.<\/p>\n<p><strong>Izvor \/ RTCG<\/strong><\/p>\n","protected":false},"excerpt":{"rendered":"<p>Seizmolo\u0161ki zavod Crne Gore je, u 15 sati i 39 minuta registrovao ja?i zemljotres sa epicentrom 5 kilometara sjeveroisto?no od Kru?a, u blizini Ulcinja. Ja?ina zemljotresa u \u017eari\u0161tu iznosila je 4,8 jedinica Rihterove skale, \u0161to odgovara epicentralnom intenzitetu od VII stepeni Merkalijeve skale. \u017dari\u0161te ovog zemljotresa locirano je na dubini od 9 kilometara. Na osnovu [&hellip;]<\/p>\n","protected":false},"author":1,"featured_media":0,"comment_status":"open","ping_status":"closed","sticky":false,"template":"","format":"standard","meta":{"spay_email":"","jetpack_publicize_message":"","jetpack_is_tweetstorm":false,"jetpack_publicize_feature_enabled":true},"categories":[8337],"tags":[20,12252,12253],"jetpack_publicize_connections":[],"yoast_head":"<!-- This site is optimized with the Yoast SEO plugin v19.1 - https:\/\/yoast.com\/wordpress\/plugins\/seo\/ -->\n<title>Zemljotres u Kruce kod Ulcinja - Lajme nga Ulqini<\/title>\n<meta name=\"description\" content=\"Seizmolo\u0161ki zavod Crne Gore je, u 15 sati i 39 minuta registrovao ja?i zemljotres sa epicentrom 5 kilometara sjeveroisto?no od Kru?a, u blizini Ulcinja.\" \/>\n<meta name=\"robots\" content=\"index, follow, max-snippet:-1, max-image-preview:large, max-video-preview:-1\" \/>\n<link rel=\"canonical\" href=\"https:\/\/www.visit-ulcinj.com\/blog\/2009\/08\/21\/zemljotres-u-kruce-kod-ulcinja\/\" \/>\n<meta property=\"og:locale\" content=\"en_US\" \/>\n<meta property=\"og:type\" content=\"article\" \/>\n<meta property=\"og:title\" content=\"Zemljotres u Kruce kod Ulcinja - Lajme nga Ulqini\" \/>\n<meta property=\"og:description\" content=\"Seizmolo\u0161ki zavod Crne Gore je, u 15 sati i 39 minuta registrovao ja?i zemljotres sa epicentrom 5 kilometara sjeveroisto?no od Kru?a, u blizini Ulcinja.\" \/>\n<meta property=\"og:url\" content=\"https:\/\/www.visit-ulcinj.com\/blog\/2009\/08\/21\/zemljotres-u-kruce-kod-ulcinja\/\" \/>\n<meta property=\"og:site_name\" content=\"Lajme nga Ulqini\" \/>\n<meta property=\"article:published_time\" content=\"2009-08-21T19:11:37+00:00\" \/>\n<meta property=\"article:modified_time\" content=\"2011-03-17T12:23:44+00:00\" \/>\n<meta property=\"og:image\" content=\"http:\/\/www.visit-ulcinj.com\/blog\/wp-content\/uploads\/2009\/08\/Zemljotres-u-Ulcinj.jpg\" \/>\n<meta name=\"twitter:label1\" content=\"Written by\" \/>\n\t<meta name=\"twitter:data1\" content=\"ulqini\" \/>\n<script type=\"application\/ld+json\" class=\"yoast-schema-graph\">{\"@context\":\"https:\/\/schema.org\",\"@graph\":[{\"@type\":\"WebSite\",\"@id\":\"https:\/\/www.visit-ulcinj.com\/blog\/#website\",\"url\":\"https:\/\/www.visit-ulcinj.com\/blog\/\",\"name\":\"Lajme nga Ulqini\",\"description\":\"Lajme,Vijesti,Ulqini,Ulqin,Crna Gora,Mali i Zi\",\"potentialAction\":[{\"@type\":\"SearchAction\",\"target\":{\"@type\":\"EntryPoint\",\"urlTemplate\":\"https:\/\/www.visit-ulcinj.com\/blog\/?s={search_term_string}\"},\"query-input\":\"required name=search_term_string\"}],\"inLanguage\":\"en-US\"},{\"@type\":\"ImageObject\",\"inLanguage\":\"en-US\",\"@id\":\"https:\/\/www.visit-ulcinj.com\/blog\/2009\/08\/21\/zemljotres-u-kruce-kod-ulcinja\/#primaryimage\",\"url\":\"https:\/\/www.visit-ulcinj.com\/blog\/wp-content\/uploads\/2009\/08\/Zemljotres-u-Ulcinj.jpg\",\"contentUrl\":\"https:\/\/www.visit-ulcinj.com\/blog\/wp-content\/uploads\/2009\/08\/Zemljotres-u-Ulcinj.jpg\",\"width\":\"575\",\"height\":\"220\"},{\"@type\":\"WebPage\",\"@id\":\"https:\/\/www.visit-ulcinj.com\/blog\/2009\/08\/21\/zemljotres-u-kruce-kod-ulcinja\/#webpage\",\"url\":\"https:\/\/www.visit-ulcinj.com\/blog\/2009\/08\/21\/zemljotres-u-kruce-kod-ulcinja\/\",\"name\":\"Zemljotres u Kruce kod Ulcinja - Lajme nga Ulqini\",\"isPartOf\":{\"@id\":\"https:\/\/www.visit-ulcinj.com\/blog\/#website\"},\"primaryImageOfPage\":{\"@id\":\"https:\/\/www.visit-ulcinj.com\/blog\/2009\/08\/21\/zemljotres-u-kruce-kod-ulcinja\/#primaryimage\"},\"datePublished\":\"2009-08-21T19:11:37+00:00\",\"dateModified\":\"2011-03-17T12:23:44+00:00\",\"author\":{\"@id\":\"https:\/\/www.visit-ulcinj.com\/blog\/#\/schema\/person\/dcab619c614d3038751c63bc2aadc06d\"},\"description\":\"Seizmolo\u0161ki zavod Crne Gore je, u 15 sati i 39 minuta registrovao ja?i zemljotres sa epicentrom 5 kilometara sjeveroisto?no od Kru?a, u blizini Ulcinja.\",\"breadcrumb\":{\"@id\":\"https:\/\/www.visit-ulcinj.com\/blog\/2009\/08\/21\/zemljotres-u-kruce-kod-ulcinja\/#breadcrumb\"},\"inLanguage\":\"en-US\",\"potentialAction\":[{\"@type\":\"ReadAction\",\"target\":[\"https:\/\/www.visit-ulcinj.com\/blog\/2009\/08\/21\/zemljotres-u-kruce-kod-ulcinja\/\"]}]},{\"@type\":\"BreadcrumbList\",\"@id\":\"https:\/\/www.visit-ulcinj.com\/blog\/2009\/08\/21\/zemljotres-u-kruce-kod-ulcinja\/#breadcrumb\",\"itemListElement\":[{\"@type\":\"ListItem\",\"position\":1,\"name\":\"Zemljotres u Kruce kod Ulcinja\"}]},{\"@type\":\"Person\",\"@id\":\"https:\/\/www.visit-ulcinj.com\/blog\/#\/schema\/person\/dcab619c614d3038751c63bc2aadc06d\",\"name\":\"ulqini\",\"sameAs\":[\"http:\/\/www.visit-ulcinj.com\"],\"url\":\"https:\/\/www.visit-ulcinj.com\/blog\/author\/admin\/\"}]}<\/script>\n<!-- \/ Yoast SEO plugin. -->","yoast_head_json":{"title":"Zemljotres u Kruce kod Ulcinja - Lajme nga Ulqini","description":"Seizmolo\u0161ki zavod Crne Gore je, u 15 sati i 39 minuta registrovao ja?i zemljotres sa epicentrom 5 kilometara sjeveroisto?no od Kru?a, u blizini Ulcinja.","robots":{"index":"index","follow":"follow","max-snippet":"max-snippet:-1","max-image-preview":"max-image-preview:large","max-video-preview":"max-video-preview:-1"},"canonical":"https:\/\/www.visit-ulcinj.com\/blog\/2009\/08\/21\/zemljotres-u-kruce-kod-ulcinja\/","og_locale":"en_US","og_type":"article","og_title":"Zemljotres u Kruce kod Ulcinja - Lajme nga Ulqini","og_description":"Seizmolo\u0161ki zavod Crne Gore je, u 15 sati i 39 minuta registrovao ja?i zemljotres sa epicentrom 5 kilometara sjeveroisto?no od Kru?a, u blizini Ulcinja.","og_url":"https:\/\/www.visit-ulcinj.com\/blog\/2009\/08\/21\/zemljotres-u-kruce-kod-ulcinja\/","og_site_name":"Lajme nga Ulqini","article_published_time":"2009-08-21T19:11:37+00:00","article_modified_time":"2011-03-17T12:23:44+00:00","og_image":[{"url":"http:\/\/www.visit-ulcinj.com\/blog\/wp-content\/uploads\/2009\/08\/Zemljotres-u-Ulcinj.jpg"}],"twitter_misc":{"Written by":"ulqini"},"schema":{"@context":"https:\/\/schema.org","@graph":[{"@type":"WebSite","@id":"https:\/\/www.visit-ulcinj.com\/blog\/#website","url":"https:\/\/www.visit-ulcinj.com\/blog\/","name":"Lajme nga Ulqini","description":"Lajme,Vijesti,Ulqini,Ulqin,Crna Gora,Mali i Zi","potentialAction":[{"@type":"SearchAction","target":{"@type":"EntryPoint","urlTemplate":"https:\/\/www.visit-ulcinj.com\/blog\/?s={search_term_string}"},"query-input":"required name=search_term_string"}],"inLanguage":"en-US"},{"@type":"ImageObject","inLanguage":"en-US","@id":"https:\/\/www.visit-ulcinj.com\/blog\/2009\/08\/21\/zemljotres-u-kruce-kod-ulcinja\/#primaryimage","url":"https:\/\/www.visit-ulcinj.com\/blog\/wp-content\/uploads\/2009\/08\/Zemljotres-u-Ulcinj.jpg","contentUrl":"https:\/\/www.visit-ulcinj.com\/blog\/wp-content\/uploads\/2009\/08\/Zemljotres-u-Ulcinj.jpg","width":"575","height":"220"},{"@type":"WebPage","@id":"https:\/\/www.visit-ulcinj.com\/blog\/2009\/08\/21\/zemljotres-u-kruce-kod-ulcinja\/#webpage","url":"https:\/\/www.visit-ulcinj.com\/blog\/2009\/08\/21\/zemljotres-u-kruce-kod-ulcinja\/","name":"Zemljotres u Kruce kod Ulcinja - Lajme nga Ulqini","isPartOf":{"@id":"https:\/\/www.visit-ulcinj.com\/blog\/#website"},"primaryImageOfPage":{"@id":"https:\/\/www.visit-ulcinj.com\/blog\/2009\/08\/21\/zemljotres-u-kruce-kod-ulcinja\/#primaryimage"},"datePublished":"2009-08-21T19:11:37+00:00","dateModified":"2011-03-17T12:23:44+00:00","author":{"@id":"https:\/\/www.visit-ulcinj.com\/blog\/#\/schema\/person\/dcab619c614d3038751c63bc2aadc06d"},"description":"Seizmolo\u0161ki zavod Crne Gore je, u 15 sati i 39 minuta registrovao ja?i zemljotres sa epicentrom 5 kilometara sjeveroisto?no od Kru?a, u blizini Ulcinja.","breadcrumb":{"@id":"https:\/\/www.visit-ulcinj.com\/blog\/2009\/08\/21\/zemljotres-u-kruce-kod-ulcinja\/#breadcrumb"},"inLanguage":"en-US","potentialAction":[{"@type":"ReadAction","target":["https:\/\/www.visit-ulcinj.com\/blog\/2009\/08\/21\/zemljotres-u-kruce-kod-ulcinja\/"]}]},{"@type":"BreadcrumbList","@id":"https:\/\/www.visit-ulcinj.com\/blog\/2009\/08\/21\/zemljotres-u-kruce-kod-ulcinja\/#breadcrumb","itemListElement":[{"@type":"ListItem","position":1,"name":"Zemljotres u Kruce kod Ulcinja"}]},{"@type":"Person","@id":"https:\/\/www.visit-ulcinj.com\/blog\/#\/schema\/person\/dcab619c614d3038751c63bc2aadc06d","name":"ulqini","sameAs":["http:\/\/www.visit-ulcinj.com"],"url":"https:\/\/www.visit-ulcinj.com\/blog\/author\/admin\/"}]}},"jetpack_featured_media_url":"","jetpack_sharing_enabled":true,"jetpack_shortlink":"https:\/\/wp.me\/pe6lTn-6rD","_links":{"self":[{"href":"https:\/\/www.visit-ulcinj.com\/blog\/wp-json\/wp\/v2\/posts\/24777"}],"collection":[{"href":"https:\/\/www.visit-ulcinj.com\/blog\/wp-json\/wp\/v2\/posts"}],"about":[{"href":"https:\/\/www.visit-ulcinj.com\/blog\/wp-json\/wp\/v2\/types\/post"}],"author":[{"embeddable":true,"href":"https:\/\/www.visit-ulcinj.com\/blog\/wp-json\/wp\/v2\/users\/1"}],"replies":[{"embeddable":true,"href":"https:\/\/www.visit-ulcinj.com\/blog\/wp-json\/wp\/v2\/comments?post=24777"}],"version-history":[{"count":0,"href":"https:\/\/www.visit-ulcinj.com\/blog\/wp-json\/wp\/v2\/posts\/24777\/revisions"}],"wp:attachment":[{"href":"https:\/\/www.visit-ulcinj.com\/blog\/wp-json\/wp\/v2\/media?parent=24777"}],"wp:term":[{"taxonomy":"category","embeddable":true,"href":"https:\/\/www.visit-ulcinj.com\/blog\/wp-json\/wp\/v2\/categories?post=24777"},{"taxonomy":"post_tag","embeddable":true,"href":"https:\/\/www.visit-ulcinj.com\/blog\/wp-json\/wp\/v2\/tags?post=24777"}],"curies":[{"name":"wp","href":"https:\/\/api.w.org\/{rel}","templated":true}]}}