{"id":2479,"date":"2008-08-14T07:45:17","date_gmt":"2008-08-14T12:45:17","guid":{"rendered":"http:\/\/www.visit-ulcinj.com\/blog\/?p=2479"},"modified":"2008-10-31T18:15:02","modified_gmt":"2008-10-31T23:15:02","slug":"sumorna-turisticka-slika-u-ulcinju","status":"publish","type":"post","link":"https:\/\/www.visit-ulcinj.com\/blog\/2008\/08\/14\/sumorna-turisticka-slika-u-ulcinju\/","title":{"rendered":"Sumorna Turisti?ka slika u Ulcinju"},"content":{"rendered":"<p><a href=\"http:\/\/www.visit-ulcinj.com\/blog\/wp-content\/uploads\/2008\/05\/minib-abazi.jpg\"><img loading=\"lazy\" class=\"alignleft size-medium wp-image-1495\" title=\"Turisti?ki Analiti?ar - Munib Abazovi?\" src=\"http:\/\/www.visit-ulcinj.com\/blog\/wp-content\/uploads\/2008\/05\/minib-abazi.jpg\" alt=\"\" width=\"288\" height=\"300\" \/><\/a><strong>U mjesto para, broje prazne krevete<\/strong><br \/>\nTuristi s Kosova su nas zaobi\u0161li dijelom zbog politike i ?injenice da Crna Gora jo\u0161 nije priznala Kosovo, a zna?ajno su uticali i uvo?enje takse na granici i zabrana uno\u0161enja ve?ih koli?ina hrane u Crnu Goru, smatra Munip Abazovi?<br \/>\nSumorna je i tu\u017ena turisti?ka slika Ulcinja ovih dana. Umjesto para, Ulcinjani broje prazne krevete kojih, iako je druga polovina jula, ima prili?no. Poslednjih nekoliko godina konstantno je bilje\u017een rast turisti?kog prometa, pa je u najju\u017enijoj crnogorskoj op\u0161tini svake godine bivalo sve vi\u0161e gostiju. Prednja?ili su gosti s Kosova koji su masovno posje?ivali grad pod Mo\u017eurom. Takav trend uspavao je Ulcinjane pa sada ve?ina ugostitelja, zakupaca pla\u017ea i vlasnika privatnog smje\u0161taja nervozno lomi prste, nadaju?i se svakog dana da ?e onaj slede?i biti bolji i da ?e gosti kao pro\u0161le i pretpro\u0161le godine odjednom nagrnuti i popuniti prazne sobe i krevete. Predsjednik Skup\u0161tine Udru\u017eenja turisti?kih agencija Ulcinja i jedan od najboljih poznavalaca turisti?kih kretanja u gradu s najljep\u0161im pla\u017eama Munip Abazovi? ka\u017ee da se veoma pla\u0161i da turisti?ka sezona ove godine ne?e biti ni pribli\u017eno dobra kao ranijih godina.<br \/>\n-Prema mojim saznanjima trenutno u Ulcinju ima negdje oko 35 do 40 odsto gostiju manje nego u isto vrijeme pro\u0161le godine, \u0161to je, mora se priznati, veoma lo\u0161e. Ne\u0161to bolja slika je \u0161to se ti?e posjete stranih gostiju, jer primjetno je, a i mi u turisti?kim agencijama imamo podatke, da ih je ove godine znatno vi\u0161e nego ranijih sezona, me?utim, onih doma?ih gostiju, kako ih mi ovdje tretiramo, prete\u017eno Albanaca s Kosova ovog ljeta je znatno manje. Turisti s Kosova nijesu do\u0161li u onom broju u kojem smo ih o?ekivali, ka\u017ee Abazovi? za &#8221;Reviju D&#8221;. Isti?e da Ulcinj ove godine ima barem deset odsto vi\u0161e smje\u0161tajnih kapaciteta nego pro\u0161le godine.<\/p>\n<div id=\"attachment_2480\" style=\"width: 267px\" class=\"wp-caption alignright\"><a href=\"http:\/\/www.visit-ulcinj.com\/blog\/wp-content\/uploads\/2008\/08\/ulqin.jpg\"><img aria-describedby=\"caption-attachment-2480\" loading=\"lazy\" class=\"size-medium wp-image-2480\" title=\"prazne plaze ulcinja\" src=\"http:\/\/www.visit-ulcinj.com\/blog\/wp-content\/uploads\/2008\/08\/ulqin-300x199.jpg\" alt=\"prazne plaze ulcinja\" width=\"257\" height=\"170\" srcset=\"https:\/\/www.visit-ulcinj.com\/blog\/wp-content\/uploads\/2008\/08\/ulqin-300x199.jpg 300w, https:\/\/www.visit-ulcinj.com\/blog\/wp-content\/uploads\/2008\/08\/ulqin.jpg 500w\" sizes=\"(max-width: 257px) 100vw, 257px\" \/><\/a><p id=\"caption-attachment-2480\" class=\"wp-caption-text\">prazne plaze ulcinja<\/p><\/div>\n<p>-Veliki je broj novih objekata, novih soba i apartmana tako da je trenutno prili?an broj smje\u0161tajnih kapaciteta prazan. Cijene su uglavnom kao i pro\u0161le godine, a to znan?i da se cijene le\u017eaja, zavisno od lokacije i kategorije, kre?u od sedam do 13 eura. Mo\u017eda se negdje mo\u017ee na?i i jeftinije, ali to je cijena koja je akturelna ovih dana, obja\u0161njava Abazovi?. Tvrdi da razloga za veoma lo\u0161u turisti?ku sezonu ima vi\u0161e.<br \/>\n\u2013Turisti s Kosova su nas zaobi\u0161li dijelom zbog politike i ?injenice da Crna Gora jo\u0161 nije priznala Kosovo. Tako?e, na njih je zna?ajno uticalo uvo?enje takse na granici i posebno zabrana uno\u0161enja ve?ih koli?ina hrane u Crnu Goru. Albanci s Kosova su ranijih godina, uglavnom, donosili dosta hrane i tako ?inili ljetovanje jeftinijim, obja\u0161njava on.<br \/>\nKao jedan od hendikepa turisti?ke ponude Ulcinja Abazovi? navodi i vrlo malo smje\u0161tajnih kapaciteta u hotelima.<br \/>\n-Fakti?ki \u017eivimo od privatnog smje\u0161taja i mora se priznati da je to veliki problem, jer se turizam ne mo\u017ee razvijati bez dobrih hotela visoke kategorije, nagla\u0161ava on.<\/p>\n<div id=\"attachment_2481\" style=\"width: 220px\" class=\"wp-caption alignleft\"><a href=\"http:\/\/www.visit-ulcinj.com\/blog\/wp-content\/uploads\/2008\/08\/vaso-radovic-2.jpg\"><img aria-describedby=\"caption-attachment-2481\" loading=\"lazy\" class=\"size-medium wp-image-2481\" title=\"vaso-radovic-2\" src=\"http:\/\/www.visit-ulcinj.com\/blog\/wp-content\/uploads\/2008\/08\/vaso-radovic-2-300x277.jpg\" alt=\"Vaso Radovi?\" width=\"210\" height=\"194\" srcset=\"https:\/\/www.visit-ulcinj.com\/blog\/wp-content\/uploads\/2008\/08\/vaso-radovic-2-300x277.jpg 300w, https:\/\/www.visit-ulcinj.com\/blog\/wp-content\/uploads\/2008\/08\/vaso-radovic-2.jpg 507w\" sizes=\"(max-width: 210px) 100vw, 210px\" \/><\/a><p id=\"caption-attachment-2481\" class=\"wp-caption-text\">Sekretar Sekretarijata za privredu Ulcinj: Vaso Radovi?<\/p><\/div>\n<p>U lokalnoj upravi trenutnu situaciju ne smatraju toliko lo\u0161om. Prema mi\u0161ljenju sekretara Sekretarijata za privredu Vasa Radovi?a, manji broj turista u Ulcinju tokom juna i po?etkom jula, ne zabrinjava lokalnu vlast i privrednike.<br \/>\n-?injenica je da je gostiju manje, ali se ekonomski efekti ne\u0161to slabije posjete zasad ne osje?aju. U svakodnevnom kontaktu s lokalnim preduzetnicima, odnosno turisti?kim poslenicima, saznajemo da su prihodi od turizma po?etkom sezone ve?i ili isti kao i pro\u0161le godine, \u0161to nam ukazuje da je plate\u017ena mo? gostiju bolja, kao i da su pove?ani smje\u0161tajni kapaciteti. Zadovoljan sam, jer idemo na kvalitet, a ne na kvantitet kao ranije. Vidje?emo kako ?e biti u drugoj polovini jula i avgustu. Nadam se, dobro, ka\u017ee Radovi?.<\/p>\n<p>Ulcinj je tokom priprema za sezonu dobio nekoliko saobra?ajnih infratsrukturnih objekata, a dio ulica i prilaznih puteva je renoviran. Zasad je primjetno da su ulice ?istije i da su \u0161irom grada i u prigradskim naseljima postavljeni novi kontejneri. Na drugoj strani, smanjen je broj smje\u0161tajnih jedinica u hotelskom sektoru, jer je dio hotela HTP \u201eUlcinjska rivijera\u201c, koji je prodat, sru\u0161en ili se nalazi u fazi renoviranja. U hotelima najve?eg gradskog hotelijera \u201eOlimpik\u201c, \u201eBelvi\u201c i \u201eAda Bojana luks\u201c ima mjesta. Cijene smje\u0161taja su od 20 do 35 eura po osobi, na bazi polupansiona. Sli?ne cijene su i u HTP \u201eAlbatros\u201c i hotelskom kompleku \u201eMediteran\u201c. Cijene u privatnom smje\u0161taju su ne\u0161to ve?e i kre?u se od sedam do 15 eura , mada se na periferiji jo\u0161 mo\u017ee na?i le\u017eaj koji se pla?a pet eura za no?. Ulcinjsku obalu i ovog ljeta krasi veliki broj pla\u017ea, od kojih se na ?ak pet, zbog uslova i usluga koje nude, vijore plave zastavice. More je izuzetno ?isto, a i sadr\u017eaji koje privatni zakupci ili hoteli nude na kupali\u0161tima zadovoljavaju i najprobirljivije. Zakup suncobrana le\u017ealjki i parking u hladovini, zavisno od pla\u017ee, ko\u0161ta izme?u pet i osam eura. Cijene napitaka i hrane su ne\u0161to vi\u0161e u odnosu na pro\u0161lu godinu, zbog talasa poskupljenja poslednjih mjeseci. Sve u svemu, Ulcinju, kao i ve?ini primorskih gradova, trenutno nedostaje samo vi\u0161e gostiju.<strong><br \/>\nNeutralisane stare boljke<\/strong><\/p>\n<div id=\"attachment_2482\" style=\"width: 242px\" class=\"wp-caption alignright\"><a href=\"http:\/\/www.visit-ulcinj.com\/blog\/wp-content\/uploads\/2008\/08\/munib-abazi.jpg\"><img aria-describedby=\"caption-attachment-2482\" loading=\"lazy\" class=\"size-medium wp-image-2482\" title=\"munib-abazi\" src=\"http:\/\/www.visit-ulcinj.com\/blog\/wp-content\/uploads\/2008\/08\/munib-abazi.jpg\" alt=\"Turisti?ki Analiti?ar - Munip Abazovi?\" width=\"232\" height=\"214\" \/><\/a><p id=\"caption-attachment-2482\" class=\"wp-caption-text\">Turisti?ki Analiti?ar - Munib Abazovi?<\/p><\/div>\n<p>Stare boljke ulcinjskog turizma &#8211; nedostatak vode u visokim zonama grada i ?esti prekidi napajanja elektri?nom energijom pojednih dijelova op\u0161tine- ove sezone su gotovo potpuno neutralisane. Ulcinj je dobio nekoliko novih trafostanica koje su montirane na najkriti?nijim ta?kama, uglavnom na Velikoj pla\u017ei i u \u0160toju. Dio dotrajale naponske mre\u017ee je, tako?e, zamijenjen. Zasad nema restrikcija u vodosnabdijevanju.<strong><br \/>\nLo\u0161a vanpansionska ponuda<\/strong><br \/>\n-Ove godine je veoma lo\u0161 no?ni \u017eivot grada, odnosno taj dio vanpansionske ponude. No?nog \u017eivota prakti?no i da nema, jer se muzika u lokalima gasi u 12 ?asova. Time su pojedini gosti zadovoljni, jer im buka ne remeti odmor, dok je dio turista nezadovoljan, jer nema gdje da se provede. Ulcinj nema ljetnji bioskop, a kulturna manifestacija \u201cLjetnja scena\u201d, ka\u017ee Abazovi?.<br \/>\n<strong>Autor \/ M.Kne\u017eevi?<br \/>\nIzvor \/ Revija D<br \/>\n<\/strong><\/p>\n<!--YouTube Error: bad URL entered-->\n","protected":false},"excerpt":{"rendered":"<p><img loading=\"lazy\" class=\"alignleft size-medium wp-image-1495\" title=\"Turisti?ki Analiti?ar - Munip Abazovi?\" src=\"http:\/\/www.visit-ulcinj.com\/blog\/wp-content\/uploads\/2008\/05\/minib-abazi.jpg\" alt=\"\" width=\"140\" height=\"140\" \/><\/p>\n","protected":false},"author":1,"featured_media":0,"comment_status":"open","ping_status":"closed","sticky":false,"template":"","format":"standard","meta":{"spay_email":"","jetpack_publicize_message":"","jetpack_is_tweetstorm":false,"jetpack_publicize_feature_enabled":true},"categories":[12,15],"tags":[4338,4339],"jetpack_publicize_connections":[],"yoast_head":"<!-- This site is optimized with the Yoast SEO plugin v19.1 - https:\/\/yoast.com\/wordpress\/plugins\/seo\/ -->\n<title>Sumorna Turisti?ka slika u Ulcinju - Lajme nga Ulqini<\/title>\n<meta name=\"robots\" content=\"index, follow, max-snippet:-1, max-image-preview:large, max-video-preview:-1\" \/>\n<link rel=\"canonical\" href=\"https:\/\/www.visit-ulcinj.com\/blog\/2008\/08\/14\/sumorna-turisticka-slika-u-ulcinju\/\" \/>\n<meta property=\"og:locale\" content=\"en_US\" \/>\n<meta property=\"og:type\" content=\"article\" \/>\n<meta property=\"og:title\" content=\"Sumorna Turisti?ka slika u Ulcinju - Lajme nga Ulqini\" \/>\n<meta property=\"og:url\" content=\"https:\/\/www.visit-ulcinj.com\/blog\/2008\/08\/14\/sumorna-turisticka-slika-u-ulcinju\/\" \/>\n<meta property=\"og:site_name\" content=\"Lajme nga Ulqini\" \/>\n<meta property=\"article:published_time\" content=\"2008-08-14T12:45:17+00:00\" \/>\n<meta property=\"article:modified_time\" content=\"2008-10-31T23:15:02+00:00\" \/>\n<meta property=\"og:image\" content=\"http:\/\/www.visit-ulcinj.com\/blog\/wp-content\/uploads\/2008\/05\/minib-abazi.jpg\" \/>\n<meta name=\"twitter:label1\" content=\"Written by\" \/>\n\t<meta name=\"twitter:data1\" content=\"ulqini\" \/>\n\t<meta name=\"twitter:label2\" content=\"Est. reading time\" \/>\n\t<meta name=\"twitter:data2\" content=\"6 minutes\" \/>\n<script type=\"application\/ld+json\" class=\"yoast-schema-graph\">{\"@context\":\"https:\/\/schema.org\",\"@graph\":[{\"@type\":\"WebSite\",\"@id\":\"https:\/\/www.visit-ulcinj.com\/blog\/#website\",\"url\":\"https:\/\/www.visit-ulcinj.com\/blog\/\",\"name\":\"Lajme nga Ulqini\",\"description\":\"Lajme,Vijesti,Ulqini,Ulqin,Crna Gora,Mali i Zi\",\"potentialAction\":[{\"@type\":\"SearchAction\",\"target\":{\"@type\":\"EntryPoint\",\"urlTemplate\":\"https:\/\/www.visit-ulcinj.com\/blog\/?s={search_term_string}\"},\"query-input\":\"required name=search_term_string\"}],\"inLanguage\":\"en-US\"},{\"@type\":\"ImageObject\",\"inLanguage\":\"en-US\",\"@id\":\"https:\/\/www.visit-ulcinj.com\/blog\/2008\/08\/14\/sumorna-turisticka-slika-u-ulcinju\/#primaryimage\",\"url\":\"http:\/\/www.visit-ulcinj.com\/blog\/wp-content\/uploads\/2008\/05\/minib-abazi.jpg\",\"contentUrl\":\"http:\/\/www.visit-ulcinj.com\/blog\/wp-content\/uploads\/2008\/05\/minib-abazi.jpg\"},{\"@type\":\"WebPage\",\"@id\":\"https:\/\/www.visit-ulcinj.com\/blog\/2008\/08\/14\/sumorna-turisticka-slika-u-ulcinju\/#webpage\",\"url\":\"https:\/\/www.visit-ulcinj.com\/blog\/2008\/08\/14\/sumorna-turisticka-slika-u-ulcinju\/\",\"name\":\"Sumorna Turisti?ka slika u Ulcinju - Lajme nga Ulqini\",\"isPartOf\":{\"@id\":\"https:\/\/www.visit-ulcinj.com\/blog\/#website\"},\"primaryImageOfPage\":{\"@id\":\"https:\/\/www.visit-ulcinj.com\/blog\/2008\/08\/14\/sumorna-turisticka-slika-u-ulcinju\/#primaryimage\"},\"datePublished\":\"2008-08-14T12:45:17+00:00\",\"dateModified\":\"2008-10-31T23:15:02+00:00\",\"author\":{\"@id\":\"https:\/\/www.visit-ulcinj.com\/blog\/#\/schema\/person\/dcab619c614d3038751c63bc2aadc06d\"},\"breadcrumb\":{\"@id\":\"https:\/\/www.visit-ulcinj.com\/blog\/2008\/08\/14\/sumorna-turisticka-slika-u-ulcinju\/#breadcrumb\"},\"inLanguage\":\"en-US\",\"potentialAction\":[{\"@type\":\"ReadAction\",\"target\":[\"https:\/\/www.visit-ulcinj.com\/blog\/2008\/08\/14\/sumorna-turisticka-slika-u-ulcinju\/\"]}]},{\"@type\":\"BreadcrumbList\",\"@id\":\"https:\/\/www.visit-ulcinj.com\/blog\/2008\/08\/14\/sumorna-turisticka-slika-u-ulcinju\/#breadcrumb\",\"itemListElement\":[{\"@type\":\"ListItem\",\"position\":1,\"name\":\"Sumorna Turisti?ka slika u Ulcinju\"}]},{\"@type\":\"Person\",\"@id\":\"https:\/\/www.visit-ulcinj.com\/blog\/#\/schema\/person\/dcab619c614d3038751c63bc2aadc06d\",\"name\":\"ulqini\",\"sameAs\":[\"http:\/\/www.visit-ulcinj.com\"],\"url\":\"https:\/\/www.visit-ulcinj.com\/blog\/author\/admin\/\"}]}<\/script>\n<!-- \/ Yoast SEO plugin. -->","yoast_head_json":{"title":"Sumorna Turisti?ka slika u Ulcinju - Lajme nga Ulqini","robots":{"index":"index","follow":"follow","max-snippet":"max-snippet:-1","max-image-preview":"max-image-preview:large","max-video-preview":"max-video-preview:-1"},"canonical":"https:\/\/www.visit-ulcinj.com\/blog\/2008\/08\/14\/sumorna-turisticka-slika-u-ulcinju\/","og_locale":"en_US","og_type":"article","og_title":"Sumorna Turisti?ka slika u Ulcinju - Lajme nga Ulqini","og_url":"https:\/\/www.visit-ulcinj.com\/blog\/2008\/08\/14\/sumorna-turisticka-slika-u-ulcinju\/","og_site_name":"Lajme nga Ulqini","article_published_time":"2008-08-14T12:45:17+00:00","article_modified_time":"2008-10-31T23:15:02+00:00","og_image":[{"url":"http:\/\/www.visit-ulcinj.com\/blog\/wp-content\/uploads\/2008\/05\/minib-abazi.jpg"}],"twitter_misc":{"Written by":"ulqini","Est. reading time":"6 minutes"},"schema":{"@context":"https:\/\/schema.org","@graph":[{"@type":"WebSite","@id":"https:\/\/www.visit-ulcinj.com\/blog\/#website","url":"https:\/\/www.visit-ulcinj.com\/blog\/","name":"Lajme nga Ulqini","description":"Lajme,Vijesti,Ulqini,Ulqin,Crna Gora,Mali i Zi","potentialAction":[{"@type":"SearchAction","target":{"@type":"EntryPoint","urlTemplate":"https:\/\/www.visit-ulcinj.com\/blog\/?s={search_term_string}"},"query-input":"required name=search_term_string"}],"inLanguage":"en-US"},{"@type":"ImageObject","inLanguage":"en-US","@id":"https:\/\/www.visit-ulcinj.com\/blog\/2008\/08\/14\/sumorna-turisticka-slika-u-ulcinju\/#primaryimage","url":"http:\/\/www.visit-ulcinj.com\/blog\/wp-content\/uploads\/2008\/05\/minib-abazi.jpg","contentUrl":"http:\/\/www.visit-ulcinj.com\/blog\/wp-content\/uploads\/2008\/05\/minib-abazi.jpg"},{"@type":"WebPage","@id":"https:\/\/www.visit-ulcinj.com\/blog\/2008\/08\/14\/sumorna-turisticka-slika-u-ulcinju\/#webpage","url":"https:\/\/www.visit-ulcinj.com\/blog\/2008\/08\/14\/sumorna-turisticka-slika-u-ulcinju\/","name":"Sumorna Turisti?ka slika u Ulcinju - Lajme nga Ulqini","isPartOf":{"@id":"https:\/\/www.visit-ulcinj.com\/blog\/#website"},"primaryImageOfPage":{"@id":"https:\/\/www.visit-ulcinj.com\/blog\/2008\/08\/14\/sumorna-turisticka-slika-u-ulcinju\/#primaryimage"},"datePublished":"2008-08-14T12:45:17+00:00","dateModified":"2008-10-31T23:15:02+00:00","author":{"@id":"https:\/\/www.visit-ulcinj.com\/blog\/#\/schema\/person\/dcab619c614d3038751c63bc2aadc06d"},"breadcrumb":{"@id":"https:\/\/www.visit-ulcinj.com\/blog\/2008\/08\/14\/sumorna-turisticka-slika-u-ulcinju\/#breadcrumb"},"inLanguage":"en-US","potentialAction":[{"@type":"ReadAction","target":["https:\/\/www.visit-ulcinj.com\/blog\/2008\/08\/14\/sumorna-turisticka-slika-u-ulcinju\/"]}]},{"@type":"BreadcrumbList","@id":"https:\/\/www.visit-ulcinj.com\/blog\/2008\/08\/14\/sumorna-turisticka-slika-u-ulcinju\/#breadcrumb","itemListElement":[{"@type":"ListItem","position":1,"name":"Sumorna Turisti?ka slika u Ulcinju"}]},{"@type":"Person","@id":"https:\/\/www.visit-ulcinj.com\/blog\/#\/schema\/person\/dcab619c614d3038751c63bc2aadc06d","name":"ulqini","sameAs":["http:\/\/www.visit-ulcinj.com"],"url":"https:\/\/www.visit-ulcinj.com\/blog\/author\/admin\/"}]}},"jetpack_featured_media_url":"","jetpack_sharing_enabled":true,"jetpack_shortlink":"https:\/\/wp.me\/pe6lTn-DZ","_links":{"self":[{"href":"https:\/\/www.visit-ulcinj.com\/blog\/wp-json\/wp\/v2\/posts\/2479"}],"collection":[{"href":"https:\/\/www.visit-ulcinj.com\/blog\/wp-json\/wp\/v2\/posts"}],"about":[{"href":"https:\/\/www.visit-ulcinj.com\/blog\/wp-json\/wp\/v2\/types\/post"}],"author":[{"embeddable":true,"href":"https:\/\/www.visit-ulcinj.com\/blog\/wp-json\/wp\/v2\/users\/1"}],"replies":[{"embeddable":true,"href":"https:\/\/www.visit-ulcinj.com\/blog\/wp-json\/wp\/v2\/comments?post=2479"}],"version-history":[{"count":0,"href":"https:\/\/www.visit-ulcinj.com\/blog\/wp-json\/wp\/v2\/posts\/2479\/revisions"}],"wp:attachment":[{"href":"https:\/\/www.visit-ulcinj.com\/blog\/wp-json\/wp\/v2\/media?parent=2479"}],"wp:term":[{"taxonomy":"category","embeddable":true,"href":"https:\/\/www.visit-ulcinj.com\/blog\/wp-json\/wp\/v2\/categories?post=2479"},{"taxonomy":"post_tag","embeddable":true,"href":"https:\/\/www.visit-ulcinj.com\/blog\/wp-json\/wp\/v2\/tags?post=2479"}],"curies":[{"name":"wp","href":"https:\/\/api.w.org\/{rel}","templated":true}]}}