{"id":24799,"date":"2009-08-22T09:14:39","date_gmt":"2009-08-22T07:14:39","guid":{"rendered":"http:\/\/www.visit-ulcinj.com\/blog\/?p=24799"},"modified":"2009-08-22T09:14:39","modified_gmt":"2009-08-22T07:14:39","slug":"saopstenje-gradske-opstine-tuzi","status":"publish","type":"post","link":"https:\/\/www.visit-ulcinj.com\/blog\/2009\/08\/22\/saopstenje-gradske-opstine-tuzi\/","title":{"rendered":"Saop\u0161tenje gradske op\u0161tine Tuzi"},"content":{"rendered":"<p><strong><a href=\"http:\/\/www.visit-ulcinj.com\/blog\/wp-content\/uploads\/2009\/08\/Tuzi_Montenegro_Maps.png\"><img loading=\"lazy\" class=\"alignleft size-full wp-image-24800\" title=\"Tuzi_Montenegro_Maps\" src=\"http:\/\/www.visit-ulcinj.com\/blog\/wp-content\/uploads\/2009\/08\/Tuzi_Montenegro_Maps.png\" alt=\"Tuzi_Montenegro_Maps\" width=\"580\" height=\"400\" \/><\/a>Opravdani zahtjevi za samostalnom op\u0161tinom Tuzi<\/strong><br \/>\nPodgorica, 21. avgust (MINA) \u2013 Gradska op\u0161tina Tuzi upoznala je diplomatska predstavni\u0161tva u Crnoj Gori, crnogorski dr\u017eavni vrh i poslani?ke klubove u parlamentu o, kako su naveli, opravdanosti zahtjeva za uspostavljanjem punopravne op\u0161tine Tuzi. Gradska op\u0161tina je, u sklopu aktivnosti u vezi sa statusom podru?ja Malesije, a povodom Nacrta zakona o teritorijalnoj organizaciji Crne Gore ?ija je javna rasprava u toku, poslala pismo diplomatskim predstavni\u0161tvima, dr\u017eavnom vrhu i poslani?kim klubovima. \u201eU kojem smo istakli na\u0161e vi?enje organizacije lokalne samouprave i opravdanost zahtjeva za uspostavljanjem punoprave op\u0161tine Tuzi\u201c, ka\u017ee se u saop\u0161tenju te gradske op\u0161tine. Ocjenuje sa da ?e prisustvo me?unarodnog faktora biti od presudnog uticaja i u procesu dono\u0161enja tog zakona. U Gradskoj op\u0161tini smatraju da se ne mo\u017ee, pri?ati o demokratiji, a Malesiji uskratiti pravo na ekonomski razvoj i pru\u017eanje ve?eg nivoa usluga stanovni\u0161tvu i privrednim subjektima na podru?ju op\u0161tine, a \u0161to predvi?a ?lan 18. Nacrta zakona. Isti?e se da pravo na lokalnu samoupravu jem?i Ustav, a garantuju i me?unarodna akta koja je Crna Gora ratifikovala. \u201eOvo je momenat kada je Crna Gora na ispitu iz demokratije, jer Evropa ne?e u svojoj porodici nedemokratska dru\u0161tva, a jedan od glavnih pokazatelja istinske demokratije jeste i decentralizacija vlasti\u201c, isti?u u Gradskoj op\u0161tini. Ocjenjuje se da su pri?e o navodnoj nemogu?nosti samofinansiranja op\u0161tine Tuzi postale smije\u0161ne, \u201epogotovo kada se zna, da ono \u0161to sada stvarno dobijamo kao Gradska op\u0161tina jeste manje od desetog dijela onoga \u0161to su potencijalni prihodi punoprave op\u0161tine Tuzi\u201c.<\/p>\n<p><strong>Izvor \/ MINA<\/strong><\/p>\n<p><strong><!--YouTube Error: bad URL entered--><br \/>\n<\/strong><\/p>\n","protected":false},"excerpt":{"rendered":"<p>Opravdani zahtjevi za samostalnom op\u0161tinom Tuzi Podgorica, 21. avgust (MINA) \u2013 Gradska op\u0161tina Tuzi upoznala je diplomatska predstavni\u0161tva u Crnoj Gori, crnogorski dr\u017eavni vrh i poslani?ke klubove u parlamentu o, kako su naveli, opravdanosti zahtjeva za uspostavljanjem punopravne op\u0161tine Tuzi. Gradska op\u0161tina je, u sklopu aktivnosti u vezi sa statusom podru?ja Malesije, a povodom Nacrta [&hellip;]<\/p>\n","protected":false},"author":1,"featured_media":0,"comment_status":"open","ping_status":"closed","sticky":false,"template":"","format":"standard","meta":{"spay_email":"","jetpack_publicize_message":"","jetpack_is_tweetstorm":false,"jetpack_publicize_feature_enabled":true},"categories":[8337],"tags":[20,11409],"jetpack_publicize_connections":[],"yoast_head":"<!-- This site is optimized with the Yoast SEO plugin v19.1 - https:\/\/yoast.com\/wordpress\/plugins\/seo\/ -->\n<title>Saop\u0161tenje gradske op\u0161tine Tuzi - Lajme nga Ulqini<\/title>\n<meta name=\"description\" content=\"Opravdani zahtjevi za samostalnom op\u0161tinom Tuzi Podgorica, 21. avgust (MINA) \u2013 Gradska op\u0161tina Tuzi upoznala je diplomatska predstavni\u0161tva u Crnoj Gori,\" \/>\n<meta name=\"robots\" content=\"index, follow, max-snippet:-1, max-image-preview:large, max-video-preview:-1\" \/>\n<link rel=\"canonical\" href=\"https:\/\/www.visit-ulcinj.com\/blog\/2009\/08\/22\/saopstenje-gradske-opstine-tuzi\/\" \/>\n<meta property=\"og:locale\" content=\"en_US\" \/>\n<meta property=\"og:type\" content=\"article\" \/>\n<meta property=\"og:title\" content=\"Saop\u0161tenje gradske op\u0161tine Tuzi - Lajme nga Ulqini\" \/>\n<meta property=\"og:description\" content=\"Opravdani zahtjevi za samostalnom op\u0161tinom Tuzi Podgorica, 21. avgust (MINA) \u2013 Gradska op\u0161tina Tuzi upoznala je diplomatska predstavni\u0161tva u Crnoj Gori,\" \/>\n<meta property=\"og:url\" content=\"https:\/\/www.visit-ulcinj.com\/blog\/2009\/08\/22\/saopstenje-gradske-opstine-tuzi\/\" \/>\n<meta property=\"og:site_name\" content=\"Lajme nga Ulqini\" \/>\n<meta property=\"article:published_time\" content=\"2009-08-22T07:14:39+00:00\" \/>\n<meta property=\"og:image\" content=\"http:\/\/www.visit-ulcinj.com\/blog\/wp-content\/uploads\/2009\/08\/Tuzi_Montenegro_Maps.png\" \/>\n<meta name=\"twitter:label1\" content=\"Written by\" \/>\n\t<meta name=\"twitter:data1\" content=\"ulqini\" \/>\n\t<meta name=\"twitter:label2\" content=\"Est. reading time\" \/>\n\t<meta name=\"twitter:data2\" content=\"1 minute\" \/>\n<script type=\"application\/ld+json\" class=\"yoast-schema-graph\">{\"@context\":\"https:\/\/schema.org\",\"@graph\":[{\"@type\":\"WebSite\",\"@id\":\"https:\/\/www.visit-ulcinj.com\/blog\/#website\",\"url\":\"https:\/\/www.visit-ulcinj.com\/blog\/\",\"name\":\"Lajme nga Ulqini\",\"description\":\"Lajme,Vijesti,Ulqini,Ulqin,Crna Gora,Mali i Zi\",\"potentialAction\":[{\"@type\":\"SearchAction\",\"target\":{\"@type\":\"EntryPoint\",\"urlTemplate\":\"https:\/\/www.visit-ulcinj.com\/blog\/?s={search_term_string}\"},\"query-input\":\"required name=search_term_string\"}],\"inLanguage\":\"en-US\"},{\"@type\":\"ImageObject\",\"inLanguage\":\"en-US\",\"@id\":\"https:\/\/www.visit-ulcinj.com\/blog\/2009\/08\/22\/saopstenje-gradske-opstine-tuzi\/#primaryimage\",\"url\":\"https:\/\/www.visit-ulcinj.com\/blog\/wp-content\/uploads\/2009\/08\/Tuzi_Montenegro_Maps.png\",\"contentUrl\":\"https:\/\/www.visit-ulcinj.com\/blog\/wp-content\/uploads\/2009\/08\/Tuzi_Montenegro_Maps.png\",\"width\":\"800\",\"height\":\"600\"},{\"@type\":\"WebPage\",\"@id\":\"https:\/\/www.visit-ulcinj.com\/blog\/2009\/08\/22\/saopstenje-gradske-opstine-tuzi\/#webpage\",\"url\":\"https:\/\/www.visit-ulcinj.com\/blog\/2009\/08\/22\/saopstenje-gradske-opstine-tuzi\/\",\"name\":\"Saop\u0161tenje gradske op\u0161tine Tuzi - Lajme nga Ulqini\",\"isPartOf\":{\"@id\":\"https:\/\/www.visit-ulcinj.com\/blog\/#website\"},\"primaryImageOfPage\":{\"@id\":\"https:\/\/www.visit-ulcinj.com\/blog\/2009\/08\/22\/saopstenje-gradske-opstine-tuzi\/#primaryimage\"},\"datePublished\":\"2009-08-22T07:14:39+00:00\",\"dateModified\":\"2009-08-22T07:14:39+00:00\",\"author\":{\"@id\":\"https:\/\/www.visit-ulcinj.com\/blog\/#\/schema\/person\/dcab619c614d3038751c63bc2aadc06d\"},\"description\":\"Opravdani zahtjevi za samostalnom op\u0161tinom Tuzi Podgorica, 21. avgust (MINA) \u2013 Gradska op\u0161tina Tuzi upoznala je diplomatska predstavni\u0161tva u Crnoj Gori,\",\"breadcrumb\":{\"@id\":\"https:\/\/www.visit-ulcinj.com\/blog\/2009\/08\/22\/saopstenje-gradske-opstine-tuzi\/#breadcrumb\"},\"inLanguage\":\"en-US\",\"potentialAction\":[{\"@type\":\"ReadAction\",\"target\":[\"https:\/\/www.visit-ulcinj.com\/blog\/2009\/08\/22\/saopstenje-gradske-opstine-tuzi\/\"]}]},{\"@type\":\"BreadcrumbList\",\"@id\":\"https:\/\/www.visit-ulcinj.com\/blog\/2009\/08\/22\/saopstenje-gradske-opstine-tuzi\/#breadcrumb\",\"itemListElement\":[{\"@type\":\"ListItem\",\"position\":1,\"name\":\"Saop\u0161tenje gradske op\u0161tine Tuzi\"}]},{\"@type\":\"Person\",\"@id\":\"https:\/\/www.visit-ulcinj.com\/blog\/#\/schema\/person\/dcab619c614d3038751c63bc2aadc06d\",\"name\":\"ulqini\",\"sameAs\":[\"http:\/\/www.visit-ulcinj.com\"],\"url\":\"https:\/\/www.visit-ulcinj.com\/blog\/author\/admin\/\"}]}<\/script>\n<!-- \/ Yoast SEO plugin. -->","yoast_head_json":{"title":"Saop\u0161tenje gradske op\u0161tine Tuzi - Lajme nga Ulqini","description":"Opravdani zahtjevi za samostalnom op\u0161tinom Tuzi Podgorica, 21. avgust (MINA) \u2013 Gradska op\u0161tina Tuzi upoznala je diplomatska predstavni\u0161tva u Crnoj Gori,","robots":{"index":"index","follow":"follow","max-snippet":"max-snippet:-1","max-image-preview":"max-image-preview:large","max-video-preview":"max-video-preview:-1"},"canonical":"https:\/\/www.visit-ulcinj.com\/blog\/2009\/08\/22\/saopstenje-gradske-opstine-tuzi\/","og_locale":"en_US","og_type":"article","og_title":"Saop\u0161tenje gradske op\u0161tine Tuzi - Lajme nga Ulqini","og_description":"Opravdani zahtjevi za samostalnom op\u0161tinom Tuzi Podgorica, 21. avgust (MINA) \u2013 Gradska op\u0161tina Tuzi upoznala je diplomatska predstavni\u0161tva u Crnoj Gori,","og_url":"https:\/\/www.visit-ulcinj.com\/blog\/2009\/08\/22\/saopstenje-gradske-opstine-tuzi\/","og_site_name":"Lajme nga Ulqini","article_published_time":"2009-08-22T07:14:39+00:00","og_image":[{"url":"http:\/\/www.visit-ulcinj.com\/blog\/wp-content\/uploads\/2009\/08\/Tuzi_Montenegro_Maps.png"}],"twitter_misc":{"Written by":"ulqini","Est. reading time":"1 minute"},"schema":{"@context":"https:\/\/schema.org","@graph":[{"@type":"WebSite","@id":"https:\/\/www.visit-ulcinj.com\/blog\/#website","url":"https:\/\/www.visit-ulcinj.com\/blog\/","name":"Lajme nga Ulqini","description":"Lajme,Vijesti,Ulqini,Ulqin,Crna Gora,Mali i Zi","potentialAction":[{"@type":"SearchAction","target":{"@type":"EntryPoint","urlTemplate":"https:\/\/www.visit-ulcinj.com\/blog\/?s={search_term_string}"},"query-input":"required name=search_term_string"}],"inLanguage":"en-US"},{"@type":"ImageObject","inLanguage":"en-US","@id":"https:\/\/www.visit-ulcinj.com\/blog\/2009\/08\/22\/saopstenje-gradske-opstine-tuzi\/#primaryimage","url":"https:\/\/www.visit-ulcinj.com\/blog\/wp-content\/uploads\/2009\/08\/Tuzi_Montenegro_Maps.png","contentUrl":"https:\/\/www.visit-ulcinj.com\/blog\/wp-content\/uploads\/2009\/08\/Tuzi_Montenegro_Maps.png","width":"800","height":"600"},{"@type":"WebPage","@id":"https:\/\/www.visit-ulcinj.com\/blog\/2009\/08\/22\/saopstenje-gradske-opstine-tuzi\/#webpage","url":"https:\/\/www.visit-ulcinj.com\/blog\/2009\/08\/22\/saopstenje-gradske-opstine-tuzi\/","name":"Saop\u0161tenje gradske op\u0161tine Tuzi - Lajme nga Ulqini","isPartOf":{"@id":"https:\/\/www.visit-ulcinj.com\/blog\/#website"},"primaryImageOfPage":{"@id":"https:\/\/www.visit-ulcinj.com\/blog\/2009\/08\/22\/saopstenje-gradske-opstine-tuzi\/#primaryimage"},"datePublished":"2009-08-22T07:14:39+00:00","dateModified":"2009-08-22T07:14:39+00:00","author":{"@id":"https:\/\/www.visit-ulcinj.com\/blog\/#\/schema\/person\/dcab619c614d3038751c63bc2aadc06d"},"description":"Opravdani zahtjevi za samostalnom op\u0161tinom Tuzi Podgorica, 21. avgust (MINA) \u2013 Gradska op\u0161tina Tuzi upoznala je diplomatska predstavni\u0161tva u Crnoj Gori,","breadcrumb":{"@id":"https:\/\/www.visit-ulcinj.com\/blog\/2009\/08\/22\/saopstenje-gradske-opstine-tuzi\/#breadcrumb"},"inLanguage":"en-US","potentialAction":[{"@type":"ReadAction","target":["https:\/\/www.visit-ulcinj.com\/blog\/2009\/08\/22\/saopstenje-gradske-opstine-tuzi\/"]}]},{"@type":"BreadcrumbList","@id":"https:\/\/www.visit-ulcinj.com\/blog\/2009\/08\/22\/saopstenje-gradske-opstine-tuzi\/#breadcrumb","itemListElement":[{"@type":"ListItem","position":1,"name":"Saop\u0161tenje gradske op\u0161tine Tuzi"}]},{"@type":"Person","@id":"https:\/\/www.visit-ulcinj.com\/blog\/#\/schema\/person\/dcab619c614d3038751c63bc2aadc06d","name":"ulqini","sameAs":["http:\/\/www.visit-ulcinj.com"],"url":"https:\/\/www.visit-ulcinj.com\/blog\/author\/admin\/"}]}},"jetpack_featured_media_url":"","jetpack_sharing_enabled":true,"jetpack_shortlink":"https:\/\/wp.me\/pe6lTn-6rZ","_links":{"self":[{"href":"https:\/\/www.visit-ulcinj.com\/blog\/wp-json\/wp\/v2\/posts\/24799"}],"collection":[{"href":"https:\/\/www.visit-ulcinj.com\/blog\/wp-json\/wp\/v2\/posts"}],"about":[{"href":"https:\/\/www.visit-ulcinj.com\/blog\/wp-json\/wp\/v2\/types\/post"}],"author":[{"embeddable":true,"href":"https:\/\/www.visit-ulcinj.com\/blog\/wp-json\/wp\/v2\/users\/1"}],"replies":[{"embeddable":true,"href":"https:\/\/www.visit-ulcinj.com\/blog\/wp-json\/wp\/v2\/comments?post=24799"}],"version-history":[{"count":0,"href":"https:\/\/www.visit-ulcinj.com\/blog\/wp-json\/wp\/v2\/posts\/24799\/revisions"}],"wp:attachment":[{"href":"https:\/\/www.visit-ulcinj.com\/blog\/wp-json\/wp\/v2\/media?parent=24799"}],"wp:term":[{"taxonomy":"category","embeddable":true,"href":"https:\/\/www.visit-ulcinj.com\/blog\/wp-json\/wp\/v2\/categories?post=24799"},{"taxonomy":"post_tag","embeddable":true,"href":"https:\/\/www.visit-ulcinj.com\/blog\/wp-json\/wp\/v2\/tags?post=24799"}],"curies":[{"name":"wp","href":"https:\/\/api.w.org\/{rel}","templated":true}]}}