{"id":24803,"date":"2009-08-22T11:19:53","date_gmt":"2009-08-22T09:19:53","guid":{"rendered":"http:\/\/www.visit-ulcinj.com\/blog\/?p=24803"},"modified":"2010-05-11T17:08:29","modified_gmt":"2010-05-11T15:08:29","slug":"bosanci-spasili-ulcinjsku-sezonu-2009","status":"publish","type":"post","link":"https:\/\/www.visit-ulcinj.com\/blog\/2009\/08\/22\/bosanci-spasili-ulcinjsku-sezonu-2009\/","title":{"rendered":"Bosanci spasili Ulcinjsku  sezonu 2009"},"content":{"rendered":"<p><a href=\"http:\/\/www.visit-ulcinj.com\/blog\/wp-content\/uploads\/2009\/08\/ulcinj_montenegro.1.jpg\"><img loading=\"lazy\" class=\"alignleft size-full wp-image-24804\" title=\"ulcinj_montenegro.1,Ada Bojana, apartmani, aran\u017enmani, B&amp;H, banjski-turizam, beograd, bih, Bosna i Hercegovina, Budva, cene, Copacabana, Crna Gora, eko-turizam, garsonjere, godisnji odmor u ulcinj, hotel, hoteli, izdavanje, izlasci, Iznajmljivanje soba ulcinj, Jadran, Jadransko-more, kitsurfing, klubovi, kuca uz more, Kuca za odmor, kuce, kuda na odmor, kuhinja, Leto, leto-2009, letovanje, ljetovanje u ulcinj, luksuzni-apartmani, Miami, Mjesto za Vas odmor, Montenegro, nudisticka plaza ada bojana, odmor, odmor i zabava, Odmor portal, odmor u ulcinj, odmor ulcinj info, pansioni, Pla\u017ea Safari, pla\u017ea Tony Grill, pla\u017ee, planina, povolne cene, Pretrazivanje privatnog smjestaja, prevoz, Privatni smjestaj, privatni-sme\u0161taj, putovanaja, putovanja, putovanje, restorani, rezervacija smjestaja, riba, Sarajevo, slobodne sobe, sme\u0161taj, smjestaj, smjestaj ponuda ulcinj, Smjestaj ulcinj, soba, sobe, sobe za izdavanje, sobe za odmor ulcinj, srbija, stanovi, Stari grad Sarajevo, surf, Tropicana, turisti?ka ponuda, turizam, u Bosni, ulcinj, ulcinj turisti?ka-ponuda, ulcinj turizam, ulcinj-apartmani, Ulcinj-na-moru, ulcinj-na-moru-sme\u0161taj, ulcinj-smestaj, usluge, Vase mjesto za odmor ulcinj, ville, zelite rezervirati privatni smjestaj,?a?ak, ?ajni?e, ?apljina, ?eli?, ?elinac, ?itluk, \u0160abac, \u0160id, \u0160ipovo, \u0160iroki Brijeg, \u0160tip, \u017dep?e, \u017divinice, Banja Luka, Banovi?i, Bar, Becici, beograd, Berkovi?i, Berovo, Biha?, Bijeljina, Bile?a, Bitola, bjelasica, Blagaj, Bogdanci, boka, Bosanska Dubica, Bosanska Gradi\u0161ka, Bosanska Kostajnica, Bosanska Krupa, Bosanski \u0160amac, Bosanski Brod, Bosanski Novi, Bosanski Petrovac, Bosansko Grahovo, Bratunac, Br?ko, Breza, Bu\u017eim, Budva, Bugojno, Busova?a, Cazin, crna, Debar, Del?evo, Demir Hisar, Demir Kapija, Derventa, Doboj, Dobreti?i, Dobrodo\u0161li u Crnu Goru!, Dobrodo\u0161li u Ulcinj!, Domaljevac, Donji Vakuf, Drvar, durmitor, Fo?a, Fojnica, Gevgelija, Glamo?, GORA, Gora\u017ede, Gornji Vakuf, gostivar, Gra?anica, Grada?ac, Grude, herceg, igalo, In?ija, Irig, Jablanica, Jajce, Kakanj, Kalesija, Kalinovik, Kavadarci, Ki?evo, Kiseljak, Kladanj, Klju?, Ko?ani, kolasin, Konjic, Kostolac, Kotor, Kotor Varo\u0161, kotorska, Kragujevac, Kraljevo, Kratovo, Kre\u0161evo, Kriva Palanka, Kru\u0161evac, Kru\u0161evo, Kumanovo, Kupres, Leskovac, leto 2009 od 5\u20ac za krevet, letovanje, Livno, Ljubinje, Ljubu\u0161ki, Lopare, Loznica, Lukavac, Maglaj, Makedonska Kamenica, Makedonski Brod, Mili?i, Milocer, Modri?a, Montenegro, mostar, Mrkonji? Grad, Negotino, Neum, Nevesinje, Ni\u0161, Nova Pazova, novi, Novi Pazar, Novi Sad, Novi Travnik, Od\u017eak, odmor, ohrid, Olovo, Ora\u0161je, Pale, Pan?evo, Peh?evo, Po\u017earevac, Posu\u0161je, Pra?a, presevo, Prijedor, Prilep, Probi\u0161tip, Prokuplje, Prozor, Radovi\u0161, Resen, Risan, Rogatica, Rudo, Ruma, Sanski Most, Sapna, Sarajevo, Skender Vakuf, skopje, Smederevo, Sokolac, Srbac, Srbobran, Srebrenica, Srebrenik, Sremska Mitrovica, stefan, Stolac, Struga, Strumica, Subotica, sveti, Sveti Nikole, Tara, Te\u0161anj, Teo?ak, Tesli?, tetovo, tivat, Tomislavgrad, Travnik, Trebinje, turizam, tuzla, ulcinj, Usora, Ustipra?a, Valandovo, Valjevo, Vare\u0161, Veles, Velika Kladu\u0161a, Vi\u0161egrad, Vinica, Visoko, Vitez, Vogo\u0161?a, Vranje, Vr\u0161ac, zabljak, Zaje?ar, Zavidovi?i, Zenica, zimovanje, Zrenjanin, Zvornik   \" src=\"http:\/\/www.visit-ulcinj.com\/blog\/wp-content\/uploads\/2009\/08\/ulcinj_montenegro.1.jpg\" alt=\"ulcinj_montenegro.1\" width=\"330\" height=\"399\" srcset=\"https:\/\/www.visit-ulcinj.com\/blog\/wp-content\/uploads\/2009\/08\/ulcinj_montenegro.1.jpg 454w, https:\/\/www.visit-ulcinj.com\/blog\/wp-content\/uploads\/2009\/08\/ulcinj_montenegro.1-248x300.jpg 248w\" sizes=\"(max-width: 330px) 100vw, 330px\" \/><\/a>U prvih sedam mjeseci Bosanci su bili drugi prema broju dolazaka i no?enja, poslije gostiju sa Kosova. Spasili su nas i Svicarci, Austrijanci i Talijani, ?iji masovni dolazak tek slijedi. Kao i svi oni s manjih tr\u017ei\u0161ta odakle bilje\u017eimo rast, kao \u0161to su Poljska, Ukrajina,Ma?arska,?eska i Slovaci.<br \/>\nMinistar turizma Predrag Nenezic ovih je dana jako sretan ?ovjek. Do\u017eivio je potpunu profesionalnu satisfakciju jer su podaci za prvih osam mjeseci pokazali da je u pravu bio on, a ne pesimisti koji su prognozirali ?ak 30 posto manje dolazaka turista. Naime, u julu je na Crnogorskoj rivijeri stiglo samo 3 posto manje turista i bilo je tri posto manje no?enja nego u julu 2008.<br \/>\n<strong><br \/>\nKoji su turisti spasili na\u0161u ovogodi\u0161nju sezonu?<\/strong><\/p>\n<p>Gosti sa Kosova,Bosanci,Makedonci,?ehi,Slovaci,Ma?ari,Poljaci,\u0160vajcarci Nijemci, Slovenci, Austrijanci i Talijani, ?iji masovni dolazak tek slijedi. Spasili su je i svi oni s manjih tr\u017ei\u0161ta odakle bilje\u017eimo rast, kao \u0161to su Poljska, Ukrajina i Srbija.<br \/>\n<a href=\"http:\/\/www.visit-ulcinj.com\/blog\/wp-content\/uploads\/2009\/08\/popust-cjena-u-ulcinj.2.jpg\"><img loading=\"lazy\" class=\"alignleft size-full wp-image-24807\" title=\"popust cjena u ulcinj.2\" src=\"http:\/\/www.visit-ulcinj.com\/blog\/wp-content\/uploads\/2009\/08\/popust-cjena-u-ulcinj.2.jpg\" alt=\"popust cjena u ulcinj.2\" width=\"580\" height=\"200\" \/><\/a><\/p>\n<p><strong>Ulcinj ove sezone\u00a0 snizila cijene i privla?io\u00a0 goste boljom uslugom?<\/strong><\/p>\n<p>&#8211; Za ovu smo godinu preporu?ili pa\u017eljivo formiranje cijena 20 % manje nego lani, bez njihova pove?anja ako to nema opravdanja u podizanju kvalitete. Isto tako, preporu?ili smo bolju uslugu za istu cijenu.Ulcinjski turizam je ve? godinama najizvoznija grana. Mi imamo 85 posto stranih turista i moramo biti konkurentni na stranim tr\u017ei\u0161tima. Svaki Nijemac, Slovenac, Talijan&#8230; mo\u017ee ovog trenutka izabrati bilo koju destinaciju na svijetu. Rezultati pokazuju da smo konkurentni, dajemo vi\u0161e usluga za istu cijenu i uspje\u0161ni smo u tome rekao u jednom brifingu gradona?lnik Ulcinja Gzim Hajdinaga.<\/p>\n<p>Crna Gora nije preskupa. Prema jednom istra\u017eivanju, mi smo od deset ispitanih zemalja drugi po tome koliko turisti za svojih sto eura mogu dobiti u izvanpansionskoj ponudi. Ispred nas je samo Turska.<\/p>\n<p>U Ulcinju ne postoji tendencija podjele gostiju na one prve i druge kategorije. Ne postoje gosti druge kategorije! Sve goste moramo jednako tretirati, i to je na\u0161a poruka. Svatko je dobrodo\u0161ao, jer smo se za njega izborili na svjetskom tr\u017ei\u0161tu. U konaku, oni koji dolaze svjesni su na\u0161ih cijena i znaju da jesmo naj jeftinija destinacija u Jadranu i u regionu.<\/p>\n<p><strong>Lajme nga Ulqini<br \/>\n<\/strong><\/p>\n<!--YouTube Error: bad URL entered-->\n","protected":false},"excerpt":{"rendered":"<p>U prvih sedam mjeseci Bosanci su bili drugi prema broju dolazaka i no?enja, poslije gostiju sa Kosova. Spasili su nas i Svicarci, Austrijanci i Talijani, ?iji masovni dolazak tek slijedi. Kao i svi oni s manjih tr\u017ei\u0161ta odakle bilje\u017eimo rast, kao \u0161to su Poljska, Ukrajina,Ma?arska,?eska i Slovaci. Ministar turizma Predrag Nenezic ovih je dana jako [&hellip;]<\/p>\n","protected":false},"author":1,"featured_media":0,"comment_status":"open","ping_status":"closed","sticky":false,"template":"","format":"standard","meta":{"spay_email":"","jetpack_publicize_message":"","jetpack_is_tweetstorm":false,"jetpack_publicize_feature_enabled":true},"categories":[8337],"tags":[12258,138,1860,11249,12263,11252,11275,2862,1613,12256,11251,21,11250,2105,20,11290,11276,11040,12257,5673,11253,11277,11254,11053,432,11286,11272,11255,11046,11042,11035,11043,11273,11256,11257,10343,11044,11284,12260,5993,2108,11050,79,11056,10345,11047,11051,11041,11054,11278,11285,4281,11291,11258,12261,11048,11037,11259,11032,11279,11052,1642,11260,11261,11033,11274,2281,11045,12259,442,11262,3936,11057,11039,11263,11034,11264,11036,2477,11282,11268,11271,2104,10107,3696,11267,19,11289,11283,11280,11287,11288,11281,11049,11055,11265,11038,12262],"jetpack_publicize_connections":[],"yoast_head":"<!-- This site is optimized with the Yoast SEO plugin v19.1 - https:\/\/yoast.com\/wordpress\/plugins\/seo\/ -->\n<title>Bosanci spasili Ulcinjsku sezonu 2009 - Lajme nga Ulqini<\/title>\n<meta name=\"description\" content=\"U prvih sedam mjeseci Bosanci su bili drugi prema broju dolazaka i no?enja, poslije gostiju sa Kosova. Spasili su nas i Svicarci, Austrijanci i Talijani,\" \/>\n<meta name=\"robots\" content=\"index, follow, max-snippet:-1, max-image-preview:large, max-video-preview:-1\" \/>\n<link rel=\"canonical\" href=\"https:\/\/www.visit-ulcinj.com\/blog\/2009\/08\/22\/bosanci-spasili-ulcinjsku-sezonu-2009\/\" \/>\n<meta property=\"og:locale\" content=\"en_US\" \/>\n<meta property=\"og:type\" content=\"article\" \/>\n<meta property=\"og:title\" content=\"Bosanci spasili Ulcinjsku sezonu 2009 - Lajme nga Ulqini\" \/>\n<meta property=\"og:description\" content=\"U prvih sedam mjeseci Bosanci su bili drugi prema broju dolazaka i no?enja, poslije gostiju sa Kosova. Spasili su nas i Svicarci, Austrijanci i Talijani,\" \/>\n<meta property=\"og:url\" content=\"https:\/\/www.visit-ulcinj.com\/blog\/2009\/08\/22\/bosanci-spasili-ulcinjsku-sezonu-2009\/\" \/>\n<meta property=\"og:site_name\" content=\"Lajme nga Ulqini\" \/>\n<meta property=\"article:published_time\" content=\"2009-08-22T09:19:53+00:00\" \/>\n<meta property=\"article:modified_time\" content=\"2010-05-11T15:08:29+00:00\" \/>\n<meta property=\"og:image\" content=\"http:\/\/www.visit-ulcinj.com\/blog\/wp-content\/uploads\/2009\/08\/ulcinj_montenegro.1.jpg\" \/>\n<meta name=\"twitter:label1\" content=\"Written by\" \/>\n\t<meta name=\"twitter:data1\" content=\"ulqini\" \/>\n\t<meta name=\"twitter:label2\" content=\"Est. reading time\" \/>\n\t<meta name=\"twitter:data2\" content=\"2 minutes\" \/>\n<script type=\"application\/ld+json\" class=\"yoast-schema-graph\">{\"@context\":\"https:\/\/schema.org\",\"@graph\":[{\"@type\":\"WebSite\",\"@id\":\"https:\/\/www.visit-ulcinj.com\/blog\/#website\",\"url\":\"https:\/\/www.visit-ulcinj.com\/blog\/\",\"name\":\"Lajme nga Ulqini\",\"description\":\"Lajme,Vijesti,Ulqini,Ulqin,Crna Gora,Mali i Zi\",\"potentialAction\":[{\"@type\":\"SearchAction\",\"target\":{\"@type\":\"EntryPoint\",\"urlTemplate\":\"https:\/\/www.visit-ulcinj.com\/blog\/?s={search_term_string}\"},\"query-input\":\"required name=search_term_string\"}],\"inLanguage\":\"en-US\"},{\"@type\":\"ImageObject\",\"inLanguage\":\"en-US\",\"@id\":\"https:\/\/www.visit-ulcinj.com\/blog\/2009\/08\/22\/bosanci-spasili-ulcinjsku-sezonu-2009\/#primaryimage\",\"url\":\"https:\/\/www.visit-ulcinj.com\/blog\/wp-content\/uploads\/2009\/08\/ulcinj_montenegro.1.jpg\",\"contentUrl\":\"https:\/\/www.visit-ulcinj.com\/blog\/wp-content\/uploads\/2009\/08\/ulcinj_montenegro.1.jpg\",\"width\":\"454\",\"height\":\"549\"},{\"@type\":\"WebPage\",\"@id\":\"https:\/\/www.visit-ulcinj.com\/blog\/2009\/08\/22\/bosanci-spasili-ulcinjsku-sezonu-2009\/#webpage\",\"url\":\"https:\/\/www.visit-ulcinj.com\/blog\/2009\/08\/22\/bosanci-spasili-ulcinjsku-sezonu-2009\/\",\"name\":\"Bosanci spasili Ulcinjsku sezonu 2009 - Lajme nga Ulqini\",\"isPartOf\":{\"@id\":\"https:\/\/www.visit-ulcinj.com\/blog\/#website\"},\"primaryImageOfPage\":{\"@id\":\"https:\/\/www.visit-ulcinj.com\/blog\/2009\/08\/22\/bosanci-spasili-ulcinjsku-sezonu-2009\/#primaryimage\"},\"datePublished\":\"2009-08-22T09:19:53+00:00\",\"dateModified\":\"2010-05-11T15:08:29+00:00\",\"author\":{\"@id\":\"https:\/\/www.visit-ulcinj.com\/blog\/#\/schema\/person\/dcab619c614d3038751c63bc2aadc06d\"},\"description\":\"U prvih sedam mjeseci Bosanci su bili drugi prema broju dolazaka i no?enja, poslije gostiju sa Kosova. Spasili su nas i Svicarci, Austrijanci i Talijani,\",\"breadcrumb\":{\"@id\":\"https:\/\/www.visit-ulcinj.com\/blog\/2009\/08\/22\/bosanci-spasili-ulcinjsku-sezonu-2009\/#breadcrumb\"},\"inLanguage\":\"en-US\",\"potentialAction\":[{\"@type\":\"ReadAction\",\"target\":[\"https:\/\/www.visit-ulcinj.com\/blog\/2009\/08\/22\/bosanci-spasili-ulcinjsku-sezonu-2009\/\"]}]},{\"@type\":\"BreadcrumbList\",\"@id\":\"https:\/\/www.visit-ulcinj.com\/blog\/2009\/08\/22\/bosanci-spasili-ulcinjsku-sezonu-2009\/#breadcrumb\",\"itemListElement\":[{\"@type\":\"ListItem\",\"position\":1,\"name\":\"Bosanci spasili Ulcinjsku sezonu 2009\"}]},{\"@type\":\"Person\",\"@id\":\"https:\/\/www.visit-ulcinj.com\/blog\/#\/schema\/person\/dcab619c614d3038751c63bc2aadc06d\",\"name\":\"ulqini\",\"sameAs\":[\"http:\/\/www.visit-ulcinj.com\"],\"url\":\"https:\/\/www.visit-ulcinj.com\/blog\/author\/admin\/\"}]}<\/script>\n<!-- \/ Yoast SEO plugin. -->","yoast_head_json":{"title":"Bosanci spasili Ulcinjsku sezonu 2009 - Lajme nga Ulqini","description":"U prvih sedam mjeseci Bosanci su bili drugi prema broju dolazaka i no?enja, poslije gostiju sa Kosova. Spasili su nas i Svicarci, Austrijanci i Talijani,","robots":{"index":"index","follow":"follow","max-snippet":"max-snippet:-1","max-image-preview":"max-image-preview:large","max-video-preview":"max-video-preview:-1"},"canonical":"https:\/\/www.visit-ulcinj.com\/blog\/2009\/08\/22\/bosanci-spasili-ulcinjsku-sezonu-2009\/","og_locale":"en_US","og_type":"article","og_title":"Bosanci spasili Ulcinjsku sezonu 2009 - Lajme nga Ulqini","og_description":"U prvih sedam mjeseci Bosanci su bili drugi prema broju dolazaka i no?enja, poslije gostiju sa Kosova. Spasili su nas i Svicarci, Austrijanci i Talijani,","og_url":"https:\/\/www.visit-ulcinj.com\/blog\/2009\/08\/22\/bosanci-spasili-ulcinjsku-sezonu-2009\/","og_site_name":"Lajme nga Ulqini","article_published_time":"2009-08-22T09:19:53+00:00","article_modified_time":"2010-05-11T15:08:29+00:00","og_image":[{"url":"http:\/\/www.visit-ulcinj.com\/blog\/wp-content\/uploads\/2009\/08\/ulcinj_montenegro.1.jpg"}],"twitter_misc":{"Written by":"ulqini","Est. reading time":"2 minutes"},"schema":{"@context":"https:\/\/schema.org","@graph":[{"@type":"WebSite","@id":"https:\/\/www.visit-ulcinj.com\/blog\/#website","url":"https:\/\/www.visit-ulcinj.com\/blog\/","name":"Lajme nga Ulqini","description":"Lajme,Vijesti,Ulqini,Ulqin,Crna Gora,Mali i Zi","potentialAction":[{"@type":"SearchAction","target":{"@type":"EntryPoint","urlTemplate":"https:\/\/www.visit-ulcinj.com\/blog\/?s={search_term_string}"},"query-input":"required name=search_term_string"}],"inLanguage":"en-US"},{"@type":"ImageObject","inLanguage":"en-US","@id":"https:\/\/www.visit-ulcinj.com\/blog\/2009\/08\/22\/bosanci-spasili-ulcinjsku-sezonu-2009\/#primaryimage","url":"https:\/\/www.visit-ulcinj.com\/blog\/wp-content\/uploads\/2009\/08\/ulcinj_montenegro.1.jpg","contentUrl":"https:\/\/www.visit-ulcinj.com\/blog\/wp-content\/uploads\/2009\/08\/ulcinj_montenegro.1.jpg","width":"454","height":"549"},{"@type":"WebPage","@id":"https:\/\/www.visit-ulcinj.com\/blog\/2009\/08\/22\/bosanci-spasili-ulcinjsku-sezonu-2009\/#webpage","url":"https:\/\/www.visit-ulcinj.com\/blog\/2009\/08\/22\/bosanci-spasili-ulcinjsku-sezonu-2009\/","name":"Bosanci spasili Ulcinjsku sezonu 2009 - Lajme nga Ulqini","isPartOf":{"@id":"https:\/\/www.visit-ulcinj.com\/blog\/#website"},"primaryImageOfPage":{"@id":"https:\/\/www.visit-ulcinj.com\/blog\/2009\/08\/22\/bosanci-spasili-ulcinjsku-sezonu-2009\/#primaryimage"},"datePublished":"2009-08-22T09:19:53+00:00","dateModified":"2010-05-11T15:08:29+00:00","author":{"@id":"https:\/\/www.visit-ulcinj.com\/blog\/#\/schema\/person\/dcab619c614d3038751c63bc2aadc06d"},"description":"U prvih sedam mjeseci Bosanci su bili drugi prema broju dolazaka i no?enja, poslije gostiju sa Kosova. Spasili su nas i Svicarci, Austrijanci i Talijani,","breadcrumb":{"@id":"https:\/\/www.visit-ulcinj.com\/blog\/2009\/08\/22\/bosanci-spasili-ulcinjsku-sezonu-2009\/#breadcrumb"},"inLanguage":"en-US","potentialAction":[{"@type":"ReadAction","target":["https:\/\/www.visit-ulcinj.com\/blog\/2009\/08\/22\/bosanci-spasili-ulcinjsku-sezonu-2009\/"]}]},{"@type":"BreadcrumbList","@id":"https:\/\/www.visit-ulcinj.com\/blog\/2009\/08\/22\/bosanci-spasili-ulcinjsku-sezonu-2009\/#breadcrumb","itemListElement":[{"@type":"ListItem","position":1,"name":"Bosanci spasili Ulcinjsku sezonu 2009"}]},{"@type":"Person","@id":"https:\/\/www.visit-ulcinj.com\/blog\/#\/schema\/person\/dcab619c614d3038751c63bc2aadc06d","name":"ulqini","sameAs":["http:\/\/www.visit-ulcinj.com"],"url":"https:\/\/www.visit-ulcinj.com\/blog\/author\/admin\/"}]}},"jetpack_featured_media_url":"","jetpack_sharing_enabled":true,"jetpack_shortlink":"https:\/\/wp.me\/pe6lTn-6s3","_links":{"self":[{"href":"https:\/\/www.visit-ulcinj.com\/blog\/wp-json\/wp\/v2\/posts\/24803"}],"collection":[{"href":"https:\/\/www.visit-ulcinj.com\/blog\/wp-json\/wp\/v2\/posts"}],"about":[{"href":"https:\/\/www.visit-ulcinj.com\/blog\/wp-json\/wp\/v2\/types\/post"}],"author":[{"embeddable":true,"href":"https:\/\/www.visit-ulcinj.com\/blog\/wp-json\/wp\/v2\/users\/1"}],"replies":[{"embeddable":true,"href":"https:\/\/www.visit-ulcinj.com\/blog\/wp-json\/wp\/v2\/comments?post=24803"}],"version-history":[{"count":0,"href":"https:\/\/www.visit-ulcinj.com\/blog\/wp-json\/wp\/v2\/posts\/24803\/revisions"}],"wp:attachment":[{"href":"https:\/\/www.visit-ulcinj.com\/blog\/wp-json\/wp\/v2\/media?parent=24803"}],"wp:term":[{"taxonomy":"category","embeddable":true,"href":"https:\/\/www.visit-ulcinj.com\/blog\/wp-json\/wp\/v2\/categories?post=24803"},{"taxonomy":"post_tag","embeddable":true,"href":"https:\/\/www.visit-ulcinj.com\/blog\/wp-json\/wp\/v2\/tags?post=24803"}],"curies":[{"name":"wp","href":"https:\/\/api.w.org\/{rel}","templated":true}]}}