{"id":24820,"date":"2009-08-22T18:40:04","date_gmt":"2009-08-22T16:40:04","guid":{"rendered":"http:\/\/www.visit-ulcinj.com\/blog\/?p=24820"},"modified":"2009-08-22T18:40:04","modified_gmt":"2009-08-22T16:40:04","slug":"olta-boka-e-verteta-e-miqesise-sime-me-izraelitin-qe-me-vodhi-kengen","status":"publish","type":"post","link":"https:\/\/www.visit-ulcinj.com\/blog\/2009\/08\/22\/olta-boka-e-verteta-e-miqesise-sime-me-izraelitin-qe-me-vodhi-kengen\/","title":{"rendered":"Olta Boka: E v\u00ebrteta e miq\u00ebsis\u00eb sime me izraelitin, q\u00eb m\u00eb vodhi k\u00ebng\u00ebn"},"content":{"rendered":"<p><a href=\"http:\/\/www.visit-ulcinj.com\/blog\/wp-content\/uploads\/2009\/08\/Olta-Boka-nga-Shqip\u00ebria-_-Noaz-Mauda-nga-Izraeli.jpg\"><img loading=\"lazy\" class=\"alignleft size-full wp-image-24821\" title=\"Olta Boka nga Shqip\u00ebria _ Noaz Mauda nga Izraeli\" src=\"http:\/\/www.visit-ulcinj.com\/blog\/wp-content\/uploads\/2009\/08\/Olta-Boka-nga-Shqip\u00ebria-_-Noaz-Mauda-nga-Izraeli.jpg\" alt=\"Olta Boka nga Shqip\u00ebria _ Noaz Mauda nga Izraeli\" width=\"570\" height=\"347\" \/><\/a>N\u00eb Eurosong 2008, Olta Boka nga Shqip\u00ebria dhe Noaz Mauda nga Izraeli konkurronin nj\u00ebri-tjetrin. Ai \u00ebsht\u00eb<br \/>\nk\u00ebng\u00ebtari i momentit n\u00eb Izrael dhe sapo ka publikuar nj\u00eb album t\u00eb ri, ku nj\u00eb nga k\u00ebng\u00ebt e p\u00ebrfshira n\u00eb t\u00eb \u00ebsht\u00eb pik\u00ebrisht \u201cZemr\u00ebn lam\u00eb peng\u201d, q\u00eb p\u00ebrfaq\u00ebsoi Shqip\u00ebrin\u00eb po at\u00eb vit. Pas supozimeve se Olta ia kishte dhuruar vet\u00eb k\u00ebng\u00ebn 22-vje\u00e7arit, k\u00ebng\u00ebtarja tregon n\u00eb k\u00ebt\u00eb intervist\u00eb t\u00eb v\u00ebrtet\u00ebn e saj:<br \/>\n<strong>Si \u00ebsht\u00eb e v\u00ebrteta n\u00eb lidhje me huazimin q\u00eb i ka b\u00ebr\u00eb k\u00ebng\u00ebs t\u00ebnde \u201cZemr\u00ebn lam\u00eb peng\u201d, artisti i ri nga Izraeli, Boaz Mauda?<\/strong><br \/>\nK\u00ebng\u00ebtari izraelit Boaz Mauda, sapo ka hedhur n\u00eb treg albumin e tij, ku mes k\u00ebng\u00ebve t\u00eb tjera \u00ebsht\u00eb dhe k\u00ebnga ime \u201cZemr\u00ebn e lam\u00eb peng\u201d. Versioni i k\u00ebsaj k\u00ebnge n\u00eb gjuh\u00ebn izraelite \u00ebsht\u00eb identik n\u00eb aspektin muzikor me k\u00ebng\u00ebn time p\u00ebrve\u00e7 disa ndryshimeve shum\u00eb t\u00eb pap\u00ebrfillshme n\u00eb orkestrim.<br \/>\n<strong>P\u00ebrse kujdesesh ta quash huazim dhe jo vjedhje?<\/strong><br \/>\nFaktikisht kjo \u00ebsht\u00eb v\u00ebrtet vjedhje, por un\u00eb kam gjetur termin huazim p\u00ebr t\u00eb zbutur paksa tonet e situat\u00ebs. Veprim ky q\u00eb i sh\u00ebrben angazhimit tim p\u00ebr t\u2019i marr\u00eb gj\u00ebrat sa m\u00eb shtruar n\u00eb lidhje me k\u00ebt\u00eb \u00e7\u00ebshtje.<br \/>\n<strong>Ke pasur ndonj\u00eb miq\u00ebsi me Boaz Mauden pasi thu-het se madje ju ia keni dhuruar vet\u00eb k\u00ebng\u00ebn?<\/strong><br \/>\nBoaz Mauda ka qen\u00eb p\u00ebrfaq\u00ebsues i Izraelit n\u00eb \u201cEurovizion 2008\u201d, vit ky q\u00eb p\u00ebrkon me pjes\u00ebmarrjen time n\u00eb Eurosong. I vetmi informacion q\u00eb kam pasur deri von\u00eb p\u00ebr t\u00eb ka qen\u00eb k\u00ebnga e tij pjes\u00ebmarr\u00ebse n\u00eb Eurosong.<br \/>\n<strong>Si u vure n\u00eb dijeni q\u00eb ky k\u00ebng\u00ebtar jua kishte kopjuar k\u00ebng\u00ebn?<\/strong><br \/>\nSi fillim informacionin e kam marr\u00eb nga interneti, ku pasi d\u00ebgjova k\u00ebng\u00ebn u habita v\u00ebrtet, pasi ishte t\u00ebr\u00ebsisht ajo q\u00eb ka p\u00ebrfaq\u00ebsuar Shqip\u00ebrin\u00eb n\u00eb \u201cEurovision 2008\u201d pra, \u201cZemr\u00ebn e lam\u00eb peng\u201d. Koh\u00ebt e fundit \u00ebsht\u00eb publikuar dhe n\u00eb shtypin e shkruar ku nga ky i fundit kam v\u00ebn\u00eb re dezinformacion n\u00eb p\u00ebrhapjen e lajmit.<br \/>\n<strong>Pse, si \u00ebsht\u00eb v\u00ebrteta? <\/strong><br \/>\nPo disa media e kan\u00eb servirur k\u00ebt\u00eb lajm pak t\u00eb deformuar n\u00eb aspektin konceptual. N\u00eb fillim u hodh nj\u00eb hipotez\u00eb n\u00eb shtyp sipas se cil\u00ebs k\u00ebnga \u00ebsht\u00eb dhuruar nga un\u00eb drejt k\u00ebng\u00ebtarit n\u00eb fjal\u00eb si pasoj\u00eb e nj\u00eb miq\u00ebsie nd\u00ebrmjet meje dhe tij, gj\u00eb q\u00eb \u00ebsht\u00eb krejt e pav\u00ebrtet\u00eb. Por edhe sikur t\u00eb te ndryshe duhet t\u00eb ekzistonte nj\u00eb kontrat\u00eb, q\u00eb n\u00eb fakt nuk ka ekzistuar asnj\u00eb e till\u00eb.<br \/>\n<strong>Po transmetohet n\u00eb ndonj\u00eb televizion muzikor varianti hebre i k\u00ebng\u00ebs?<\/strong><br \/>\nNuk jam n\u00eb dijeni t\u00eb k\u00ebsaj, por ky variant mund t\u00eb gjendet shum\u00eb leht\u00eb n\u00eb internet.<br \/>\n<strong>Pas k\u00ebsaj a jeni p\u00ebrpjekur t\u00eb kontaktoni m\u00eb tej me k\u00ebng\u00ebtarin?<\/strong><br \/>\nJo, nuk kam b\u00ebr\u00eb p\u00ebrpjekje t\u00eb tilla, por do filloj t\u00eb b\u00ebj at\u00eb q\u00eb do b\u00ebnte \u00e7do k\u00ebng\u00ebtar q\u00eb mund t\u00eb ishte n\u00eb vendin tim. Pra t\u2019u drejtohem organeve kompetente me q\u00ebllimin p\u00ebr t\u00eb mbrojtur t\u00eb drejt\u00ebn e autorit, procedura t\u00eb cilat n\u00eb vendet e zhvilluara jan\u00eb t\u00eb r\u00ebnd\u00ebsishme dhe vendimtare. Mendoj ka ardhur koha q\u00eb dhe ne t\u00eb k\u00ebrkojm\u00eb t\u00eb<br \/>\ndrejta t\u00eb tilla.<br \/>\n<strong>Do t\u00eb hapni ndonj\u00eb proces gjyq\u00ebsor ndaj k\u00ebng\u00ebtarit, mund t\u00eb fitoni ndonj\u00eb d\u00ebmshp\u00ebrblim?<\/strong><br \/>\nSinqerisht q\u00eb d\u00ebmshp\u00ebrblimi \u00ebsht\u00eb gj\u00ebja e fundit q\u00eb m\u00eb ka shkuar nd\u00ebr mend. Por jam nisur t\u00eb mbroj k\u00ebng\u00ebn dhe dinjitetin nga m\u00ebnyra e pap\u00ebrshtatshme, q\u00eb \u00ebsht\u00eb zgjedhur p\u00ebr t\u00eb marr\u00eb k\u00ebng\u00ebn dhe p\u00ebr ta p\u00ebrfshir\u00eb at\u00eb n\u00eb nj\u00eb album. Nisur nga kjo situat\u00eb do t\u00eb p\u00ebrpiqem q\u00eb t\u2019i \u00e7oj gj\u00ebrat deri n\u00eb fund.<br \/>\n<strong>Ty t\u00eb ka r\u00ebn\u00eb n\u00eb dor\u00eb albumi i tij, ku p\u00ebrfshihet dhe k\u00ebnga p\u00ebr t\u00eb cil\u00ebn po flasim?<\/strong><br \/>\nNuk kam nj\u00eb informacion m\u00eb specifik p\u00ebr albumin e tij. E vetmja gj\u00eb q\u00eb di \u00ebsht\u00eb se k\u00ebnga ime n\u00eb versionin izraelit \u00ebsht\u00eb me titullin \u201cSha\u2019ar libech\u201d ose \u201cA gate to your heart\u201d.<br \/>\n<strong>Nd\u00ebrkoh\u00eb ti vet\u00eb je duke u p\u00ebrgatitur p\u00ebr ndonj\u00eb konkurrim t\u00eb ri?<\/strong><br \/>\nPo. Plani im m\u00eb i af\u00ebrt \u00ebsht\u00eb konkurrimi n\u00eb festivalin \u201cK\u00ebnga Magjike\u201d me nj\u00eb k\u00ebng\u00eb t\u00eb re. Bashk\u00ebpunimi do jet\u00eb p\u00ebrs\u00ebri me kompozitorin Adrian Hila.<\/p>\n<p><strong>Panorama Plus <\/strong><\/p>\n<p><strong><!--YouTube Error: bad URL entered--><br \/>\n<\/strong><\/p>\n<p><strong><br \/>\n<\/strong><\/p>\n<p><strong><br \/>\n<\/strong><\/p>\n","protected":false},"excerpt":{"rendered":"<p>N\u00eb Eurosong 2008, Olta Boka nga Shqip\u00ebria dhe Noaz Mauda nga Izraeli konkurronin nj\u00ebri-tjetrin. Ai \u00ebsht\u00eb k\u00ebng\u00ebtari i momentit n\u00eb Izrael dhe sapo ka publikuar nj\u00eb album t\u00eb ri, ku nj\u00eb nga k\u00ebng\u00ebt e p\u00ebrfshira n\u00eb t\u00eb \u00ebsht\u00eb pik\u00ebrisht \u201cZemr\u00ebn lam\u00eb peng\u201d, q\u00eb p\u00ebrfaq\u00ebsoi Shqip\u00ebrin\u00eb po at\u00eb vit. Pas supozimeve se Olta ia kishte dhuruar [&hellip;]<\/p>\n","protected":false},"author":1,"featured_media":0,"comment_status":"open","ping_status":"closed","sticky":false,"template":"","format":"standard","meta":{"spay_email":"","jetpack_publicize_message":"","jetpack_is_tweetstorm":false,"jetpack_publicize_feature_enabled":true},"categories":[1],"tags":[12264,3411],"jetpack_publicize_connections":[],"yoast_head":"<!-- This site is optimized with the Yoast SEO plugin v19.1 - https:\/\/yoast.com\/wordpress\/plugins\/seo\/ -->\n<title>Olta Boka: E v\u00ebrteta e miq\u00ebsis\u00eb sime me izraelitin, q\u00eb m\u00eb vodhi k\u00ebng\u00ebn - Lajme nga Ulqini<\/title>\n<meta name=\"description\" content=\"N\u00eb Eurosong 2008, Olta Boka nga Shqip\u00ebria dhe Noaz Mauda nga Izraeli konkurronin nj\u00ebri-tjetrin. Ai \u00ebsht\u00eb k\u00ebng\u00ebtari i momentit n\u00eb Izrael dhe sapo ka\" \/>\n<meta name=\"robots\" content=\"index, follow, max-snippet:-1, max-image-preview:large, max-video-preview:-1\" \/>\n<link rel=\"canonical\" href=\"https:\/\/www.visit-ulcinj.com\/blog\/2009\/08\/22\/olta-boka-e-verteta-e-miqesise-sime-me-izraelitin-qe-me-vodhi-kengen\/\" \/>\n<meta property=\"og:locale\" content=\"en_US\" \/>\n<meta property=\"og:type\" content=\"article\" \/>\n<meta property=\"og:title\" content=\"Olta Boka: E v\u00ebrteta e miq\u00ebsis\u00eb sime me izraelitin, q\u00eb m\u00eb vodhi k\u00ebng\u00ebn - Lajme nga Ulqini\" \/>\n<meta property=\"og:description\" content=\"N\u00eb Eurosong 2008, Olta Boka nga Shqip\u00ebria dhe Noaz Mauda nga Izraeli konkurronin nj\u00ebri-tjetrin. Ai \u00ebsht\u00eb k\u00ebng\u00ebtari i momentit n\u00eb Izrael dhe sapo ka\" \/>\n<meta property=\"og:url\" content=\"https:\/\/www.visit-ulcinj.com\/blog\/2009\/08\/22\/olta-boka-e-verteta-e-miqesise-sime-me-izraelitin-qe-me-vodhi-kengen\/\" \/>\n<meta property=\"og:site_name\" content=\"Lajme nga Ulqini\" \/>\n<meta property=\"article:published_time\" content=\"2009-08-22T16:40:04+00:00\" \/>\n<meta name=\"twitter:label1\" content=\"Written by\" \/>\n\t<meta name=\"twitter:data1\" content=\"ulqini\" \/>\n\t<meta name=\"twitter:label2\" content=\"Est. reading time\" \/>\n\t<meta name=\"twitter:data2\" content=\"4 minutes\" \/>\n<script type=\"application\/ld+json\" class=\"yoast-schema-graph\">{\"@context\":\"https:\/\/schema.org\",\"@graph\":[{\"@type\":\"WebSite\",\"@id\":\"https:\/\/www.visit-ulcinj.com\/blog\/#website\",\"url\":\"https:\/\/www.visit-ulcinj.com\/blog\/\",\"name\":\"Lajme nga Ulqini\",\"description\":\"Lajme,Vijesti,Ulqini,Ulqin,Crna Gora,Mali i Zi\",\"potentialAction\":[{\"@type\":\"SearchAction\",\"target\":{\"@type\":\"EntryPoint\",\"urlTemplate\":\"https:\/\/www.visit-ulcinj.com\/blog\/?s={search_term_string}\"},\"query-input\":\"required name=search_term_string\"}],\"inLanguage\":\"en-US\"},{\"@type\":\"WebPage\",\"@id\":\"https:\/\/www.visit-ulcinj.com\/blog\/2009\/08\/22\/olta-boka-e-verteta-e-miqesise-sime-me-izraelitin-qe-me-vodhi-kengen\/#webpage\",\"url\":\"https:\/\/www.visit-ulcinj.com\/blog\/2009\/08\/22\/olta-boka-e-verteta-e-miqesise-sime-me-izraelitin-qe-me-vodhi-kengen\/\",\"name\":\"Olta Boka: E v\u00ebrteta e miq\u00ebsis\u00eb sime me izraelitin, q\u00eb m\u00eb vodhi k\u00ebng\u00ebn - Lajme nga Ulqini\",\"isPartOf\":{\"@id\":\"https:\/\/www.visit-ulcinj.com\/blog\/#website\"},\"datePublished\":\"2009-08-22T16:40:04+00:00\",\"dateModified\":\"2009-08-22T16:40:04+00:00\",\"author\":{\"@id\":\"https:\/\/www.visit-ulcinj.com\/blog\/#\/schema\/person\/dcab619c614d3038751c63bc2aadc06d\"},\"description\":\"N\u00eb Eurosong 2008, Olta Boka nga Shqip\u00ebria dhe Noaz Mauda nga Izraeli konkurronin nj\u00ebri-tjetrin. Ai \u00ebsht\u00eb k\u00ebng\u00ebtari i momentit n\u00eb Izrael dhe sapo ka\",\"breadcrumb\":{\"@id\":\"https:\/\/www.visit-ulcinj.com\/blog\/2009\/08\/22\/olta-boka-e-verteta-e-miqesise-sime-me-izraelitin-qe-me-vodhi-kengen\/#breadcrumb\"},\"inLanguage\":\"en-US\",\"potentialAction\":[{\"@type\":\"ReadAction\",\"target\":[\"https:\/\/www.visit-ulcinj.com\/blog\/2009\/08\/22\/olta-boka-e-verteta-e-miqesise-sime-me-izraelitin-qe-me-vodhi-kengen\/\"]}]},{\"@type\":\"BreadcrumbList\",\"@id\":\"https:\/\/www.visit-ulcinj.com\/blog\/2009\/08\/22\/olta-boka-e-verteta-e-miqesise-sime-me-izraelitin-qe-me-vodhi-kengen\/#breadcrumb\",\"itemListElement\":[{\"@type\":\"ListItem\",\"position\":1,\"name\":\"Olta Boka: E v\u00ebrteta e miq\u00ebsis\u00eb sime me izraelitin, q\u00eb m\u00eb vodhi k\u00ebng\u00ebn\"}]},{\"@type\":\"Person\",\"@id\":\"https:\/\/www.visit-ulcinj.com\/blog\/#\/schema\/person\/dcab619c614d3038751c63bc2aadc06d\",\"name\":\"ulqini\",\"sameAs\":[\"http:\/\/www.visit-ulcinj.com\"],\"url\":\"https:\/\/www.visit-ulcinj.com\/blog\/author\/admin\/\"}]}<\/script>\n<!-- \/ Yoast SEO plugin. -->","yoast_head_json":{"title":"Olta Boka: E v\u00ebrteta e miq\u00ebsis\u00eb sime me izraelitin, q\u00eb m\u00eb vodhi k\u00ebng\u00ebn - Lajme nga Ulqini","description":"N\u00eb Eurosong 2008, Olta Boka nga Shqip\u00ebria dhe Noaz Mauda nga Izraeli konkurronin nj\u00ebri-tjetrin. Ai \u00ebsht\u00eb k\u00ebng\u00ebtari i momentit n\u00eb Izrael dhe sapo ka","robots":{"index":"index","follow":"follow","max-snippet":"max-snippet:-1","max-image-preview":"max-image-preview:large","max-video-preview":"max-video-preview:-1"},"canonical":"https:\/\/www.visit-ulcinj.com\/blog\/2009\/08\/22\/olta-boka-e-verteta-e-miqesise-sime-me-izraelitin-qe-me-vodhi-kengen\/","og_locale":"en_US","og_type":"article","og_title":"Olta Boka: E v\u00ebrteta e miq\u00ebsis\u00eb sime me izraelitin, q\u00eb m\u00eb vodhi k\u00ebng\u00ebn - Lajme nga Ulqini","og_description":"N\u00eb Eurosong 2008, Olta Boka nga Shqip\u00ebria dhe Noaz Mauda nga Izraeli konkurronin nj\u00ebri-tjetrin. Ai \u00ebsht\u00eb k\u00ebng\u00ebtari i momentit n\u00eb Izrael dhe sapo ka","og_url":"https:\/\/www.visit-ulcinj.com\/blog\/2009\/08\/22\/olta-boka-e-verteta-e-miqesise-sime-me-izraelitin-qe-me-vodhi-kengen\/","og_site_name":"Lajme nga Ulqini","article_published_time":"2009-08-22T16:40:04+00:00","twitter_misc":{"Written by":"ulqini","Est. reading time":"4 minutes"},"schema":{"@context":"https:\/\/schema.org","@graph":[{"@type":"WebSite","@id":"https:\/\/www.visit-ulcinj.com\/blog\/#website","url":"https:\/\/www.visit-ulcinj.com\/blog\/","name":"Lajme nga Ulqini","description":"Lajme,Vijesti,Ulqini,Ulqin,Crna Gora,Mali i Zi","potentialAction":[{"@type":"SearchAction","target":{"@type":"EntryPoint","urlTemplate":"https:\/\/www.visit-ulcinj.com\/blog\/?s={search_term_string}"},"query-input":"required name=search_term_string"}],"inLanguage":"en-US"},{"@type":"WebPage","@id":"https:\/\/www.visit-ulcinj.com\/blog\/2009\/08\/22\/olta-boka-e-verteta-e-miqesise-sime-me-izraelitin-qe-me-vodhi-kengen\/#webpage","url":"https:\/\/www.visit-ulcinj.com\/blog\/2009\/08\/22\/olta-boka-e-verteta-e-miqesise-sime-me-izraelitin-qe-me-vodhi-kengen\/","name":"Olta Boka: E v\u00ebrteta e miq\u00ebsis\u00eb sime me izraelitin, q\u00eb m\u00eb vodhi k\u00ebng\u00ebn - Lajme nga Ulqini","isPartOf":{"@id":"https:\/\/www.visit-ulcinj.com\/blog\/#website"},"datePublished":"2009-08-22T16:40:04+00:00","dateModified":"2009-08-22T16:40:04+00:00","author":{"@id":"https:\/\/www.visit-ulcinj.com\/blog\/#\/schema\/person\/dcab619c614d3038751c63bc2aadc06d"},"description":"N\u00eb Eurosong 2008, Olta Boka nga Shqip\u00ebria dhe Noaz Mauda nga Izraeli konkurronin nj\u00ebri-tjetrin. Ai \u00ebsht\u00eb k\u00ebng\u00ebtari i momentit n\u00eb Izrael dhe sapo ka","breadcrumb":{"@id":"https:\/\/www.visit-ulcinj.com\/blog\/2009\/08\/22\/olta-boka-e-verteta-e-miqesise-sime-me-izraelitin-qe-me-vodhi-kengen\/#breadcrumb"},"inLanguage":"en-US","potentialAction":[{"@type":"ReadAction","target":["https:\/\/www.visit-ulcinj.com\/blog\/2009\/08\/22\/olta-boka-e-verteta-e-miqesise-sime-me-izraelitin-qe-me-vodhi-kengen\/"]}]},{"@type":"BreadcrumbList","@id":"https:\/\/www.visit-ulcinj.com\/blog\/2009\/08\/22\/olta-boka-e-verteta-e-miqesise-sime-me-izraelitin-qe-me-vodhi-kengen\/#breadcrumb","itemListElement":[{"@type":"ListItem","position":1,"name":"Olta Boka: E v\u00ebrteta e miq\u00ebsis\u00eb sime me izraelitin, q\u00eb m\u00eb vodhi k\u00ebng\u00ebn"}]},{"@type":"Person","@id":"https:\/\/www.visit-ulcinj.com\/blog\/#\/schema\/person\/dcab619c614d3038751c63bc2aadc06d","name":"ulqini","sameAs":["http:\/\/www.visit-ulcinj.com"],"url":"https:\/\/www.visit-ulcinj.com\/blog\/author\/admin\/"}]}},"jetpack_featured_media_url":"","jetpack_sharing_enabled":true,"jetpack_shortlink":"https:\/\/wp.me\/pe6lTn-6sk","_links":{"self":[{"href":"https:\/\/www.visit-ulcinj.com\/blog\/wp-json\/wp\/v2\/posts\/24820"}],"collection":[{"href":"https:\/\/www.visit-ulcinj.com\/blog\/wp-json\/wp\/v2\/posts"}],"about":[{"href":"https:\/\/www.visit-ulcinj.com\/blog\/wp-json\/wp\/v2\/types\/post"}],"author":[{"embeddable":true,"href":"https:\/\/www.visit-ulcinj.com\/blog\/wp-json\/wp\/v2\/users\/1"}],"replies":[{"embeddable":true,"href":"https:\/\/www.visit-ulcinj.com\/blog\/wp-json\/wp\/v2\/comments?post=24820"}],"version-history":[{"count":0,"href":"https:\/\/www.visit-ulcinj.com\/blog\/wp-json\/wp\/v2\/posts\/24820\/revisions"}],"wp:attachment":[{"href":"https:\/\/www.visit-ulcinj.com\/blog\/wp-json\/wp\/v2\/media?parent=24820"}],"wp:term":[{"taxonomy":"category","embeddable":true,"href":"https:\/\/www.visit-ulcinj.com\/blog\/wp-json\/wp\/v2\/categories?post=24820"},{"taxonomy":"post_tag","embeddable":true,"href":"https:\/\/www.visit-ulcinj.com\/blog\/wp-json\/wp\/v2\/tags?post=24820"}],"curies":[{"name":"wp","href":"https:\/\/api.w.org\/{rel}","templated":true}]}}