{"id":24836,"date":"2009-08-22T19:34:26","date_gmt":"2009-08-22T17:34:26","guid":{"rendered":"http:\/\/www.visit-ulcinj.com\/blog\/?p=24836"},"modified":"2009-08-24T16:11:55","modified_gmt":"2009-08-24T14:11:55","slug":"lekundje-termeti-ne-ulqin","status":"publish","type":"post","link":"https:\/\/www.visit-ulcinj.com\/blog\/2009\/08\/22\/lekundje-termeti-ne-ulqin\/","title":{"rendered":"L\u00ebkundje t\u00ebrmeti n\u00eb Ulqin"},"content":{"rendered":"<p><strong><a href=\"http:\/\/www.visit-ulcinj.com\/blog\/wp-content\/uploads\/2009\/08\/ZEMLjOTRES-U-ULCINJU1.jpg\"><img loading=\"lazy\" class=\"alignleft size-full wp-image-24837\" title=\"Lekundje termeti ne ulqin\" src=\"http:\/\/www.visit-ulcinj.com\/blog\/wp-content\/uploads\/2009\/08\/ZEMLjOTRES-U-ULCINJU1.jpg\" alt=\"Lekundje termeti ne ulqin\" width=\"460\" height=\"266\" srcset=\"https:\/\/www.visit-ulcinj.com\/blog\/wp-content\/uploads\/2009\/08\/ZEMLjOTRES-U-ULCINJU1.jpg 460w, https:\/\/www.visit-ulcinj.com\/blog\/wp-content\/uploads\/2009\/08\/ZEMLjOTRES-U-ULCINJU1-300x173.jpg 300w\" sizes=\"(max-width: 460px) 100vw, 460px\" \/><\/a>L\u00ebkundje t\u00ebrmeti n\u00eb disa zona t\u00eb vendit. Epiqendra n\u00eb Ulqin<\/strong><br \/>\nNj\u00eb t\u00ebrmet me intesit 5 ball\u00eb t\u00eb shkall\u00ebs Rihter \u00ebsht\u00eb sh\u00ebnuar n\u00eb or\u00ebt e para t\u00eb pasdites s\u00eb sotme n\u00eb vendin ton\u00eb. Lajmi konfirmohet nga Instituti i Sizmologjis\u00eb, i cili b\u00ebn t\u00eb ditur se epiqendra e t\u00ebrmetit ka qen\u00eb n\u00eb detin Adriatik 14 km larg Ulqinit. T\u00ebrmeti \u00ebsht\u00eb ndjer\u00eb n\u00eb disa zona t\u00eb vendit. Fatmir\u00ebsisht nuk ka d\u00ebme materiale dhe t\u00eb l\u00ebnduar n\u00eb njer\u00ebz.<br \/>\nL\u00ebkundje t\u00ebrmeti me nj\u00eb intensitet prej 5 ball\u00ebsh t\u00eb shkall\u00ebs Rihter jan\u00eb regjistruar n\u00eb or\u00ebt e para t\u00eb pasdites s\u00eb sotme nga Instituti Sizmologjik. T\u00ebrmeti \u00ebsht\u00eb ndjer\u00eb n\u00eb disa zona t\u00eb vendit rreth or\u00ebs 15:40 t\u00eb pasdites s\u00eb sotme. L\u00ebkundjet jan\u00eb ndjer\u00eb n\u00eb qytetin e Durr\u00ebsit, Tiran\u00ebs, Shkodr\u00ebs si dhe n\u00eb qytetin e Rr\u00ebshenit ku jan\u00eb sh\u00ebnuar dy t\u00eb tilla.<\/p>\n<p>Nd\u00ebrkoh\u00eb instituti i Sizmologjis\u00eb b\u00ebn t\u00eb ditur se epiqendra e t\u00ebrmetit ka qen\u00eb deti Adriatik, 14 km larg Ulqinit. Si pasoj\u00eb e k\u00ebtyre l\u00ebkundjeve zona e Ulqinit ka mbetur pa energji elektrike. T\u00ebrmeti ka qen\u00eb me intensitet prej 5 ball\u00ebsh i shkall\u00ebs Rihter. Nd\u00ebrkoh\u00eb nga ky t\u00ebrmet nuk jan\u00eb sh\u00ebnuar d\u00ebme materiale dhe t\u00eb l\u00ebnduar n\u00eb njer\u00ebz.<\/p>\n<p><strong>BalkanWeb<\/strong><\/p>\n<p><strong><br \/>\n<\/strong><\/p>\n","protected":false},"excerpt":{"rendered":"<p>L\u00ebkundje t\u00ebrmeti n\u00eb disa zona t\u00eb vendit. Epiqendra n\u00eb Ulqin Nj\u00eb t\u00ebrmet me intesit 5 ball\u00eb t\u00eb shkall\u00ebs Rihter \u00ebsht\u00eb sh\u00ebnuar n\u00eb or\u00ebt e para t\u00eb pasdites s\u00eb sotme n\u00eb vendin ton\u00eb. Lajmi konfirmohet nga Instituti i Sizmologjis\u00eb, i cili b\u00ebn t\u00eb ditur se epiqendra e t\u00ebrmetit ka qen\u00eb n\u00eb detin Adriatik 14 km larg [&hellip;]<\/p>\n","protected":false},"author":1,"featured_media":0,"comment_status":"open","ping_status":"closed","sticky":false,"template":"","format":"standard","meta":{"spay_email":"","jetpack_publicize_message":"","jetpack_is_tweetstorm":false,"jetpack_publicize_feature_enabled":true},"categories":[11],"tags":[11593,12266,95,3617,3797,200,18],"jetpack_publicize_connections":[],"yoast_head":"<!-- This site is optimized with the Yoast SEO plugin v19.1 - https:\/\/yoast.com\/wordpress\/plugins\/seo\/ -->\n<title>L\u00ebkundje t\u00ebrmeti n\u00eb Ulqin - Lajme nga Ulqini<\/title>\n<meta name=\"description\" content=\"L\u00ebkundje t\u00ebrmeti n\u00eb disa zona t\u00eb vendit. Epiqendra n\u00eb Ulqin Nj\u00eb t\u00ebrmet me intesit 5 ball\u00eb t\u00eb shkall\u00ebs Rihter \u00ebsht\u00eb sh\u00ebnuar n\u00eb or\u00ebt e para t\u00eb pasdites s\u00eb\" \/>\n<meta name=\"robots\" content=\"index, follow, max-snippet:-1, max-image-preview:large, max-video-preview:-1\" \/>\n<link rel=\"canonical\" href=\"https:\/\/www.visit-ulcinj.com\/blog\/2009\/08\/22\/lekundje-termeti-ne-ulqin\/\" \/>\n<meta property=\"og:locale\" content=\"en_US\" \/>\n<meta property=\"og:type\" content=\"article\" \/>\n<meta property=\"og:title\" content=\"L\u00ebkundje t\u00ebrmeti n\u00eb Ulqin - Lajme nga Ulqini\" \/>\n<meta property=\"og:description\" content=\"L\u00ebkundje t\u00ebrmeti n\u00eb disa zona t\u00eb vendit. Epiqendra n\u00eb Ulqin Nj\u00eb t\u00ebrmet me intesit 5 ball\u00eb t\u00eb shkall\u00ebs Rihter \u00ebsht\u00eb sh\u00ebnuar n\u00eb or\u00ebt e para t\u00eb pasdites s\u00eb\" \/>\n<meta property=\"og:url\" content=\"https:\/\/www.visit-ulcinj.com\/blog\/2009\/08\/22\/lekundje-termeti-ne-ulqin\/\" \/>\n<meta property=\"og:site_name\" content=\"Lajme nga Ulqini\" \/>\n<meta property=\"article:published_time\" content=\"2009-08-22T17:34:26+00:00\" \/>\n<meta property=\"article:modified_time\" content=\"2009-08-24T14:11:55+00:00\" \/>\n<meta property=\"og:image\" content=\"http:\/\/www.visit-ulcinj.com\/blog\/wp-content\/uploads\/2009\/08\/ZEMLjOTRES-U-ULCINJU1.jpg\" \/>\n<meta name=\"twitter:label1\" content=\"Written by\" \/>\n\t<meta name=\"twitter:data1\" content=\"ulqini\" \/>\n\t<meta name=\"twitter:label2\" content=\"Est. reading time\" \/>\n\t<meta name=\"twitter:data2\" content=\"1 minute\" \/>\n<script type=\"application\/ld+json\" class=\"yoast-schema-graph\">{\"@context\":\"https:\/\/schema.org\",\"@graph\":[{\"@type\":\"WebSite\",\"@id\":\"https:\/\/www.visit-ulcinj.com\/blog\/#website\",\"url\":\"https:\/\/www.visit-ulcinj.com\/blog\/\",\"name\":\"Lajme nga Ulqini\",\"description\":\"Lajme,Vijesti,Ulqini,Ulqin,Crna Gora,Mali i Zi\",\"potentialAction\":[{\"@type\":\"SearchAction\",\"target\":{\"@type\":\"EntryPoint\",\"urlTemplate\":\"https:\/\/www.visit-ulcinj.com\/blog\/?s={search_term_string}\"},\"query-input\":\"required name=search_term_string\"}],\"inLanguage\":\"en-US\"},{\"@type\":\"ImageObject\",\"inLanguage\":\"en-US\",\"@id\":\"https:\/\/www.visit-ulcinj.com\/blog\/2009\/08\/22\/lekundje-termeti-ne-ulqin\/#primaryimage\",\"url\":\"https:\/\/www.visit-ulcinj.com\/blog\/wp-content\/uploads\/2009\/08\/ZEMLjOTRES-U-ULCINJU1.jpg\",\"contentUrl\":\"https:\/\/www.visit-ulcinj.com\/blog\/wp-content\/uploads\/2009\/08\/ZEMLjOTRES-U-ULCINJU1.jpg\",\"width\":\"460\",\"height\":\"266\"},{\"@type\":\"WebPage\",\"@id\":\"https:\/\/www.visit-ulcinj.com\/blog\/2009\/08\/22\/lekundje-termeti-ne-ulqin\/#webpage\",\"url\":\"https:\/\/www.visit-ulcinj.com\/blog\/2009\/08\/22\/lekundje-termeti-ne-ulqin\/\",\"name\":\"L\u00ebkundje t\u00ebrmeti n\u00eb Ulqin - Lajme nga Ulqini\",\"isPartOf\":{\"@id\":\"https:\/\/www.visit-ulcinj.com\/blog\/#website\"},\"primaryImageOfPage\":{\"@id\":\"https:\/\/www.visit-ulcinj.com\/blog\/2009\/08\/22\/lekundje-termeti-ne-ulqin\/#primaryimage\"},\"datePublished\":\"2009-08-22T17:34:26+00:00\",\"dateModified\":\"2009-08-24T14:11:55+00:00\",\"author\":{\"@id\":\"https:\/\/www.visit-ulcinj.com\/blog\/#\/schema\/person\/dcab619c614d3038751c63bc2aadc06d\"},\"description\":\"L\u00ebkundje t\u00ebrmeti n\u00eb disa zona t\u00eb vendit. Epiqendra n\u00eb Ulqin Nj\u00eb t\u00ebrmet me intesit 5 ball\u00eb t\u00eb shkall\u00ebs Rihter \u00ebsht\u00eb sh\u00ebnuar n\u00eb or\u00ebt e para t\u00eb pasdites s\u00eb\",\"breadcrumb\":{\"@id\":\"https:\/\/www.visit-ulcinj.com\/blog\/2009\/08\/22\/lekundje-termeti-ne-ulqin\/#breadcrumb\"},\"inLanguage\":\"en-US\",\"potentialAction\":[{\"@type\":\"ReadAction\",\"target\":[\"https:\/\/www.visit-ulcinj.com\/blog\/2009\/08\/22\/lekundje-termeti-ne-ulqin\/\"]}]},{\"@type\":\"BreadcrumbList\",\"@id\":\"https:\/\/www.visit-ulcinj.com\/blog\/2009\/08\/22\/lekundje-termeti-ne-ulqin\/#breadcrumb\",\"itemListElement\":[{\"@type\":\"ListItem\",\"position\":1,\"name\":\"L\u00ebkundje t\u00ebrmeti n\u00eb Ulqin\"}]},{\"@type\":\"Person\",\"@id\":\"https:\/\/www.visit-ulcinj.com\/blog\/#\/schema\/person\/dcab619c614d3038751c63bc2aadc06d\",\"name\":\"ulqini\",\"sameAs\":[\"http:\/\/www.visit-ulcinj.com\"],\"url\":\"https:\/\/www.visit-ulcinj.com\/blog\/author\/admin\/\"}]}<\/script>\n<!-- \/ Yoast SEO plugin. -->","yoast_head_json":{"title":"L\u00ebkundje t\u00ebrmeti n\u00eb Ulqin - Lajme nga Ulqini","description":"L\u00ebkundje t\u00ebrmeti n\u00eb disa zona t\u00eb vendit. Epiqendra n\u00eb Ulqin Nj\u00eb t\u00ebrmet me intesit 5 ball\u00eb t\u00eb shkall\u00ebs Rihter \u00ebsht\u00eb sh\u00ebnuar n\u00eb or\u00ebt e para t\u00eb pasdites s\u00eb","robots":{"index":"index","follow":"follow","max-snippet":"max-snippet:-1","max-image-preview":"max-image-preview:large","max-video-preview":"max-video-preview:-1"},"canonical":"https:\/\/www.visit-ulcinj.com\/blog\/2009\/08\/22\/lekundje-termeti-ne-ulqin\/","og_locale":"en_US","og_type":"article","og_title":"L\u00ebkundje t\u00ebrmeti n\u00eb Ulqin - Lajme nga Ulqini","og_description":"L\u00ebkundje t\u00ebrmeti n\u00eb disa zona t\u00eb vendit. Epiqendra n\u00eb Ulqin Nj\u00eb t\u00ebrmet me intesit 5 ball\u00eb t\u00eb shkall\u00ebs Rihter \u00ebsht\u00eb sh\u00ebnuar n\u00eb or\u00ebt e para t\u00eb pasdites s\u00eb","og_url":"https:\/\/www.visit-ulcinj.com\/blog\/2009\/08\/22\/lekundje-termeti-ne-ulqin\/","og_site_name":"Lajme nga Ulqini","article_published_time":"2009-08-22T17:34:26+00:00","article_modified_time":"2009-08-24T14:11:55+00:00","og_image":[{"url":"http:\/\/www.visit-ulcinj.com\/blog\/wp-content\/uploads\/2009\/08\/ZEMLjOTRES-U-ULCINJU1.jpg"}],"twitter_misc":{"Written by":"ulqini","Est. reading time":"1 minute"},"schema":{"@context":"https:\/\/schema.org","@graph":[{"@type":"WebSite","@id":"https:\/\/www.visit-ulcinj.com\/blog\/#website","url":"https:\/\/www.visit-ulcinj.com\/blog\/","name":"Lajme nga Ulqini","description":"Lajme,Vijesti,Ulqini,Ulqin,Crna Gora,Mali i Zi","potentialAction":[{"@type":"SearchAction","target":{"@type":"EntryPoint","urlTemplate":"https:\/\/www.visit-ulcinj.com\/blog\/?s={search_term_string}"},"query-input":"required name=search_term_string"}],"inLanguage":"en-US"},{"@type":"ImageObject","inLanguage":"en-US","@id":"https:\/\/www.visit-ulcinj.com\/blog\/2009\/08\/22\/lekundje-termeti-ne-ulqin\/#primaryimage","url":"https:\/\/www.visit-ulcinj.com\/blog\/wp-content\/uploads\/2009\/08\/ZEMLjOTRES-U-ULCINJU1.jpg","contentUrl":"https:\/\/www.visit-ulcinj.com\/blog\/wp-content\/uploads\/2009\/08\/ZEMLjOTRES-U-ULCINJU1.jpg","width":"460","height":"266"},{"@type":"WebPage","@id":"https:\/\/www.visit-ulcinj.com\/blog\/2009\/08\/22\/lekundje-termeti-ne-ulqin\/#webpage","url":"https:\/\/www.visit-ulcinj.com\/blog\/2009\/08\/22\/lekundje-termeti-ne-ulqin\/","name":"L\u00ebkundje t\u00ebrmeti n\u00eb Ulqin - Lajme nga Ulqini","isPartOf":{"@id":"https:\/\/www.visit-ulcinj.com\/blog\/#website"},"primaryImageOfPage":{"@id":"https:\/\/www.visit-ulcinj.com\/blog\/2009\/08\/22\/lekundje-termeti-ne-ulqin\/#primaryimage"},"datePublished":"2009-08-22T17:34:26+00:00","dateModified":"2009-08-24T14:11:55+00:00","author":{"@id":"https:\/\/www.visit-ulcinj.com\/blog\/#\/schema\/person\/dcab619c614d3038751c63bc2aadc06d"},"description":"L\u00ebkundje t\u00ebrmeti n\u00eb disa zona t\u00eb vendit. Epiqendra n\u00eb Ulqin Nj\u00eb t\u00ebrmet me intesit 5 ball\u00eb t\u00eb shkall\u00ebs Rihter \u00ebsht\u00eb sh\u00ebnuar n\u00eb or\u00ebt e para t\u00eb pasdites s\u00eb","breadcrumb":{"@id":"https:\/\/www.visit-ulcinj.com\/blog\/2009\/08\/22\/lekundje-termeti-ne-ulqin\/#breadcrumb"},"inLanguage":"en-US","potentialAction":[{"@type":"ReadAction","target":["https:\/\/www.visit-ulcinj.com\/blog\/2009\/08\/22\/lekundje-termeti-ne-ulqin\/"]}]},{"@type":"BreadcrumbList","@id":"https:\/\/www.visit-ulcinj.com\/blog\/2009\/08\/22\/lekundje-termeti-ne-ulqin\/#breadcrumb","itemListElement":[{"@type":"ListItem","position":1,"name":"L\u00ebkundje t\u00ebrmeti n\u00eb Ulqin"}]},{"@type":"Person","@id":"https:\/\/www.visit-ulcinj.com\/blog\/#\/schema\/person\/dcab619c614d3038751c63bc2aadc06d","name":"ulqini","sameAs":["http:\/\/www.visit-ulcinj.com"],"url":"https:\/\/www.visit-ulcinj.com\/blog\/author\/admin\/"}]}},"jetpack_featured_media_url":"","jetpack_sharing_enabled":true,"jetpack_shortlink":"https:\/\/wp.me\/pe6lTn-6sA","_links":{"self":[{"href":"https:\/\/www.visit-ulcinj.com\/blog\/wp-json\/wp\/v2\/posts\/24836"}],"collection":[{"href":"https:\/\/www.visit-ulcinj.com\/blog\/wp-json\/wp\/v2\/posts"}],"about":[{"href":"https:\/\/www.visit-ulcinj.com\/blog\/wp-json\/wp\/v2\/types\/post"}],"author":[{"embeddable":true,"href":"https:\/\/www.visit-ulcinj.com\/blog\/wp-json\/wp\/v2\/users\/1"}],"replies":[{"embeddable":true,"href":"https:\/\/www.visit-ulcinj.com\/blog\/wp-json\/wp\/v2\/comments?post=24836"}],"version-history":[{"count":0,"href":"https:\/\/www.visit-ulcinj.com\/blog\/wp-json\/wp\/v2\/posts\/24836\/revisions"}],"wp:attachment":[{"href":"https:\/\/www.visit-ulcinj.com\/blog\/wp-json\/wp\/v2\/media?parent=24836"}],"wp:term":[{"taxonomy":"category","embeddable":true,"href":"https:\/\/www.visit-ulcinj.com\/blog\/wp-json\/wp\/v2\/categories?post=24836"},{"taxonomy":"post_tag","embeddable":true,"href":"https:\/\/www.visit-ulcinj.com\/blog\/wp-json\/wp\/v2\/tags?post=24836"}],"curies":[{"name":"wp","href":"https:\/\/api.w.org\/{rel}","templated":true}]}}