{"id":2488,"date":"2008-08-14T12:13:35","date_gmt":"2008-08-14T17:13:35","guid":{"rendered":"http:\/\/www.visit-ulcinj.com\/blog\/?p=2488"},"modified":"2008-08-14T12:14:22","modified_gmt":"2008-08-14T17:14:22","slug":"shqiptaret-nga-mali-i-zi-e-gezojne-te-drejten-e-dyshtetesise","status":"publish","type":"post","link":"https:\/\/www.visit-ulcinj.com\/blog\/2008\/08\/14\/shqiptaret-nga-mali-i-zi-e-gezojne-te-drejten-e-dyshtetesise\/","title":{"rendered":"Shqiptar\u00ebt nga Mali i Zi e g\u00ebzojn\u00eb t\u00eb drejt\u00ebn e dyshtet\u00ebsis\u00eb"},"content":{"rendered":"<p><a href=\"http:\/\/www.visit-ulcinj.com\/blog\/wp-content\/uploads\/2008\/08\/vasel-sinishtaj.jpg\"><img loading=\"lazy\" class=\"size-thumbnail wp-image-2264 alignleft\" title=\"vasel-sinishtaj\" src=\"http:\/\/www.visit-ulcinj.com\/blog\/wp-content\/uploads\/2008\/08\/vasel-sinishtaj-150x150.jpg\" alt=\"Vaselj Sini\u0161taj\" width=\"111\" height=\"111\" \/><\/a><\/p>\n<p>Shqiptar\u00ebt me prejardhje nga Mali i Zi, t\u00eb cil\u00ebt jetojn\u00eb n\u00eb per\u00ebndim apo n\u00eb Kosov\u00eb, nuk kan\u00eb problem p\u00ebr sigurimin e dyshtet\u00ebsis\u00eb, meq\u00eb kjo e drejt\u00eb \u00ebsht\u00eb siguruar me Kushtetut\u00ebn e re malazeze. Deputeti e kryetari i Alternativ\u00ebs Shqiptare, Vasel Sinishtaj, tha sot se shqiptar\u00ebt nga Mali i Zi mund t\u00eb ken\u00eb edhe shtet\u00ebsi tjet\u00ebr, t\u00eb Kosov\u00ebs apo t\u00eb ndonj\u00eb vendi tjet\u00ebr dhe njeherit t\u00eb g\u00ebzojn\u00eb shtet\u00ebsin\u00eb e Malit t\u00eb Zi.<\/p>\n<p><strong>Burimi \/ RTK<\/strong><\/p>\n","protected":false},"excerpt":{"rendered":"<p><img loading=\"lazy\" class=\"size-thumbnail wp-image-2264 alignleft\" title=\"vasel-sinishtaj\" src=\"http:\/\/www.visit-ulcinj.com\/blog\/wp-content\/uploads\/2008\/08\/vasel-sinishtaj-150x150.jpg\" alt=\"Vaselj Sini\u0161taj\" width=\"140\" height=\"140\" \/><\/p>\n","protected":false},"author":1,"featured_media":0,"comment_status":"open","ping_status":"closed","sticky":false,"template":"","format":"standard","meta":{"spay_email":"","jetpack_publicize_message":"","jetpack_is_tweetstorm":false,"jetpack_publicize_feature_enabled":true},"categories":[1,6,12],"tags":[4333,348],"jetpack_publicize_connections":[],"yoast_head":"<!-- This site is optimized with the Yoast SEO plugin v19.1 - https:\/\/yoast.com\/wordpress\/plugins\/seo\/ -->\n<title>Shqiptar\u00ebt nga Mali i Zi e g\u00ebzojn\u00eb t\u00eb drejt\u00ebn e dyshtet\u00ebsis\u00eb - Lajme nga Ulqini<\/title>\n<meta name=\"robots\" content=\"index, follow, max-snippet:-1, max-image-preview:large, max-video-preview:-1\" \/>\n<link rel=\"canonical\" href=\"https:\/\/www.visit-ulcinj.com\/blog\/2008\/08\/14\/shqiptaret-nga-mali-i-zi-e-gezojne-te-drejten-e-dyshtetesise\/\" \/>\n<meta property=\"og:locale\" content=\"en_US\" \/>\n<meta property=\"og:type\" content=\"article\" \/>\n<meta property=\"og:title\" content=\"Shqiptar\u00ebt nga Mali i Zi e g\u00ebzojn\u00eb t\u00eb drejt\u00ebn e dyshtet\u00ebsis\u00eb - Lajme nga Ulqini\" \/>\n<meta property=\"og:url\" content=\"https:\/\/www.visit-ulcinj.com\/blog\/2008\/08\/14\/shqiptaret-nga-mali-i-zi-e-gezojne-te-drejten-e-dyshtetesise\/\" \/>\n<meta property=\"og:site_name\" content=\"Lajme nga Ulqini\" \/>\n<meta property=\"article:published_time\" content=\"2008-08-14T17:13:35+00:00\" \/>\n<meta property=\"article:modified_time\" content=\"2008-08-14T17:14:22+00:00\" \/>\n<meta property=\"og:image\" content=\"http:\/\/www.visit-ulcinj.com\/blog\/wp-content\/uploads\/2008\/08\/vasel-sinishtaj-150x150.jpg\" \/>\n<meta name=\"twitter:label1\" content=\"Written by\" \/>\n\t<meta name=\"twitter:data1\" content=\"ulqini\" \/>\n<script type=\"application\/ld+json\" class=\"yoast-schema-graph\">{\"@context\":\"https:\/\/schema.org\",\"@graph\":[{\"@type\":\"WebSite\",\"@id\":\"https:\/\/www.visit-ulcinj.com\/blog\/#website\",\"url\":\"https:\/\/www.visit-ulcinj.com\/blog\/\",\"name\":\"Lajme nga Ulqini\",\"description\":\"Lajme,Vijesti,Ulqini,Ulqin,Crna Gora,Mali i Zi\",\"potentialAction\":[{\"@type\":\"SearchAction\",\"target\":{\"@type\":\"EntryPoint\",\"urlTemplate\":\"https:\/\/www.visit-ulcinj.com\/blog\/?s={search_term_string}\"},\"query-input\":\"required name=search_term_string\"}],\"inLanguage\":\"en-US\"},{\"@type\":\"ImageObject\",\"inLanguage\":\"en-US\",\"@id\":\"https:\/\/www.visit-ulcinj.com\/blog\/2008\/08\/14\/shqiptaret-nga-mali-i-zi-e-gezojne-te-drejten-e-dyshtetesise\/#primaryimage\",\"url\":\"http:\/\/www.visit-ulcinj.com\/blog\/wp-content\/uploads\/2008\/08\/vasel-sinishtaj-150x150.jpg\",\"contentUrl\":\"http:\/\/www.visit-ulcinj.com\/blog\/wp-content\/uploads\/2008\/08\/vasel-sinishtaj-150x150.jpg\"},{\"@type\":\"WebPage\",\"@id\":\"https:\/\/www.visit-ulcinj.com\/blog\/2008\/08\/14\/shqiptaret-nga-mali-i-zi-e-gezojne-te-drejten-e-dyshtetesise\/#webpage\",\"url\":\"https:\/\/www.visit-ulcinj.com\/blog\/2008\/08\/14\/shqiptaret-nga-mali-i-zi-e-gezojne-te-drejten-e-dyshtetesise\/\",\"name\":\"Shqiptar\u00ebt nga Mali i Zi e g\u00ebzojn\u00eb t\u00eb drejt\u00ebn e dyshtet\u00ebsis\u00eb - Lajme nga Ulqini\",\"isPartOf\":{\"@id\":\"https:\/\/www.visit-ulcinj.com\/blog\/#website\"},\"primaryImageOfPage\":{\"@id\":\"https:\/\/www.visit-ulcinj.com\/blog\/2008\/08\/14\/shqiptaret-nga-mali-i-zi-e-gezojne-te-drejten-e-dyshtetesise\/#primaryimage\"},\"datePublished\":\"2008-08-14T17:13:35+00:00\",\"dateModified\":\"2008-08-14T17:14:22+00:00\",\"author\":{\"@id\":\"https:\/\/www.visit-ulcinj.com\/blog\/#\/schema\/person\/dcab619c614d3038751c63bc2aadc06d\"},\"breadcrumb\":{\"@id\":\"https:\/\/www.visit-ulcinj.com\/blog\/2008\/08\/14\/shqiptaret-nga-mali-i-zi-e-gezojne-te-drejten-e-dyshtetesise\/#breadcrumb\"},\"inLanguage\":\"en-US\",\"potentialAction\":[{\"@type\":\"ReadAction\",\"target\":[\"https:\/\/www.visit-ulcinj.com\/blog\/2008\/08\/14\/shqiptaret-nga-mali-i-zi-e-gezojne-te-drejten-e-dyshtetesise\/\"]}]},{\"@type\":\"BreadcrumbList\",\"@id\":\"https:\/\/www.visit-ulcinj.com\/blog\/2008\/08\/14\/shqiptaret-nga-mali-i-zi-e-gezojne-te-drejten-e-dyshtetesise\/#breadcrumb\",\"itemListElement\":[{\"@type\":\"ListItem\",\"position\":1,\"name\":\"Shqiptar\u00ebt nga Mali i Zi e g\u00ebzojn\u00eb t\u00eb drejt\u00ebn e dyshtet\u00ebsis\u00eb\"}]},{\"@type\":\"Person\",\"@id\":\"https:\/\/www.visit-ulcinj.com\/blog\/#\/schema\/person\/dcab619c614d3038751c63bc2aadc06d\",\"name\":\"ulqini\",\"sameAs\":[\"http:\/\/www.visit-ulcinj.com\"],\"url\":\"https:\/\/www.visit-ulcinj.com\/blog\/author\/admin\/\"}]}<\/script>\n<!-- \/ Yoast SEO plugin. -->","yoast_head_json":{"title":"Shqiptar\u00ebt nga Mali i Zi e g\u00ebzojn\u00eb t\u00eb drejt\u00ebn e dyshtet\u00ebsis\u00eb - Lajme nga Ulqini","robots":{"index":"index","follow":"follow","max-snippet":"max-snippet:-1","max-image-preview":"max-image-preview:large","max-video-preview":"max-video-preview:-1"},"canonical":"https:\/\/www.visit-ulcinj.com\/blog\/2008\/08\/14\/shqiptaret-nga-mali-i-zi-e-gezojne-te-drejten-e-dyshtetesise\/","og_locale":"en_US","og_type":"article","og_title":"Shqiptar\u00ebt nga Mali i Zi e g\u00ebzojn\u00eb t\u00eb drejt\u00ebn e dyshtet\u00ebsis\u00eb - Lajme nga Ulqini","og_url":"https:\/\/www.visit-ulcinj.com\/blog\/2008\/08\/14\/shqiptaret-nga-mali-i-zi-e-gezojne-te-drejten-e-dyshtetesise\/","og_site_name":"Lajme nga Ulqini","article_published_time":"2008-08-14T17:13:35+00:00","article_modified_time":"2008-08-14T17:14:22+00:00","og_image":[{"url":"http:\/\/www.visit-ulcinj.com\/blog\/wp-content\/uploads\/2008\/08\/vasel-sinishtaj-150x150.jpg"}],"twitter_misc":{"Written by":"ulqini"},"schema":{"@context":"https:\/\/schema.org","@graph":[{"@type":"WebSite","@id":"https:\/\/www.visit-ulcinj.com\/blog\/#website","url":"https:\/\/www.visit-ulcinj.com\/blog\/","name":"Lajme nga Ulqini","description":"Lajme,Vijesti,Ulqini,Ulqin,Crna Gora,Mali i Zi","potentialAction":[{"@type":"SearchAction","target":{"@type":"EntryPoint","urlTemplate":"https:\/\/www.visit-ulcinj.com\/blog\/?s={search_term_string}"},"query-input":"required name=search_term_string"}],"inLanguage":"en-US"},{"@type":"ImageObject","inLanguage":"en-US","@id":"https:\/\/www.visit-ulcinj.com\/blog\/2008\/08\/14\/shqiptaret-nga-mali-i-zi-e-gezojne-te-drejten-e-dyshtetesise\/#primaryimage","url":"http:\/\/www.visit-ulcinj.com\/blog\/wp-content\/uploads\/2008\/08\/vasel-sinishtaj-150x150.jpg","contentUrl":"http:\/\/www.visit-ulcinj.com\/blog\/wp-content\/uploads\/2008\/08\/vasel-sinishtaj-150x150.jpg"},{"@type":"WebPage","@id":"https:\/\/www.visit-ulcinj.com\/blog\/2008\/08\/14\/shqiptaret-nga-mali-i-zi-e-gezojne-te-drejten-e-dyshtetesise\/#webpage","url":"https:\/\/www.visit-ulcinj.com\/blog\/2008\/08\/14\/shqiptaret-nga-mali-i-zi-e-gezojne-te-drejten-e-dyshtetesise\/","name":"Shqiptar\u00ebt nga Mali i Zi e g\u00ebzojn\u00eb t\u00eb drejt\u00ebn e dyshtet\u00ebsis\u00eb - Lajme nga Ulqini","isPartOf":{"@id":"https:\/\/www.visit-ulcinj.com\/blog\/#website"},"primaryImageOfPage":{"@id":"https:\/\/www.visit-ulcinj.com\/blog\/2008\/08\/14\/shqiptaret-nga-mali-i-zi-e-gezojne-te-drejten-e-dyshtetesise\/#primaryimage"},"datePublished":"2008-08-14T17:13:35+00:00","dateModified":"2008-08-14T17:14:22+00:00","author":{"@id":"https:\/\/www.visit-ulcinj.com\/blog\/#\/schema\/person\/dcab619c614d3038751c63bc2aadc06d"},"breadcrumb":{"@id":"https:\/\/www.visit-ulcinj.com\/blog\/2008\/08\/14\/shqiptaret-nga-mali-i-zi-e-gezojne-te-drejten-e-dyshtetesise\/#breadcrumb"},"inLanguage":"en-US","potentialAction":[{"@type":"ReadAction","target":["https:\/\/www.visit-ulcinj.com\/blog\/2008\/08\/14\/shqiptaret-nga-mali-i-zi-e-gezojne-te-drejten-e-dyshtetesise\/"]}]},{"@type":"BreadcrumbList","@id":"https:\/\/www.visit-ulcinj.com\/blog\/2008\/08\/14\/shqiptaret-nga-mali-i-zi-e-gezojne-te-drejten-e-dyshtetesise\/#breadcrumb","itemListElement":[{"@type":"ListItem","position":1,"name":"Shqiptar\u00ebt nga Mali i Zi e g\u00ebzojn\u00eb t\u00eb drejt\u00ebn e dyshtet\u00ebsis\u00eb"}]},{"@type":"Person","@id":"https:\/\/www.visit-ulcinj.com\/blog\/#\/schema\/person\/dcab619c614d3038751c63bc2aadc06d","name":"ulqini","sameAs":["http:\/\/www.visit-ulcinj.com"],"url":"https:\/\/www.visit-ulcinj.com\/blog\/author\/admin\/"}]}},"jetpack_featured_media_url":"","jetpack_sharing_enabled":true,"jetpack_shortlink":"https:\/\/wp.me\/pe6lTn-E8","_links":{"self":[{"href":"https:\/\/www.visit-ulcinj.com\/blog\/wp-json\/wp\/v2\/posts\/2488"}],"collection":[{"href":"https:\/\/www.visit-ulcinj.com\/blog\/wp-json\/wp\/v2\/posts"}],"about":[{"href":"https:\/\/www.visit-ulcinj.com\/blog\/wp-json\/wp\/v2\/types\/post"}],"author":[{"embeddable":true,"href":"https:\/\/www.visit-ulcinj.com\/blog\/wp-json\/wp\/v2\/users\/1"}],"replies":[{"embeddable":true,"href":"https:\/\/www.visit-ulcinj.com\/blog\/wp-json\/wp\/v2\/comments?post=2488"}],"version-history":[{"count":0,"href":"https:\/\/www.visit-ulcinj.com\/blog\/wp-json\/wp\/v2\/posts\/2488\/revisions"}],"wp:attachment":[{"href":"https:\/\/www.visit-ulcinj.com\/blog\/wp-json\/wp\/v2\/media?parent=2488"}],"wp:term":[{"taxonomy":"category","embeddable":true,"href":"https:\/\/www.visit-ulcinj.com\/blog\/wp-json\/wp\/v2\/categories?post=2488"},{"taxonomy":"post_tag","embeddable":true,"href":"https:\/\/www.visit-ulcinj.com\/blog\/wp-json\/wp\/v2\/tags?post=2488"}],"curies":[{"name":"wp","href":"https:\/\/api.w.org\/{rel}","templated":true}]}}