{"id":24895,"date":"2009-08-23T19:01:05","date_gmt":"2009-08-23T17:01:05","guid":{"rendered":"http:\/\/www.visit-ulcinj.com\/blog\/?p=24895"},"modified":"2009-08-23T19:02:22","modified_gmt":"2009-08-23T17:02:22","slug":"zemljotres-u-ulcinju-nema-mjesta-panici","status":"publish","type":"post","link":"https:\/\/www.visit-ulcinj.com\/blog\/2009\/08\/23\/zemljotres-u-ulcinju-nema-mjesta-panici\/","title":{"rendered":"Zemljotres u Ulcinju; Nema mjesta panici"},"content":{"rendered":"<p><strong><a href=\"http:\/\/www.visit-ulcinj.com\/blog\/wp-content\/uploads\/2009\/08\/seizmolo\u0161ki-zavod-crne-gore.jpg\"><img loading=\"lazy\" class=\"alignleft size-full wp-image-24896\" title=\"seizmolo\u0161ki zavod crne gore\" src=\"http:\/\/www.visit-ulcinj.com\/blog\/wp-content\/uploads\/2009\/08\/seizmolo\u0161ki-zavod-crne-gore.jpg\" alt=\"seizmolo\u0161ki zavod crne gore\" width=\"580\" height=\"300\" \/><\/a>Zemljotres uznemirio gra?ane primorskih gradova, iz seizmolo\u0161kog zavoda poru?uju<\/strong><\/p>\n<p>Podgorica &#8211; Zemljotres koji je u petak u 15.39 ?asova uzdrmao Ulcinj podsjetio je gra?ane najju\u017enijeg crnogorskog grada na onaj iz aprila 1979. godine, kada je ve?i dio grada sravnjen sa zemljom i kada je na Crnogorskom primorju bilo stotinjak \u017ertava. Zemljotresu, koji se dogodio 15. aprila 1979. godine, prethodio je niz manjih zemljotresa, ali tada ni\u0161ta nije nagovje\u0161tavalo \u0161ta ?e se desiti tog aprilskog jutra.<\/p>\n<p>U zemljotresu koji je gra?ane Ulcinja uzbudio u petak nije bilo povrije?enih, a nije bilo ni materijalne \u0161tete, mada je zemljotres bio srednje ja?ine i imao je snagu koja mo\u017ee da nanese o\u0161te?enja na gra?evinskim objektima. Ipak, nakon njega niko od mje\u0161tana nije prijavio da je \u0161tete zaista bilo. Iako se nije ponovila situacija od prije 30 godina, ili iz 1667. godine, kada je katastrofalni zemljotres nanio veliku \u0161tetu Dubrovniku i Kotoru, mje\u0161tani Ulcinja nijesu imali mirnu no?, po\u0161to se nakon tog zemljotresa zamlja u najju\u017enijem crnogorskom gradu tresla jo\u0161 nekoliko puta.<br \/>\n&#8211; Poslije tog najja?eg zemljotresa, ?ija je snaga bila 4,8 stupnjeva Rihterove skale, odnosno sedam po Merkaliju, na ovom podru?ju bilo je jo\u0161 devet manjih potresa tokom dana i no?i snage od 1,9 do 2,2 stupnja po Rihteru, a posljednji se dogodio u 3.14 ?asova, i posljedica je smirivanja tla. Za tako male zemljotrese se obi?no ne pravi ni karta, iako ih seizmolo\u0161ki ure?aji registruju \u2013 kazao je ju?e Sr?an Cekovi?, de\u017eurni seizmolog Seizmolo\u0161kog zavoda Crne Gore.<\/p>\n<p>Panika koja je zahvatila mje\u0161tane Ulcinja, ali i Bara i Budve, po\u0161to se zemljotres osjetio i u tim gradovima, uobi?ajena je pojava za ovakve situacije i naj?e\u0161?e je uzrok jo\u0161 ve?im nevoljama gra?ana u takvim situacijama. Stru?njaci savjetuju da se gra?ani koji se nalaze u ku?ama za vrijeme zemljotresa sakriju ispod \u0161tokova od vrata, ili se sagnu pod stolove, kako bi do\u0161lo do \u0161to manjeg broja povreda.<br \/>\n&#8211; Zemljotresi obi?no traju nekoliko sekundi, ovaj u petak je trajao osam sekundi, i za to vrijeme nemamo mnogo vremena za reakciju i mnogo mogu?nosti ispred sebe. Vrlo te\u0161ko je za tako kratko vrijeme istr?ati na ulicu, \u0161to bi bilo najsigurnije, pa je bolje stati ili se sakriti na neka sigurnija mjesta u samoj ku?i i stanu kao \u0161to je \u0161tok ili sto. Veoma je va\u017eno da nas u takvim trenucima ne uhvati panika, ali to je subjektivan osje?aj koji je kod nekog vi\u0161e, a kod nekog manje izra\u017een i te\u0161ko je njime u potpunosti ovladati \u2013 ka\u017ee Cekovi?.<\/p>\n<p>U Seizmolo\u0161kom zavodu Crne Gore tvrde da prekju?era\u0161nji zemljotres nema nikakve sli?nosti sa onim od prije tri decenije, i da bi bilo potpuno pogre\u0161no upore?ivati ih.<br \/>\n&#8211; Ova dva zemljotresa nijesu gotovo ni po ?emu sli?na, nemaju istu snagu, a ni sam epicentar nije na istom mjestu, tako da ih ne treba upore?ivati i iz eventualnih analiza onog zemljotresa izvla?iti zaklju?ke za sada\u0161nju situaciju u Ulcinju. U ovom trenutku je nemogu?e predvidjeti \u0161ta ?e se dalje de\u0161avati jer trenutak samog zemljotresa je te\u0161ko mogu?e predvidjeti, to ne mogu ?ak ni Kinezi koji imaju najsavremeniju tehniku i koji su na tom polju najdalje oti\u0161li na svijetu. Ovaj zemljotres ne treba upore?ivati ni sa nedavnim katastrofalnim zemljotresom u Italiji u pokrajini Akvila, jer se po mnogo ?emu razlikuju, pogotovo po snazi, a i sami epicentri su poprili?no udaljeni, tako da bi bilo pogre\u0161no ih povezivati u jednu cjelinu i praviti na osnovu ta dva zemljotresa neku paralelu \u2013 obja\u0161njava Cekovi?.<\/p>\n<p><strong>Hajdinaga hitno do\u0161ao iz inostranstva<\/strong><\/p>\n<p>Gradona?elnik Ulcinja Gzim Hajdinaga ocijenio je da bi nakon prekju?era\u0161njeg zemljotresa mje\u0161tani trebalo da se vrate normalnom \u017eivotu i sezoni koja je u toku.<br \/>\n-Nema mjesta panici. Nadamo se da vi\u0161e ne?e biti potresa, tim prije \u0161to su mi eksperti iz Seizmolo\u0161kog zavoda sa kojima sam konstantno bio u kontaktu, potvrdili da se tlo smiruje &#8211; kazao je Hajdinaga koji se zbog zemljotresa ju?e hitno vratio sa slu\u017ebenog puta iz inostranstva.<br \/>\nOn je naglasio da je ljude odmah poslao na teren i da su oni utvrdili da nema povrije?enih niti \u0161tete.<br \/>\n-U svakom slu?aju, najbolje je \u0161to se zavr\u0161ilo tako. Ako u me?uvremenu neko prijavi materijalnu \u0161tetu, mi ?emo to evidentirati i procesuirati &#8211; kazao je Hajdinaga \u201cVijestima\u201d u kratkom telefonskom razgovoru.<\/p>\n<p><strong>Veseljko br\u017ei od stru?njaka<\/strong><\/p>\n<p>Tiv?anin Veseljko Petkovi? koji povremeno \u017eivi i u Kru?ama odmah nakon zemljotresa pokazao je da mu je mjesto u Seizmolo\u0161kom zavodu. Odmah nakon prvog saop\u0161tenja Seizmolo\u0161kog zavoda Crne Gore da se zemljotres desio pet kilometara sjeveroisto?no od Kru?a, Veseljko je zavrtio glavom.<br \/>\n-Ovaj je tresao u moru i to na gotovo istom mjestu kao i 1979. godine &#8211; samouvjereno je kazao Veseljko novinaru \u201cVijesti\u201d.<br \/>\nNakon izvjesnog vremena, Seizmolo\u0161ki zavod redigovao je svoju prvu verziju i potvrdio Veseljkove rije?i da je hipocentar zemljotresa bio u moru, a ne na kopnu.<\/p>\n<p><strong>St. R-S. A.<br \/>\n<a href=\"http:\/\/www.vijesti.cg.yu\/index.php?id_pre=313887&amp;godina=2009\" target=\"_blank\">Vijesti<\/a><\/strong><\/p>\n","protected":false},"excerpt":{"rendered":"<p>Zemljotres uznemirio gra?ane primorskih gradova, iz seizmolo\u0161kog zavoda poru?uju Podgorica &#8211; Zemljotres koji je u petak u 15.39 ?asova uzdrmao Ulcinj podsjetio je gra?ane najju\u017enijeg crnogorskog grada na onaj iz aprila 1979. godine, kada je ve?i dio grada sravnjen sa zemljom i kada je na Crnogorskom primorju bilo stotinjak \u017ertava. Zemljotresu, koji se dogodio 15. [&hellip;]<\/p>\n","protected":false},"author":1,"featured_media":0,"comment_status":"open","ping_status":"closed","sticky":false,"template":"","format":"standard","meta":{"spay_email":"","jetpack_publicize_message":"","jetpack_is_tweetstorm":false,"jetpack_publicize_feature_enabled":true},"categories":[8337],"tags":[2686],"jetpack_publicize_connections":[],"yoast_head":"<!-- This site is optimized with the Yoast SEO plugin v19.1 - https:\/\/yoast.com\/wordpress\/plugins\/seo\/ -->\n<title>Zemljotres u Ulcinju; Nema mjesta panici - Lajme nga Ulqini<\/title>\n<meta name=\"description\" content=\"Zemljotres uznemirio gra?ane primorskih gradova, iz seizmolo\u0161kog zavoda poru?uju Podgorica - Zemljotres koji je u petak u 15.39 ?asova uzdrmao Ulcinj\" \/>\n<meta name=\"robots\" content=\"index, follow, max-snippet:-1, max-image-preview:large, max-video-preview:-1\" \/>\n<link rel=\"canonical\" href=\"https:\/\/www.visit-ulcinj.com\/blog\/2009\/08\/23\/zemljotres-u-ulcinju-nema-mjesta-panici\/\" \/>\n<meta property=\"og:locale\" content=\"en_US\" \/>\n<meta property=\"og:type\" content=\"article\" \/>\n<meta property=\"og:title\" content=\"Zemljotres u Ulcinju; Nema mjesta panici - Lajme nga Ulqini\" \/>\n<meta property=\"og:description\" content=\"Zemljotres uznemirio gra?ane primorskih gradova, iz seizmolo\u0161kog zavoda poru?uju Podgorica - Zemljotres koji je u petak u 15.39 ?asova uzdrmao Ulcinj\" \/>\n<meta property=\"og:url\" content=\"https:\/\/www.visit-ulcinj.com\/blog\/2009\/08\/23\/zemljotres-u-ulcinju-nema-mjesta-panici\/\" \/>\n<meta property=\"og:site_name\" content=\"Lajme nga Ulqini\" \/>\n<meta property=\"article:published_time\" content=\"2009-08-23T17:01:05+00:00\" \/>\n<meta property=\"article:modified_time\" content=\"2009-08-23T17:02:22+00:00\" \/>\n<meta name=\"twitter:label1\" content=\"Written by\" \/>\n\t<meta name=\"twitter:data1\" content=\"ulqini\" \/>\n\t<meta name=\"twitter:label2\" content=\"Est. reading time\" \/>\n\t<meta name=\"twitter:data2\" content=\"4 minutes\" \/>\n<script type=\"application\/ld+json\" class=\"yoast-schema-graph\">{\"@context\":\"https:\/\/schema.org\",\"@graph\":[{\"@type\":\"WebSite\",\"@id\":\"https:\/\/www.visit-ulcinj.com\/blog\/#website\",\"url\":\"https:\/\/www.visit-ulcinj.com\/blog\/\",\"name\":\"Lajme nga Ulqini\",\"description\":\"Lajme,Vijesti,Ulqini,Ulqin,Crna Gora,Mali i Zi\",\"potentialAction\":[{\"@type\":\"SearchAction\",\"target\":{\"@type\":\"EntryPoint\",\"urlTemplate\":\"https:\/\/www.visit-ulcinj.com\/blog\/?s={search_term_string}\"},\"query-input\":\"required name=search_term_string\"}],\"inLanguage\":\"en-US\"},{\"@type\":\"WebPage\",\"@id\":\"https:\/\/www.visit-ulcinj.com\/blog\/2009\/08\/23\/zemljotres-u-ulcinju-nema-mjesta-panici\/#webpage\",\"url\":\"https:\/\/www.visit-ulcinj.com\/blog\/2009\/08\/23\/zemljotres-u-ulcinju-nema-mjesta-panici\/\",\"name\":\"Zemljotres u Ulcinju; Nema mjesta panici - Lajme nga Ulqini\",\"isPartOf\":{\"@id\":\"https:\/\/www.visit-ulcinj.com\/blog\/#website\"},\"datePublished\":\"2009-08-23T17:01:05+00:00\",\"dateModified\":\"2009-08-23T17:02:22+00:00\",\"author\":{\"@id\":\"https:\/\/www.visit-ulcinj.com\/blog\/#\/schema\/person\/dcab619c614d3038751c63bc2aadc06d\"},\"description\":\"Zemljotres uznemirio gra?ane primorskih gradova, iz seizmolo\u0161kog zavoda poru?uju Podgorica - Zemljotres koji je u petak u 15.39 ?asova uzdrmao Ulcinj\",\"breadcrumb\":{\"@id\":\"https:\/\/www.visit-ulcinj.com\/blog\/2009\/08\/23\/zemljotres-u-ulcinju-nema-mjesta-panici\/#breadcrumb\"},\"inLanguage\":\"en-US\",\"potentialAction\":[{\"@type\":\"ReadAction\",\"target\":[\"https:\/\/www.visit-ulcinj.com\/blog\/2009\/08\/23\/zemljotres-u-ulcinju-nema-mjesta-panici\/\"]}]},{\"@type\":\"BreadcrumbList\",\"@id\":\"https:\/\/www.visit-ulcinj.com\/blog\/2009\/08\/23\/zemljotres-u-ulcinju-nema-mjesta-panici\/#breadcrumb\",\"itemListElement\":[{\"@type\":\"ListItem\",\"position\":1,\"name\":\"Zemljotres u Ulcinju; Nema mjesta panici\"}]},{\"@type\":\"Person\",\"@id\":\"https:\/\/www.visit-ulcinj.com\/blog\/#\/schema\/person\/dcab619c614d3038751c63bc2aadc06d\",\"name\":\"ulqini\",\"sameAs\":[\"http:\/\/www.visit-ulcinj.com\"],\"url\":\"https:\/\/www.visit-ulcinj.com\/blog\/author\/admin\/\"}]}<\/script>\n<!-- \/ Yoast SEO plugin. -->","yoast_head_json":{"title":"Zemljotres u Ulcinju; Nema mjesta panici - Lajme nga Ulqini","description":"Zemljotres uznemirio gra?ane primorskih gradova, iz seizmolo\u0161kog zavoda poru?uju Podgorica - Zemljotres koji je u petak u 15.39 ?asova uzdrmao Ulcinj","robots":{"index":"index","follow":"follow","max-snippet":"max-snippet:-1","max-image-preview":"max-image-preview:large","max-video-preview":"max-video-preview:-1"},"canonical":"https:\/\/www.visit-ulcinj.com\/blog\/2009\/08\/23\/zemljotres-u-ulcinju-nema-mjesta-panici\/","og_locale":"en_US","og_type":"article","og_title":"Zemljotres u Ulcinju; Nema mjesta panici - Lajme nga Ulqini","og_description":"Zemljotres uznemirio gra?ane primorskih gradova, iz seizmolo\u0161kog zavoda poru?uju Podgorica - Zemljotres koji je u petak u 15.39 ?asova uzdrmao Ulcinj","og_url":"https:\/\/www.visit-ulcinj.com\/blog\/2009\/08\/23\/zemljotres-u-ulcinju-nema-mjesta-panici\/","og_site_name":"Lajme nga Ulqini","article_published_time":"2009-08-23T17:01:05+00:00","article_modified_time":"2009-08-23T17:02:22+00:00","twitter_misc":{"Written by":"ulqini","Est. reading time":"4 minutes"},"schema":{"@context":"https:\/\/schema.org","@graph":[{"@type":"WebSite","@id":"https:\/\/www.visit-ulcinj.com\/blog\/#website","url":"https:\/\/www.visit-ulcinj.com\/blog\/","name":"Lajme nga Ulqini","description":"Lajme,Vijesti,Ulqini,Ulqin,Crna Gora,Mali i Zi","potentialAction":[{"@type":"SearchAction","target":{"@type":"EntryPoint","urlTemplate":"https:\/\/www.visit-ulcinj.com\/blog\/?s={search_term_string}"},"query-input":"required name=search_term_string"}],"inLanguage":"en-US"},{"@type":"WebPage","@id":"https:\/\/www.visit-ulcinj.com\/blog\/2009\/08\/23\/zemljotres-u-ulcinju-nema-mjesta-panici\/#webpage","url":"https:\/\/www.visit-ulcinj.com\/blog\/2009\/08\/23\/zemljotres-u-ulcinju-nema-mjesta-panici\/","name":"Zemljotres u Ulcinju; Nema mjesta panici - Lajme nga Ulqini","isPartOf":{"@id":"https:\/\/www.visit-ulcinj.com\/blog\/#website"},"datePublished":"2009-08-23T17:01:05+00:00","dateModified":"2009-08-23T17:02:22+00:00","author":{"@id":"https:\/\/www.visit-ulcinj.com\/blog\/#\/schema\/person\/dcab619c614d3038751c63bc2aadc06d"},"description":"Zemljotres uznemirio gra?ane primorskih gradova, iz seizmolo\u0161kog zavoda poru?uju Podgorica - Zemljotres koji je u petak u 15.39 ?asova uzdrmao Ulcinj","breadcrumb":{"@id":"https:\/\/www.visit-ulcinj.com\/blog\/2009\/08\/23\/zemljotres-u-ulcinju-nema-mjesta-panici\/#breadcrumb"},"inLanguage":"en-US","potentialAction":[{"@type":"ReadAction","target":["https:\/\/www.visit-ulcinj.com\/blog\/2009\/08\/23\/zemljotres-u-ulcinju-nema-mjesta-panici\/"]}]},{"@type":"BreadcrumbList","@id":"https:\/\/www.visit-ulcinj.com\/blog\/2009\/08\/23\/zemljotres-u-ulcinju-nema-mjesta-panici\/#breadcrumb","itemListElement":[{"@type":"ListItem","position":1,"name":"Zemljotres u Ulcinju; Nema mjesta panici"}]},{"@type":"Person","@id":"https:\/\/www.visit-ulcinj.com\/blog\/#\/schema\/person\/dcab619c614d3038751c63bc2aadc06d","name":"ulqini","sameAs":["http:\/\/www.visit-ulcinj.com"],"url":"https:\/\/www.visit-ulcinj.com\/blog\/author\/admin\/"}]}},"jetpack_featured_media_url":"","jetpack_sharing_enabled":true,"jetpack_shortlink":"https:\/\/wp.me\/pe6lTn-6tx","_links":{"self":[{"href":"https:\/\/www.visit-ulcinj.com\/blog\/wp-json\/wp\/v2\/posts\/24895"}],"collection":[{"href":"https:\/\/www.visit-ulcinj.com\/blog\/wp-json\/wp\/v2\/posts"}],"about":[{"href":"https:\/\/www.visit-ulcinj.com\/blog\/wp-json\/wp\/v2\/types\/post"}],"author":[{"embeddable":true,"href":"https:\/\/www.visit-ulcinj.com\/blog\/wp-json\/wp\/v2\/users\/1"}],"replies":[{"embeddable":true,"href":"https:\/\/www.visit-ulcinj.com\/blog\/wp-json\/wp\/v2\/comments?post=24895"}],"version-history":[{"count":0,"href":"https:\/\/www.visit-ulcinj.com\/blog\/wp-json\/wp\/v2\/posts\/24895\/revisions"}],"wp:attachment":[{"href":"https:\/\/www.visit-ulcinj.com\/blog\/wp-json\/wp\/v2\/media?parent=24895"}],"wp:term":[{"taxonomy":"category","embeddable":true,"href":"https:\/\/www.visit-ulcinj.com\/blog\/wp-json\/wp\/v2\/categories?post=24895"},{"taxonomy":"post_tag","embeddable":true,"href":"https:\/\/www.visit-ulcinj.com\/blog\/wp-json\/wp\/v2\/tags?post=24895"}],"curies":[{"name":"wp","href":"https:\/\/api.w.org\/{rel}","templated":true}]}}