{"id":24900,"date":"2009-08-23T20:17:56","date_gmt":"2009-08-23T18:17:56","guid":{"rendered":"http:\/\/www.visit-ulcinj.com\/blog\/?p=24900"},"modified":"2009-08-23T20:17:56","modified_gmt":"2009-08-23T18:17:56","slug":"kultura-e-turizmit-e-ulqinakeve-eshte-si-dita-me-naten-me-ate-te-shqiperise","status":"publish","type":"post","link":"https:\/\/www.visit-ulcinj.com\/blog\/2009\/08\/23\/kultura-e-turizmit-e-ulqinakeve-eshte-si-dita-me-naten-me-ate-te-shqiperise\/","title":{"rendered":"Kultura e turizmit e ulqinak\u00ebve \u00ebsht\u00eb si dita me nat\u00ebn me at\u00eb t\u00eb Shqip\u00ebris\u00eb"},"content":{"rendered":"<p><strong><a href=\"http:\/\/www.visit-ulcinj.com\/blog\/wp-content\/uploads\/2009\/08\/Zbritja-e-cmimeve-ne-ulqin.jpg\"><img loading=\"lazy\" class=\"alignleft size-full wp-image-24901\" title=\"Zbritja e cmimeve ne ulqin\" src=\"http:\/\/www.visit-ulcinj.com\/blog\/wp-content\/uploads\/2009\/08\/Zbritja-e-cmimeve-ne-ulqin.jpg\" alt=\"Zbritja e cmimeve ne ulqin\" width=\"580\" height=\"400\" \/><\/a>Nj\u00eb rrug\u00ebtim dhe pushim n\u00eb Shqip\u00ebri me ndjenja t\u00eb p\u00ebrziera<\/strong><\/p>\n<p>Si p\u00ebrher\u00eb, pjesa d\u00ebrmuese e neve kosovar\u00ebve p\u00ebrkund\u00ebr p\u00ebrjetimeve &#8211; n\u00eb shumic\u00ebn e rasteve t\u00eb hidhura &#8211; p\u00ebr \u00e7do vit pushimesh n\u00eb Shqip\u00ebri, vitin tjet\u00ebr fillojn\u00eb t\u00eb mendojn\u00eb p\u00ebr alternativat e tjera, p\u00ebr at\u00eb se si nuk do t\u2019i b\u00ebjn\u00eb pushimet n\u00eb Shqip\u00ebri, por n\u00eb momentin e fundit, pak para nisjes, e zgjedhin p\u00ebrs\u00ebri Shqip\u00ebrin\u00eb. T\u00eb till\u00eb ishim un\u00eb, shum\u00eb shok\u00eb dhe t\u00eb af\u00ebrm t\u00eb mi q\u00eb vendos\u00ebm spontanisht q\u00eb edhe k\u00ebt\u00eb vit ta merrnim rrug\u00ebn p\u00ebr n\u00eb bregdetin shqiptar. Sigurisht, p\u00ebr k\u00ebt\u00eb ndikojn\u00eb nj\u00eb mori faktor\u00ebsh, e nd\u00ebr ta gjithmon\u00eb vendimtare \u00ebsht\u00eb ndjenja atdhetare e patriotike. Kalova p\u00ebr dhjet\u00eb dit\u00eb pushimet n\u00eb k\u00ebt\u00eb tok\u00eb p\u00ebr t\u00eb cil\u00ebn shum\u00eb gjenerata kan\u00eb derdhur mund, djers\u00eb, besa edhe lot. Vizitat e viteve t\u00eb kaluara ishin m\u00eb mbres\u00ebl\u00ebn\u00ebse dhe p\u00ebrve\u00e7 q\u00eb pata shkruar p\u00ebr to, edhe pata diskutuar me shoq\u00ebrin\u00eb p\u00ebr p\u00ebrjetimet e mira. Por, k\u00ebsaj here fatkeq\u00ebsisht dhe pa d\u00ebshir\u00eb, m\u00eb duhet t\u00eb shprehem p\u00ebr p\u00ebrjetimet jo t\u00eb mira. I gjith\u00eb ky shkrim p\u00ebrfshin p\u00ebrjetimet e mia, por edhe t\u00eb nj\u00eb numri pushuesish dhe t\u00eb af\u00ebrmish me t\u00eb cil\u00ebt pata rastin t\u00eb takohem atje, por edhe pas ardhjes n\u00eb Kosov\u00eb. Ata q\u00eb kan\u00eb fatin t\u00eb pushojn\u00eb n\u00eb Durr\u00ebs, n\u00eb shumic\u00ebn e rasteve jan\u00eb t\u00eb mir\u00ebpritur vet\u00ebm nga nj\u00eb num\u00ebr i vog\u00ebl i vendasve dhe pronar\u00ebve tek t\u00eb cil\u00ebt vendosim t\u00eb banojm\u00eb. Nga fqinj\u00ebt tjer\u00eb t\u00eb pronarit ku banonim, ne shiheshim m\u00eb shum\u00eb si injorant\u00eb (k\u00ebshtu m\u00eb quajti nj\u00ebri prej banor\u00ebve t\u00eb lagjes ku banoja un\u00eb, mua dhe kosovar\u00ebt e mi), sepse prania jon\u00eb aty ishte \u201cpenges\u00eb\u201d n\u00eb rrug\u00ebn e lagjes ku banonim, veturat tona gjithmon\u00eb n\u00eb parking e kishin \u201cnx\u00ebn\u00eb\u201d rrug\u00ebn.<br \/>\nN\u00eb dyqane dhe markete ne duhej t\u00eb pritnim dhe t\u00eb lironim rendin, sepse gjithmon\u00eb vendasit ishin me \u201cnxitim\u201d. Po ashtu, n\u00eb pjes\u00ebn d\u00ebrmuese t\u00eb dyqaneve dhe marketeve ku blenim ushqim, mallrave nuk iu figuronin fare \u00e7mimet, dhe automatikisht ti paguaje p\u00ebr nj\u00eb produkt t\u00eb caktuar n\u00eb baz\u00eb t\u00eb asaj se si perceptoheshe n\u00eb pamje nga ana e shit\u00ebsit. P\u00ebrve\u00e7 se n\u00eb k\u00ebmbimore, njer\u00ebzit n\u00eb rrug\u00eb kur ju konvertoni para, pa fije turpi p\u00ebrtojn\u00eb t\u00eb t\u00eb japin parat\u00eb e imta p.sh., 5, 10 e disa lek\u00eb. N\u00eb sh\u00ebtitoren e plazhit, trotuari \u00ebsht\u00eb i nx\u00ebn\u00eb me drita ndri\u00e7uese n\u00eb t\u00eb cilat mund t\u00eb thyesh duar e k\u00ebmb\u00eb po t\u00eb mos jesh i kujdessh\u00ebm. N\u00ebse keni karroc\u00eb f\u00ebmij\u00ebsh, e vetmja mund\u00ebsi \u00ebsht\u00eb t\u00eb ecni rrug\u00ebs kryesore ku n\u00eb \u00e7do moment jeni t\u00eb rrezikuar nga vozit\u00ebsit e \u00e7mendur vendas, por edhe nga pushuesit kosovar\u00eb. Mungesa e trupave shp\u00ebtimtare n\u00ebp\u00ebr plazhe paraqet anomali t\u00eb llojit m\u00eb t\u00eb keq. Papast\u00ebrtia ekziston n\u00eb shumic\u00ebn e rasteve. Kund\u00ebrmimi i bar\u00ebrave t\u00eb cilat kur kalben lirojn\u00eb arom\u00eb t\u00eb r\u00ebnd\u00eb t\u00eb plehrave, \u00ebsht\u00eb prezent n\u00ebp\u00ebr t\u00ebr\u00eb gjat\u00ebsin\u00eb e plazhit t\u00eb Durr\u00ebsit. Pra, i t\u00ebr\u00eb investimi shum\u00ebmilion\u00ebsh n\u00eb plazh \u00ebsht\u00eb pa vler\u00eb kur trotuari q\u00eb \u00ebsht\u00eb m\u00eb se i nevojsh\u00ebm \u00ebsht\u00eb i gjer\u00eb jo m\u00eb shum\u00eb se 70 cm. P\u00ebr ata q\u00eb banonin n\u00eb plazh dhe donin t\u00eb b\u00ebnin plazhin n\u00eb Golem apo Malin e Robit, do t\u00eb duhej q\u00eb p\u00ebr t\u00eb kaluar 7-10 km, t\u00eb prisnin s\u00eb paku 45 minuta. Arsyeja ishte se punimet n\u00eb rrug\u00eb kishin filluar me fillimin e sezonit turistik. \u00c7far\u00eb anomalie! Lirisht mund t\u00eb konstatohet se kemi t\u00eb b\u00ebjm\u00eb me munges\u00ebn e kultur\u00ebs mikprit\u00ebse, n\u00eb k\u00ebt\u00eb rast t\u00eb Durr\u00ebsit.<\/p>\n<address><strong>Disa vite me radh\u00eb kam frekuentuar qytetin e Ulqinit. Mund t\u00eb jet\u00eb gjykim subjektiv, por kultura e turizmit q\u00eb e kan\u00eb dhe ofrojn\u00eb ulqinak\u00ebt \u00ebsht\u00eb si dita me nat\u00ebn n\u00eb krahasim me at\u00eb t\u00eb Shqip\u00ebris\u00eb. Pritja e mir\u00eb, ushqimi kualitativ, rendi dhe rregulli urban e past\u00ebrtia e karakterizojn\u00eb qytetin e bukur t\u00eb Ulqinit. N\u00eb Ulqin me fillimin e sezonit nuk mund t\u00eb d\u00ebgjosh t\u00eb pakt\u00ebn asnj\u00eb \u00e7ekan, sepse n\u00eb sezonin turistik kjo \u00e7\u00ebshtje \u00ebsht\u00eb e ndaluar, por edhe e p\u00ebrcaktuar me ligj komb\u00ebtar dhe rregullore komunale.<\/strong><br \/>\nN\u00eb Shqip\u00ebri nuk ka ndalim t\u00eb punimeve si n\u00eb nd\u00ebrtim t\u00eb lart\u00eb, po ashtu edhe n\u00eb nd\u00ebrtim t\u00eb rrug\u00ebve. Prandaj \u201cimportimi\u201d i k\u00ebsaj kulture mikprit\u00ebse do t\u00eb ishte e mir\u00ebseardhur p\u00ebr v\u00ebllez\u00ebrit tan\u00eb nga Shqip\u00ebria. T\u00eb pakt\u00ebn t\u00eb fillojn\u00eb t\u00eb kuptojn\u00eb se sikurse ne q\u00eb kemi interesin t\u00eb pushojm\u00eb n\u00eb Shqip\u00ebri, edhe ata kan\u00eb p\u00ebrfitime nga t\u00eb gjith\u00eb pushuesit, ve\u00e7an\u00ebrisht nga kosovar\u00ebt.<\/p>\n<\/address>\n<p>Prandaj, \u00ebsht\u00eb koha e fundit q\u00eb t\u00eb filloj\u00eb epoka e turizmit modern n\u00eb Shqip\u00ebri duke ofruar m\u00eb t\u00eb mir\u00ebn e mundshme, sepse ekonomia e tregut t\u00eb nd\u00ebshkon, kuptohet at\u00ebher\u00eb kur ti nuk punon p\u00ebr vetveten dhe p\u00ebr t\u00eb krijuar kushte p\u00ebr t\u00eb tjer\u00ebt (p\u00ebr pushuesit). Askush, p\u00ebrfshir\u00eb edhe kosovar\u00ebt, nuk kan\u00eb interesim p\u00ebr t\u2019i harxhuar parat\u00eb n\u00eb nj\u00eb vend ku t\u00eb pakt\u00ebn nuk \u00e7mohesh si turist.<\/p>\n<p><strong>P.S.<\/strong><br \/>\nNuk arsyetohen sjelljet vagabonde t\u00eb rinis\u00eb kosovare, nuk ka arsyetim p\u00ebr vozitjet e trenta n\u00eb qytet, ve\u00e7an\u00ebrisht vozitjet pa kontroll t\u00eb kosovar\u00ebve dhe bashkatdhetar\u00ebve tan\u00eb n\u00eb autostrad\u00eb, q\u00eb mund t\u00eb jen\u00eb fatale p\u00ebr qytetar\u00ebt e pafajsh\u00ebm. Nuk arsyetohen hedhjet e pampersave dhe pelenave t\u00eb f\u00ebmij\u00ebve n\u00eb uj\u00eb, e t\u00eb tjera marifetll\u00ebqe t\u00eb kosovar\u00ebve.<\/p>\n<p><strong>Isa Azemi<br \/>\nGazeta Express<\/strong><\/p>\n<!--YouTube Error: bad URL entered-->\n","protected":false},"excerpt":{"rendered":"<p>Nj\u00eb rrug\u00ebtim dhe pushim n\u00eb Shqip\u00ebri me ndjenja t\u00eb p\u00ebrziera Si p\u00ebrher\u00eb, pjesa d\u00ebrmuese e neve kosovar\u00ebve p\u00ebrkund\u00ebr p\u00ebrjetimeve &#8211; n\u00eb shumic\u00ebn e rasteve t\u00eb hidhura &#8211; p\u00ebr \u00e7do vit pushimesh n\u00eb Shqip\u00ebri, vitin tjet\u00ebr fillojn\u00eb t\u00eb mendojn\u00eb p\u00ebr alternativat e tjera, p\u00ebr at\u00eb se si nuk do t\u2019i b\u00ebjn\u00eb pushimet n\u00eb Shqip\u00ebri, por n\u00eb [&hellip;]<\/p>\n","protected":false},"author":1,"featured_media":0,"comment_status":"open","ping_status":"closed","sticky":false,"template":"","format":"standard","meta":{"spay_email":"","jetpack_publicize_message":"","jetpack_is_tweetstorm":false,"jetpack_publicize_feature_enabled":true},"categories":[15],"tags":[11593,4037,95,3946,200,18],"jetpack_publicize_connections":[],"yoast_head":"<!-- This site is optimized with the Yoast SEO plugin v19.1 - https:\/\/yoast.com\/wordpress\/plugins\/seo\/ -->\n<title>Kultura e turizmit e ulqinak\u00ebve \u00ebsht\u00eb si dita me nat\u00ebn me at\u00eb t\u00eb Shqip\u00ebris\u00eb - Lajme nga Ulqini<\/title>\n<meta name=\"description\" content=\"Nj\u00eb rrug\u00ebtim dhe pushim n\u00eb Shqip\u00ebri me ndjenja t\u00eb p\u00ebrziera Si p\u00ebrher\u00eb, pjesa d\u00ebrmuese e neve kosovar\u00ebve p\u00ebrkund\u00ebr p\u00ebrjetimeve - n\u00eb shumic\u00ebn e rasteve t\u00eb\" \/>\n<meta name=\"robots\" content=\"index, follow, max-snippet:-1, max-image-preview:large, max-video-preview:-1\" \/>\n<link rel=\"canonical\" href=\"https:\/\/www.visit-ulcinj.com\/blog\/2009\/08\/23\/kultura-e-turizmit-e-ulqinakeve-eshte-si-dita-me-naten-me-ate-te-shqiperise\/\" \/>\n<meta property=\"og:locale\" content=\"en_US\" \/>\n<meta property=\"og:type\" content=\"article\" \/>\n<meta property=\"og:title\" content=\"Kultura e turizmit e ulqinak\u00ebve \u00ebsht\u00eb si dita me nat\u00ebn me at\u00eb t\u00eb Shqip\u00ebris\u00eb - Lajme nga Ulqini\" \/>\n<meta property=\"og:description\" content=\"Nj\u00eb rrug\u00ebtim dhe pushim n\u00eb Shqip\u00ebri me ndjenja t\u00eb p\u00ebrziera Si p\u00ebrher\u00eb, pjesa d\u00ebrmuese e neve kosovar\u00ebve p\u00ebrkund\u00ebr p\u00ebrjetimeve - n\u00eb shumic\u00ebn e rasteve t\u00eb\" \/>\n<meta property=\"og:url\" content=\"https:\/\/www.visit-ulcinj.com\/blog\/2009\/08\/23\/kultura-e-turizmit-e-ulqinakeve-eshte-si-dita-me-naten-me-ate-te-shqiperise\/\" \/>\n<meta property=\"og:site_name\" content=\"Lajme nga Ulqini\" \/>\n<meta property=\"article:published_time\" content=\"2009-08-23T18:17:56+00:00\" \/>\n<meta property=\"og:image\" content=\"http:\/\/www.visit-ulcinj.com\/blog\/wp-content\/uploads\/2009\/08\/Zbritja-e-cmimeve-ne-ulqin.jpg\" \/>\n<meta name=\"twitter:label1\" content=\"Written by\" \/>\n\t<meta name=\"twitter:data1\" content=\"ulqini\" \/>\n\t<meta name=\"twitter:label2\" content=\"Est. reading time\" \/>\n\t<meta name=\"twitter:data2\" content=\"5 minutes\" \/>\n<script type=\"application\/ld+json\" class=\"yoast-schema-graph\">{\"@context\":\"https:\/\/schema.org\",\"@graph\":[{\"@type\":\"WebSite\",\"@id\":\"https:\/\/www.visit-ulcinj.com\/blog\/#website\",\"url\":\"https:\/\/www.visit-ulcinj.com\/blog\/\",\"name\":\"Lajme nga Ulqini\",\"description\":\"Lajme,Vijesti,Ulqini,Ulqin,Crna Gora,Mali i Zi\",\"potentialAction\":[{\"@type\":\"SearchAction\",\"target\":{\"@type\":\"EntryPoint\",\"urlTemplate\":\"https:\/\/www.visit-ulcinj.com\/blog\/?s={search_term_string}\"},\"query-input\":\"required name=search_term_string\"}],\"inLanguage\":\"en-US\"},{\"@type\":\"ImageObject\",\"inLanguage\":\"en-US\",\"@id\":\"https:\/\/www.visit-ulcinj.com\/blog\/2009\/08\/23\/kultura-e-turizmit-e-ulqinakeve-eshte-si-dita-me-naten-me-ate-te-shqiperise\/#primaryimage\",\"url\":\"https:\/\/www.visit-ulcinj.com\/blog\/wp-content\/uploads\/2009\/08\/Zbritja-e-cmimeve-ne-ulqin.jpg\",\"contentUrl\":\"https:\/\/www.visit-ulcinj.com\/blog\/wp-content\/uploads\/2009\/08\/Zbritja-e-cmimeve-ne-ulqin.jpg\",\"width\":\"546\",\"height\":\"454\"},{\"@type\":\"WebPage\",\"@id\":\"https:\/\/www.visit-ulcinj.com\/blog\/2009\/08\/23\/kultura-e-turizmit-e-ulqinakeve-eshte-si-dita-me-naten-me-ate-te-shqiperise\/#webpage\",\"url\":\"https:\/\/www.visit-ulcinj.com\/blog\/2009\/08\/23\/kultura-e-turizmit-e-ulqinakeve-eshte-si-dita-me-naten-me-ate-te-shqiperise\/\",\"name\":\"Kultura e turizmit e ulqinak\u00ebve \u00ebsht\u00eb si dita me nat\u00ebn me at\u00eb t\u00eb Shqip\u00ebris\u00eb - Lajme nga Ulqini\",\"isPartOf\":{\"@id\":\"https:\/\/www.visit-ulcinj.com\/blog\/#website\"},\"primaryImageOfPage\":{\"@id\":\"https:\/\/www.visit-ulcinj.com\/blog\/2009\/08\/23\/kultura-e-turizmit-e-ulqinakeve-eshte-si-dita-me-naten-me-ate-te-shqiperise\/#primaryimage\"},\"datePublished\":\"2009-08-23T18:17:56+00:00\",\"dateModified\":\"2009-08-23T18:17:56+00:00\",\"author\":{\"@id\":\"https:\/\/www.visit-ulcinj.com\/blog\/#\/schema\/person\/dcab619c614d3038751c63bc2aadc06d\"},\"description\":\"Nj\u00eb rrug\u00ebtim dhe pushim n\u00eb Shqip\u00ebri me ndjenja t\u00eb p\u00ebrziera Si p\u00ebrher\u00eb, pjesa d\u00ebrmuese e neve kosovar\u00ebve p\u00ebrkund\u00ebr p\u00ebrjetimeve - n\u00eb shumic\u00ebn e rasteve t\u00eb\",\"breadcrumb\":{\"@id\":\"https:\/\/www.visit-ulcinj.com\/blog\/2009\/08\/23\/kultura-e-turizmit-e-ulqinakeve-eshte-si-dita-me-naten-me-ate-te-shqiperise\/#breadcrumb\"},\"inLanguage\":\"en-US\",\"potentialAction\":[{\"@type\":\"ReadAction\",\"target\":[\"https:\/\/www.visit-ulcinj.com\/blog\/2009\/08\/23\/kultura-e-turizmit-e-ulqinakeve-eshte-si-dita-me-naten-me-ate-te-shqiperise\/\"]}]},{\"@type\":\"BreadcrumbList\",\"@id\":\"https:\/\/www.visit-ulcinj.com\/blog\/2009\/08\/23\/kultura-e-turizmit-e-ulqinakeve-eshte-si-dita-me-naten-me-ate-te-shqiperise\/#breadcrumb\",\"itemListElement\":[{\"@type\":\"ListItem\",\"position\":1,\"name\":\"Kultura e turizmit e ulqinak\u00ebve \u00ebsht\u00eb si dita me nat\u00ebn me at\u00eb t\u00eb Shqip\u00ebris\u00eb\"}]},{\"@type\":\"Person\",\"@id\":\"https:\/\/www.visit-ulcinj.com\/blog\/#\/schema\/person\/dcab619c614d3038751c63bc2aadc06d\",\"name\":\"ulqini\",\"sameAs\":[\"http:\/\/www.visit-ulcinj.com\"],\"url\":\"https:\/\/www.visit-ulcinj.com\/blog\/author\/admin\/\"}]}<\/script>\n<!-- \/ Yoast SEO plugin. -->","yoast_head_json":{"title":"Kultura e turizmit e ulqinak\u00ebve \u00ebsht\u00eb si dita me nat\u00ebn me at\u00eb t\u00eb Shqip\u00ebris\u00eb - Lajme nga Ulqini","description":"Nj\u00eb rrug\u00ebtim dhe pushim n\u00eb Shqip\u00ebri me ndjenja t\u00eb p\u00ebrziera Si p\u00ebrher\u00eb, pjesa d\u00ebrmuese e neve kosovar\u00ebve p\u00ebrkund\u00ebr p\u00ebrjetimeve - n\u00eb shumic\u00ebn e rasteve t\u00eb","robots":{"index":"index","follow":"follow","max-snippet":"max-snippet:-1","max-image-preview":"max-image-preview:large","max-video-preview":"max-video-preview:-1"},"canonical":"https:\/\/www.visit-ulcinj.com\/blog\/2009\/08\/23\/kultura-e-turizmit-e-ulqinakeve-eshte-si-dita-me-naten-me-ate-te-shqiperise\/","og_locale":"en_US","og_type":"article","og_title":"Kultura e turizmit e ulqinak\u00ebve \u00ebsht\u00eb si dita me nat\u00ebn me at\u00eb t\u00eb Shqip\u00ebris\u00eb - Lajme nga Ulqini","og_description":"Nj\u00eb rrug\u00ebtim dhe pushim n\u00eb Shqip\u00ebri me ndjenja t\u00eb p\u00ebrziera Si p\u00ebrher\u00eb, pjesa d\u00ebrmuese e neve kosovar\u00ebve p\u00ebrkund\u00ebr p\u00ebrjetimeve - n\u00eb shumic\u00ebn e rasteve t\u00eb","og_url":"https:\/\/www.visit-ulcinj.com\/blog\/2009\/08\/23\/kultura-e-turizmit-e-ulqinakeve-eshte-si-dita-me-naten-me-ate-te-shqiperise\/","og_site_name":"Lajme nga Ulqini","article_published_time":"2009-08-23T18:17:56+00:00","og_image":[{"url":"http:\/\/www.visit-ulcinj.com\/blog\/wp-content\/uploads\/2009\/08\/Zbritja-e-cmimeve-ne-ulqin.jpg"}],"twitter_misc":{"Written by":"ulqini","Est. reading time":"5 minutes"},"schema":{"@context":"https:\/\/schema.org","@graph":[{"@type":"WebSite","@id":"https:\/\/www.visit-ulcinj.com\/blog\/#website","url":"https:\/\/www.visit-ulcinj.com\/blog\/","name":"Lajme nga Ulqini","description":"Lajme,Vijesti,Ulqini,Ulqin,Crna Gora,Mali i Zi","potentialAction":[{"@type":"SearchAction","target":{"@type":"EntryPoint","urlTemplate":"https:\/\/www.visit-ulcinj.com\/blog\/?s={search_term_string}"},"query-input":"required name=search_term_string"}],"inLanguage":"en-US"},{"@type":"ImageObject","inLanguage":"en-US","@id":"https:\/\/www.visit-ulcinj.com\/blog\/2009\/08\/23\/kultura-e-turizmit-e-ulqinakeve-eshte-si-dita-me-naten-me-ate-te-shqiperise\/#primaryimage","url":"https:\/\/www.visit-ulcinj.com\/blog\/wp-content\/uploads\/2009\/08\/Zbritja-e-cmimeve-ne-ulqin.jpg","contentUrl":"https:\/\/www.visit-ulcinj.com\/blog\/wp-content\/uploads\/2009\/08\/Zbritja-e-cmimeve-ne-ulqin.jpg","width":"546","height":"454"},{"@type":"WebPage","@id":"https:\/\/www.visit-ulcinj.com\/blog\/2009\/08\/23\/kultura-e-turizmit-e-ulqinakeve-eshte-si-dita-me-naten-me-ate-te-shqiperise\/#webpage","url":"https:\/\/www.visit-ulcinj.com\/blog\/2009\/08\/23\/kultura-e-turizmit-e-ulqinakeve-eshte-si-dita-me-naten-me-ate-te-shqiperise\/","name":"Kultura e turizmit e ulqinak\u00ebve \u00ebsht\u00eb si dita me nat\u00ebn me at\u00eb t\u00eb Shqip\u00ebris\u00eb - Lajme nga Ulqini","isPartOf":{"@id":"https:\/\/www.visit-ulcinj.com\/blog\/#website"},"primaryImageOfPage":{"@id":"https:\/\/www.visit-ulcinj.com\/blog\/2009\/08\/23\/kultura-e-turizmit-e-ulqinakeve-eshte-si-dita-me-naten-me-ate-te-shqiperise\/#primaryimage"},"datePublished":"2009-08-23T18:17:56+00:00","dateModified":"2009-08-23T18:17:56+00:00","author":{"@id":"https:\/\/www.visit-ulcinj.com\/blog\/#\/schema\/person\/dcab619c614d3038751c63bc2aadc06d"},"description":"Nj\u00eb rrug\u00ebtim dhe pushim n\u00eb Shqip\u00ebri me ndjenja t\u00eb p\u00ebrziera Si p\u00ebrher\u00eb, pjesa d\u00ebrmuese e neve kosovar\u00ebve p\u00ebrkund\u00ebr p\u00ebrjetimeve - n\u00eb shumic\u00ebn e rasteve t\u00eb","breadcrumb":{"@id":"https:\/\/www.visit-ulcinj.com\/blog\/2009\/08\/23\/kultura-e-turizmit-e-ulqinakeve-eshte-si-dita-me-naten-me-ate-te-shqiperise\/#breadcrumb"},"inLanguage":"en-US","potentialAction":[{"@type":"ReadAction","target":["https:\/\/www.visit-ulcinj.com\/blog\/2009\/08\/23\/kultura-e-turizmit-e-ulqinakeve-eshte-si-dita-me-naten-me-ate-te-shqiperise\/"]}]},{"@type":"BreadcrumbList","@id":"https:\/\/www.visit-ulcinj.com\/blog\/2009\/08\/23\/kultura-e-turizmit-e-ulqinakeve-eshte-si-dita-me-naten-me-ate-te-shqiperise\/#breadcrumb","itemListElement":[{"@type":"ListItem","position":1,"name":"Kultura e turizmit e ulqinak\u00ebve \u00ebsht\u00eb si dita me nat\u00ebn me at\u00eb t\u00eb Shqip\u00ebris\u00eb"}]},{"@type":"Person","@id":"https:\/\/www.visit-ulcinj.com\/blog\/#\/schema\/person\/dcab619c614d3038751c63bc2aadc06d","name":"ulqini","sameAs":["http:\/\/www.visit-ulcinj.com"],"url":"https:\/\/www.visit-ulcinj.com\/blog\/author\/admin\/"}]}},"jetpack_featured_media_url":"","jetpack_sharing_enabled":true,"jetpack_shortlink":"https:\/\/wp.me\/pe6lTn-6tC","_links":{"self":[{"href":"https:\/\/www.visit-ulcinj.com\/blog\/wp-json\/wp\/v2\/posts\/24900"}],"collection":[{"href":"https:\/\/www.visit-ulcinj.com\/blog\/wp-json\/wp\/v2\/posts"}],"about":[{"href":"https:\/\/www.visit-ulcinj.com\/blog\/wp-json\/wp\/v2\/types\/post"}],"author":[{"embeddable":true,"href":"https:\/\/www.visit-ulcinj.com\/blog\/wp-json\/wp\/v2\/users\/1"}],"replies":[{"embeddable":true,"href":"https:\/\/www.visit-ulcinj.com\/blog\/wp-json\/wp\/v2\/comments?post=24900"}],"version-history":[{"count":0,"href":"https:\/\/www.visit-ulcinj.com\/blog\/wp-json\/wp\/v2\/posts\/24900\/revisions"}],"wp:attachment":[{"href":"https:\/\/www.visit-ulcinj.com\/blog\/wp-json\/wp\/v2\/media?parent=24900"}],"wp:term":[{"taxonomy":"category","embeddable":true,"href":"https:\/\/www.visit-ulcinj.com\/blog\/wp-json\/wp\/v2\/categories?post=24900"},{"taxonomy":"post_tag","embeddable":true,"href":"https:\/\/www.visit-ulcinj.com\/blog\/wp-json\/wp\/v2\/tags?post=24900"}],"curies":[{"name":"wp","href":"https:\/\/api.w.org\/{rel}","templated":true}]}}