{"id":24904,"date":"2009-08-24T16:14:29","date_gmt":"2009-08-24T14:14:29","guid":{"rendered":"http:\/\/www.visit-ulcinj.com\/blog\/?p=24904"},"modified":"2009-08-26T17:53:39","modified_gmt":"2009-08-26T15:53:39","slug":"forca-kritikon-privatizimin-ne-mal-te-zi","status":"publish","type":"post","link":"https:\/\/www.visit-ulcinj.com\/blog\/2009\/08\/24\/forca-kritikon-privatizimin-ne-mal-te-zi\/","title":{"rendered":"&#8220;Forca&#8221; kritikon privatizimin n\u00eb Mal t\u00eb Zi"},"content":{"rendered":"<p><a href=\"http:\/\/www.visit-ulcinj.com\/blog\/wp-content\/uploads\/2009\/08\/nazif_cungu_forca_ulqin.jpg\"><img loading=\"lazy\" class=\"alignleft size-full wp-image-24907\" title=\"nazif_cungu_forca_ulqin\" src=\"http:\/\/www.visit-ulcinj.com\/blog\/wp-content\/uploads\/2009\/08\/nazif_cungu_forca_ulqin.jpg\" alt=\"nazif_cungu_forca_ulqin\" width=\"580\" height=\"400\" \/><\/a>Partia &#8220;FORCA&#8221;, e shqiptar\u00ebve n\u00eb Mal t\u00eb Zi, p\u00ebrfaq\u00ebsohet me nje deputet ne parlamentin e ri te vendit. Kryetari i partise, Nazif Cungu, thote se ne Parlamentin e ri te Malit te Zi po diskutohen disa ligje shume te rendesishme, si\u00e7 \u00ebsht\u00eb ai p\u00ebr organizimin e ri territorial, ligj p\u00ebr t\u00eb cilin kjo parti ka pak\u00ebnaq\u00ebsi, pasi ai anashkalon statusin e komun\u00ebs s\u00eb Tuzit, si nj\u00eb komun\u00eb e barabart\u00eb me t\u00eb gjith\u00eb t\u00eb tjerat n\u00eb Mal t\u00eb Zi.<\/p>\n<div id=\"subscribeLoginInvite\" style=\"border: 1px solid #999999; margin: 8px 5px 0pt; padding: 5px; background-color: #ffffff; display: none;\">\n<div style=\"border: 1px solid #cccccc; padding: 4px; background: #eeeeee none repeat scroll 0% 0%; text-align: center;\"><strong>Voulez-vous vous abonner\u00a0?<\/strong><br \/>\n<a href=\"https:\/\/www.google.com\/accounts\/ServiceLogin?uilel=3&amp;service=youtube&amp;passive=true&amp;continue=http%3A%2F%2Fwww.youtube.com%2Fsignin%3Faction_handle_signin%3Dtrue%26nomobiletemp%3D1%26hl%3Den_US%26next%3D%252F&amp;hl=en_US&amp;ltmpl=sso\">Connectez-vous<\/a> ou <a href=\"http:\/\/www.youtube.com\/signup?next=%2F\">inscrivez-vous<\/a> d\u00e8s maintenant\u00a0!<\/div>\n<\/div>\n<div id=\"watch-video-details\">\n<div id=\"watch-video-details-inner\">\n<div id=\"watch-video-details-inner-less\" style=\"display: none;\">\n<div><span>Partia &#8220;FORCA&#8221;, e shqiptar\u00ebve n\u00eb Mal t\u00eb Zi, p\u00ebrfaq\u00ebsohet me nje deputet ne parlamentin e ri te vendit. Kryetari i partise, Nazif Cungu, thote se ne Parlamentin e ri te Malit te Zi po diskutohen di&#8230; <\/span><\/div>\n<\/div>\n<\/div>\n<\/div>\n<p><span><strong>Zeri i Amerikes<\/strong><\/span><\/p>\n<!--YouTube Error: bad URL entered-->\n<p><span><strong><br \/>\n<\/strong><\/span><\/p>\n","protected":false},"excerpt":{"rendered":"<p>Partia &#8220;FORCA&#8221;, e shqiptar\u00ebve n\u00eb Mal t\u00eb Zi, p\u00ebrfaq\u00ebsohet me nje deputet ne parlamentin e ri te vendit. Kryetari i partise, Nazif Cungu, thote se ne Parlamentin e ri te Malit te Zi po diskutohen disa ligje shume te rendesishme, si\u00e7 \u00ebsht\u00eb ai p\u00ebr organizimin e ri territorial, ligj p\u00ebr t\u00eb cilin kjo parti ka [&hellip;]<\/p>\n","protected":false},"author":1,"featured_media":0,"comment_status":"open","ping_status":"closed","sticky":false,"template":"","format":"standard","meta":{"spay_email":"","jetpack_publicize_message":"","jetpack_is_tweetstorm":false,"jetpack_publicize_feature_enabled":true},"categories":[6],"tags":[118,12268,12267],"jetpack_publicize_connections":[],"yoast_head":"<!-- This site is optimized with the Yoast SEO plugin v19.1 - https:\/\/yoast.com\/wordpress\/plugins\/seo\/ -->\n<title>&quot;Forca&quot; kritikon privatizimin n\u00eb Mal t\u00eb Zi - Lajme nga Ulqini<\/title>\n<meta name=\"description\" content=\"Partia &quot;FORCA&quot;, e shqiptar\u00ebve n\u00eb Mal t\u00eb Zi, p\u00ebrfaq\u00ebsohet me nje deputet ne parlamentin e ri te vendit. Kryetari i partise, Nazif Cungu, thote se ne\" \/>\n<meta name=\"robots\" content=\"index, follow, max-snippet:-1, max-image-preview:large, max-video-preview:-1\" \/>\n<link rel=\"canonical\" href=\"https:\/\/www.visit-ulcinj.com\/blog\/2009\/08\/24\/forca-kritikon-privatizimin-ne-mal-te-zi\/\" \/>\n<meta property=\"og:locale\" content=\"en_US\" \/>\n<meta property=\"og:type\" content=\"article\" \/>\n<meta property=\"og:title\" content=\"&quot;Forca&quot; kritikon privatizimin n\u00eb Mal t\u00eb Zi - Lajme nga Ulqini\" \/>\n<meta property=\"og:description\" content=\"Partia &quot;FORCA&quot;, e shqiptar\u00ebve n\u00eb Mal t\u00eb Zi, p\u00ebrfaq\u00ebsohet me nje deputet ne parlamentin e ri te vendit. Kryetari i partise, Nazif Cungu, thote se ne\" \/>\n<meta property=\"og:url\" content=\"https:\/\/www.visit-ulcinj.com\/blog\/2009\/08\/24\/forca-kritikon-privatizimin-ne-mal-te-zi\/\" \/>\n<meta property=\"og:site_name\" content=\"Lajme nga Ulqini\" \/>\n<meta property=\"article:published_time\" content=\"2009-08-24T14:14:29+00:00\" \/>\n<meta property=\"article:modified_time\" content=\"2009-08-26T15:53:39+00:00\" \/>\n<meta property=\"og:image\" content=\"http:\/\/www.visit-ulcinj.com\/blog\/wp-content\/uploads\/2009\/08\/nazif_cungu_forca_ulqin.jpg\" \/>\n<meta name=\"twitter:label1\" content=\"Written by\" \/>\n\t<meta name=\"twitter:data1\" content=\"ulqini\" \/>\n\t<meta name=\"twitter:label2\" content=\"Est. reading time\" \/>\n\t<meta name=\"twitter:data2\" content=\"1 minute\" \/>\n<script type=\"application\/ld+json\" class=\"yoast-schema-graph\">{\"@context\":\"https:\/\/schema.org\",\"@graph\":[{\"@type\":\"WebSite\",\"@id\":\"https:\/\/www.visit-ulcinj.com\/blog\/#website\",\"url\":\"https:\/\/www.visit-ulcinj.com\/blog\/\",\"name\":\"Lajme nga Ulqini\",\"description\":\"Lajme,Vijesti,Ulqini,Ulqin,Crna Gora,Mali i Zi\",\"potentialAction\":[{\"@type\":\"SearchAction\",\"target\":{\"@type\":\"EntryPoint\",\"urlTemplate\":\"https:\/\/www.visit-ulcinj.com\/blog\/?s={search_term_string}\"},\"query-input\":\"required name=search_term_string\"}],\"inLanguage\":\"en-US\"},{\"@type\":\"ImageObject\",\"inLanguage\":\"en-US\",\"@id\":\"https:\/\/www.visit-ulcinj.com\/blog\/2009\/08\/24\/forca-kritikon-privatizimin-ne-mal-te-zi\/#primaryimage\",\"url\":\"https:\/\/www.visit-ulcinj.com\/blog\/wp-content\/uploads\/2009\/08\/nazif_cungu_forca_ulqin.jpg\",\"contentUrl\":\"https:\/\/www.visit-ulcinj.com\/blog\/wp-content\/uploads\/2009\/08\/nazif_cungu_forca_ulqin.jpg\",\"width\":\"600\",\"height\":\"450\"},{\"@type\":\"WebPage\",\"@id\":\"https:\/\/www.visit-ulcinj.com\/blog\/2009\/08\/24\/forca-kritikon-privatizimin-ne-mal-te-zi\/#webpage\",\"url\":\"https:\/\/www.visit-ulcinj.com\/blog\/2009\/08\/24\/forca-kritikon-privatizimin-ne-mal-te-zi\/\",\"name\":\"\\\"Forca\\\" kritikon privatizimin n\u00eb Mal t\u00eb Zi - Lajme nga Ulqini\",\"isPartOf\":{\"@id\":\"https:\/\/www.visit-ulcinj.com\/blog\/#website\"},\"primaryImageOfPage\":{\"@id\":\"https:\/\/www.visit-ulcinj.com\/blog\/2009\/08\/24\/forca-kritikon-privatizimin-ne-mal-te-zi\/#primaryimage\"},\"datePublished\":\"2009-08-24T14:14:29+00:00\",\"dateModified\":\"2009-08-26T15:53:39+00:00\",\"author\":{\"@id\":\"https:\/\/www.visit-ulcinj.com\/blog\/#\/schema\/person\/dcab619c614d3038751c63bc2aadc06d\"},\"description\":\"Partia \\\"FORCA\\\", e shqiptar\u00ebve n\u00eb Mal t\u00eb Zi, p\u00ebrfaq\u00ebsohet me nje deputet ne parlamentin e ri te vendit. Kryetari i partise, Nazif Cungu, thote se ne\",\"breadcrumb\":{\"@id\":\"https:\/\/www.visit-ulcinj.com\/blog\/2009\/08\/24\/forca-kritikon-privatizimin-ne-mal-te-zi\/#breadcrumb\"},\"inLanguage\":\"en-US\",\"potentialAction\":[{\"@type\":\"ReadAction\",\"target\":[\"https:\/\/www.visit-ulcinj.com\/blog\/2009\/08\/24\/forca-kritikon-privatizimin-ne-mal-te-zi\/\"]}]},{\"@type\":\"BreadcrumbList\",\"@id\":\"https:\/\/www.visit-ulcinj.com\/blog\/2009\/08\/24\/forca-kritikon-privatizimin-ne-mal-te-zi\/#breadcrumb\",\"itemListElement\":[{\"@type\":\"ListItem\",\"position\":1,\"name\":\"&#8220;Forca&#8221; kritikon privatizimin n\u00eb Mal t\u00eb Zi\"}]},{\"@type\":\"Person\",\"@id\":\"https:\/\/www.visit-ulcinj.com\/blog\/#\/schema\/person\/dcab619c614d3038751c63bc2aadc06d\",\"name\":\"ulqini\",\"sameAs\":[\"http:\/\/www.visit-ulcinj.com\"],\"url\":\"https:\/\/www.visit-ulcinj.com\/blog\/author\/admin\/\"}]}<\/script>\n<!-- \/ Yoast SEO plugin. -->","yoast_head_json":{"title":"\"Forca\" kritikon privatizimin n\u00eb Mal t\u00eb Zi - Lajme nga Ulqini","description":"Partia \"FORCA\", e shqiptar\u00ebve n\u00eb Mal t\u00eb Zi, p\u00ebrfaq\u00ebsohet me nje deputet ne parlamentin e ri te vendit. Kryetari i partise, Nazif Cungu, thote se ne","robots":{"index":"index","follow":"follow","max-snippet":"max-snippet:-1","max-image-preview":"max-image-preview:large","max-video-preview":"max-video-preview:-1"},"canonical":"https:\/\/www.visit-ulcinj.com\/blog\/2009\/08\/24\/forca-kritikon-privatizimin-ne-mal-te-zi\/","og_locale":"en_US","og_type":"article","og_title":"\"Forca\" kritikon privatizimin n\u00eb Mal t\u00eb Zi - Lajme nga Ulqini","og_description":"Partia \"FORCA\", e shqiptar\u00ebve n\u00eb Mal t\u00eb Zi, p\u00ebrfaq\u00ebsohet me nje deputet ne parlamentin e ri te vendit. Kryetari i partise, Nazif Cungu, thote se ne","og_url":"https:\/\/www.visit-ulcinj.com\/blog\/2009\/08\/24\/forca-kritikon-privatizimin-ne-mal-te-zi\/","og_site_name":"Lajme nga Ulqini","article_published_time":"2009-08-24T14:14:29+00:00","article_modified_time":"2009-08-26T15:53:39+00:00","og_image":[{"url":"http:\/\/www.visit-ulcinj.com\/blog\/wp-content\/uploads\/2009\/08\/nazif_cungu_forca_ulqin.jpg"}],"twitter_misc":{"Written by":"ulqini","Est. reading time":"1 minute"},"schema":{"@context":"https:\/\/schema.org","@graph":[{"@type":"WebSite","@id":"https:\/\/www.visit-ulcinj.com\/blog\/#website","url":"https:\/\/www.visit-ulcinj.com\/blog\/","name":"Lajme nga Ulqini","description":"Lajme,Vijesti,Ulqini,Ulqin,Crna Gora,Mali i Zi","potentialAction":[{"@type":"SearchAction","target":{"@type":"EntryPoint","urlTemplate":"https:\/\/www.visit-ulcinj.com\/blog\/?s={search_term_string}"},"query-input":"required name=search_term_string"}],"inLanguage":"en-US"},{"@type":"ImageObject","inLanguage":"en-US","@id":"https:\/\/www.visit-ulcinj.com\/blog\/2009\/08\/24\/forca-kritikon-privatizimin-ne-mal-te-zi\/#primaryimage","url":"https:\/\/www.visit-ulcinj.com\/blog\/wp-content\/uploads\/2009\/08\/nazif_cungu_forca_ulqin.jpg","contentUrl":"https:\/\/www.visit-ulcinj.com\/blog\/wp-content\/uploads\/2009\/08\/nazif_cungu_forca_ulqin.jpg","width":"600","height":"450"},{"@type":"WebPage","@id":"https:\/\/www.visit-ulcinj.com\/blog\/2009\/08\/24\/forca-kritikon-privatizimin-ne-mal-te-zi\/#webpage","url":"https:\/\/www.visit-ulcinj.com\/blog\/2009\/08\/24\/forca-kritikon-privatizimin-ne-mal-te-zi\/","name":"\"Forca\" kritikon privatizimin n\u00eb Mal t\u00eb Zi - Lajme nga Ulqini","isPartOf":{"@id":"https:\/\/www.visit-ulcinj.com\/blog\/#website"},"primaryImageOfPage":{"@id":"https:\/\/www.visit-ulcinj.com\/blog\/2009\/08\/24\/forca-kritikon-privatizimin-ne-mal-te-zi\/#primaryimage"},"datePublished":"2009-08-24T14:14:29+00:00","dateModified":"2009-08-26T15:53:39+00:00","author":{"@id":"https:\/\/www.visit-ulcinj.com\/blog\/#\/schema\/person\/dcab619c614d3038751c63bc2aadc06d"},"description":"Partia \"FORCA\", e shqiptar\u00ebve n\u00eb Mal t\u00eb Zi, p\u00ebrfaq\u00ebsohet me nje deputet ne parlamentin e ri te vendit. Kryetari i partise, Nazif Cungu, thote se ne","breadcrumb":{"@id":"https:\/\/www.visit-ulcinj.com\/blog\/2009\/08\/24\/forca-kritikon-privatizimin-ne-mal-te-zi\/#breadcrumb"},"inLanguage":"en-US","potentialAction":[{"@type":"ReadAction","target":["https:\/\/www.visit-ulcinj.com\/blog\/2009\/08\/24\/forca-kritikon-privatizimin-ne-mal-te-zi\/"]}]},{"@type":"BreadcrumbList","@id":"https:\/\/www.visit-ulcinj.com\/blog\/2009\/08\/24\/forca-kritikon-privatizimin-ne-mal-te-zi\/#breadcrumb","itemListElement":[{"@type":"ListItem","position":1,"name":"&#8220;Forca&#8221; kritikon privatizimin n\u00eb Mal t\u00eb Zi"}]},{"@type":"Person","@id":"https:\/\/www.visit-ulcinj.com\/blog\/#\/schema\/person\/dcab619c614d3038751c63bc2aadc06d","name":"ulqini","sameAs":["http:\/\/www.visit-ulcinj.com"],"url":"https:\/\/www.visit-ulcinj.com\/blog\/author\/admin\/"}]}},"jetpack_featured_media_url":"","jetpack_sharing_enabled":true,"jetpack_shortlink":"https:\/\/wp.me\/pe6lTn-6tG","_links":{"self":[{"href":"https:\/\/www.visit-ulcinj.com\/blog\/wp-json\/wp\/v2\/posts\/24904"}],"collection":[{"href":"https:\/\/www.visit-ulcinj.com\/blog\/wp-json\/wp\/v2\/posts"}],"about":[{"href":"https:\/\/www.visit-ulcinj.com\/blog\/wp-json\/wp\/v2\/types\/post"}],"author":[{"embeddable":true,"href":"https:\/\/www.visit-ulcinj.com\/blog\/wp-json\/wp\/v2\/users\/1"}],"replies":[{"embeddable":true,"href":"https:\/\/www.visit-ulcinj.com\/blog\/wp-json\/wp\/v2\/comments?post=24904"}],"version-history":[{"count":0,"href":"https:\/\/www.visit-ulcinj.com\/blog\/wp-json\/wp\/v2\/posts\/24904\/revisions"}],"wp:attachment":[{"href":"https:\/\/www.visit-ulcinj.com\/blog\/wp-json\/wp\/v2\/media?parent=24904"}],"wp:term":[{"taxonomy":"category","embeddable":true,"href":"https:\/\/www.visit-ulcinj.com\/blog\/wp-json\/wp\/v2\/categories?post=24904"},{"taxonomy":"post_tag","embeddable":true,"href":"https:\/\/www.visit-ulcinj.com\/blog\/wp-json\/wp\/v2\/tags?post=24904"}],"curies":[{"name":"wp","href":"https:\/\/api.w.org\/{rel}","templated":true}]}}