{"id":2491,"date":"2008-08-14T12:27:17","date_gmt":"2008-08-14T17:27:17","guid":{"rendered":"http:\/\/www.visit-ulcinj.com\/blog\/?p=2491"},"modified":"2008-08-14T13:02:37","modified_gmt":"2008-08-14T18:02:37","slug":"nemate-cijene-za-masovni-turizam","status":"publish","type":"post","link":"https:\/\/www.visit-ulcinj.com\/blog\/2008\/08\/14\/nemate-cijene-za-masovni-turizam\/","title":{"rendered":"Nemate cijene za masovni turizam"},"content":{"rendered":"<p><a href=\"http:\/\/www.vijesti.cg.yu\/_slike\/1218669963.jpg\"><img loading=\"lazy\" class=\"alignleft\" title=\"\u0160keljzen Rizaj\" src=\"http:\/\/www.vijesti.cg.yu\/_slike\/1218669963.jpg\" alt=\"\" width=\"290\" height=\"190\" \/><\/a><strong>Direktor turisti?kog centra kosova obja\u0161njava za\u0161to su kosovari ove sezone zaobilazili crnu goru<\/strong><br \/>\nUlcinj &#8211; Crna Gora vi\u0161e nije jeftina turisti?ka destinacija i u njoj trenutno ne postoje uslovi za masovni turizam- rekao je direktor Turisti?kog centra Kosova \u0160keljzen Rizaj. U razgovoru za \u201eVijesti\u201c on je ocijenio da je to glavni ali ne i jedini razlog slabije turisti?ke posjete u odnosu na lani. Osim skupo?e, prema njegovim rije?ima, na odluku potencijalnih turista da Crnu Goru zaobi?u ovog ljeta, uticalo je i uvo?enje ekolo\u0161ke takse i limitiranje unosa hrane.<br \/>\n&#8211; Ekolo\u0161ka taksa zbilja nije velika ali djeluje optere?uju?e na skromne bud\u017eete onih koji su se zaputili na more. Osim toga, od ljetovanja u Crnu Goru odustao je dobar dio onih koji na put nose i ne\u0161to hrane sa sobom strahuju?i od problema sa carinom. Kad potencijalni gost, recimo iz Srbije ili sa Kosova, ima sve to na umu dok slu\u0161a i gleda primamljive ponude iz Gr?ke i Albanije, onda je jasno za\u0161to je Crnogorska obala od Herceg Novog do Ulcinja ve?i dio sezone bila bukvalno desetkovana- zaklju?io je Rizaj. Osvr?u?i se na tok sezone u Ulcinju, on je ocijenio da je turisti?ko tr\u017ei\u0161te sa Kosova ove godine, osim navedenih razloga, dodatno bilo optere?eno i ?injenicom da Crna Gora nije priznala Kosovo.<br \/>\nOn je naglasio da se niko od onih koji su sa Kosova i ove godine do\u0161li u Ulcinj i Crnu Goru, nije pokajao. Kako je rekao, po?etkom jula Kosovara u Ulcinju bilo je manje 40 odsto u odnosu na lani a sada 20%.<br \/>\n&#8211; Za svih proteklih 10 godina, na\u0161i turisti u Crnoj Gori imali su gotovo povla\u0161?en status i to je poznato svima na Kosovu. Da bi u\u0161ao u Makedoniju, Kosovar mora da ima validan paso\u0161 iako u tamo\u0161njoj Vladi sjedi jedan zamjenik premijera i 5 ministara Albanaca. U Crnu Goru mo\u017eemo i sa isteklom li?nom kartom ili voza?kom dozvolom. Crna Gora vi\u0161e ne hapsi politi?ke osu?enike sa starih srpskih potrjernica i izuzetno je bezbjedna destinacija. Zahvaljuju?i izuzetnim mjerama bezbjednosti, ni ove sezone nijesmo imali ni jedan ozbiljniji incident u kome je u?estovao gost sa Kosova- naglasio je Rizaj. On je podsjetio da je jedna privatna albanska televizija u dva navrata javljala o oru\u017eanim napadima na Kosovare u toj zemlji.<a href=\"http:\/\/www.visit-ulcinj.com\/blog\/wp-content\/uploads\/2008\/08\/velika-plaza_ulcinj_montenegro.jpg\"><img loading=\"lazy\" class=\"alignright size-medium wp-image-2279\" title=\"velika-plaza_ulcinj_montenegro\" src=\"http:\/\/www.visit-ulcinj.com\/blog\/wp-content\/uploads\/2008\/08\/velika-plaza_ulcinj_montenegro-300x200.jpg\" alt=\"\" width=\"168\" height=\"112\" srcset=\"https:\/\/www.visit-ulcinj.com\/blog\/wp-content\/uploads\/2008\/08\/velika-plaza_ulcinj_montenegro-300x200.jpg 300w, https:\/\/www.visit-ulcinj.com\/blog\/wp-content\/uploads\/2008\/08\/velika-plaza_ulcinj_montenegro.jpg 640w\" sizes=\"(max-width: 168px) 100vw, 168px\" \/><\/a><br \/>\n&#8211; U prvom slu?aju, oplja?kani su putnici jednog autobusa a u drugom razbojnici su oteli tri automobila ostaviv\u0161i na\u0161e turiste bez dokumenata, novca i garderobe na pustom putu usred no?i. Toga u Crnoj Gori nema. Zato ?e se Kosovari naredne seozone ponovo vratiti svojoj omiljenoj destinaciji ali poslije nedavne donatorske konfetrencije i pozitivnih ekonomskih trendova u zemlji, sigurno bolje plate\u017ene mo?i. I vjerujem, sa priznanjem u d\u017eepu- najavio je Rizaj.<\/p>\n<div style=\"width: 242px\" class=\"wp-caption alignleft\"><a href=\"http:\/\/www.vijesti.cg.yu\/_slike\/1218669640.jpg\"><img loading=\"lazy\" title=\"Hotel Otrant\" src=\"http:\/\/www.vijesti.cg.yu\/_slike\/1218669640.jpg\" alt=\"\" width=\"232\" height=\"152\" \/><\/a><p class=\"wp-caption-text\">Hotel Otrant Ulcinj<\/p><\/div>\n<p><strong>Cijela dijaspora u Ulcinju<\/strong><br \/>\nGovore?i o Ulcinju, Rizaj je ponovio zamjerke na nedostatak krupnijih hotelskih kapaciteta.<br \/>\n-Tursiti?ka elita Kosova ranije je odsijedala u Galebu, Otrantu, Lidu, Albatrosu povla?e?i za sobom slabije plate\u017enu klijentelu koja je punila privatni smje\u0161taj. U Ulcinju vi\u0161e nema tih hotela osim Albatrosa, koji ima dvije zvjezdice i to je vi\u0161e nego tu\u017eno. Osim toga, ni privatni smje\u0161taj, koji je lijep i izuzetno kvalitetan, nije vi\u0161e tako jeftin- obja\u0161njava Rizaj. On je kazao da ohrabruje \u0161to je gotovo cijela dijaspora Kosova odabrala Ulcinj za ljetovanje.<br \/>\n-To se mo\u017ee vidjeti na grani?nim prelazima izme?u Crne Gore i Kosova i registarskim oznakama automobila. U razgovoru sa nekim od njih, saznao sam da nijesu imali dileme oko toga gdje ?e na odmor i to je ono \u0161to ohrabruje budu?i da se radi o visoko plate\u017enoj klijenteli- ocijenio je Rizaj. On je apelovao na turisti?ke poslenike da razmisle o uskla?ivanju cijena sa regionom.<br \/>\n-Osim toga, Ulcinju trebaju parkinzi, bulevar i novi most, jer i sada kada je gostiju manje, imamo usko grlo na Port Mileni a do grada treba pola sata ili sat. Tako?e, stavljanje privatizovanih kapaciteta u funkciju, morao bi biti imperativ novih vlasnika i gradskih i republi?kih vlasti- ocijenio je Rizaj.<\/p>\n<p><strong>Ta?i ne sumnja u mudrost crnogorskog rukovodstva<\/strong><a href=\"http:\/\/www.albanur.net\/foto\/INDEPENDENT_KOSOVO.jpg\"><img loading=\"lazy\" class=\"alignright\" title=\"Priznanje Kosova\" src=\"http:\/\/www.albanur.net\/foto\/INDEPENDENT_KOSOVO.jpg\" alt=\"\" width=\"239\" height=\"202\" \/><\/a><br \/>\n&#8211; Neki politi?ari i Albanci po profesiji na po?etku sezone otvorili su \u201efront\u201c protiv Crne Gore govore?i kako Crna Gora nepotrebno odugovla?i sa priznanjem. To je negativno uticalo na stav na\u0161ih crnogorski profilisanih turista, iako ve?ina intelektualaca na Kosovu, kao i premijer Ta?i, ne sumnjaju da ?e odluka mudrog crnogorskog rukovodstva do?i u pravi ?as. Crna Gora je na evropskom putu, koji implicira priznanje i nama je jasno da nije ni mogla da prednja?i u tome &#8211; kazao je Rizaj i dodao da, uprkos tome, Albanci sa Kosova nikad ne?e zaboraviti pomo? crnogorskih vlasti i crnogorskog naroda prilikom egzodusa prije 10 godina.<br \/>\n<strong>Autor \/ S. ADROVI?<br \/>\nIzvor \/ Vijesti<\/strong><\/p>\n","protected":false},"excerpt":{"rendered":"<p><img loading=\"lazy\" class=\"alignleft\" title=\"\u0160keljzen Rizaj\" src=\"http:\/\/www.vijesti.cg.yu\/_slike\/1218669963.jpg\" alt=\"\" width=\"140\" height=\"140\" \/><\/p>\n","protected":false},"author":1,"featured_media":0,"comment_status":"open","ping_status":"closed","sticky":false,"template":"","format":"standard","meta":{"spay_email":"","jetpack_publicize_message":"","jetpack_is_tweetstorm":false,"jetpack_publicize_feature_enabled":true},"categories":[12,15],"tags":[20,4340,788,2147],"jetpack_publicize_connections":[],"yoast_head":"<!-- This site is optimized with the Yoast SEO plugin v19.1 - https:\/\/yoast.com\/wordpress\/plugins\/seo\/ -->\n<title>Nemate cijene za masovni turizam - Lajme nga Ulqini<\/title>\n<meta name=\"robots\" content=\"index, follow, max-snippet:-1, max-image-preview:large, max-video-preview:-1\" \/>\n<link rel=\"canonical\" href=\"https:\/\/www.visit-ulcinj.com\/blog\/2008\/08\/14\/nemate-cijene-za-masovni-turizam\/\" \/>\n<meta property=\"og:locale\" content=\"en_US\" \/>\n<meta property=\"og:type\" content=\"article\" \/>\n<meta property=\"og:title\" content=\"Nemate cijene za masovni turizam - Lajme nga Ulqini\" \/>\n<meta property=\"og:url\" content=\"https:\/\/www.visit-ulcinj.com\/blog\/2008\/08\/14\/nemate-cijene-za-masovni-turizam\/\" \/>\n<meta property=\"og:site_name\" content=\"Lajme nga Ulqini\" \/>\n<meta property=\"article:published_time\" content=\"2008-08-14T17:27:17+00:00\" \/>\n<meta property=\"article:modified_time\" content=\"2008-08-14T18:02:37+00:00\" \/>\n<meta property=\"og:image\" content=\"http:\/\/www.vijesti.cg.yu\/_slike\/1218669963.jpg\" \/>\n<meta name=\"twitter:label1\" content=\"Written by\" \/>\n\t<meta name=\"twitter:data1\" content=\"ulqini\" \/>\n\t<meta name=\"twitter:label2\" content=\"Est. reading time\" \/>\n\t<meta name=\"twitter:data2\" content=\"4 minutes\" \/>\n<script type=\"application\/ld+json\" class=\"yoast-schema-graph\">{\"@context\":\"https:\/\/schema.org\",\"@graph\":[{\"@type\":\"WebSite\",\"@id\":\"https:\/\/www.visit-ulcinj.com\/blog\/#website\",\"url\":\"https:\/\/www.visit-ulcinj.com\/blog\/\",\"name\":\"Lajme nga Ulqini\",\"description\":\"Lajme,Vijesti,Ulqini,Ulqin,Crna Gora,Mali i Zi\",\"potentialAction\":[{\"@type\":\"SearchAction\",\"target\":{\"@type\":\"EntryPoint\",\"urlTemplate\":\"https:\/\/www.visit-ulcinj.com\/blog\/?s={search_term_string}\"},\"query-input\":\"required name=search_term_string\"}],\"inLanguage\":\"en-US\"},{\"@type\":\"ImageObject\",\"inLanguage\":\"en-US\",\"@id\":\"https:\/\/www.visit-ulcinj.com\/blog\/2008\/08\/14\/nemate-cijene-za-masovni-turizam\/#primaryimage\",\"url\":\"http:\/\/www.vijesti.cg.yu\/_slike\/1218669963.jpg\",\"contentUrl\":\"http:\/\/www.vijesti.cg.yu\/_slike\/1218669963.jpg\"},{\"@type\":\"WebPage\",\"@id\":\"https:\/\/www.visit-ulcinj.com\/blog\/2008\/08\/14\/nemate-cijene-za-masovni-turizam\/#webpage\",\"url\":\"https:\/\/www.visit-ulcinj.com\/blog\/2008\/08\/14\/nemate-cijene-za-masovni-turizam\/\",\"name\":\"Nemate cijene za masovni turizam - Lajme nga Ulqini\",\"isPartOf\":{\"@id\":\"https:\/\/www.visit-ulcinj.com\/blog\/#website\"},\"primaryImageOfPage\":{\"@id\":\"https:\/\/www.visit-ulcinj.com\/blog\/2008\/08\/14\/nemate-cijene-za-masovni-turizam\/#primaryimage\"},\"datePublished\":\"2008-08-14T17:27:17+00:00\",\"dateModified\":\"2008-08-14T18:02:37+00:00\",\"author\":{\"@id\":\"https:\/\/www.visit-ulcinj.com\/blog\/#\/schema\/person\/dcab619c614d3038751c63bc2aadc06d\"},\"breadcrumb\":{\"@id\":\"https:\/\/www.visit-ulcinj.com\/blog\/2008\/08\/14\/nemate-cijene-za-masovni-turizam\/#breadcrumb\"},\"inLanguage\":\"en-US\",\"potentialAction\":[{\"@type\":\"ReadAction\",\"target\":[\"https:\/\/www.visit-ulcinj.com\/blog\/2008\/08\/14\/nemate-cijene-za-masovni-turizam\/\"]}]},{\"@type\":\"BreadcrumbList\",\"@id\":\"https:\/\/www.visit-ulcinj.com\/blog\/2008\/08\/14\/nemate-cijene-za-masovni-turizam\/#breadcrumb\",\"itemListElement\":[{\"@type\":\"ListItem\",\"position\":1,\"name\":\"Nemate cijene za masovni turizam\"}]},{\"@type\":\"Person\",\"@id\":\"https:\/\/www.visit-ulcinj.com\/blog\/#\/schema\/person\/dcab619c614d3038751c63bc2aadc06d\",\"name\":\"ulqini\",\"sameAs\":[\"http:\/\/www.visit-ulcinj.com\"],\"url\":\"https:\/\/www.visit-ulcinj.com\/blog\/author\/admin\/\"}]}<\/script>\n<!-- \/ Yoast SEO plugin. -->","yoast_head_json":{"title":"Nemate cijene za masovni turizam - Lajme nga Ulqini","robots":{"index":"index","follow":"follow","max-snippet":"max-snippet:-1","max-image-preview":"max-image-preview:large","max-video-preview":"max-video-preview:-1"},"canonical":"https:\/\/www.visit-ulcinj.com\/blog\/2008\/08\/14\/nemate-cijene-za-masovni-turizam\/","og_locale":"en_US","og_type":"article","og_title":"Nemate cijene za masovni turizam - Lajme nga Ulqini","og_url":"https:\/\/www.visit-ulcinj.com\/blog\/2008\/08\/14\/nemate-cijene-za-masovni-turizam\/","og_site_name":"Lajme nga Ulqini","article_published_time":"2008-08-14T17:27:17+00:00","article_modified_time":"2008-08-14T18:02:37+00:00","og_image":[{"url":"http:\/\/www.vijesti.cg.yu\/_slike\/1218669963.jpg"}],"twitter_misc":{"Written by":"ulqini","Est. reading time":"4 minutes"},"schema":{"@context":"https:\/\/schema.org","@graph":[{"@type":"WebSite","@id":"https:\/\/www.visit-ulcinj.com\/blog\/#website","url":"https:\/\/www.visit-ulcinj.com\/blog\/","name":"Lajme nga Ulqini","description":"Lajme,Vijesti,Ulqini,Ulqin,Crna Gora,Mali i Zi","potentialAction":[{"@type":"SearchAction","target":{"@type":"EntryPoint","urlTemplate":"https:\/\/www.visit-ulcinj.com\/blog\/?s={search_term_string}"},"query-input":"required name=search_term_string"}],"inLanguage":"en-US"},{"@type":"ImageObject","inLanguage":"en-US","@id":"https:\/\/www.visit-ulcinj.com\/blog\/2008\/08\/14\/nemate-cijene-za-masovni-turizam\/#primaryimage","url":"http:\/\/www.vijesti.cg.yu\/_slike\/1218669963.jpg","contentUrl":"http:\/\/www.vijesti.cg.yu\/_slike\/1218669963.jpg"},{"@type":"WebPage","@id":"https:\/\/www.visit-ulcinj.com\/blog\/2008\/08\/14\/nemate-cijene-za-masovni-turizam\/#webpage","url":"https:\/\/www.visit-ulcinj.com\/blog\/2008\/08\/14\/nemate-cijene-za-masovni-turizam\/","name":"Nemate cijene za masovni turizam - Lajme nga Ulqini","isPartOf":{"@id":"https:\/\/www.visit-ulcinj.com\/blog\/#website"},"primaryImageOfPage":{"@id":"https:\/\/www.visit-ulcinj.com\/blog\/2008\/08\/14\/nemate-cijene-za-masovni-turizam\/#primaryimage"},"datePublished":"2008-08-14T17:27:17+00:00","dateModified":"2008-08-14T18:02:37+00:00","author":{"@id":"https:\/\/www.visit-ulcinj.com\/blog\/#\/schema\/person\/dcab619c614d3038751c63bc2aadc06d"},"breadcrumb":{"@id":"https:\/\/www.visit-ulcinj.com\/blog\/2008\/08\/14\/nemate-cijene-za-masovni-turizam\/#breadcrumb"},"inLanguage":"en-US","potentialAction":[{"@type":"ReadAction","target":["https:\/\/www.visit-ulcinj.com\/blog\/2008\/08\/14\/nemate-cijene-za-masovni-turizam\/"]}]},{"@type":"BreadcrumbList","@id":"https:\/\/www.visit-ulcinj.com\/blog\/2008\/08\/14\/nemate-cijene-za-masovni-turizam\/#breadcrumb","itemListElement":[{"@type":"ListItem","position":1,"name":"Nemate cijene za masovni turizam"}]},{"@type":"Person","@id":"https:\/\/www.visit-ulcinj.com\/blog\/#\/schema\/person\/dcab619c614d3038751c63bc2aadc06d","name":"ulqini","sameAs":["http:\/\/www.visit-ulcinj.com"],"url":"https:\/\/www.visit-ulcinj.com\/blog\/author\/admin\/"}]}},"jetpack_featured_media_url":"","jetpack_sharing_enabled":true,"jetpack_shortlink":"https:\/\/wp.me\/pe6lTn-Eb","_links":{"self":[{"href":"https:\/\/www.visit-ulcinj.com\/blog\/wp-json\/wp\/v2\/posts\/2491"}],"collection":[{"href":"https:\/\/www.visit-ulcinj.com\/blog\/wp-json\/wp\/v2\/posts"}],"about":[{"href":"https:\/\/www.visit-ulcinj.com\/blog\/wp-json\/wp\/v2\/types\/post"}],"author":[{"embeddable":true,"href":"https:\/\/www.visit-ulcinj.com\/blog\/wp-json\/wp\/v2\/users\/1"}],"replies":[{"embeddable":true,"href":"https:\/\/www.visit-ulcinj.com\/blog\/wp-json\/wp\/v2\/comments?post=2491"}],"version-history":[{"count":0,"href":"https:\/\/www.visit-ulcinj.com\/blog\/wp-json\/wp\/v2\/posts\/2491\/revisions"}],"wp:attachment":[{"href":"https:\/\/www.visit-ulcinj.com\/blog\/wp-json\/wp\/v2\/media?parent=2491"}],"wp:term":[{"taxonomy":"category","embeddable":true,"href":"https:\/\/www.visit-ulcinj.com\/blog\/wp-json\/wp\/v2\/categories?post=2491"},{"taxonomy":"post_tag","embeddable":true,"href":"https:\/\/www.visit-ulcinj.com\/blog\/wp-json\/wp\/v2\/tags?post=2491"}],"curies":[{"name":"wp","href":"https:\/\/api.w.org\/{rel}","templated":true}]}}