{"id":24919,"date":"2009-08-25T17:41:28","date_gmt":"2009-08-25T15:41:28","guid":{"rendered":"http:\/\/www.visit-ulcinj.com\/blog\/?p=24919"},"modified":"2009-08-25T17:42:56","modified_gmt":"2009-08-25T15:42:56","slug":"cungu-tuzi-moraju-biti-opstina","status":"publish","type":"post","link":"https:\/\/www.visit-ulcinj.com\/blog\/2009\/08\/25\/cungu-tuzi-moraju-biti-opstina\/","title":{"rendered":"Cungu: Tuzi moraju biti op\u0161tina"},"content":{"rendered":"<address><strong><a href=\"http:\/\/www.visit-ulcinj.com\/blog\/wp-content\/uploads\/2009\/08\/NAZIF-CUNGU_Predsjednik-nove-demokratske-snage-Forca.jpg\"><img loading=\"lazy\" class=\"alignleft size-full wp-image-24920\" title=\"NAZIF CUNGU_Predsjednik nove demokratske snage Forca\" src=\"http:\/\/www.visit-ulcinj.com\/blog\/wp-content\/uploads\/2009\/08\/NAZIF-CUNGU_Predsjednik-nove-demokratske-snage-Forca.jpg\" alt=\"NAZIF CUNGU_Predsjednik nove demokratske snage Forca\" width=\"390\" height=\"372\" \/><\/a>Predsjednik nove demokratske snage Forca prigovara vladi da nije odr\u017eala obe?anja koja je davala uo?i svih izbora<\/strong><\/address>\n<address><strong>Do sada je Vlada trebalo ve? da obezbijedi adekvatan elaborat o ekonomskim potencijalima Malesije, kao i posebne programe za pospje\u0161ivanje ekonomskog razvoja, umjesto naga?anja o tome da li je projekat punopravne op\u0161tine Tuzi ekonomski odr\u017eiv<\/strong><\/address>\n<p>Podgorica, 24. avgusta &#8211; Tuzi i ostale teritorije koje ispunjavaju uslove, treba da dobiju status op\u0161tine. Korektno bi bilo da se na\u0161oj dijaspori, koja je odigrala klju?nu ulogu za nezavisnost Crne Gore, obezbijedi povoljan ambijent za investiranje i stvore uslovi za povratak na svoja ognji\u0161ta. Ovim bi oja?alo me?usobno povjerenje unutar Crne Gore, a ujedno bismo i Evropskoj uniji poslali pravi signal o po\u0161tovanju ljudskih, nacionalnih i gra?anskih prava, kazao je za \u201cPobjedu\u201d Nazif Cungu, predsjednik Nove demokratske snage Forca.<\/p>\n<p>Cungu je, komentari\u0161u?i nacrt Zakona o teritorijalnoj organizaciji Crne Gore, kazao da on ne sadr\u017ei u sebi \u201cono \u0161to je, prije skoro svih izbora, dogovorano i obe?avano\u201d. Do sada je Vlada trebalo ve? da obezbijedi adekvatan elaborat o ekonomskim potencijalima Malesije kao i posebne programe za pospje\u0161ivanje ekonomskog razvoja, umjesto naga?anja o tome da li je projekat punopravne op\u0161tine Tuzi ekonomski odr\u017eiv. Nepotrebno je da se politi?ka energija tro\u0161i u ubje?ivanju oko opravdanosti ove op\u0161tine.<\/p>\n<p><strong>* Koji model predstavljanja manjina u izbornom zakonu je za Albance najbolji, i koje su prednosti tog modela?<\/strong><\/p>\n<p>&#8211; Najbolji model je posebna izborna jedinica za Albance, ili kompromis koji je sada na snazi, a to je bira?ka mjesta sa ve?inskim albanskim stanovni\u0161tvom. U toj jedinici bi u?estvovale samo nacionalne stranke Albanaca gdje bi djelili i mandate. Dok pravo da u?estvuju bi imale i ostale stranke da dobijaju glasove, a ne na mandate. Ta analogija postoji i sada, ali treba da potvrdi i Skup\u0161tina Crne Gore.<\/p>\n<p>Ne zahtijevamo ne\u0161to posebno. Radi se o ste?enim pravima. Sada na\u0161a posebna izborna jedinica daje pet mandata za Skup\u0161tinu Crne Gore i Albanci ta ste?ena prava ne mogu da izgube. O?ekujemo da ?e dr\u017eava Crna Gora ponuditi poseban dugoro?ni program koji ?e da unaprijedi polo\u017eaj i zastupljenost Albanaca, a ovo se mo\u017ee posti?i prvenstveno ulaganjem u visokostru?no obrazovanje mladih koji predstavljaju garanciju budu?nosti. Prva potvrda na\u0161im o?ekivanja bi?e novi izborni zakon.<\/p>\n<p>Politi?ko predstavljanje nacionalnih manjina treba da bude eksklizuvno pravo nacionalnih stranaka. Postoje?i izborni model ne garantuje nijednoj partiji ulazak u parlament, to ipak zavisi od volje bira?a koji preko svojih nacionalih partija biraju svoje predstavnike.<\/p>\n<p><strong>* Kako komentari\u0161ete stav PZP da treba ukinuti cenzus strankama manjinskih naroda?<\/strong><\/p>\n<p>&#8211; U principu, sva pitanja manjina se ne mogu rje\u0161avati istim modelom. Sve druge manjine ima?e na\u0161u podr\u0161ku u potrazi za modelom koji njima odgovara.<\/p>\n<p><strong>* Kakav je, po Vama, polo\u017eaj albanske nacionalne manjine u Crnoj Gori?<\/strong><\/p>\n<p>&#8211; Zastupljenost Albanaca u svim dr\u017eavnim institucijama simboli?na je i ni pribli\u017eno ne odgovara procentu broja gra?ana. Naravno, nije potrebno da se zapo\u0161ljava po klju?u, ve? treba raditi na tome da se stvore kvalitetni kadrovi koji ispunjavaju zahtijevane standarde i koji se ne?e zapo\u0161ljavati po partijskoj osnovi.<\/p>\n<p>Zatim, ulaganje u \u0161kolsku infrastrukturu i obrazovanje na albanskom jeziku skoro je potpuno zapostavljeno. Uslovi u svim \u0161kolama ne ispunjavaju primarne uslove. Jedina srednja \u0161kola u Ulcinju je \u201cBratstvo-jedinstvo\u201d, koja je izgra?ena prije 40 godina sa projektovanim kapacitetom za 350 u?enika, a danas u tom centru poha?a nastavu 1200 u?enika.<\/p>\n<p>Na\u017ealost, ima dosta primjera koji potvr?uju lo\u0161u ekonomsku situaciju koja ne poga?a samo Albance, ve? sve gra?ane koji \u017eive na tim podru?jima, bez obzira kojem narodu pripadaju.<\/p>\n<p><strong>Lo\u0161a saradnja<\/strong><\/p>\n<p><strong>* Kakva je saradnja me?u albanskim strankama u Crnoj Gori?<\/strong><\/p>\n<p>&#8211; Sama ?injenica da na politi?koj sceni Crne Gore ima \u0161est albanskih partija, potvr?uje da postoje razlike i da je albanski korpus podijelen. Odlaganje formiranja kluba poslanika-predstavnika Albanaca u Skup\u0161tini Crne Gore dokaz je o lo\u0161oj saradnji.<\/p>\n<p>Bez obzira na nedovoljnu saradnju, izme?u svih albanskih stranaka postoje dodirne ta?ke sa ve?inom od njih. Saglasni smo da se u Crnoj Gori mora pristupiti decentralizaci vlasti, treba vratiti ingerencije op\u0161tini Ulcinj, a posebno u dijelu Morskog dobra, omogu?iti formiranje op\u0161tine Tuzi, smanjenjiti teritoriju koju obuhvata Nacionalni park &#8220;Prokletije&#8221;, vratiti biv\u0161im vlasnicima ranije oduzetu imovinu itd. Postojanje vi\u0161e partija zna?i i vi\u0161e alternative za bira?e, ali broj albanskih partija bi trebalo da bude manji.<\/p>\n<p><strong>Umjesto razvoja, siroma\u0161tvo<\/strong><\/p>\n<p>Najve?i razvojni potencijali Crne Gore upravo su na podru?jima gdje Albanci ?ine ve?inu, a budu?i da su decenijama zapostavljena, istovremeno predstavljaju najsiroma\u0161nija podru?ja. Ulcinj, kao najperspektivniji grad, do 1990. godine imao je najbolje i najve?e smje\u0161tajne kapacitete. Danas, nakon skoro 20 godina, ti primarni kapaciteti ne postoje, \u0161to je posljedica neadekvatne, tj. lo\u0161e privatizacije, koja nije uklju?ila nijednog strate\u0161kog partnera, kako je to bilo predvi?eno Agendama Vlade. Hotel \u201cJadran\u201d nije izgra?en, hotel \u201cGaleb\u201d iz nepoznatih razloga je poru\u0161en, hotel \u201cAlbatros\u201d privatizovan i u njega nije ni\u0161ta ulo\u017eeno i sada radi sa 50 odsto kapaciteta i to na najni\u017eem stepenu ure?enosti, hotel \u201cMediteran\u201d, star oko 50 godina, dijelom poru\u0161en, \u201cLido\u201d i \u201cLido bungalov\u201d tako?e vi\u0161e 50 godina stari i ?eka se navodno renoviranje, a hotel \u201cOlimpik\u201d, \u201dBelvi\u201d i objekti na Adi-Bojani ?ekaju nove partnere. \u201dAgroulcinj\u201d vi\u0161e ne postoji, Solana \u201cBajo Sekuli?\u201d pod ste?ajem, otpu\u0161tena je ve?ina radnika i sada se ?ekaju novi partneri. Sada\u0161nji nivo turizma daleko je od onog koji Ulcinju treba da obezbjedi mjesto vode?e turisti?ke destinacije u Crnoj Gori I regionu. Posljedica ovako sprovedene privatizacije bilo je masovno iseljavanje albanske manjine iz Crne Gore, \u0161to je uzrokovalo da u posljednjem popisu stanovni\u0161tva iz 2003. godine Ulcinj bude registrovan kao jedina primorska op\u0161tina sa manjim brojem stanovni\u0161tva u pore?enju sa popisom iz 1981. godine.<\/p>\n<p>Od 1990 god. u Ulcinju nije ura?en nijedan Detaljni urbanisti?ki plan. Sva gradnja je izvr\u0161ena bez validne dokumentacije i bez pla?anja zakonskih obaveza. Ulcinj je jedini grad u Crnoj Gori koji ima otvorenu kanalizaciju (potok Bratica i Port Milena).<\/p>\n<p><strong>I. K.<br \/>\n<a href=\"http:\/\/www.pobjeda.co.me\/citanje.php?datum=2009-08-25&amp;id=169967\" target=\"_blank\">Pobjeda<\/a><\/strong><\/p>\n<!--YouTube Error: bad URL entered-->\n","protected":false},"excerpt":{"rendered":"<p>Predsjednik nove demokratske snage Forca prigovara vladi da nije odr\u017eala obe?anja koja je davala uo?i svih izbora Do sada je Vlada trebalo ve? da obezbijedi adekvatan elaborat o ekonomskim potencijalima Malesije, kao i posebne programe za pospje\u0161ivanje ekonomskog razvoja, umjesto naga?anja o tome da li je projekat punopravne op\u0161tine Tuzi ekonomski odr\u017eiv Podgorica, 24. avgusta [&hellip;]<\/p>\n","protected":false},"author":1,"featured_media":0,"comment_status":"open","ping_status":"closed","sticky":false,"template":"","format":"standard","meta":{"spay_email":"","jetpack_publicize_message":"","jetpack_is_tweetstorm":false,"jetpack_publicize_feature_enabled":true},"categories":[8337],"tags":[118,12271],"jetpack_publicize_connections":[],"yoast_head":"<!-- This site is optimized with the Yoast SEO plugin v19.1 - https:\/\/yoast.com\/wordpress\/plugins\/seo\/ -->\n<title>Cungu: Tuzi moraju biti op\u0161tina - Lajme nga Ulqini<\/title>\n<meta name=\"description\" content=\"Predsjednik nove demokratske snage Forca prigovara vladi da nije odr\u017eala obe?anja koja je davala uo?i svih izbora Do sada je Vlada trebalo ve? da\" \/>\n<meta name=\"robots\" content=\"index, follow, max-snippet:-1, max-image-preview:large, max-video-preview:-1\" \/>\n<link rel=\"canonical\" href=\"https:\/\/www.visit-ulcinj.com\/blog\/2009\/08\/25\/cungu-tuzi-moraju-biti-opstina\/\" \/>\n<meta property=\"og:locale\" content=\"en_US\" \/>\n<meta property=\"og:type\" content=\"article\" \/>\n<meta property=\"og:title\" content=\"Cungu: Tuzi moraju biti op\u0161tina - Lajme nga Ulqini\" \/>\n<meta property=\"og:description\" content=\"Predsjednik nove demokratske snage Forca prigovara vladi da nije odr\u017eala obe?anja koja je davala uo?i svih izbora Do sada je Vlada trebalo ve? da\" \/>\n<meta property=\"og:url\" content=\"https:\/\/www.visit-ulcinj.com\/blog\/2009\/08\/25\/cungu-tuzi-moraju-biti-opstina\/\" \/>\n<meta property=\"og:site_name\" content=\"Lajme nga Ulqini\" \/>\n<meta property=\"article:published_time\" content=\"2009-08-25T15:41:28+00:00\" \/>\n<meta property=\"article:modified_time\" content=\"2009-08-25T15:42:56+00:00\" \/>\n<meta property=\"og:image\" content=\"http:\/\/www.visit-ulcinj.com\/blog\/wp-content\/uploads\/2009\/08\/NAZIF-CUNGU_Predsjednik-nove-demokratske-snage-Forca.jpg\" \/>\n<meta name=\"twitter:label1\" content=\"Written by\" \/>\n\t<meta name=\"twitter:data1\" content=\"ulqini\" \/>\n\t<meta name=\"twitter:label2\" content=\"Est. reading time\" \/>\n\t<meta name=\"twitter:data2\" content=\"5 minutes\" \/>\n<script type=\"application\/ld+json\" class=\"yoast-schema-graph\">{\"@context\":\"https:\/\/schema.org\",\"@graph\":[{\"@type\":\"WebSite\",\"@id\":\"https:\/\/www.visit-ulcinj.com\/blog\/#website\",\"url\":\"https:\/\/www.visit-ulcinj.com\/blog\/\",\"name\":\"Lajme nga Ulqini\",\"description\":\"Lajme,Vijesti,Ulqini,Ulqin,Crna Gora,Mali i Zi\",\"potentialAction\":[{\"@type\":\"SearchAction\",\"target\":{\"@type\":\"EntryPoint\",\"urlTemplate\":\"https:\/\/www.visit-ulcinj.com\/blog\/?s={search_term_string}\"},\"query-input\":\"required name=search_term_string\"}],\"inLanguage\":\"en-US\"},{\"@type\":\"ImageObject\",\"inLanguage\":\"en-US\",\"@id\":\"https:\/\/www.visit-ulcinj.com\/blog\/2009\/08\/25\/cungu-tuzi-moraju-biti-opstina\/#primaryimage\",\"url\":\"https:\/\/www.visit-ulcinj.com\/blog\/wp-content\/uploads\/2009\/08\/NAZIF-CUNGU_Predsjednik-nove-demokratske-snage-Forca.jpg\",\"contentUrl\":\"https:\/\/www.visit-ulcinj.com\/blog\/wp-content\/uploads\/2009\/08\/NAZIF-CUNGU_Predsjednik-nove-demokratske-snage-Forca.jpg\",\"width\":\"300\",\"height\":\"286\"},{\"@type\":\"WebPage\",\"@id\":\"https:\/\/www.visit-ulcinj.com\/blog\/2009\/08\/25\/cungu-tuzi-moraju-biti-opstina\/#webpage\",\"url\":\"https:\/\/www.visit-ulcinj.com\/blog\/2009\/08\/25\/cungu-tuzi-moraju-biti-opstina\/\",\"name\":\"Cungu: Tuzi moraju biti op\u0161tina - Lajme nga Ulqini\",\"isPartOf\":{\"@id\":\"https:\/\/www.visit-ulcinj.com\/blog\/#website\"},\"primaryImageOfPage\":{\"@id\":\"https:\/\/www.visit-ulcinj.com\/blog\/2009\/08\/25\/cungu-tuzi-moraju-biti-opstina\/#primaryimage\"},\"datePublished\":\"2009-08-25T15:41:28+00:00\",\"dateModified\":\"2009-08-25T15:42:56+00:00\",\"author\":{\"@id\":\"https:\/\/www.visit-ulcinj.com\/blog\/#\/schema\/person\/dcab619c614d3038751c63bc2aadc06d\"},\"description\":\"Predsjednik nove demokratske snage Forca prigovara vladi da nije odr\u017eala obe?anja koja je davala uo?i svih izbora Do sada je Vlada trebalo ve? da\",\"breadcrumb\":{\"@id\":\"https:\/\/www.visit-ulcinj.com\/blog\/2009\/08\/25\/cungu-tuzi-moraju-biti-opstina\/#breadcrumb\"},\"inLanguage\":\"en-US\",\"potentialAction\":[{\"@type\":\"ReadAction\",\"target\":[\"https:\/\/www.visit-ulcinj.com\/blog\/2009\/08\/25\/cungu-tuzi-moraju-biti-opstina\/\"]}]},{\"@type\":\"BreadcrumbList\",\"@id\":\"https:\/\/www.visit-ulcinj.com\/blog\/2009\/08\/25\/cungu-tuzi-moraju-biti-opstina\/#breadcrumb\",\"itemListElement\":[{\"@type\":\"ListItem\",\"position\":1,\"name\":\"Cungu: Tuzi moraju biti op\u0161tina\"}]},{\"@type\":\"Person\",\"@id\":\"https:\/\/www.visit-ulcinj.com\/blog\/#\/schema\/person\/dcab619c614d3038751c63bc2aadc06d\",\"name\":\"ulqini\",\"sameAs\":[\"http:\/\/www.visit-ulcinj.com\"],\"url\":\"https:\/\/www.visit-ulcinj.com\/blog\/author\/admin\/\"}]}<\/script>\n<!-- \/ Yoast SEO plugin. -->","yoast_head_json":{"title":"Cungu: Tuzi moraju biti op\u0161tina - Lajme nga Ulqini","description":"Predsjednik nove demokratske snage Forca prigovara vladi da nije odr\u017eala obe?anja koja je davala uo?i svih izbora Do sada je Vlada trebalo ve? da","robots":{"index":"index","follow":"follow","max-snippet":"max-snippet:-1","max-image-preview":"max-image-preview:large","max-video-preview":"max-video-preview:-1"},"canonical":"https:\/\/www.visit-ulcinj.com\/blog\/2009\/08\/25\/cungu-tuzi-moraju-biti-opstina\/","og_locale":"en_US","og_type":"article","og_title":"Cungu: Tuzi moraju biti op\u0161tina - Lajme nga Ulqini","og_description":"Predsjednik nove demokratske snage Forca prigovara vladi da nije odr\u017eala obe?anja koja je davala uo?i svih izbora Do sada je Vlada trebalo ve? da","og_url":"https:\/\/www.visit-ulcinj.com\/blog\/2009\/08\/25\/cungu-tuzi-moraju-biti-opstina\/","og_site_name":"Lajme nga Ulqini","article_published_time":"2009-08-25T15:41:28+00:00","article_modified_time":"2009-08-25T15:42:56+00:00","og_image":[{"url":"http:\/\/www.visit-ulcinj.com\/blog\/wp-content\/uploads\/2009\/08\/NAZIF-CUNGU_Predsjednik-nove-demokratske-snage-Forca.jpg"}],"twitter_misc":{"Written by":"ulqini","Est. reading time":"5 minutes"},"schema":{"@context":"https:\/\/schema.org","@graph":[{"@type":"WebSite","@id":"https:\/\/www.visit-ulcinj.com\/blog\/#website","url":"https:\/\/www.visit-ulcinj.com\/blog\/","name":"Lajme nga Ulqini","description":"Lajme,Vijesti,Ulqini,Ulqin,Crna Gora,Mali i Zi","potentialAction":[{"@type":"SearchAction","target":{"@type":"EntryPoint","urlTemplate":"https:\/\/www.visit-ulcinj.com\/blog\/?s={search_term_string}"},"query-input":"required name=search_term_string"}],"inLanguage":"en-US"},{"@type":"ImageObject","inLanguage":"en-US","@id":"https:\/\/www.visit-ulcinj.com\/blog\/2009\/08\/25\/cungu-tuzi-moraju-biti-opstina\/#primaryimage","url":"https:\/\/www.visit-ulcinj.com\/blog\/wp-content\/uploads\/2009\/08\/NAZIF-CUNGU_Predsjednik-nove-demokratske-snage-Forca.jpg","contentUrl":"https:\/\/www.visit-ulcinj.com\/blog\/wp-content\/uploads\/2009\/08\/NAZIF-CUNGU_Predsjednik-nove-demokratske-snage-Forca.jpg","width":"300","height":"286"},{"@type":"WebPage","@id":"https:\/\/www.visit-ulcinj.com\/blog\/2009\/08\/25\/cungu-tuzi-moraju-biti-opstina\/#webpage","url":"https:\/\/www.visit-ulcinj.com\/blog\/2009\/08\/25\/cungu-tuzi-moraju-biti-opstina\/","name":"Cungu: Tuzi moraju biti op\u0161tina - Lajme nga Ulqini","isPartOf":{"@id":"https:\/\/www.visit-ulcinj.com\/blog\/#website"},"primaryImageOfPage":{"@id":"https:\/\/www.visit-ulcinj.com\/blog\/2009\/08\/25\/cungu-tuzi-moraju-biti-opstina\/#primaryimage"},"datePublished":"2009-08-25T15:41:28+00:00","dateModified":"2009-08-25T15:42:56+00:00","author":{"@id":"https:\/\/www.visit-ulcinj.com\/blog\/#\/schema\/person\/dcab619c614d3038751c63bc2aadc06d"},"description":"Predsjednik nove demokratske snage Forca prigovara vladi da nije odr\u017eala obe?anja koja je davala uo?i svih izbora Do sada je Vlada trebalo ve? da","breadcrumb":{"@id":"https:\/\/www.visit-ulcinj.com\/blog\/2009\/08\/25\/cungu-tuzi-moraju-biti-opstina\/#breadcrumb"},"inLanguage":"en-US","potentialAction":[{"@type":"ReadAction","target":["https:\/\/www.visit-ulcinj.com\/blog\/2009\/08\/25\/cungu-tuzi-moraju-biti-opstina\/"]}]},{"@type":"BreadcrumbList","@id":"https:\/\/www.visit-ulcinj.com\/blog\/2009\/08\/25\/cungu-tuzi-moraju-biti-opstina\/#breadcrumb","itemListElement":[{"@type":"ListItem","position":1,"name":"Cungu: Tuzi moraju biti op\u0161tina"}]},{"@type":"Person","@id":"https:\/\/www.visit-ulcinj.com\/blog\/#\/schema\/person\/dcab619c614d3038751c63bc2aadc06d","name":"ulqini","sameAs":["http:\/\/www.visit-ulcinj.com"],"url":"https:\/\/www.visit-ulcinj.com\/blog\/author\/admin\/"}]}},"jetpack_featured_media_url":"","jetpack_sharing_enabled":true,"jetpack_shortlink":"https:\/\/wp.me\/pe6lTn-6tV","_links":{"self":[{"href":"https:\/\/www.visit-ulcinj.com\/blog\/wp-json\/wp\/v2\/posts\/24919"}],"collection":[{"href":"https:\/\/www.visit-ulcinj.com\/blog\/wp-json\/wp\/v2\/posts"}],"about":[{"href":"https:\/\/www.visit-ulcinj.com\/blog\/wp-json\/wp\/v2\/types\/post"}],"author":[{"embeddable":true,"href":"https:\/\/www.visit-ulcinj.com\/blog\/wp-json\/wp\/v2\/users\/1"}],"replies":[{"embeddable":true,"href":"https:\/\/www.visit-ulcinj.com\/blog\/wp-json\/wp\/v2\/comments?post=24919"}],"version-history":[{"count":0,"href":"https:\/\/www.visit-ulcinj.com\/blog\/wp-json\/wp\/v2\/posts\/24919\/revisions"}],"wp:attachment":[{"href":"https:\/\/www.visit-ulcinj.com\/blog\/wp-json\/wp\/v2\/media?parent=24919"}],"wp:term":[{"taxonomy":"category","embeddable":true,"href":"https:\/\/www.visit-ulcinj.com\/blog\/wp-json\/wp\/v2\/categories?post=24919"},{"taxonomy":"post_tag","embeddable":true,"href":"https:\/\/www.visit-ulcinj.com\/blog\/wp-json\/wp\/v2\/tags?post=24919"}],"curies":[{"name":"wp","href":"https:\/\/api.w.org\/{rel}","templated":true}]}}