{"id":24924,"date":"2009-08-25T18:03:54","date_gmt":"2009-08-25T16:03:54","guid":{"rendered":"http:\/\/www.visit-ulcinj.com\/blog\/?p=24924"},"modified":"2009-08-30T18:44:21","modified_gmt":"2009-08-30T16:44:21","slug":"novo-podrhtavanje-tla-u-ulcinju","status":"publish","type":"post","link":"https:\/\/www.visit-ulcinj.com\/blog\/2009\/08\/25\/novo-podrhtavanje-tla-u-ulcinju\/","title":{"rendered":"Novo podrhtavanje tla u Ulcinju"},"content":{"rendered":"<p><strong><a href=\"http:\/\/www.visit-ulcinj.com\/blog\/wp-content\/uploads\/2009\/08\/ZEMLjOTRES-U-ULCINJU.jpg\"><img loading=\"lazy\" class=\"alignleft size-full wp-image-24798\" title=\"ZEMLjOTRES U ULCINJU\" src=\"http:\/\/www.visit-ulcinj.com\/blog\/wp-content\/uploads\/2009\/08\/ZEMLjOTRES-U-ULCINJU.jpg\" alt=\"ZEMLjOTRES U ULCINJU\" width=\"384\" height=\"220\" \/><\/a>Registrovan jo\u0161 jedan zemljotres manje ja?ine u Crnoj Gori<\/strong><br \/>\nJa?ina zemljotresa u \u017eari\u0161tu iznosila je 3,2 jedinice Rihterove skale, \u0161to odgovara epicentralnom intenzitetu od pet stepeni Merkalijeve skale<br \/>\nPodgorica, 24. avgusta \u2013 Aparati Seizmolo\u0161kog zavoda Crne Gore registrovali su sino? u 23,44 ?asova zemljotres manje ja?ine sa epicentrom u regionu Ulcinja.<br \/>\n&#8211; Ja?ina zemljotresa u \u017eari\u0161tu iznosila je 3,2 jedinice Rihterove skale, \u0161to odgovara epicentralnom intenzitetu od V stepeni Merkalijeve skale (MCS). \u017dari\u0161te ovog zemljotresa locirano je na dubini od 11 kilometara.<br \/>\n&#8211; Na osnovu teorijskog makro-seizmi?og modela ovog regiona, magnitude zemljotresa i dubine hipocentra, ovaj zemljotres nije mogao izazvati materijalne \u0161tete u epicentralnom podru?ju, saop\u0161teno je danas iz Seizmolo\u0161kog zavoda Crne Gore.<br \/>\nIna?e, aparati SZCG registrovali su i 21. avgusta u 15,39 ?asova zemljotres srednje ja?ine sa epicentrom na gradskom podru?ju Ulcinja.<\/p>\n<p><a href=\"http:\/\/www.pobjeda.co.me\/citanje.php?datum=2009-08-25&amp;id=169964\" target=\"_blank\"><strong>D. C.<br \/>\nPobjeda<\/strong><\/a><\/p>\n","protected":false},"excerpt":{"rendered":"<p>Registrovan jo\u0161 jedan zemljotres manje ja?ine u Crnoj Gori Ja?ina zemljotresa u \u017eari\u0161tu iznosila je 3,2 jedinice Rihterove skale, \u0161to odgovara epicentralnom intenzitetu od pet stepeni Merkalijeve skale Podgorica, 24. avgusta \u2013 Aparati Seizmolo\u0161kog zavoda Crne Gore registrovali su sino? u 23,44 ?asova zemljotres manje ja?ine sa epicentrom u regionu Ulcinja. &#8211; Ja?ina zemljotresa u [&hellip;]<\/p>\n","protected":false},"author":1,"featured_media":0,"comment_status":"open","ping_status":"closed","sticky":false,"template":"","format":"standard","meta":{"spay_email":"","jetpack_publicize_message":"","jetpack_is_tweetstorm":false,"jetpack_publicize_feature_enabled":true},"categories":[7],"tags":[3964,2686],"jetpack_publicize_connections":[],"yoast_head":"<!-- This site is optimized with the Yoast SEO plugin v19.1 - https:\/\/yoast.com\/wordpress\/plugins\/seo\/ -->\n<title>Novo podrhtavanje tla u Ulcinju - Lajme nga Ulqini<\/title>\n<meta name=\"description\" content=\"Registrovan jo\u0161 jedan zemljotres manje ja?ine u Crnoj Gori Ja?ina zemljotresa u \u017eari\u0161tu iznosila je 3,2 jedinice Rihterove skale, \u0161to odgovara\" \/>\n<meta name=\"robots\" content=\"index, follow, max-snippet:-1, max-image-preview:large, max-video-preview:-1\" \/>\n<link rel=\"canonical\" href=\"https:\/\/www.visit-ulcinj.com\/blog\/2009\/08\/25\/novo-podrhtavanje-tla-u-ulcinju\/\" \/>\n<meta property=\"og:locale\" content=\"en_US\" \/>\n<meta property=\"og:type\" content=\"article\" \/>\n<meta property=\"og:title\" content=\"Novo podrhtavanje tla u Ulcinju - Lajme nga Ulqini\" \/>\n<meta property=\"og:description\" content=\"Registrovan jo\u0161 jedan zemljotres manje ja?ine u Crnoj Gori Ja?ina zemljotresa u \u017eari\u0161tu iznosila je 3,2 jedinice Rihterove skale, \u0161to odgovara\" \/>\n<meta property=\"og:url\" content=\"https:\/\/www.visit-ulcinj.com\/blog\/2009\/08\/25\/novo-podrhtavanje-tla-u-ulcinju\/\" \/>\n<meta property=\"og:site_name\" content=\"Lajme nga Ulqini\" \/>\n<meta property=\"article:published_time\" content=\"2009-08-25T16:03:54+00:00\" \/>\n<meta property=\"article:modified_time\" content=\"2009-08-30T16:44:21+00:00\" \/>\n<meta property=\"og:image\" content=\"http:\/\/www.visit-ulcinj.com\/blog\/wp-content\/uploads\/2009\/08\/ZEMLjOTRES-U-ULCINJU.jpg\" \/>\n<meta name=\"twitter:label1\" content=\"Written by\" \/>\n\t<meta name=\"twitter:data1\" content=\"ulqini\" \/>\n\t<meta name=\"twitter:label2\" content=\"Est. reading time\" \/>\n\t<meta name=\"twitter:data2\" content=\"1 minute\" \/>\n<script type=\"application\/ld+json\" class=\"yoast-schema-graph\">{\"@context\":\"https:\/\/schema.org\",\"@graph\":[{\"@type\":\"WebSite\",\"@id\":\"https:\/\/www.visit-ulcinj.com\/blog\/#website\",\"url\":\"https:\/\/www.visit-ulcinj.com\/blog\/\",\"name\":\"Lajme nga Ulqini\",\"description\":\"Lajme,Vijesti,Ulqini,Ulqin,Crna Gora,Mali i Zi\",\"potentialAction\":[{\"@type\":\"SearchAction\",\"target\":{\"@type\":\"EntryPoint\",\"urlTemplate\":\"https:\/\/www.visit-ulcinj.com\/blog\/?s={search_term_string}\"},\"query-input\":\"required name=search_term_string\"}],\"inLanguage\":\"en-US\"},{\"@type\":\"ImageObject\",\"inLanguage\":\"en-US\",\"@id\":\"https:\/\/www.visit-ulcinj.com\/blog\/2009\/08\/25\/novo-podrhtavanje-tla-u-ulcinju\/#primaryimage\",\"url\":\"https:\/\/www.visit-ulcinj.com\/blog\/wp-content\/uploads\/2009\/08\/ZEMLjOTRES-U-ULCINJU.jpg\",\"contentUrl\":\"https:\/\/www.visit-ulcinj.com\/blog\/wp-content\/uploads\/2009\/08\/ZEMLjOTRES-U-ULCINJU.jpg\",\"width\":\"460\",\"height\":\"266\"},{\"@type\":\"WebPage\",\"@id\":\"https:\/\/www.visit-ulcinj.com\/blog\/2009\/08\/25\/novo-podrhtavanje-tla-u-ulcinju\/#webpage\",\"url\":\"https:\/\/www.visit-ulcinj.com\/blog\/2009\/08\/25\/novo-podrhtavanje-tla-u-ulcinju\/\",\"name\":\"Novo podrhtavanje tla u Ulcinju - Lajme nga Ulqini\",\"isPartOf\":{\"@id\":\"https:\/\/www.visit-ulcinj.com\/blog\/#website\"},\"primaryImageOfPage\":{\"@id\":\"https:\/\/www.visit-ulcinj.com\/blog\/2009\/08\/25\/novo-podrhtavanje-tla-u-ulcinju\/#primaryimage\"},\"datePublished\":\"2009-08-25T16:03:54+00:00\",\"dateModified\":\"2009-08-30T16:44:21+00:00\",\"author\":{\"@id\":\"https:\/\/www.visit-ulcinj.com\/blog\/#\/schema\/person\/dcab619c614d3038751c63bc2aadc06d\"},\"description\":\"Registrovan jo\u0161 jedan zemljotres manje ja?ine u Crnoj Gori Ja?ina zemljotresa u \u017eari\u0161tu iznosila je 3,2 jedinice Rihterove skale, \u0161to odgovara\",\"breadcrumb\":{\"@id\":\"https:\/\/www.visit-ulcinj.com\/blog\/2009\/08\/25\/novo-podrhtavanje-tla-u-ulcinju\/#breadcrumb\"},\"inLanguage\":\"en-US\",\"potentialAction\":[{\"@type\":\"ReadAction\",\"target\":[\"https:\/\/www.visit-ulcinj.com\/blog\/2009\/08\/25\/novo-podrhtavanje-tla-u-ulcinju\/\"]}]},{\"@type\":\"BreadcrumbList\",\"@id\":\"https:\/\/www.visit-ulcinj.com\/blog\/2009\/08\/25\/novo-podrhtavanje-tla-u-ulcinju\/#breadcrumb\",\"itemListElement\":[{\"@type\":\"ListItem\",\"position\":1,\"name\":\"Novo podrhtavanje tla u Ulcinju\"}]},{\"@type\":\"Person\",\"@id\":\"https:\/\/www.visit-ulcinj.com\/blog\/#\/schema\/person\/dcab619c614d3038751c63bc2aadc06d\",\"name\":\"ulqini\",\"sameAs\":[\"http:\/\/www.visit-ulcinj.com\"],\"url\":\"https:\/\/www.visit-ulcinj.com\/blog\/author\/admin\/\"}]}<\/script>\n<!-- \/ Yoast SEO plugin. -->","yoast_head_json":{"title":"Novo podrhtavanje tla u Ulcinju - Lajme nga Ulqini","description":"Registrovan jo\u0161 jedan zemljotres manje ja?ine u Crnoj Gori Ja?ina zemljotresa u \u017eari\u0161tu iznosila je 3,2 jedinice Rihterove skale, \u0161to odgovara","robots":{"index":"index","follow":"follow","max-snippet":"max-snippet:-1","max-image-preview":"max-image-preview:large","max-video-preview":"max-video-preview:-1"},"canonical":"https:\/\/www.visit-ulcinj.com\/blog\/2009\/08\/25\/novo-podrhtavanje-tla-u-ulcinju\/","og_locale":"en_US","og_type":"article","og_title":"Novo podrhtavanje tla u Ulcinju - Lajme nga Ulqini","og_description":"Registrovan jo\u0161 jedan zemljotres manje ja?ine u Crnoj Gori Ja?ina zemljotresa u \u017eari\u0161tu iznosila je 3,2 jedinice Rihterove skale, \u0161to odgovara","og_url":"https:\/\/www.visit-ulcinj.com\/blog\/2009\/08\/25\/novo-podrhtavanje-tla-u-ulcinju\/","og_site_name":"Lajme nga Ulqini","article_published_time":"2009-08-25T16:03:54+00:00","article_modified_time":"2009-08-30T16:44:21+00:00","og_image":[{"url":"http:\/\/www.visit-ulcinj.com\/blog\/wp-content\/uploads\/2009\/08\/ZEMLjOTRES-U-ULCINJU.jpg"}],"twitter_misc":{"Written by":"ulqini","Est. reading time":"1 minute"},"schema":{"@context":"https:\/\/schema.org","@graph":[{"@type":"WebSite","@id":"https:\/\/www.visit-ulcinj.com\/blog\/#website","url":"https:\/\/www.visit-ulcinj.com\/blog\/","name":"Lajme nga Ulqini","description":"Lajme,Vijesti,Ulqini,Ulqin,Crna Gora,Mali i Zi","potentialAction":[{"@type":"SearchAction","target":{"@type":"EntryPoint","urlTemplate":"https:\/\/www.visit-ulcinj.com\/blog\/?s={search_term_string}"},"query-input":"required name=search_term_string"}],"inLanguage":"en-US"},{"@type":"ImageObject","inLanguage":"en-US","@id":"https:\/\/www.visit-ulcinj.com\/blog\/2009\/08\/25\/novo-podrhtavanje-tla-u-ulcinju\/#primaryimage","url":"https:\/\/www.visit-ulcinj.com\/blog\/wp-content\/uploads\/2009\/08\/ZEMLjOTRES-U-ULCINJU.jpg","contentUrl":"https:\/\/www.visit-ulcinj.com\/blog\/wp-content\/uploads\/2009\/08\/ZEMLjOTRES-U-ULCINJU.jpg","width":"460","height":"266"},{"@type":"WebPage","@id":"https:\/\/www.visit-ulcinj.com\/blog\/2009\/08\/25\/novo-podrhtavanje-tla-u-ulcinju\/#webpage","url":"https:\/\/www.visit-ulcinj.com\/blog\/2009\/08\/25\/novo-podrhtavanje-tla-u-ulcinju\/","name":"Novo podrhtavanje tla u Ulcinju - Lajme nga Ulqini","isPartOf":{"@id":"https:\/\/www.visit-ulcinj.com\/blog\/#website"},"primaryImageOfPage":{"@id":"https:\/\/www.visit-ulcinj.com\/blog\/2009\/08\/25\/novo-podrhtavanje-tla-u-ulcinju\/#primaryimage"},"datePublished":"2009-08-25T16:03:54+00:00","dateModified":"2009-08-30T16:44:21+00:00","author":{"@id":"https:\/\/www.visit-ulcinj.com\/blog\/#\/schema\/person\/dcab619c614d3038751c63bc2aadc06d"},"description":"Registrovan jo\u0161 jedan zemljotres manje ja?ine u Crnoj Gori Ja?ina zemljotresa u \u017eari\u0161tu iznosila je 3,2 jedinice Rihterove skale, \u0161to odgovara","breadcrumb":{"@id":"https:\/\/www.visit-ulcinj.com\/blog\/2009\/08\/25\/novo-podrhtavanje-tla-u-ulcinju\/#breadcrumb"},"inLanguage":"en-US","potentialAction":[{"@type":"ReadAction","target":["https:\/\/www.visit-ulcinj.com\/blog\/2009\/08\/25\/novo-podrhtavanje-tla-u-ulcinju\/"]}]},{"@type":"BreadcrumbList","@id":"https:\/\/www.visit-ulcinj.com\/blog\/2009\/08\/25\/novo-podrhtavanje-tla-u-ulcinju\/#breadcrumb","itemListElement":[{"@type":"ListItem","position":1,"name":"Novo podrhtavanje tla u Ulcinju"}]},{"@type":"Person","@id":"https:\/\/www.visit-ulcinj.com\/blog\/#\/schema\/person\/dcab619c614d3038751c63bc2aadc06d","name":"ulqini","sameAs":["http:\/\/www.visit-ulcinj.com"],"url":"https:\/\/www.visit-ulcinj.com\/blog\/author\/admin\/"}]}},"jetpack_featured_media_url":"","jetpack_sharing_enabled":true,"jetpack_shortlink":"https:\/\/wp.me\/pe6lTn-6u0","_links":{"self":[{"href":"https:\/\/www.visit-ulcinj.com\/blog\/wp-json\/wp\/v2\/posts\/24924"}],"collection":[{"href":"https:\/\/www.visit-ulcinj.com\/blog\/wp-json\/wp\/v2\/posts"}],"about":[{"href":"https:\/\/www.visit-ulcinj.com\/blog\/wp-json\/wp\/v2\/types\/post"}],"author":[{"embeddable":true,"href":"https:\/\/www.visit-ulcinj.com\/blog\/wp-json\/wp\/v2\/users\/1"}],"replies":[{"embeddable":true,"href":"https:\/\/www.visit-ulcinj.com\/blog\/wp-json\/wp\/v2\/comments?post=24924"}],"version-history":[{"count":0,"href":"https:\/\/www.visit-ulcinj.com\/blog\/wp-json\/wp\/v2\/posts\/24924\/revisions"}],"wp:attachment":[{"href":"https:\/\/www.visit-ulcinj.com\/blog\/wp-json\/wp\/v2\/media?parent=24924"}],"wp:term":[{"taxonomy":"category","embeddable":true,"href":"https:\/\/www.visit-ulcinj.com\/blog\/wp-json\/wp\/v2\/categories?post=24924"},{"taxonomy":"post_tag","embeddable":true,"href":"https:\/\/www.visit-ulcinj.com\/blog\/wp-json\/wp\/v2\/tags?post=24924"}],"curies":[{"name":"wp","href":"https:\/\/api.w.org\/{rel}","templated":true}]}}