{"id":24927,"date":"2009-08-25T19:07:55","date_gmt":"2009-08-25T17:07:55","guid":{"rendered":"http:\/\/www.visit-ulcinj.com\/blog\/?p=24927"},"modified":"2009-08-29T16:12:44","modified_gmt":"2009-08-29T14:12:44","slug":"kumtese-per-opinion-e-deges-se-lidhjes-demokratike-ne-mal-te-zi","status":"publish","type":"post","link":"https:\/\/www.visit-ulcinj.com\/blog\/2009\/08\/25\/kumtese-per-opinion-e-deges-se-lidhjes-demokratike-ne-mal-te-zi\/","title":{"rendered":"Kumtes\u00eb p\u00ebr opinion e deg\u00ebs s\u00eb Lidhjes Demokratike n\u00eb Mal t\u00eb Zi"},"content":{"rendered":"<p><strong><a href=\"http:\/\/www.visit-ulcinj.com\/blog\/wp-content\/uploads\/2009\/08\/Lidhja-Demokratike-n\u00eb-Mal-t\u00eb-Zi.jpg\"><img loading=\"lazy\" class=\"alignleft size-full wp-image-24928\" title=\"Lidhja Demokratike n\u00eb Mal t\u00eb Zi\" src=\"http:\/\/www.visit-ulcinj.com\/blog\/wp-content\/uploads\/2009\/08\/Lidhja-Demokratike-n\u00eb-Mal-t\u00eb-Zi.jpg\" alt=\"Lidhja Demokratike n\u00eb Mal t\u00eb Zi\" width=\"580\" height=\"400\" \/><\/a>P\u00ebrkrahje formimit t\u00eb frontit t\u00eb p\u00ebrbashk\u00ebt p\u00ebr komun\u00ebn e plot\u00eb<\/strong><br \/>\nTuz &#8211; Lidhja Demokratike n\u00eb Mal t\u00eb Zi &#8211; Dega e Mal\u00ebsis\u00eb, n\u00eb mbledhjen e mbajtur m\u00eb 19 gusht 2009, shqyrtoi Projektligjin mbi organizimin territorial t\u00eb Malit t\u00eb Zi t\u00eb cilin, Ministria e Pun\u00ebve t\u00eb Brendshme dhe Administrat\u00ebs Publike, e ka nxjerr\u00eb n\u00eb debat publik dhe konstaton se Projektligji n\u00eb fjal\u00eb definitivisht e privon trev\u00ebn e Mal\u00ebsis\u00eb nga e drejta n\u00eb vet\u00ebqeverisje lokale.<br \/>\nT\u00eb vet\u00ebdijsh\u00ebm p\u00ebr r\u00ebnd\u00ebsin\u00eb e momentit aktual dhe duke u bazuar n\u00eb orientimet programore dhe angazhimet e vazhdueshme p\u00ebr themelimin e komun\u00ebs s\u00eb plot\u00eb t\u00eb Mal\u00ebsis\u00eb, LD n\u00eb MZ p\u00ebrkrah\u00eb aktivitetet t\u00eb cilat, koh\u00ebve t\u00eb fundit, po i nd\u00ebrmerr pushteti lokal i Komun\u00ebs Urbane t\u00eb Tuzit, lidhur me propozimin e ndryshimeve n\u00eb Projektligjin mbi Organizimin Territorial t\u00eb Malit t\u00eb Zi, me \u00e7ka po tentohet t\u00eb sigurohet ndryshimi i statusit t\u00eb Komun\u00ebs Urbane t\u00eb Tuzit, n\u00eb komun\u00eb t\u00eb plot\u00eb.<br \/>\nDuke vler\u00ebsuar se duhet nj\u00eb front m\u00eb i gjer\u00eb se\u00e7paraqet shumica q\u00eb p\u00ebrb\u00ebn Kuvendin e Komun\u00ebs Urbane t\u00eb Tuzit, LD n\u00eb MZ p\u00ebrkrah\u00eb aktivitetet n\u00eb terren, p\u00ebr formimin e nj\u00eb fronti t\u00eb p\u00ebrbashk\u00ebt, t\u00eb p\u00ebrb\u00ebr\u00eb nga forcat politike dhe strukturat civile joqeveritare, k\u00ebtu e n\u00eb diaspor\u00eb, n\u00eb m\u00ebnyr\u00eb q\u00eb kjo k\u00ebrkes\u00eb, e mb\u00ebshtetur nga nj\u00eb num\u00ebr m\u00eb i madh subjektesh, t\u00eb jet\u00eb sa m\u00eb e plot\u00eb dhe m\u00eb relevante. Lidhur me k\u00ebt\u00eb, LD fton t\u00eb gjitha subjektet e tjera q\u00eb t\u00eb prononcohen lidhur me k\u00ebt\u00eb aktivitet dhe mund\u00ebsisht t\u00eb b\u00ebhen pjes\u00eb e k\u00ebtij projekti, duke i l\u00ebn\u00eb anash t\u00eb gjitha z\u00ebnkat eventuale dhe inatet politike, t\u00eb cilat mund t\u00eb ken\u00eb p\u00ebr pasoj\u00eb l\u00ebshimin e nj\u00eb rasti t\u00eb ve\u00e7ant\u00eb, rasti kur Mali i Zi ka obligim t\u00eb p\u00ebrmbush\u00eb standardet edhe nga l\u00ebmi i decentrailizimit t\u00eb pushtetit edhe nga l\u00ebmi i t\u00eb t\u00eb drejtave t\u00eb pakicave. Dihet se integrimet europiane k\u00ebrkojn\u00eb plot\u00ebsimin e disa kushteve, p\u00ebr t\u00eb cilat Mali i Zi ende po mbahet i shurdh\u00ebr. Ai do t\u00eb vazhdoj\u00eb t\u00eb mbahet si i till\u00eb, po qe se ne e lejojm\u00eb, po qe se ne heshtim.<br \/>\nN\u00eb k\u00ebt\u00eb drejtim, klubi i k\u00ebshilltar\u00ebve t\u00eb k\u00ebsaj partie n\u00eb Kuvendin e KU t\u00eb Tuzit do t\u00eb k\u00ebrkoj\u00eb nga partner\u00ebt e vet q\u00eb s\u00eb bashku t\u00eb inicojn\u00eb, kurse Kuvendi t\u00eb miratoj\u00eb, nj\u00eb rezolut\u00eb mbi komun\u00ebn e plot\u00eb. P\u00ebr aq m\u00eb tep\u00ebr kur grupi i ekspert\u00ebve vet\u00ebm ka hartuar elaboratin, me t\u00eb cilin definitivisht d\u00ebshmohet aft\u00ebsia fiskale e komun\u00ebs s\u00eb plot\u00eb t\u00eb Tuzit, me t\u00eb cilin parashihen t\u00eb ardhurat prej afro kat\u00ebr milon\u00eb euro, me \u00e7ka hidhet posht\u00eb argumentimi qesharak i pushtetar\u00ebve p\u00ebr t\u00eb privuar Mal\u00ebsin\u00eb nga e drejta n\u00eb vet\u00ebqeverisje lokale me pretekstin e munges\u00ebs s\u00eb resurseve. As ata vet\u00eb tashm\u00eb nuk u besojn\u00eb pohimeve t\u00eb veta se nj\u00eb komun\u00eb e till\u00eb nuk do t\u00eb mund t\u00eb mbijetonte, por tentojn\u00eb q\u00eb munges\u00ebn e vullnetit politk ta arsyetojn\u00eb me munges\u00ebn e resurseve t\u00eb cilat i v\u00ebren \u00e7do kalimtar i rastit.<br \/>\n\u00c7\u00ebshtja e Komun\u00ebs s\u00eb Tuzit \u00ebsht\u00eb \u00e7\u00ebshtje jetike p\u00ebr banor\u00ebt e saj, pa marr\u00eb parasysh p\u00ebrkat\u00ebsin\u00eb nacionale, konfesionale apo politike, sepse administrata m\u00eb kualitative q\u00eb garanton zhvillim t\u00eb plot\u00eb dhe perspektiv\u00eb, p\u00ebr \u00e7ka edhe themelohen nj\u00ebsit\u00eb e pushtetit lokal, \u00ebsht\u00eb interes i t\u00eb gjith\u00ebve. K\u00ebt\u00eb e v\u00ebrteton edhe neni 18 i Projektligjit i cili thot\u00eb se \u201cndryshimi territorial b\u00ebhet me q\u00ebllim t\u00eb stimulimit t\u00eb zhvillimit ekonomik dhe t\u00eb ofrimit t\u00eb nivelit m\u00eb t\u00eb lart\u00eb t\u00eb sh\u00ebrbimeve popullat\u00ebs lokale&#8230;\u201d, andaj shtrohet pyetja se cila \u00ebsht\u00eb arsyeja q\u00eb Tuzit t\u2019i mohohet e drejta n\u00eb zhvillim, e drejta n\u00eb administrat\u00eb m\u00eb efikase dhe sh\u00ebrbime m\u00eb kualitative qytetar\u00ebve. Kjo nuk mund t\u00eb arsyetohet me asnj\u00eb aspirat\u00eb personale dhe popullata lokale nuk guxon t\u00eb mbahet m\u00eb peng e atij gjysm\u00eb milioni euro, q\u00eb Podgorica e shpenzon n\u00eb vit, n\u00eb Tuz, duke tentuar t\u00eb na e shes\u00eb at\u00eb p\u00ebr kat\u00ebr milion\u00ebt e projektuar. Kuptohet se pushteti n\u00eb Podgoric\u00eb \u00ebsht\u00eb m\u00ebsuar q\u00eb p\u00ebr nevojat e politik\u00ebs s\u00eb dit\u00ebs, t\u00eb publikoj\u00eb shifra milion\u00ebshe p\u00ebr projekte zhvillimore n\u00eb Mal\u00ebsi, por tashm\u00eb nuk ka ndonj\u00eb qytetar t\u00eb Mal\u00ebsis\u00eb q\u00eb nuk e sheh se ato jan\u00eb vet\u00ebm shkronja n\u00eb let\u00ebr.<br \/>\nSa i p\u00ebrket territorit, komuna e Tuzit p\u00ebrfshin krejt territorin e Mal\u00ebsis\u00eb, asnj\u00eb p\u00ebll\u00ebmb\u00eb m\u00eb shum\u00eb, por as m\u00eb pak, dhe kjo nuk ka nevoj\u00eb t\u00eb iritoj\u00eb ask\u00ebnd, p\u00ebr aq m\u00eb pak, fqinj\u00ebt e Mal\u00ebsis\u00eb, t\u00eb cil\u00ebt e din\u00eb fare mir\u00eb se asnj\u00ebher\u00eb gjat\u00eb historis\u00eb, ne nuk kemi pasur pretendime territoriale ndaj askujt. T\u00eb tjer\u00ebt i kan\u00eb pasur dhe i kan\u00eb realizuar, shpesh n\u00eb d\u00ebmin ton\u00eb!<br \/>\nLidhja Demokratike n\u00eb Mal t\u00eb Zi do t\u00eb vazhdoj\u00eb t\u00eb mbetet besnike ndaj q\u00ebndrimeve t\u00eb veta lidhur me komun\u00ebn e plot\u00eb dhe do t\u00eb angazhohet deri n\u00eb realizimin e saj dhe, n\u00eb p\u00ebrputhje me zhvillimet demokratike, do t\u00eb angazhohet n\u00eb decentralizimin e pushtetit dhe kthimin e ingerencave vet\u00eb qeverisjes lokale, n\u00eb m\u00ebnyr\u00eb q\u00eb qytetar\u00ebve t\u2019u ofroj\u00eb sh\u00ebrbimet dhe t\u00eb siguroj\u00eb q\u00eb ato t\u00eb jen\u00eb sa m\u00eb kualitative. Komuna e plot\u00eb, si t\u00eb gjitha komunat e tjera n\u00eb Mal t\u00eb Zi, mbetet interes primar i LD n\u00eb MZ, pasi q\u00eb kjo \u00ebsht\u00eb e ardhmja e vetme q\u00eb premton perspektiv\u00eb p\u00ebr trev\u00ebn e Mal\u00ebsis\u00eb dhe banor\u00ebt e saj.<br \/>\nP\u00ebrndryshe, p\u00ebrvoja e deritashme n\u00eb funksionimin e zgjidhjes aktuale t\u00eb t\u00eb ashtuquajtur\u00ebs komun\u00eb urbane, i ka d\u00ebshmuar t\u00eb gjitha v\u00ebrejtjet tona se zgjidhja e ofruar as p\u00ebr s\u00eb af\u00ebrmi nuk i p\u00ebrmbush nevojat dhe interesat e qytetar\u00ebve n\u00eb realizimin e k\u00ebrkesave t\u00eb tyre q\u00eb, si qytetar\u00eb, t\u2019i realizojn\u00eb ato si t\u00eb gjith\u00eb qytetar\u00ebt e tjer\u00eb. Prandaj, k\u00ebsaj radhe as nuk u mor\u00ebm me projektin eksperimental, por t\u00eb d\u00ebshtuar, t\u00eb quajtur Komun\u00eb Urbane.<br \/>\nQytetar\u00ebt e Mal\u00ebsis\u00eb duhet t\u00eb ken\u00eb pjes\u00eb n\u00eb demokraci, t\u00eb drejt\u00eb n\u00eb drejt\u00ebsi, t\u00eb drejt\u00eb n\u00eb barazi, e s\u00eb k\u00ebndejmi edhe t\u00eb drejt\u00eb n\u00eb vet\u00ebqeverisje t\u00eb plot\u00eb lokale. N\u00eb k\u00ebt\u00eb drejtim presim p\u00ebrkrahjen e faktorit nd\u00ebrkomb\u00ebtar e sidomos t\u00eb shtetit am\u00eb.<\/p>\n<p><strong>Tuz :19 gusht 2009<\/strong><strong><br \/>\nLidhja Demokratike n\u00eb Mal t\u00eb Zi &#8211; Dega e Mal\u00ebsis\u00eb<\/strong><\/p>\n","protected":false},"excerpt":{"rendered":"<p>P\u00ebrkrahje formimit t\u00eb frontit t\u00eb p\u00ebrbashk\u00ebt p\u00ebr komun\u00ebn e plot\u00eb Tuz &#8211; Lidhja Demokratike n\u00eb Mal t\u00eb Zi &#8211; Dega e Mal\u00ebsis\u00eb, n\u00eb mbledhjen e mbajtur m\u00eb 19 gusht 2009, shqyrtoi Projektligjin mbi organizimin territorial t\u00eb Malit t\u00eb Zi t\u00eb cilin, Ministria e Pun\u00ebve t\u00eb Brendshme dhe Administrat\u00ebs Publike, e ka nxjerr\u00eb n\u00eb debat publik [&hellip;]<\/p>\n","protected":false},"author":1,"featured_media":0,"comment_status":"open","ping_status":"closed","sticky":false,"template":"","format":"standard","meta":{"spay_email":"","jetpack_publicize_message":"","jetpack_is_tweetstorm":false,"jetpack_publicize_feature_enabled":true},"categories":[14],"tags":[12272,687,1645],"jetpack_publicize_connections":[],"yoast_head":"<!-- This site is optimized with the Yoast SEO plugin v19.1 - https:\/\/yoast.com\/wordpress\/plugins\/seo\/ -->\n<title>Kumtes\u00eb p\u00ebr opinion e deg\u00ebs s\u00eb Lidhjes Demokratike n\u00eb Mal t\u00eb Zi - Lajme nga Ulqini<\/title>\n<meta name=\"description\" content=\"P\u00ebrkrahje formimit t\u00eb frontit t\u00eb p\u00ebrbashk\u00ebt p\u00ebr komun\u00ebn e plot\u00eb Tuz - Lidhja Demokratike n\u00eb Mal t\u00eb Zi - Dega e Mal\u00ebsis\u00eb, n\u00eb mbledhjen e mbajtur m\u00eb 19\" \/>\n<meta name=\"robots\" content=\"index, follow, max-snippet:-1, max-image-preview:large, max-video-preview:-1\" \/>\n<link rel=\"canonical\" href=\"https:\/\/www.visit-ulcinj.com\/blog\/2009\/08\/25\/kumtese-per-opinion-e-deges-se-lidhjes-demokratike-ne-mal-te-zi\/\" \/>\n<meta property=\"og:locale\" content=\"en_US\" \/>\n<meta property=\"og:type\" content=\"article\" \/>\n<meta property=\"og:title\" content=\"Kumtes\u00eb p\u00ebr opinion e deg\u00ebs s\u00eb Lidhjes Demokratike n\u00eb Mal t\u00eb Zi - Lajme nga Ulqini\" \/>\n<meta property=\"og:description\" content=\"P\u00ebrkrahje formimit t\u00eb frontit t\u00eb p\u00ebrbashk\u00ebt p\u00ebr komun\u00ebn e plot\u00eb Tuz - Lidhja Demokratike n\u00eb Mal t\u00eb Zi - Dega e Mal\u00ebsis\u00eb, n\u00eb mbledhjen e mbajtur m\u00eb 19\" \/>\n<meta property=\"og:url\" content=\"https:\/\/www.visit-ulcinj.com\/blog\/2009\/08\/25\/kumtese-per-opinion-e-deges-se-lidhjes-demokratike-ne-mal-te-zi\/\" \/>\n<meta property=\"og:site_name\" content=\"Lajme nga Ulqini\" \/>\n<meta property=\"article:published_time\" content=\"2009-08-25T17:07:55+00:00\" \/>\n<meta property=\"article:modified_time\" content=\"2009-08-29T14:12:44+00:00\" \/>\n<meta name=\"twitter:label1\" content=\"Written by\" \/>\n\t<meta name=\"twitter:data1\" content=\"ulqini\" \/>\n\t<meta name=\"twitter:label2\" content=\"Est. reading time\" \/>\n\t<meta name=\"twitter:data2\" content=\"6 minutes\" \/>\n<script type=\"application\/ld+json\" class=\"yoast-schema-graph\">{\"@context\":\"https:\/\/schema.org\",\"@graph\":[{\"@type\":\"WebSite\",\"@id\":\"https:\/\/www.visit-ulcinj.com\/blog\/#website\",\"url\":\"https:\/\/www.visit-ulcinj.com\/blog\/\",\"name\":\"Lajme nga Ulqini\",\"description\":\"Lajme,Vijesti,Ulqini,Ulqin,Crna Gora,Mali i Zi\",\"potentialAction\":[{\"@type\":\"SearchAction\",\"target\":{\"@type\":\"EntryPoint\",\"urlTemplate\":\"https:\/\/www.visit-ulcinj.com\/blog\/?s={search_term_string}\"},\"query-input\":\"required name=search_term_string\"}],\"inLanguage\":\"en-US\"},{\"@type\":\"WebPage\",\"@id\":\"https:\/\/www.visit-ulcinj.com\/blog\/2009\/08\/25\/kumtese-per-opinion-e-deges-se-lidhjes-demokratike-ne-mal-te-zi\/#webpage\",\"url\":\"https:\/\/www.visit-ulcinj.com\/blog\/2009\/08\/25\/kumtese-per-opinion-e-deges-se-lidhjes-demokratike-ne-mal-te-zi\/\",\"name\":\"Kumtes\u00eb p\u00ebr opinion e deg\u00ebs s\u00eb Lidhjes Demokratike n\u00eb Mal t\u00eb Zi - Lajme nga Ulqini\",\"isPartOf\":{\"@id\":\"https:\/\/www.visit-ulcinj.com\/blog\/#website\"},\"datePublished\":\"2009-08-25T17:07:55+00:00\",\"dateModified\":\"2009-08-29T14:12:44+00:00\",\"author\":{\"@id\":\"https:\/\/www.visit-ulcinj.com\/blog\/#\/schema\/person\/dcab619c614d3038751c63bc2aadc06d\"},\"description\":\"P\u00ebrkrahje formimit t\u00eb frontit t\u00eb p\u00ebrbashk\u00ebt p\u00ebr komun\u00ebn e plot\u00eb Tuz - Lidhja Demokratike n\u00eb Mal t\u00eb Zi - Dega e Mal\u00ebsis\u00eb, n\u00eb mbledhjen e mbajtur m\u00eb 19\",\"breadcrumb\":{\"@id\":\"https:\/\/www.visit-ulcinj.com\/blog\/2009\/08\/25\/kumtese-per-opinion-e-deges-se-lidhjes-demokratike-ne-mal-te-zi\/#breadcrumb\"},\"inLanguage\":\"en-US\",\"potentialAction\":[{\"@type\":\"ReadAction\",\"target\":[\"https:\/\/www.visit-ulcinj.com\/blog\/2009\/08\/25\/kumtese-per-opinion-e-deges-se-lidhjes-demokratike-ne-mal-te-zi\/\"]}]},{\"@type\":\"BreadcrumbList\",\"@id\":\"https:\/\/www.visit-ulcinj.com\/blog\/2009\/08\/25\/kumtese-per-opinion-e-deges-se-lidhjes-demokratike-ne-mal-te-zi\/#breadcrumb\",\"itemListElement\":[{\"@type\":\"ListItem\",\"position\":1,\"name\":\"Kumtes\u00eb p\u00ebr opinion e deg\u00ebs s\u00eb Lidhjes Demokratike n\u00eb Mal t\u00eb Zi\"}]},{\"@type\":\"Person\",\"@id\":\"https:\/\/www.visit-ulcinj.com\/blog\/#\/schema\/person\/dcab619c614d3038751c63bc2aadc06d\",\"name\":\"ulqini\",\"sameAs\":[\"http:\/\/www.visit-ulcinj.com\"],\"url\":\"https:\/\/www.visit-ulcinj.com\/blog\/author\/admin\/\"}]}<\/script>\n<!-- \/ Yoast SEO plugin. -->","yoast_head_json":{"title":"Kumtes\u00eb p\u00ebr opinion e deg\u00ebs s\u00eb Lidhjes Demokratike n\u00eb Mal t\u00eb Zi - Lajme nga Ulqini","description":"P\u00ebrkrahje formimit t\u00eb frontit t\u00eb p\u00ebrbashk\u00ebt p\u00ebr komun\u00ebn e plot\u00eb Tuz - Lidhja Demokratike n\u00eb Mal t\u00eb Zi - Dega e Mal\u00ebsis\u00eb, n\u00eb mbledhjen e mbajtur m\u00eb 19","robots":{"index":"index","follow":"follow","max-snippet":"max-snippet:-1","max-image-preview":"max-image-preview:large","max-video-preview":"max-video-preview:-1"},"canonical":"https:\/\/www.visit-ulcinj.com\/blog\/2009\/08\/25\/kumtese-per-opinion-e-deges-se-lidhjes-demokratike-ne-mal-te-zi\/","og_locale":"en_US","og_type":"article","og_title":"Kumtes\u00eb p\u00ebr opinion e deg\u00ebs s\u00eb Lidhjes Demokratike n\u00eb Mal t\u00eb Zi - Lajme nga Ulqini","og_description":"P\u00ebrkrahje formimit t\u00eb frontit t\u00eb p\u00ebrbashk\u00ebt p\u00ebr komun\u00ebn e plot\u00eb Tuz - Lidhja Demokratike n\u00eb Mal t\u00eb Zi - Dega e Mal\u00ebsis\u00eb, n\u00eb mbledhjen e mbajtur m\u00eb 19","og_url":"https:\/\/www.visit-ulcinj.com\/blog\/2009\/08\/25\/kumtese-per-opinion-e-deges-se-lidhjes-demokratike-ne-mal-te-zi\/","og_site_name":"Lajme nga Ulqini","article_published_time":"2009-08-25T17:07:55+00:00","article_modified_time":"2009-08-29T14:12:44+00:00","twitter_misc":{"Written by":"ulqini","Est. reading time":"6 minutes"},"schema":{"@context":"https:\/\/schema.org","@graph":[{"@type":"WebSite","@id":"https:\/\/www.visit-ulcinj.com\/blog\/#website","url":"https:\/\/www.visit-ulcinj.com\/blog\/","name":"Lajme nga Ulqini","description":"Lajme,Vijesti,Ulqini,Ulqin,Crna Gora,Mali i Zi","potentialAction":[{"@type":"SearchAction","target":{"@type":"EntryPoint","urlTemplate":"https:\/\/www.visit-ulcinj.com\/blog\/?s={search_term_string}"},"query-input":"required name=search_term_string"}],"inLanguage":"en-US"},{"@type":"WebPage","@id":"https:\/\/www.visit-ulcinj.com\/blog\/2009\/08\/25\/kumtese-per-opinion-e-deges-se-lidhjes-demokratike-ne-mal-te-zi\/#webpage","url":"https:\/\/www.visit-ulcinj.com\/blog\/2009\/08\/25\/kumtese-per-opinion-e-deges-se-lidhjes-demokratike-ne-mal-te-zi\/","name":"Kumtes\u00eb p\u00ebr opinion e deg\u00ebs s\u00eb Lidhjes Demokratike n\u00eb Mal t\u00eb Zi - Lajme nga Ulqini","isPartOf":{"@id":"https:\/\/www.visit-ulcinj.com\/blog\/#website"},"datePublished":"2009-08-25T17:07:55+00:00","dateModified":"2009-08-29T14:12:44+00:00","author":{"@id":"https:\/\/www.visit-ulcinj.com\/blog\/#\/schema\/person\/dcab619c614d3038751c63bc2aadc06d"},"description":"P\u00ebrkrahje formimit t\u00eb frontit t\u00eb p\u00ebrbashk\u00ebt p\u00ebr komun\u00ebn e plot\u00eb Tuz - Lidhja Demokratike n\u00eb Mal t\u00eb Zi - Dega e Mal\u00ebsis\u00eb, n\u00eb mbledhjen e mbajtur m\u00eb 19","breadcrumb":{"@id":"https:\/\/www.visit-ulcinj.com\/blog\/2009\/08\/25\/kumtese-per-opinion-e-deges-se-lidhjes-demokratike-ne-mal-te-zi\/#breadcrumb"},"inLanguage":"en-US","potentialAction":[{"@type":"ReadAction","target":["https:\/\/www.visit-ulcinj.com\/blog\/2009\/08\/25\/kumtese-per-opinion-e-deges-se-lidhjes-demokratike-ne-mal-te-zi\/"]}]},{"@type":"BreadcrumbList","@id":"https:\/\/www.visit-ulcinj.com\/blog\/2009\/08\/25\/kumtese-per-opinion-e-deges-se-lidhjes-demokratike-ne-mal-te-zi\/#breadcrumb","itemListElement":[{"@type":"ListItem","position":1,"name":"Kumtes\u00eb p\u00ebr opinion e deg\u00ebs s\u00eb Lidhjes Demokratike n\u00eb Mal t\u00eb Zi"}]},{"@type":"Person","@id":"https:\/\/www.visit-ulcinj.com\/blog\/#\/schema\/person\/dcab619c614d3038751c63bc2aadc06d","name":"ulqini","sameAs":["http:\/\/www.visit-ulcinj.com"],"url":"https:\/\/www.visit-ulcinj.com\/blog\/author\/admin\/"}]}},"jetpack_featured_media_url":"","jetpack_sharing_enabled":true,"jetpack_shortlink":"https:\/\/wp.me\/pe6lTn-6u3","_links":{"self":[{"href":"https:\/\/www.visit-ulcinj.com\/blog\/wp-json\/wp\/v2\/posts\/24927"}],"collection":[{"href":"https:\/\/www.visit-ulcinj.com\/blog\/wp-json\/wp\/v2\/posts"}],"about":[{"href":"https:\/\/www.visit-ulcinj.com\/blog\/wp-json\/wp\/v2\/types\/post"}],"author":[{"embeddable":true,"href":"https:\/\/www.visit-ulcinj.com\/blog\/wp-json\/wp\/v2\/users\/1"}],"replies":[{"embeddable":true,"href":"https:\/\/www.visit-ulcinj.com\/blog\/wp-json\/wp\/v2\/comments?post=24927"}],"version-history":[{"count":0,"href":"https:\/\/www.visit-ulcinj.com\/blog\/wp-json\/wp\/v2\/posts\/24927\/revisions"}],"wp:attachment":[{"href":"https:\/\/www.visit-ulcinj.com\/blog\/wp-json\/wp\/v2\/media?parent=24927"}],"wp:term":[{"taxonomy":"category","embeddable":true,"href":"https:\/\/www.visit-ulcinj.com\/blog\/wp-json\/wp\/v2\/categories?post=24927"},{"taxonomy":"post_tag","embeddable":true,"href":"https:\/\/www.visit-ulcinj.com\/blog\/wp-json\/wp\/v2\/tags?post=24927"}],"curies":[{"name":"wp","href":"https:\/\/api.w.org\/{rel}","templated":true}]}}