{"id":24931,"date":"2009-08-25T20:01:00","date_gmt":"2009-08-25T18:01:00","guid":{"rendered":"http:\/\/www.visit-ulcinj.com\/blog\/?p=24931"},"modified":"2009-08-25T20:01:00","modified_gmt":"2009-08-25T18:01:00","slug":"me-vendim-te-komisionit-te-tenderit-per-plazhin-e-madh-dhe-aden","status":"publish","type":"post","link":"https:\/\/www.visit-ulcinj.com\/blog\/2009\/08\/25\/me-vendim-te-komisionit-te-tenderit-per-plazhin-e-madh-dhe-aden\/","title":{"rendered":"Me vendim t\u00eb komisionit t\u00eb tenderit p\u00ebr Plazhin e madh dhe Ad\u00ebn"},"content":{"rendered":"<p><strong><a href=\"http:\/\/www.visit-ulcinj.com\/blog\/wp-content\/uploads\/2009\/08\/TENDERI-PER-PLAZHIN-E-MADH-DHE-ADEN.jpg\"><img loading=\"lazy\" class=\"alignleft size-full wp-image-24932\" title=\"TENDERI PER PLAZHIN E MADH DHE ADEN\" src=\"http:\/\/www.visit-ulcinj.com\/blog\/wp-content\/uploads\/2009\/08\/TENDERI-PER-PLAZHIN-E-MADH-DHE-ADEN.jpg\" alt=\"TENDERI PER PLAZHIN E MADH DHE ADEN\" width=\"580\" height=\"300\" \/><\/a>Shtyhet s\u00ebrish afati i dor\u00ebzimit t\u00eb ofertave<\/strong><br \/>\nPodgoric\u00eb \u2013 Komisioni i tenderit ka shtyr\u00eb deri m\u00eb 15 tetor afatin p\u00ebr paraqitjen e pjes\u00ebmarrjes n\u00eb tendere p\u00ebr realizimin e projekteve t\u00eb valorizimit turistik t\u00eb Plazhit t\u00eb Madh dhe ujdhes\u00ebs s\u00eb Ad\u00ebs.<br \/>\nT\u00eb interesuarit p\u00ebr t\u00eb marr\u00eb pjes\u00eb n\u00eb t\u00eb dy tender\u00ebt jan\u00eb t\u00eb detyruar q\u00eb m\u00eb s\u00eb voni deri m\u00eb 15 shkurt t\u00eb vitit t\u00eb ardhsh\u00ebm t\u00eb dor\u00ebzojn\u00eb ofertat e tyre.<br \/>\nKjo \u00ebsht\u00eb hera e dyt\u00eb q\u00eb shtyhet afati i paraqitjes s\u00eb pjes\u00ebmarrjes n\u00eb tender\u00ebt p\u00ebr valorizimin e Plazhit t\u00eb Madh dhe Ad\u00ebs. Komisioni tenderues n\u00eb fund t\u00eb muajit maj ka shtyr\u00eb afatin p\u00ebr paraqitjen e pjes\u00ebmarrjes deri m\u00eb 17 gusht.<br \/>\nThirrjen p\u00ebr dor\u00ebzimin e ofertave p\u00ebr zhvillimin e kompleksit dhe dh\u00ebnien me qira shum\u00ebvje\u00e7are t\u00eb Plazhit t\u00eb Madh, Qeveria e ka b\u00ebr\u00eb n\u00eb fund t\u00eb muajit mars. T\u00eb nj\u00ebjt\u00ebn dit\u00eb \u00ebsht\u00eb shpallur njoftimi p\u00ebr dh\u00ebnien me qira t\u00eb Ad\u00ebs, p\u00ebr 90 vjet, me obligim t\u00eb nd\u00ebrtimit dhe menaxhimit t\u00eb k\u00ebtij kompleksi turistik ekskluziv.<br \/>\nDokumentacionin e tenderit p\u00ebr marrjen me qira shum\u00ebvje\u00e7are t\u00eb Plazhit t\u00eb Madh dhe Ad\u00ebs, si\u00e7 \u00ebsht\u00eb njoftuar m\u00eb par\u00eb, e ka t\u00ebrhequr vet\u00ebm kompania Hydra Properties, e lidhur me familjen Al Nahyan nga Abu Dabi.<br \/>\nT\u00eb drejt\u00eb pjes\u00ebmarrjeje n\u00eb tenderin p\u00ebr Plazhin e Madh dhe Ad\u00ebn kan\u00eb firmat e ve\u00e7anta apo konzorciumet q\u00eb t\u00ebrheqin dokumentacionin e tenderit me \u00e7mim prej 50 mij\u00eb eurosh dhe n\u00ebnshkruajn\u00eb deklarat\u00ebn e besueshm\u00ebris\u00eb.<br \/>\nN\u00eb t\u00eb dy thirrjet \u00ebsht\u00eb shpjeguar se do t\u00eb pranohen ofertat e pjes\u00ebmarr\u00ebsve t\u00eb cil\u00ebt n\u00eb periudh\u00ebn nga viti 2000 deri vitin e kaluar kan\u00eb punuar n\u00eb projekte t\u00eb m\u00ebdha t\u00eb zhvillimit t\u00eb pasuris\u00eb s\u00eb paluajtshme me destinim t\u00eb ndrysh\u00ebm dhe nd\u00ebrtimin e komplekseve hotelierike dhe turistike.<br \/>\nN\u00eb kushtet e tenderit \u00ebsht\u00eb parashikuar detyrimi i ofertuesit q\u00eb nga tet\u00eb vitet e fundit, t\u00eb pakt\u00ebn tri t\u00eb ket\u00eb menaxhuar objekte hotelierike dhe turistike, rekreative, kulturore, arsimore dhe afariste me sip\u00ebrfaqe prej 200 mij\u00eb metra katror\u00eb dhe vler\u00eb t\u00eb pakt\u00ebn 300 milion\u00eb euro.<br \/>\nN\u00eb thirrje po ashtu \u00ebsht\u00eb sqaruar se pjes\u00ebmarr\u00ebsit n\u00eb tender apo bart\u00ebsit e konzorciumit duhet t\u00eb ken\u00eb qarkullim vjetor prej m\u00eb s\u00eb paku 400 milion\u00eb euro n\u00eb tre vitet e fundit.<br \/>\nOfertuesit jan\u00eb t\u00eb detyruar t\u00eb dor\u00ebzojn\u00eb edhe projektet ideore p\u00ebr kompleksin e Plazhit t\u00eb Madh dhe Ad\u00ebs, t\u00eb cilat p\u00ebrfshijn\u00eb arkitektur\u00ebn, projektin dhe nd\u00ebrtimin sipas standardit m\u00eb t\u00eb lart\u00eb nd\u00ebrkomb\u00ebtar.<\/p>\n<p><strong>Kohapress<\/strong><\/p>\n<p><strong><br \/>\n<\/strong><span id=\"__end\"><span id=\"__end\"><span id=\"__end\"><strong>[flv width=&#8221;580&#8243; height=&#8221;400&#8243;]http:\/\/www.velikaplaza.info\/gallery\/video\/stream.php?f=Velika_Plaza_movie_Jan_2009.flv[\/flv]<\/strong><\/span><\/span><\/span><\/p>\n","protected":false},"excerpt":{"rendered":"<p>Shtyhet s\u00ebrish afati i dor\u00ebzimit t\u00eb ofertave Podgoric\u00eb \u2013 Komisioni i tenderit ka shtyr\u00eb deri m\u00eb 15 tetor afatin p\u00ebr paraqitjen e pjes\u00ebmarrjes n\u00eb tendere p\u00ebr realizimin e projekteve t\u00eb valorizimit turistik t\u00eb Plazhit t\u00eb Madh dhe ujdhes\u00ebs s\u00eb Ad\u00ebs. T\u00eb interesuarit p\u00ebr t\u00eb marr\u00eb pjes\u00eb n\u00eb t\u00eb dy tender\u00ebt jan\u00eb t\u00eb detyruar q\u00eb m\u00eb [&hellip;]<\/p>\n","protected":false},"author":1,"featured_media":0,"comment_status":"open","ping_status":"closed","sticky":false,"template":"","format":"standard","meta":{"spay_email":"","jetpack_publicize_message":"","jetpack_is_tweetstorm":false,"jetpack_publicize_feature_enabled":true},"categories":[10],"tags":[95,12273,200,18],"jetpack_publicize_connections":[],"yoast_head":"<!-- This site is optimized with the Yoast SEO plugin v19.1 - https:\/\/yoast.com\/wordpress\/plugins\/seo\/ -->\n<title>Me vendim t\u00eb komisionit t\u00eb tenderit p\u00ebr Plazhin e madh dhe Ad\u00ebn - Lajme nga Ulqini<\/title>\n<meta name=\"description\" content=\"Shtyhet s\u00ebrish afati i dor\u00ebzimit t\u00eb ofertave Podgoric\u00eb \u2013 Komisioni i tenderit ka shtyr\u00eb deri m\u00eb 15 tetor afatin p\u00ebr paraqitjen e pjes\u00ebmarrjes n\u00eb tendere\" \/>\n<meta name=\"robots\" content=\"index, follow, max-snippet:-1, max-image-preview:large, max-video-preview:-1\" \/>\n<link rel=\"canonical\" href=\"https:\/\/www.visit-ulcinj.com\/blog\/2009\/08\/25\/me-vendim-te-komisionit-te-tenderit-per-plazhin-e-madh-dhe-aden\/\" \/>\n<meta property=\"og:locale\" content=\"en_US\" \/>\n<meta property=\"og:type\" content=\"article\" \/>\n<meta property=\"og:title\" content=\"Me vendim t\u00eb komisionit t\u00eb tenderit p\u00ebr Plazhin e madh dhe Ad\u00ebn - Lajme nga Ulqini\" \/>\n<meta property=\"og:description\" content=\"Shtyhet s\u00ebrish afati i dor\u00ebzimit t\u00eb ofertave Podgoric\u00eb \u2013 Komisioni i tenderit ka shtyr\u00eb deri m\u00eb 15 tetor afatin p\u00ebr paraqitjen e pjes\u00ebmarrjes n\u00eb tendere\" \/>\n<meta property=\"og:url\" content=\"https:\/\/www.visit-ulcinj.com\/blog\/2009\/08\/25\/me-vendim-te-komisionit-te-tenderit-per-plazhin-e-madh-dhe-aden\/\" \/>\n<meta property=\"og:site_name\" content=\"Lajme nga Ulqini\" \/>\n<meta property=\"article:published_time\" content=\"2009-08-25T18:01:00+00:00\" \/>\n<meta property=\"og:image\" content=\"http:\/\/www.visit-ulcinj.com\/blog\/wp-content\/uploads\/2009\/08\/TENDERI-PER-PLAZHIN-E-MADH-DHE-ADEN.jpg\" \/>\n<meta name=\"twitter:label1\" content=\"Written by\" \/>\n\t<meta name=\"twitter:data1\" content=\"ulqini\" \/>\n\t<meta name=\"twitter:label2\" content=\"Est. reading time\" \/>\n\t<meta name=\"twitter:data2\" content=\"2 minutes\" \/>\n<script type=\"application\/ld+json\" class=\"yoast-schema-graph\">{\"@context\":\"https:\/\/schema.org\",\"@graph\":[{\"@type\":\"WebSite\",\"@id\":\"https:\/\/www.visit-ulcinj.com\/blog\/#website\",\"url\":\"https:\/\/www.visit-ulcinj.com\/blog\/\",\"name\":\"Lajme nga Ulqini\",\"description\":\"Lajme,Vijesti,Ulqini,Ulqin,Crna Gora,Mali i Zi\",\"potentialAction\":[{\"@type\":\"SearchAction\",\"target\":{\"@type\":\"EntryPoint\",\"urlTemplate\":\"https:\/\/www.visit-ulcinj.com\/blog\/?s={search_term_string}\"},\"query-input\":\"required name=search_term_string\"}],\"inLanguage\":\"en-US\"},{\"@type\":\"ImageObject\",\"inLanguage\":\"en-US\",\"@id\":\"https:\/\/www.visit-ulcinj.com\/blog\/2009\/08\/25\/me-vendim-te-komisionit-te-tenderit-per-plazhin-e-madh-dhe-aden\/#primaryimage\",\"url\":\"https:\/\/www.visit-ulcinj.com\/blog\/wp-content\/uploads\/2009\/08\/TENDERI-PER-PLAZHIN-E-MADH-DHE-ADEN.jpg\",\"contentUrl\":\"https:\/\/www.visit-ulcinj.com\/blog\/wp-content\/uploads\/2009\/08\/TENDERI-PER-PLAZHIN-E-MADH-DHE-ADEN.jpg\",\"width\":\"674\",\"height\":\"299\"},{\"@type\":\"WebPage\",\"@id\":\"https:\/\/www.visit-ulcinj.com\/blog\/2009\/08\/25\/me-vendim-te-komisionit-te-tenderit-per-plazhin-e-madh-dhe-aden\/#webpage\",\"url\":\"https:\/\/www.visit-ulcinj.com\/blog\/2009\/08\/25\/me-vendim-te-komisionit-te-tenderit-per-plazhin-e-madh-dhe-aden\/\",\"name\":\"Me vendim t\u00eb komisionit t\u00eb tenderit p\u00ebr Plazhin e madh dhe Ad\u00ebn - Lajme nga Ulqini\",\"isPartOf\":{\"@id\":\"https:\/\/www.visit-ulcinj.com\/blog\/#website\"},\"primaryImageOfPage\":{\"@id\":\"https:\/\/www.visit-ulcinj.com\/blog\/2009\/08\/25\/me-vendim-te-komisionit-te-tenderit-per-plazhin-e-madh-dhe-aden\/#primaryimage\"},\"datePublished\":\"2009-08-25T18:01:00+00:00\",\"dateModified\":\"2009-08-25T18:01:00+00:00\",\"author\":{\"@id\":\"https:\/\/www.visit-ulcinj.com\/blog\/#\/schema\/person\/dcab619c614d3038751c63bc2aadc06d\"},\"description\":\"Shtyhet s\u00ebrish afati i dor\u00ebzimit t\u00eb ofertave Podgoric\u00eb \u2013 Komisioni i tenderit ka shtyr\u00eb deri m\u00eb 15 tetor afatin p\u00ebr paraqitjen e pjes\u00ebmarrjes n\u00eb tendere\",\"breadcrumb\":{\"@id\":\"https:\/\/www.visit-ulcinj.com\/blog\/2009\/08\/25\/me-vendim-te-komisionit-te-tenderit-per-plazhin-e-madh-dhe-aden\/#breadcrumb\"},\"inLanguage\":\"en-US\",\"potentialAction\":[{\"@type\":\"ReadAction\",\"target\":[\"https:\/\/www.visit-ulcinj.com\/blog\/2009\/08\/25\/me-vendim-te-komisionit-te-tenderit-per-plazhin-e-madh-dhe-aden\/\"]}]},{\"@type\":\"BreadcrumbList\",\"@id\":\"https:\/\/www.visit-ulcinj.com\/blog\/2009\/08\/25\/me-vendim-te-komisionit-te-tenderit-per-plazhin-e-madh-dhe-aden\/#breadcrumb\",\"itemListElement\":[{\"@type\":\"ListItem\",\"position\":1,\"name\":\"Me vendim t\u00eb komisionit t\u00eb tenderit p\u00ebr Plazhin e madh dhe Ad\u00ebn\"}]},{\"@type\":\"Person\",\"@id\":\"https:\/\/www.visit-ulcinj.com\/blog\/#\/schema\/person\/dcab619c614d3038751c63bc2aadc06d\",\"name\":\"ulqini\",\"sameAs\":[\"http:\/\/www.visit-ulcinj.com\"],\"url\":\"https:\/\/www.visit-ulcinj.com\/blog\/author\/admin\/\"}]}<\/script>\n<!-- \/ Yoast SEO plugin. -->","yoast_head_json":{"title":"Me vendim t\u00eb komisionit t\u00eb tenderit p\u00ebr Plazhin e madh dhe Ad\u00ebn - Lajme nga Ulqini","description":"Shtyhet s\u00ebrish afati i dor\u00ebzimit t\u00eb ofertave Podgoric\u00eb \u2013 Komisioni i tenderit ka shtyr\u00eb deri m\u00eb 15 tetor afatin p\u00ebr paraqitjen e pjes\u00ebmarrjes n\u00eb tendere","robots":{"index":"index","follow":"follow","max-snippet":"max-snippet:-1","max-image-preview":"max-image-preview:large","max-video-preview":"max-video-preview:-1"},"canonical":"https:\/\/www.visit-ulcinj.com\/blog\/2009\/08\/25\/me-vendim-te-komisionit-te-tenderit-per-plazhin-e-madh-dhe-aden\/","og_locale":"en_US","og_type":"article","og_title":"Me vendim t\u00eb komisionit t\u00eb tenderit p\u00ebr Plazhin e madh dhe Ad\u00ebn - Lajme nga Ulqini","og_description":"Shtyhet s\u00ebrish afati i dor\u00ebzimit t\u00eb ofertave Podgoric\u00eb \u2013 Komisioni i tenderit ka shtyr\u00eb deri m\u00eb 15 tetor afatin p\u00ebr paraqitjen e pjes\u00ebmarrjes n\u00eb tendere","og_url":"https:\/\/www.visit-ulcinj.com\/blog\/2009\/08\/25\/me-vendim-te-komisionit-te-tenderit-per-plazhin-e-madh-dhe-aden\/","og_site_name":"Lajme nga Ulqini","article_published_time":"2009-08-25T18:01:00+00:00","og_image":[{"url":"http:\/\/www.visit-ulcinj.com\/blog\/wp-content\/uploads\/2009\/08\/TENDERI-PER-PLAZHIN-E-MADH-DHE-ADEN.jpg"}],"twitter_misc":{"Written by":"ulqini","Est. reading time":"2 minutes"},"schema":{"@context":"https:\/\/schema.org","@graph":[{"@type":"WebSite","@id":"https:\/\/www.visit-ulcinj.com\/blog\/#website","url":"https:\/\/www.visit-ulcinj.com\/blog\/","name":"Lajme nga Ulqini","description":"Lajme,Vijesti,Ulqini,Ulqin,Crna Gora,Mali i Zi","potentialAction":[{"@type":"SearchAction","target":{"@type":"EntryPoint","urlTemplate":"https:\/\/www.visit-ulcinj.com\/blog\/?s={search_term_string}"},"query-input":"required name=search_term_string"}],"inLanguage":"en-US"},{"@type":"ImageObject","inLanguage":"en-US","@id":"https:\/\/www.visit-ulcinj.com\/blog\/2009\/08\/25\/me-vendim-te-komisionit-te-tenderit-per-plazhin-e-madh-dhe-aden\/#primaryimage","url":"https:\/\/www.visit-ulcinj.com\/blog\/wp-content\/uploads\/2009\/08\/TENDERI-PER-PLAZHIN-E-MADH-DHE-ADEN.jpg","contentUrl":"https:\/\/www.visit-ulcinj.com\/blog\/wp-content\/uploads\/2009\/08\/TENDERI-PER-PLAZHIN-E-MADH-DHE-ADEN.jpg","width":"674","height":"299"},{"@type":"WebPage","@id":"https:\/\/www.visit-ulcinj.com\/blog\/2009\/08\/25\/me-vendim-te-komisionit-te-tenderit-per-plazhin-e-madh-dhe-aden\/#webpage","url":"https:\/\/www.visit-ulcinj.com\/blog\/2009\/08\/25\/me-vendim-te-komisionit-te-tenderit-per-plazhin-e-madh-dhe-aden\/","name":"Me vendim t\u00eb komisionit t\u00eb tenderit p\u00ebr Plazhin e madh dhe Ad\u00ebn - Lajme nga Ulqini","isPartOf":{"@id":"https:\/\/www.visit-ulcinj.com\/blog\/#website"},"primaryImageOfPage":{"@id":"https:\/\/www.visit-ulcinj.com\/blog\/2009\/08\/25\/me-vendim-te-komisionit-te-tenderit-per-plazhin-e-madh-dhe-aden\/#primaryimage"},"datePublished":"2009-08-25T18:01:00+00:00","dateModified":"2009-08-25T18:01:00+00:00","author":{"@id":"https:\/\/www.visit-ulcinj.com\/blog\/#\/schema\/person\/dcab619c614d3038751c63bc2aadc06d"},"description":"Shtyhet s\u00ebrish afati i dor\u00ebzimit t\u00eb ofertave Podgoric\u00eb \u2013 Komisioni i tenderit ka shtyr\u00eb deri m\u00eb 15 tetor afatin p\u00ebr paraqitjen e pjes\u00ebmarrjes n\u00eb tendere","breadcrumb":{"@id":"https:\/\/www.visit-ulcinj.com\/blog\/2009\/08\/25\/me-vendim-te-komisionit-te-tenderit-per-plazhin-e-madh-dhe-aden\/#breadcrumb"},"inLanguage":"en-US","potentialAction":[{"@type":"ReadAction","target":["https:\/\/www.visit-ulcinj.com\/blog\/2009\/08\/25\/me-vendim-te-komisionit-te-tenderit-per-plazhin-e-madh-dhe-aden\/"]}]},{"@type":"BreadcrumbList","@id":"https:\/\/www.visit-ulcinj.com\/blog\/2009\/08\/25\/me-vendim-te-komisionit-te-tenderit-per-plazhin-e-madh-dhe-aden\/#breadcrumb","itemListElement":[{"@type":"ListItem","position":1,"name":"Me vendim t\u00eb komisionit t\u00eb tenderit p\u00ebr Plazhin e madh dhe Ad\u00ebn"}]},{"@type":"Person","@id":"https:\/\/www.visit-ulcinj.com\/blog\/#\/schema\/person\/dcab619c614d3038751c63bc2aadc06d","name":"ulqini","sameAs":["http:\/\/www.visit-ulcinj.com"],"url":"https:\/\/www.visit-ulcinj.com\/blog\/author\/admin\/"}]}},"jetpack_featured_media_url":"","jetpack_sharing_enabled":true,"jetpack_shortlink":"https:\/\/wp.me\/pe6lTn-6u7","_links":{"self":[{"href":"https:\/\/www.visit-ulcinj.com\/blog\/wp-json\/wp\/v2\/posts\/24931"}],"collection":[{"href":"https:\/\/www.visit-ulcinj.com\/blog\/wp-json\/wp\/v2\/posts"}],"about":[{"href":"https:\/\/www.visit-ulcinj.com\/blog\/wp-json\/wp\/v2\/types\/post"}],"author":[{"embeddable":true,"href":"https:\/\/www.visit-ulcinj.com\/blog\/wp-json\/wp\/v2\/users\/1"}],"replies":[{"embeddable":true,"href":"https:\/\/www.visit-ulcinj.com\/blog\/wp-json\/wp\/v2\/comments?post=24931"}],"version-history":[{"count":0,"href":"https:\/\/www.visit-ulcinj.com\/blog\/wp-json\/wp\/v2\/posts\/24931\/revisions"}],"wp:attachment":[{"href":"https:\/\/www.visit-ulcinj.com\/blog\/wp-json\/wp\/v2\/media?parent=24931"}],"wp:term":[{"taxonomy":"category","embeddable":true,"href":"https:\/\/www.visit-ulcinj.com\/blog\/wp-json\/wp\/v2\/categories?post=24931"},{"taxonomy":"post_tag","embeddable":true,"href":"https:\/\/www.visit-ulcinj.com\/blog\/wp-json\/wp\/v2\/tags?post=24931"}],"curies":[{"name":"wp","href":"https:\/\/api.w.org\/{rel}","templated":true}]}}