{"id":24936,"date":"2009-08-25T20:31:56","date_gmt":"2009-08-25T18:31:56","guid":{"rendered":"http:\/\/www.visit-ulcinj.com\/blog\/?p=24936"},"modified":"2009-08-25T20:31:56","modified_gmt":"2009-08-25T18:31:56","slug":"ulqini-prej-17-vitesh-komune-kontinentale","status":"publish","type":"post","link":"https:\/\/www.visit-ulcinj.com\/blog\/2009\/08\/25\/ulqini-prej-17-vitesh-komune-kontinentale\/","title":{"rendered":"Ulqini prej 17 vitesh komun\u00eb kontinentale"},"content":{"rendered":"<p><strong><a href=\"http:\/\/www.visit-ulcinj.com\/blog\/wp-content\/uploads\/2009\/08\/mogul-grup-ulcinj_Ilir-Llazorja.jpg\"><img loading=\"lazy\" class=\"alignleft size-full wp-image-24937\" title=\"mogul-grup-ulcinj_Ilir Llazorja\" src=\"http:\/\/www.visit-ulcinj.com\/blog\/wp-content\/uploads\/2009\/08\/mogul-grup-ulcinj_Ilir-Llazorja.jpg\" alt=\"mogul-grup-ulcinj_Ilir Llazorja\" width=\"321\" height=\"448\" srcset=\"https:\/\/www.visit-ulcinj.com\/blog\/wp-content\/uploads\/2009\/08\/mogul-grup-ulcinj_Ilir-Llazorja.jpg 321w, https:\/\/www.visit-ulcinj.com\/blog\/wp-content\/uploads\/2009\/08\/mogul-grup-ulcinj_Ilir-Llazorja-214x300.jpg 214w\" sizes=\"(max-width: 321px) 100vw, 321px\" \/><\/a>Ulqini si Kollashini<\/strong><br \/>\ngjysma e sip\u00ebrfaqeve q\u00eb i qeveris e ashtuquajtura Nd\u00ebrmarrja Publike p\u00ebr Qeverisjen e t\u00eb Mirave Detare ndodhet n\u00eb Ulqin. Sa para merr ajo nga kjo komun\u00eb askush nuk e di, kurse investimet jan\u00eb simbolike.<br \/>\n\u201cT\u00eb Mirat Detare\u201d nga viti 1992 qeverisin 13% t\u00eb territorit t\u00eb p\u00ebrgjithsh\u00ebm t\u00eb Ulqinit. Pik\u00ebrisht me pjes\u00ebn e tij m\u00eb t\u00eb mir\u00eb dhe m\u00eb cil\u00ebsore, q\u00eb do t\u00eb thot\u00eb edhe m\u00eb profitabile. Sa p\u00ebr krahasim, \u201cT\u00eb Mirat Detare\u201d n\u00eb Budv\u00eb p\u00ebrfshijn\u00eb 0,05 p\u00ebrqind t\u00eb territorit administrativ t\u00eb k\u00ebsaj komune!<br \/>\nNumri m\u00eb i madh i qytetar\u00ebve t\u00eb Ulqinit jan\u00eb t\u00eb pak\u00ebnaqur me Ligjin mbi t\u00eb mirat detare dhe konsiderojn\u00eb se k\u00ebt\u00eb territor duhet ta qeveris\u00eb vet\u00ebqeverisja lokale. Sidomos vihet n\u00eb dukje se \u201cbregdeti duhet ta zhvilloj\u00eb nj\u00ebsin\u00eb e vet\u00ebqeverisjes lokale, q\u00eb tani nuk \u00ebsht\u00eb ashtu\u201d, dhe q\u00eb Qeveria n\u00eb Podgoric\u00eb duhet ta shfuqizoj\u00eb vendimin jolegjitim p\u00ebr linj\u00ebn e t\u00eb mirave detare n\u00eb k\u00ebt\u00eb komun\u00eb.<br \/>\n\u201cNe q\u00eb nga viti 1992 praktikisht jemi b\u00ebr\u00eb komun\u00eb kontinentale, ngase nuk kemi dalje n\u00eb det. T\u00eb gjitha ingerencat n\u00eb k\u00ebt\u00eb zon\u00eb i ka ekskluzivisht kjo nd\u00ebrmarrje shtet\u00ebrore me seli n\u00eb Budv\u00eb\u201d thot\u00eb Mehmet Bardhi, deputet n\u00eb Parlamentin e Malit t\u00eb Zi.<br \/>\nDuke konstatuar se t\u00eb ardhurat q\u00eb i realizojn\u00eb \u201cT\u00eb Mirat Detare\u201d duhet t\u2019i takojn\u00eb komun\u00ebs, ai konsideron se kjo nd\u00ebrmarrje thjesht do t\u00eb duhej suprimuar.<br \/>\n\u201cNe e quajm\u00eb \u2018t\u00eb k\u00ebqijat detare\u2019, p\u00ebr shkak se ajo \u00ebsht\u00eb d\u00ebshmi e politik\u00ebs dhe praktik\u00ebs pushtuese dhe kolonizuese t\u00eb regjimit q\u00eb ndiqet ndaj rajoneve ku shqiptar\u00ebt p\u00ebrb\u00ebjn\u00eb shumic\u00ebn e popullsis\u00eb\u201d, pohon Bardhi.<br \/>\nDeri n\u00eb vitin 2002, bashk\u00ebpunimi i autoriteteve lokale dhe i k\u00ebsaj nd\u00ebrmarrje publike pothuajse nuk ekzistonte, kurse prej at\u00ebher\u00eb prefekt\u00ebt e Ulqinit thon\u00eb se ky bashk\u00ebpunim \u00ebsht\u00eb tejet i mir\u00eb!?<br \/>\n\u201cPor, n\u00eb \u00e7ka konsiston ky bashk\u00ebpunim? Ne nuk e shohim k\u00ebt\u00eb n\u00eb terren\u201d, thot\u00eb Ilir Llazorja, koordinator i MOGUL-it (Monitoring Grupit t\u00eb Ulqinit), i cili tashm\u00eb disa vite ndjek n\u00eb m\u00ebnyr\u00eb sistematike aktivitetet e \u201cT\u00eb Mirave Detare\u201d.<br \/>\nFunksionari i lart\u00eb i k\u00ebsaj nd\u00ebrmarrjeve Dragan Markoviq deklaroi koh\u00eb m\u00eb par\u00eb se investimet e deritashme t\u00eb k\u00ebsaj firme kapin shum\u00ebn rreth 20 milion\u00eb euro, dhe se n\u00eb vitin e kaluar jan\u00eb realizuar t\u00eb ardhura n\u00eb shum\u00ebn 4,5 milion\u00eb euro.<br \/>\nNga kjo shum\u00eb n\u00eb Ulqin nuk \u00ebsht\u00eb investuar as nj\u00eb milion, pohojn\u00eb n\u00eb MOGUL dhe theksojn\u00eb se \u201cT\u00eb Mirat Detare\u201dsi investime rregullisht pasqyrojn\u00eb komunalit\u00eb dhe ndri\u00e7imin.<br \/>\n\u201cKjo \u00ebsht\u00eb mir\u00ebmbajtje, kurse investimet reale, p\u00ebr fat t\u00eb keq, jan\u00eb fare t\u00eb vogla, pothuajse t\u00eb pap\u00ebrfillshme, duke marr\u00eb parasysh madh\u00ebsin\u00eb e sip\u00ebrfaqeve q\u00eb i qeveris kjo nd\u00ebrmarrje dhe v\u00ebllimin e mjeteve t\u00eb cilat i grumbullon k\u00ebtu tashm\u00eb 17 vite t\u00eb plota\u201d, shton Llazorja.<br \/>\nAnalizat tregojn\u00eb se investimet e \u201cT\u00eb Mirave Detare\u201d n\u00eb Ulqin arrijn\u00eb m\u00eb pak se pes\u00eb p\u00ebrqind t\u00eb shum\u00ebs s\u00eb p\u00ebrgjithshme q\u00eb kjo nd\u00ebrmarrje ve\u00e7on \u00e7do vit p\u00ebr investime n\u00eb bregdetin malazias, edhe pse n\u00eb k\u00ebt\u00eb komun\u00eb ndodhet madje 56 % e territorit t\u00eb cilin e qeveris kjo nd\u00ebrmarrje!<br \/>\nV\u00ebrejtje gjithnj\u00eb e m\u00eb t\u00eb shpeshta ndaj pun\u00ebs dhe funksionimit t\u00eb \u201cT\u00eb Mirave Detare\u201d n\u00eb Ulqin kan\u00eb edhe ata t\u00eb cil\u00ebt kan\u00eb pasur m\u00eb s\u00eb shumti dobi prej saj \u2013 rentuesit e plazheve dhe t\u00eb objekteve n\u00eb k\u00ebt\u00eb zon\u00eb. K\u00ebsisoji, ata theksojn\u00eb se gjat\u00eb pes\u00eb viteve t\u00eb fundit \u00e7mimi i rent\u00ebs \u00ebsht\u00eb rritur madje deri kat\u00ebr her\u00eb, kurse qarkullimi po sh\u00ebnon r\u00ebnie.<br \/>\nNd\u00ebrkaq ka gjasa t\u00eb vogla q\u00eb do t\u00eb respektohen v\u00ebrejtjet dhe k\u00ebrkesat e Ulqinak\u00ebve, si t\u00eb rentuesve t\u00eb plazheve dhe pikave t\u00eb shitjes, ashtu edhe t\u00eb politikan\u00ebve.<br \/>\nNdoshta vet\u00ebm pas asociimit n\u00eb Bashkimin Europian dhe pas zbatimit t\u00eb standardeve dhe parimeve t\u00eb Kart\u00ebs Europiane mbi vet\u00ebqeveisjen lokale, e cila parashikon q\u00eb pjesa m\u00eb e madhe e t\u00eb ardhurave duhet t\u00eb mbetet atje ku realizohen, tregimi p\u00ebr \u201cT\u00eb Mirat Detare\u201d n\u00eb k\u00ebt\u00eb komun\u00eb m\u00eb n\u00eb fund do t\u00eb reduktohet n\u00eb dofar\u00eb suazash reale.<br \/>\nHistoria e k\u00ebtij qyteti e gjat\u00eb m\u00eb se dy mij\u00eb e pes\u00ebqind vjet, d\u00ebshmon se Ulqini zhvillohej vet\u00ebm at\u00ebher\u00eb kur kishte vet\u00ebqeverisje t\u00eb gjer\u00eb lokale.<br \/>\nP\u00ebrderisa t\u00eb ket\u00eb \u201cT\u00eb Mira Detare\u201d t\u00eb k\u00ebtilla, zhvillimi do t\u00eb mbetet vet\u00ebm nj\u00eb \u00ebnd\u00ebrr e larg\u00ebt.<\/p>\n<p><strong>Mustafa Canka<br \/>\nKoha Javore<\/strong><\/p>\n<!--YouTube Error: bad URL entered-->\n","protected":false},"excerpt":{"rendered":"<p>Ulqini si Kollashini gjysma e sip\u00ebrfaqeve q\u00eb i qeveris e ashtuquajtura Nd\u00ebrmarrja Publike p\u00ebr Qeverisjen e t\u00eb Mirave Detare ndodhet n\u00eb Ulqin. Sa para merr ajo nga kjo komun\u00eb askush nuk e di, kurse investimet jan\u00eb simbolike. \u201cT\u00eb Mirat Detare\u201d nga viti 1992 qeverisin 13% t\u00eb territorit t\u00eb p\u00ebrgjithsh\u00ebm t\u00eb Ulqinit. Pik\u00ebrisht me pjes\u00ebn e [&hellip;]<\/p>\n","protected":false},"author":1,"featured_media":0,"comment_status":"open","ping_status":"closed","sticky":false,"template":"","format":"standard","meta":{"spay_email":"","jetpack_publicize_message":"","jetpack_is_tweetstorm":false,"jetpack_publicize_feature_enabled":true},"categories":[11],"tags":[20,12275,12276,95,12274,2019,12278,5882,19,200,18,12277],"jetpack_publicize_connections":[],"yoast_head":"<!-- This site is optimized with the Yoast SEO plugin v19.1 - https:\/\/yoast.com\/wordpress\/plugins\/seo\/ -->\n<title>Ulqini prej 17 vitesh komun\u00eb kontinentale - Lajme nga Ulqini<\/title>\n<meta name=\"description\" content=\"Ulqini si Kollashini gjysma e sip\u00ebrfaqeve q\u00eb i qeveris e ashtuquajtura Nd\u00ebrmarrja Publike p\u00ebr Qeverisjen e t\u00eb Mirave Detare ndodhet n\u00eb Ulqin. Sa para merr\" \/>\n<meta name=\"robots\" content=\"index, follow, max-snippet:-1, max-image-preview:large, max-video-preview:-1\" \/>\n<link rel=\"canonical\" href=\"https:\/\/www.visit-ulcinj.com\/blog\/2009\/08\/25\/ulqini-prej-17-vitesh-komune-kontinentale\/\" \/>\n<meta property=\"og:locale\" content=\"en_US\" \/>\n<meta property=\"og:type\" content=\"article\" \/>\n<meta property=\"og:title\" content=\"Ulqini prej 17 vitesh komun\u00eb kontinentale - Lajme nga Ulqini\" \/>\n<meta property=\"og:description\" content=\"Ulqini si Kollashini gjysma e sip\u00ebrfaqeve q\u00eb i qeveris e ashtuquajtura Nd\u00ebrmarrja Publike p\u00ebr Qeverisjen e t\u00eb Mirave Detare ndodhet n\u00eb Ulqin. Sa para merr\" \/>\n<meta property=\"og:url\" content=\"https:\/\/www.visit-ulcinj.com\/blog\/2009\/08\/25\/ulqini-prej-17-vitesh-komune-kontinentale\/\" \/>\n<meta property=\"og:site_name\" content=\"Lajme nga Ulqini\" \/>\n<meta property=\"article:published_time\" content=\"2009-08-25T18:31:56+00:00\" \/>\n<meta property=\"og:image\" content=\"http:\/\/www.visit-ulcinj.com\/blog\/wp-content\/uploads\/2009\/08\/mogul-grup-ulcinj_Ilir-Llazorja.jpg\" \/>\n<meta name=\"twitter:label1\" content=\"Written by\" \/>\n\t<meta name=\"twitter:data1\" content=\"ulqini\" \/>\n\t<meta name=\"twitter:label2\" content=\"Est. reading time\" \/>\n\t<meta name=\"twitter:data2\" content=\"4 minutes\" \/>\n<script type=\"application\/ld+json\" class=\"yoast-schema-graph\">{\"@context\":\"https:\/\/schema.org\",\"@graph\":[{\"@type\":\"WebSite\",\"@id\":\"https:\/\/www.visit-ulcinj.com\/blog\/#website\",\"url\":\"https:\/\/www.visit-ulcinj.com\/blog\/\",\"name\":\"Lajme nga Ulqini\",\"description\":\"Lajme,Vijesti,Ulqini,Ulqin,Crna Gora,Mali i Zi\",\"potentialAction\":[{\"@type\":\"SearchAction\",\"target\":{\"@type\":\"EntryPoint\",\"urlTemplate\":\"https:\/\/www.visit-ulcinj.com\/blog\/?s={search_term_string}\"},\"query-input\":\"required name=search_term_string\"}],\"inLanguage\":\"en-US\"},{\"@type\":\"ImageObject\",\"inLanguage\":\"en-US\",\"@id\":\"https:\/\/www.visit-ulcinj.com\/blog\/2009\/08\/25\/ulqini-prej-17-vitesh-komune-kontinentale\/#primaryimage\",\"url\":\"https:\/\/www.visit-ulcinj.com\/blog\/wp-content\/uploads\/2009\/08\/mogul-grup-ulcinj_Ilir-Llazorja.jpg\",\"contentUrl\":\"https:\/\/www.visit-ulcinj.com\/blog\/wp-content\/uploads\/2009\/08\/mogul-grup-ulcinj_Ilir-Llazorja.jpg\",\"width\":\"321\",\"height\":\"448\"},{\"@type\":\"WebPage\",\"@id\":\"https:\/\/www.visit-ulcinj.com\/blog\/2009\/08\/25\/ulqini-prej-17-vitesh-komune-kontinentale\/#webpage\",\"url\":\"https:\/\/www.visit-ulcinj.com\/blog\/2009\/08\/25\/ulqini-prej-17-vitesh-komune-kontinentale\/\",\"name\":\"Ulqini prej 17 vitesh komun\u00eb kontinentale - Lajme nga Ulqini\",\"isPartOf\":{\"@id\":\"https:\/\/www.visit-ulcinj.com\/blog\/#website\"},\"primaryImageOfPage\":{\"@id\":\"https:\/\/www.visit-ulcinj.com\/blog\/2009\/08\/25\/ulqini-prej-17-vitesh-komune-kontinentale\/#primaryimage\"},\"datePublished\":\"2009-08-25T18:31:56+00:00\",\"dateModified\":\"2009-08-25T18:31:56+00:00\",\"author\":{\"@id\":\"https:\/\/www.visit-ulcinj.com\/blog\/#\/schema\/person\/dcab619c614d3038751c63bc2aadc06d\"},\"description\":\"Ulqini si Kollashini gjysma e sip\u00ebrfaqeve q\u00eb i qeveris e ashtuquajtura Nd\u00ebrmarrja Publike p\u00ebr Qeverisjen e t\u00eb Mirave Detare ndodhet n\u00eb Ulqin. Sa para merr\",\"breadcrumb\":{\"@id\":\"https:\/\/www.visit-ulcinj.com\/blog\/2009\/08\/25\/ulqini-prej-17-vitesh-komune-kontinentale\/#breadcrumb\"},\"inLanguage\":\"en-US\",\"potentialAction\":[{\"@type\":\"ReadAction\",\"target\":[\"https:\/\/www.visit-ulcinj.com\/blog\/2009\/08\/25\/ulqini-prej-17-vitesh-komune-kontinentale\/\"]}]},{\"@type\":\"BreadcrumbList\",\"@id\":\"https:\/\/www.visit-ulcinj.com\/blog\/2009\/08\/25\/ulqini-prej-17-vitesh-komune-kontinentale\/#breadcrumb\",\"itemListElement\":[{\"@type\":\"ListItem\",\"position\":1,\"name\":\"Ulqini prej 17 vitesh komun\u00eb kontinentale\"}]},{\"@type\":\"Person\",\"@id\":\"https:\/\/www.visit-ulcinj.com\/blog\/#\/schema\/person\/dcab619c614d3038751c63bc2aadc06d\",\"name\":\"ulqini\",\"sameAs\":[\"http:\/\/www.visit-ulcinj.com\"],\"url\":\"https:\/\/www.visit-ulcinj.com\/blog\/author\/admin\/\"}]}<\/script>\n<!-- \/ Yoast SEO plugin. -->","yoast_head_json":{"title":"Ulqini prej 17 vitesh komun\u00eb kontinentale - Lajme nga Ulqini","description":"Ulqini si Kollashini gjysma e sip\u00ebrfaqeve q\u00eb i qeveris e ashtuquajtura Nd\u00ebrmarrja Publike p\u00ebr Qeverisjen e t\u00eb Mirave Detare ndodhet n\u00eb Ulqin. Sa para merr","robots":{"index":"index","follow":"follow","max-snippet":"max-snippet:-1","max-image-preview":"max-image-preview:large","max-video-preview":"max-video-preview:-1"},"canonical":"https:\/\/www.visit-ulcinj.com\/blog\/2009\/08\/25\/ulqini-prej-17-vitesh-komune-kontinentale\/","og_locale":"en_US","og_type":"article","og_title":"Ulqini prej 17 vitesh komun\u00eb kontinentale - Lajme nga Ulqini","og_description":"Ulqini si Kollashini gjysma e sip\u00ebrfaqeve q\u00eb i qeveris e ashtuquajtura Nd\u00ebrmarrja Publike p\u00ebr Qeverisjen e t\u00eb Mirave Detare ndodhet n\u00eb Ulqin. Sa para merr","og_url":"https:\/\/www.visit-ulcinj.com\/blog\/2009\/08\/25\/ulqini-prej-17-vitesh-komune-kontinentale\/","og_site_name":"Lajme nga Ulqini","article_published_time":"2009-08-25T18:31:56+00:00","og_image":[{"url":"http:\/\/www.visit-ulcinj.com\/blog\/wp-content\/uploads\/2009\/08\/mogul-grup-ulcinj_Ilir-Llazorja.jpg"}],"twitter_misc":{"Written by":"ulqini","Est. reading time":"4 minutes"},"schema":{"@context":"https:\/\/schema.org","@graph":[{"@type":"WebSite","@id":"https:\/\/www.visit-ulcinj.com\/blog\/#website","url":"https:\/\/www.visit-ulcinj.com\/blog\/","name":"Lajme nga Ulqini","description":"Lajme,Vijesti,Ulqini,Ulqin,Crna Gora,Mali i Zi","potentialAction":[{"@type":"SearchAction","target":{"@type":"EntryPoint","urlTemplate":"https:\/\/www.visit-ulcinj.com\/blog\/?s={search_term_string}"},"query-input":"required name=search_term_string"}],"inLanguage":"en-US"},{"@type":"ImageObject","inLanguage":"en-US","@id":"https:\/\/www.visit-ulcinj.com\/blog\/2009\/08\/25\/ulqini-prej-17-vitesh-komune-kontinentale\/#primaryimage","url":"https:\/\/www.visit-ulcinj.com\/blog\/wp-content\/uploads\/2009\/08\/mogul-grup-ulcinj_Ilir-Llazorja.jpg","contentUrl":"https:\/\/www.visit-ulcinj.com\/blog\/wp-content\/uploads\/2009\/08\/mogul-grup-ulcinj_Ilir-Llazorja.jpg","width":"321","height":"448"},{"@type":"WebPage","@id":"https:\/\/www.visit-ulcinj.com\/blog\/2009\/08\/25\/ulqini-prej-17-vitesh-komune-kontinentale\/#webpage","url":"https:\/\/www.visit-ulcinj.com\/blog\/2009\/08\/25\/ulqini-prej-17-vitesh-komune-kontinentale\/","name":"Ulqini prej 17 vitesh komun\u00eb kontinentale - Lajme nga Ulqini","isPartOf":{"@id":"https:\/\/www.visit-ulcinj.com\/blog\/#website"},"primaryImageOfPage":{"@id":"https:\/\/www.visit-ulcinj.com\/blog\/2009\/08\/25\/ulqini-prej-17-vitesh-komune-kontinentale\/#primaryimage"},"datePublished":"2009-08-25T18:31:56+00:00","dateModified":"2009-08-25T18:31:56+00:00","author":{"@id":"https:\/\/www.visit-ulcinj.com\/blog\/#\/schema\/person\/dcab619c614d3038751c63bc2aadc06d"},"description":"Ulqini si Kollashini gjysma e sip\u00ebrfaqeve q\u00eb i qeveris e ashtuquajtura Nd\u00ebrmarrja Publike p\u00ebr Qeverisjen e t\u00eb Mirave Detare ndodhet n\u00eb Ulqin. Sa para merr","breadcrumb":{"@id":"https:\/\/www.visit-ulcinj.com\/blog\/2009\/08\/25\/ulqini-prej-17-vitesh-komune-kontinentale\/#breadcrumb"},"inLanguage":"en-US","potentialAction":[{"@type":"ReadAction","target":["https:\/\/www.visit-ulcinj.com\/blog\/2009\/08\/25\/ulqini-prej-17-vitesh-komune-kontinentale\/"]}]},{"@type":"BreadcrumbList","@id":"https:\/\/www.visit-ulcinj.com\/blog\/2009\/08\/25\/ulqini-prej-17-vitesh-komune-kontinentale\/#breadcrumb","itemListElement":[{"@type":"ListItem","position":1,"name":"Ulqini prej 17 vitesh komun\u00eb kontinentale"}]},{"@type":"Person","@id":"https:\/\/www.visit-ulcinj.com\/blog\/#\/schema\/person\/dcab619c614d3038751c63bc2aadc06d","name":"ulqini","sameAs":["http:\/\/www.visit-ulcinj.com"],"url":"https:\/\/www.visit-ulcinj.com\/blog\/author\/admin\/"}]}},"jetpack_featured_media_url":"","jetpack_sharing_enabled":true,"jetpack_shortlink":"https:\/\/wp.me\/pe6lTn-6uc","_links":{"self":[{"href":"https:\/\/www.visit-ulcinj.com\/blog\/wp-json\/wp\/v2\/posts\/24936"}],"collection":[{"href":"https:\/\/www.visit-ulcinj.com\/blog\/wp-json\/wp\/v2\/posts"}],"about":[{"href":"https:\/\/www.visit-ulcinj.com\/blog\/wp-json\/wp\/v2\/types\/post"}],"author":[{"embeddable":true,"href":"https:\/\/www.visit-ulcinj.com\/blog\/wp-json\/wp\/v2\/users\/1"}],"replies":[{"embeddable":true,"href":"https:\/\/www.visit-ulcinj.com\/blog\/wp-json\/wp\/v2\/comments?post=24936"}],"version-history":[{"count":0,"href":"https:\/\/www.visit-ulcinj.com\/blog\/wp-json\/wp\/v2\/posts\/24936\/revisions"}],"wp:attachment":[{"href":"https:\/\/www.visit-ulcinj.com\/blog\/wp-json\/wp\/v2\/media?parent=24936"}],"wp:term":[{"taxonomy":"category","embeddable":true,"href":"https:\/\/www.visit-ulcinj.com\/blog\/wp-json\/wp\/v2\/categories?post=24936"},{"taxonomy":"post_tag","embeddable":true,"href":"https:\/\/www.visit-ulcinj.com\/blog\/wp-json\/wp\/v2\/tags?post=24936"}],"curies":[{"name":"wp","href":"https:\/\/api.w.org\/{rel}","templated":true}]}}