{"id":24940,"date":"2009-08-26T17:52:23","date_gmt":"2009-08-26T15:52:23","guid":{"rendered":"http:\/\/www.visit-ulcinj.com\/blog\/?p=24940"},"modified":"2009-08-29T16:11:23","modified_gmt":"2009-08-29T14:11:23","slug":"kumtese-per-opinion-projektligji-per-organizimin-teritorjal-te-malit-te-zi","status":"publish","type":"post","link":"https:\/\/www.visit-ulcinj.com\/blog\/2009\/08\/26\/kumtese-per-opinion-projektligji-per-organizimin-teritorjal-te-malit-te-zi\/","title":{"rendered":"Kumtese per opinion; Projektligji per organizimin teritorjal te Malit te Zi"},"content":{"rendered":"<p style=\"text-align: left;\"><strong><a href=\"http:\/\/www.visit-ulcinj.com\/blog\/wp-content\/uploads\/2009\/06\/Kryetari-i-K%C3%ABshillit-Nacional-t%C3%AB-Shqiptar%C3%ABve-n%C3%AB-Malin-e-Zi_Tahir-Tahiri.jpg\"><img loading=\"lazy\" class=\"alignleft\" src=\"http:\/\/www.visit-ulcinj.com\/blog\/wp-content\/uploads\/2009\/06\/Kryetari-i-K%C3%ABshillit-Nacional-t%C3%AB-Shqiptar%C3%ABve-n%C3%AB-Malin-e-Zi_Tahir-Tahiri.jpg\" alt=\"\" width=\"580\" height=\"400\" \/><\/a>K\u00cbSHILLI NACIONAL I SHQIPTAR\u00cbVE N\u00cb MALIN E ZI<\/strong><\/p>\n<p><strong>NACIONALNI SAVJET ALBANACA U CRNOJ GORI<\/strong><\/p>\n<p><strong>ALBANIAN NATIONAL COUNCIL IN MONTENEGRO<\/strong><\/p>\n<p><strong>Nr.45\u00a0 \/ 09<\/strong><\/p>\n<p><strong>Ulqin, m\u00eb 26.08 . 2009 <\/strong><\/p>\n<p><strong>KUMTESE PER OPINION<\/strong><\/p>\n<p>K\u00ebshilli\u00a0 Nacional\u00a0 i\u00a0 Shqiptar\u00ebve n\u00eb Malin e Zi,\u00a0 si\u00a0 institucion\u00a0 i\u00a0 cili p\u00ebrfaq\u00ebson dhe prezanton shqiptar\u00ebt, duke qen\u00eb jet\u00ebsisht i interesuar p\u00ebr realizimin e t\u00eb drejtave dhe interesave t\u00eb shqiptar\u00ebve n\u00eb Malin e Zi, k\u00ebto dit\u00eb\u00a0\u00a0 n\u00eb qend\u00ebr t\u00eb v\u00ebmendjes\u00a0 ka projektet e Ligjeve q\u00eb Qeveria i vuri n\u00eb diskutim publik: Projektligjin p\u00ebr Organizimin Territorial t\u00eb Malit t\u00eb Zi dhe Projektligjin p\u00ebr Ndryshimin dhe Plot\u00ebsimin e Ligjit t\u00eb Vetqeverisjes Lokale.<\/p>\n<p>N\u00eb k\u00ebt\u00eb vazhd\u00eb Komisioni p\u00ebr dispozita i KNSH-s\u00eb , me pjes\u00ebmarrje edhe t\u00eb deputet\u00ebve shqiptar\u00eb si dhe t\u00eb dy udh\u00ebheq\u00ebsve m\u00eb t\u00eb lart\u00eb t\u00eb KU t\u00eb TUZIT (n\u00eb p\u00ebrberje t\u00eb zgjeruar), n\u00eb dy mbledhjet e veta shqyrtoi projekt ligjet n\u00eb diskutim , me theks t\u00eb ve\u00e7ant\u00eb n\u00eb , Projektligjin p\u00ebr Organizimin Territorial t\u00eb Malit t\u00eb Zi, p\u00ebr arsye t\u00eb interesimit ton\u00eb jetik p\u00ebr formimin e komun\u00ebs s\u00eb plot\u00eb t\u00eb Tuzit, n\u00eb kufijt\u00eb natyror\u00eb t\u00eb Mal\u00ebsis\u00eb.<\/p>\n<p>N\u00eb mbledhjen e zgjeruar, pas nj\u00eb shqyrtimi t\u00eb gjithansh\u00ebm, ku pati shum\u00eb propozime e sugjerime, Komisioni konstatoi:<\/p>\n<p>Meqen\u00ebse projektligji n\u00eb fjal\u00eb\u00a0 nuk p\u00ebrmbush\u00a0 kriteret themelore, nuk parasheh dhe praktikisht\u00a0 as\u00a0 q\u00eb mund\u00ebson realizimin e formimit\u00a0 t\u00eb Komun\u00ebs s\u00eb plot\u00eb t\u00eb Tuzit, KNSH-ja, gjegj\u00ebsisht Komisioni\u00a0 p\u00ebr Dispozita\u00a0 do\u00a0 t\u2019i\u00a0 d\u00ebrgoj\u00eb\u00a0\u00a0 Propozuesit\u00a0 v\u00ebrejtjet\u00a0 konkrete si vijojn\u00eb :<\/p>\n<ul>\n<li> -N\u00eb nenin 7 t\u00eb Projektligjit n\u00eb fjal\u00eb, paragrafi 1, pas Komun\u00ebs s\u00eb Tivatit\u00a0 duhet t\u00eb rreshtohet\u00a0 Komuna\u00a0 e\u00a0 Tuzit, kurse n\u00eb pik\u00ebn 16 a po t\u00eb nenit 7 t\u00eb p\u00ebrcaktohet p\u00ebrfshirja territoriale e Komun\u00ebs s\u00eb Tuzit, n\u00eb kufijt\u00eb natyror\u00eb t\u00eb Mal\u00ebsis\u00eb.<\/li>\n<\/ul>\n<p style=\"text-align: left;\">\n<ul>\n<li> &#8211; Sa i p\u00ebrket Projektligjit p\u00ebr Ndryshimin e Ligjit p\u00ebr Vet\u00ebqeverisjen Lokale,\u00a0 meqen\u00ebse ky Projektligj nuk mund\u00ebson decentralizimin e nj\u00ebmendt\u00eb n\u00eb p\u00ebrputhje m\u00eb praks\u00ebn demokratike dhe Kart\u00ebn Evropiane p\u00ebr Vet\u00ebqeverisjen Lokale, vler\u00ebsojm\u00eb se edhe m\u00eb tej ruan centralizimin\u00a0 e pushtetit qendror ndaj komunave , dhe p\u00ebr k\u00ebt\u00eb arsye propozojm\u00eb q\u00eb ky t\u00eb b\u00ebhet nga fillimi.<\/li>\n<\/ul>\n<p style=\"text-align: left;\">\n<p><strong><br \/>\nKRYETARI,<\/strong><\/p>\n<p><strong>Tahir Tahiri<\/strong><\/p>\n<!--YouTube Error: bad URL entered-->\n","protected":false},"excerpt":{"rendered":"<p>K\u00cbSHILLI NACIONAL I SHQIPTAR\u00cbVE N\u00cb MALIN E ZI NACIONALNI SAVJET ALBANACA U CRNOJ GORI ALBANIAN NATIONAL COUNCIL IN MONTENEGRO Nr.45\u00a0 \/ 09 Ulqin, m\u00eb 26.08 . 2009 KUMTESE PER OPINION K\u00ebshilli\u00a0 Nacional\u00a0 i\u00a0 Shqiptar\u00ebve n\u00eb Malin e Zi,\u00a0 si\u00a0 institucion\u00a0 i\u00a0 cili p\u00ebrfaq\u00ebson dhe prezanton shqiptar\u00ebt, duke qen\u00eb jet\u00ebsisht i interesuar p\u00ebr realizimin e t\u00eb [&hellip;]<\/p>\n","protected":false},"author":1,"featured_media":0,"comment_status":"open","ping_status":"closed","sticky":false,"template":"","format":"standard","meta":{"spay_email":"","jetpack_publicize_message":"","jetpack_is_tweetstorm":false,"jetpack_publicize_feature_enabled":true},"categories":[6],"tags":[12280,5913,12282,5328,12283,12279,12281],"jetpack_publicize_connections":[],"yoast_head":"<!-- This site is optimized with the Yoast SEO plugin v19.1 - https:\/\/yoast.com\/wordpress\/plugins\/seo\/ -->\n<title>Kumtese per opinion; Projektligji per organizimin teritorjal te Malit te Zi - Lajme nga Ulqini<\/title>\n<meta name=\"description\" content=\"K\u00cbSHILLI NACIONAL I SHQIPTAR\u00cbVE N\u00cb MALIN E ZI NACIONALNI SAVJET ALBANACA U CRNOJ GORI ALBANIAN NATIONAL COUNCIL IN MONTENEGRO Nr.45\u00a0 \/ 09 Ulqin, m\u00eb 26.08\" \/>\n<meta name=\"robots\" content=\"index, follow, max-snippet:-1, max-image-preview:large, max-video-preview:-1\" \/>\n<link rel=\"canonical\" href=\"https:\/\/www.visit-ulcinj.com\/blog\/2009\/08\/26\/kumtese-per-opinion-projektligji-per-organizimin-teritorjal-te-malit-te-zi\/\" \/>\n<meta property=\"og:locale\" content=\"en_US\" \/>\n<meta property=\"og:type\" content=\"article\" \/>\n<meta property=\"og:title\" content=\"Kumtese per opinion; Projektligji per organizimin teritorjal te Malit te Zi - Lajme nga Ulqini\" \/>\n<meta property=\"og:description\" content=\"K\u00cbSHILLI NACIONAL I SHQIPTAR\u00cbVE N\u00cb MALIN E ZI NACIONALNI SAVJET ALBANACA U CRNOJ GORI ALBANIAN NATIONAL COUNCIL IN MONTENEGRO Nr.45\u00a0 \/ 09 Ulqin, m\u00eb 26.08\" \/>\n<meta property=\"og:url\" content=\"https:\/\/www.visit-ulcinj.com\/blog\/2009\/08\/26\/kumtese-per-opinion-projektligji-per-organizimin-teritorjal-te-malit-te-zi\/\" \/>\n<meta property=\"og:site_name\" content=\"Lajme nga Ulqini\" \/>\n<meta property=\"article:published_time\" content=\"2009-08-26T15:52:23+00:00\" \/>\n<meta property=\"article:modified_time\" content=\"2009-08-29T14:11:23+00:00\" \/>\n<meta property=\"og:image\" content=\"http:\/\/www.visit-ulcinj.com\/blog\/wp-content\/uploads\/2009\/06\/Kryetari-i-K%C3%ABshillit-Nacional-t%C3%AB-Shqiptar%C3%ABve-n%C3%AB-Malin-e-Zi_Tahir-Tahiri.jpg\" \/>\n<meta name=\"twitter:label1\" content=\"Written by\" \/>\n\t<meta name=\"twitter:data1\" content=\"ulqini\" \/>\n\t<meta name=\"twitter:label2\" content=\"Est. reading time\" \/>\n\t<meta name=\"twitter:data2\" content=\"2 minutes\" \/>\n<script type=\"application\/ld+json\" class=\"yoast-schema-graph\">{\"@context\":\"https:\/\/schema.org\",\"@graph\":[{\"@type\":\"WebSite\",\"@id\":\"https:\/\/www.visit-ulcinj.com\/blog\/#website\",\"url\":\"https:\/\/www.visit-ulcinj.com\/blog\/\",\"name\":\"Lajme nga Ulqini\",\"description\":\"Lajme,Vijesti,Ulqini,Ulqin,Crna Gora,Mali i Zi\",\"potentialAction\":[{\"@type\":\"SearchAction\",\"target\":{\"@type\":\"EntryPoint\",\"urlTemplate\":\"https:\/\/www.visit-ulcinj.com\/blog\/?s={search_term_string}\"},\"query-input\":\"required name=search_term_string\"}],\"inLanguage\":\"en-US\"},{\"@type\":\"ImageObject\",\"inLanguage\":\"en-US\",\"@id\":\"https:\/\/www.visit-ulcinj.com\/blog\/2009\/08\/26\/kumtese-per-opinion-projektligji-per-organizimin-teritorjal-te-malit-te-zi\/#primaryimage\",\"url\":\"http:\/\/www.visit-ulcinj.com\/blog\/wp-content\/uploads\/2009\/06\/Kryetari-i-K%C3%ABshillit-Nacional-t%C3%AB-Shqiptar%C3%ABve-n%C3%AB-Malin-e-Zi_Tahir-Tahiri.jpg\",\"contentUrl\":\"http:\/\/www.visit-ulcinj.com\/blog\/wp-content\/uploads\/2009\/06\/Kryetari-i-K%C3%ABshillit-Nacional-t%C3%AB-Shqiptar%C3%ABve-n%C3%AB-Malin-e-Zi_Tahir-Tahiri.jpg\"},{\"@type\":\"WebPage\",\"@id\":\"https:\/\/www.visit-ulcinj.com\/blog\/2009\/08\/26\/kumtese-per-opinion-projektligji-per-organizimin-teritorjal-te-malit-te-zi\/#webpage\",\"url\":\"https:\/\/www.visit-ulcinj.com\/blog\/2009\/08\/26\/kumtese-per-opinion-projektligji-per-organizimin-teritorjal-te-malit-te-zi\/\",\"name\":\"Kumtese per opinion; Projektligji per organizimin teritorjal te Malit te Zi - Lajme nga Ulqini\",\"isPartOf\":{\"@id\":\"https:\/\/www.visit-ulcinj.com\/blog\/#website\"},\"primaryImageOfPage\":{\"@id\":\"https:\/\/www.visit-ulcinj.com\/blog\/2009\/08\/26\/kumtese-per-opinion-projektligji-per-organizimin-teritorjal-te-malit-te-zi\/#primaryimage\"},\"datePublished\":\"2009-08-26T15:52:23+00:00\",\"dateModified\":\"2009-08-29T14:11:23+00:00\",\"author\":{\"@id\":\"https:\/\/www.visit-ulcinj.com\/blog\/#\/schema\/person\/dcab619c614d3038751c63bc2aadc06d\"},\"description\":\"K\u00cbSHILLI NACIONAL I SHQIPTAR\u00cbVE N\u00cb MALIN E ZI NACIONALNI SAVJET ALBANACA U CRNOJ GORI ALBANIAN NATIONAL COUNCIL IN MONTENEGRO Nr.45\u00a0 \/ 09 Ulqin, m\u00eb 26.08\",\"breadcrumb\":{\"@id\":\"https:\/\/www.visit-ulcinj.com\/blog\/2009\/08\/26\/kumtese-per-opinion-projektligji-per-organizimin-teritorjal-te-malit-te-zi\/#breadcrumb\"},\"inLanguage\":\"en-US\",\"potentialAction\":[{\"@type\":\"ReadAction\",\"target\":[\"https:\/\/www.visit-ulcinj.com\/blog\/2009\/08\/26\/kumtese-per-opinion-projektligji-per-organizimin-teritorjal-te-malit-te-zi\/\"]}]},{\"@type\":\"BreadcrumbList\",\"@id\":\"https:\/\/www.visit-ulcinj.com\/blog\/2009\/08\/26\/kumtese-per-opinion-projektligji-per-organizimin-teritorjal-te-malit-te-zi\/#breadcrumb\",\"itemListElement\":[{\"@type\":\"ListItem\",\"position\":1,\"name\":\"Kumtese per opinion; Projektligji per organizimin teritorjal te Malit te Zi\"}]},{\"@type\":\"Person\",\"@id\":\"https:\/\/www.visit-ulcinj.com\/blog\/#\/schema\/person\/dcab619c614d3038751c63bc2aadc06d\",\"name\":\"ulqini\",\"sameAs\":[\"http:\/\/www.visit-ulcinj.com\"],\"url\":\"https:\/\/www.visit-ulcinj.com\/blog\/author\/admin\/\"}]}<\/script>\n<!-- \/ Yoast SEO plugin. -->","yoast_head_json":{"title":"Kumtese per opinion; Projektligji per organizimin teritorjal te Malit te Zi - Lajme nga Ulqini","description":"K\u00cbSHILLI NACIONAL I SHQIPTAR\u00cbVE N\u00cb MALIN E ZI NACIONALNI SAVJET ALBANACA U CRNOJ GORI ALBANIAN NATIONAL COUNCIL IN MONTENEGRO Nr.45\u00a0 \/ 09 Ulqin, m\u00eb 26.08","robots":{"index":"index","follow":"follow","max-snippet":"max-snippet:-1","max-image-preview":"max-image-preview:large","max-video-preview":"max-video-preview:-1"},"canonical":"https:\/\/www.visit-ulcinj.com\/blog\/2009\/08\/26\/kumtese-per-opinion-projektligji-per-organizimin-teritorjal-te-malit-te-zi\/","og_locale":"en_US","og_type":"article","og_title":"Kumtese per opinion; Projektligji per organizimin teritorjal te Malit te Zi - Lajme nga Ulqini","og_description":"K\u00cbSHILLI NACIONAL I SHQIPTAR\u00cbVE N\u00cb MALIN E ZI NACIONALNI SAVJET ALBANACA U CRNOJ GORI ALBANIAN NATIONAL COUNCIL IN MONTENEGRO Nr.45\u00a0 \/ 09 Ulqin, m\u00eb 26.08","og_url":"https:\/\/www.visit-ulcinj.com\/blog\/2009\/08\/26\/kumtese-per-opinion-projektligji-per-organizimin-teritorjal-te-malit-te-zi\/","og_site_name":"Lajme nga Ulqini","article_published_time":"2009-08-26T15:52:23+00:00","article_modified_time":"2009-08-29T14:11:23+00:00","og_image":[{"url":"http:\/\/www.visit-ulcinj.com\/blog\/wp-content\/uploads\/2009\/06\/Kryetari-i-K%C3%ABshillit-Nacional-t%C3%AB-Shqiptar%C3%ABve-n%C3%AB-Malin-e-Zi_Tahir-Tahiri.jpg"}],"twitter_misc":{"Written by":"ulqini","Est. reading time":"2 minutes"},"schema":{"@context":"https:\/\/schema.org","@graph":[{"@type":"WebSite","@id":"https:\/\/www.visit-ulcinj.com\/blog\/#website","url":"https:\/\/www.visit-ulcinj.com\/blog\/","name":"Lajme nga Ulqini","description":"Lajme,Vijesti,Ulqini,Ulqin,Crna Gora,Mali i Zi","potentialAction":[{"@type":"SearchAction","target":{"@type":"EntryPoint","urlTemplate":"https:\/\/www.visit-ulcinj.com\/blog\/?s={search_term_string}"},"query-input":"required name=search_term_string"}],"inLanguage":"en-US"},{"@type":"ImageObject","inLanguage":"en-US","@id":"https:\/\/www.visit-ulcinj.com\/blog\/2009\/08\/26\/kumtese-per-opinion-projektligji-per-organizimin-teritorjal-te-malit-te-zi\/#primaryimage","url":"http:\/\/www.visit-ulcinj.com\/blog\/wp-content\/uploads\/2009\/06\/Kryetari-i-K%C3%ABshillit-Nacional-t%C3%AB-Shqiptar%C3%ABve-n%C3%AB-Malin-e-Zi_Tahir-Tahiri.jpg","contentUrl":"http:\/\/www.visit-ulcinj.com\/blog\/wp-content\/uploads\/2009\/06\/Kryetari-i-K%C3%ABshillit-Nacional-t%C3%AB-Shqiptar%C3%ABve-n%C3%AB-Malin-e-Zi_Tahir-Tahiri.jpg"},{"@type":"WebPage","@id":"https:\/\/www.visit-ulcinj.com\/blog\/2009\/08\/26\/kumtese-per-opinion-projektligji-per-organizimin-teritorjal-te-malit-te-zi\/#webpage","url":"https:\/\/www.visit-ulcinj.com\/blog\/2009\/08\/26\/kumtese-per-opinion-projektligji-per-organizimin-teritorjal-te-malit-te-zi\/","name":"Kumtese per opinion; Projektligji per organizimin teritorjal te Malit te Zi - Lajme nga Ulqini","isPartOf":{"@id":"https:\/\/www.visit-ulcinj.com\/blog\/#website"},"primaryImageOfPage":{"@id":"https:\/\/www.visit-ulcinj.com\/blog\/2009\/08\/26\/kumtese-per-opinion-projektligji-per-organizimin-teritorjal-te-malit-te-zi\/#primaryimage"},"datePublished":"2009-08-26T15:52:23+00:00","dateModified":"2009-08-29T14:11:23+00:00","author":{"@id":"https:\/\/www.visit-ulcinj.com\/blog\/#\/schema\/person\/dcab619c614d3038751c63bc2aadc06d"},"description":"K\u00cbSHILLI NACIONAL I SHQIPTAR\u00cbVE N\u00cb MALIN E ZI NACIONALNI SAVJET ALBANACA U CRNOJ GORI ALBANIAN NATIONAL COUNCIL IN MONTENEGRO Nr.45\u00a0 \/ 09 Ulqin, m\u00eb 26.08","breadcrumb":{"@id":"https:\/\/www.visit-ulcinj.com\/blog\/2009\/08\/26\/kumtese-per-opinion-projektligji-per-organizimin-teritorjal-te-malit-te-zi\/#breadcrumb"},"inLanguage":"en-US","potentialAction":[{"@type":"ReadAction","target":["https:\/\/www.visit-ulcinj.com\/blog\/2009\/08\/26\/kumtese-per-opinion-projektligji-per-organizimin-teritorjal-te-malit-te-zi\/"]}]},{"@type":"BreadcrumbList","@id":"https:\/\/www.visit-ulcinj.com\/blog\/2009\/08\/26\/kumtese-per-opinion-projektligji-per-organizimin-teritorjal-te-malit-te-zi\/#breadcrumb","itemListElement":[{"@type":"ListItem","position":1,"name":"Kumtese per opinion; Projektligji per organizimin teritorjal te Malit te Zi"}]},{"@type":"Person","@id":"https:\/\/www.visit-ulcinj.com\/blog\/#\/schema\/person\/dcab619c614d3038751c63bc2aadc06d","name":"ulqini","sameAs":["http:\/\/www.visit-ulcinj.com"],"url":"https:\/\/www.visit-ulcinj.com\/blog\/author\/admin\/"}]}},"jetpack_featured_media_url":"","jetpack_sharing_enabled":true,"jetpack_shortlink":"https:\/\/wp.me\/pe6lTn-6ug","_links":{"self":[{"href":"https:\/\/www.visit-ulcinj.com\/blog\/wp-json\/wp\/v2\/posts\/24940"}],"collection":[{"href":"https:\/\/www.visit-ulcinj.com\/blog\/wp-json\/wp\/v2\/posts"}],"about":[{"href":"https:\/\/www.visit-ulcinj.com\/blog\/wp-json\/wp\/v2\/types\/post"}],"author":[{"embeddable":true,"href":"https:\/\/www.visit-ulcinj.com\/blog\/wp-json\/wp\/v2\/users\/1"}],"replies":[{"embeddable":true,"href":"https:\/\/www.visit-ulcinj.com\/blog\/wp-json\/wp\/v2\/comments?post=24940"}],"version-history":[{"count":0,"href":"https:\/\/www.visit-ulcinj.com\/blog\/wp-json\/wp\/v2\/posts\/24940\/revisions"}],"wp:attachment":[{"href":"https:\/\/www.visit-ulcinj.com\/blog\/wp-json\/wp\/v2\/media?parent=24940"}],"wp:term":[{"taxonomy":"category","embeddable":true,"href":"https:\/\/www.visit-ulcinj.com\/blog\/wp-json\/wp\/v2\/categories?post=24940"},{"taxonomy":"post_tag","embeddable":true,"href":"https:\/\/www.visit-ulcinj.com\/blog\/wp-json\/wp\/v2\/tags?post=24940"}],"curies":[{"name":"wp","href":"https:\/\/api.w.org\/{rel}","templated":true}]}}