{"id":24945,"date":"2009-08-26T18:19:53","date_gmt":"2009-08-26T16:19:53","guid":{"rendered":"http:\/\/www.visit-ulcinj.com\/blog\/?p=24945"},"modified":"2009-08-26T18:19:53","modified_gmt":"2009-08-26T16:19:53","slug":"u-ulcinjskom-porodilisturodena-700-beba","status":"publish","type":"post","link":"https:\/\/www.visit-ulcinj.com\/blog\/2009\/08\/26\/u-ulcinjskom-porodilisturodena-700-beba\/","title":{"rendered":"U Ulcinjskom porodili\u0161tu,ro?ena 700. beba"},"content":{"rendered":"<p><a href=\"http:\/\/www.visit-ulcinj.com\/blog\/wp-content\/uploads\/2009\/02\/ulcinjsko-porodiliste9.jpg\"><img loading=\"lazy\" class=\"alignleft\" src=\"http:\/\/www.visit-ulcinj.com\/blog\/wp-content\/uploads\/2009\/02\/ulcinjsko-porodiliste9.jpg\" alt=\"\" width=\"580\" height=\"400\" \/><\/a>ULCINj &#8211; Porodili\u0161te u Ulcinju ju?e je proslavilo ro?enje 700. bebe, ?ime je u petoj godini postojanja zadr\u017ealo trend rasta broja poro?aja i povjerenja budu?ih majki u tu instituciju.<br \/>\nZaposleni u porodili\u0161tu ka\u017eu da su prethodne godine rada vrlo uspje\u0161ne i ocjenjuju da je, po rezultatima rada, porodili\u0161te &#8220;iako mlado, ve? uz rame mnogo starijim i iskusnijim srodnim institucijama?. U prvoj godini rada bilo je 125 poro?aja, u drugoj 149, tre?oj 155 i ?etvrtoj 172, dok je u 2009. godini ro?eno ve? 100 beba. Iako porodili\u0161te nema operacionu salu i transfuziju, do sad nije bilo ve?ih komplikacija sa novoro?en?adima. Od 700 ro?enih beba 350 je mu\u0161kih i isto toliko \u017eenskih, a procenat prvorotkinja ve?i je od 50 odsto.<\/p>\n<p><strong>M.K.<\/strong><\/p>\n<p><strong><a href=\"http:\/\/www.dan.cg.yu\/?nivo=3&amp;rubrika=Regioni&amp;datum=2009-08-26&amp;clanak=198954\" target=\"_blank\">Izvor \/ DAN<\/a><br \/>\n<\/strong><\/p>\n","protected":false},"excerpt":{"rendered":"<p>ULCINj &#8211; Porodili\u0161te u Ulcinju ju?e je proslavilo ro?enje 700. bebe, ?ime je u petoj godini postojanja zadr\u017ealo trend rasta broja poro?aja i povjerenja budu?ih majki u tu instituciju. Zaposleni u porodili\u0161tu ka\u017eu da su prethodne godine rada vrlo uspje\u0161ne i ocjenjuju da je, po rezultatima rada, porodili\u0161te &#8220;iako mlado, ve? uz rame mnogo starijim [&hellip;]<\/p>\n","protected":false},"author":1,"featured_media":0,"comment_status":"open","ping_status":"closed","sticky":false,"template":"","format":"standard","meta":{"spay_email":"","jetpack_publicize_message":"","jetpack_is_tweetstorm":false,"jetpack_publicize_feature_enabled":true},"categories":[7],"tags":[12284,6468],"jetpack_publicize_connections":[],"yoast_head":"<!-- This site is optimized with the Yoast SEO plugin v19.1 - https:\/\/yoast.com\/wordpress\/plugins\/seo\/ -->\n<title>U Ulcinjskom porodili\u0161tu,ro?ena 700. beba - Lajme nga Ulqini<\/title>\n<meta name=\"description\" content=\"ULCINj - Porodili\u0161te u Ulcinju ju?e je proslavilo ro?enje 700. bebe, ?ime je u petoj godini postojanja zadr\u017ealo trend rasta broja poro?aja i povjerenja\" \/>\n<meta name=\"robots\" content=\"index, follow, max-snippet:-1, max-image-preview:large, max-video-preview:-1\" \/>\n<link rel=\"canonical\" href=\"https:\/\/www.visit-ulcinj.com\/blog\/2009\/08\/26\/u-ulcinjskom-porodilisturodena-700-beba\/\" \/>\n<meta property=\"og:locale\" content=\"en_US\" \/>\n<meta property=\"og:type\" content=\"article\" \/>\n<meta property=\"og:title\" content=\"U Ulcinjskom porodili\u0161tu,ro?ena 700. beba - Lajme nga Ulqini\" \/>\n<meta property=\"og:description\" content=\"ULCINj - Porodili\u0161te u Ulcinju ju?e je proslavilo ro?enje 700. bebe, ?ime je u petoj godini postojanja zadr\u017ealo trend rasta broja poro?aja i povjerenja\" \/>\n<meta property=\"og:url\" content=\"https:\/\/www.visit-ulcinj.com\/blog\/2009\/08\/26\/u-ulcinjskom-porodilisturodena-700-beba\/\" \/>\n<meta property=\"og:site_name\" content=\"Lajme nga Ulqini\" \/>\n<meta property=\"article:published_time\" content=\"2009-08-26T16:19:53+00:00\" \/>\n<meta property=\"og:image\" content=\"http:\/\/www.visit-ulcinj.com\/blog\/wp-content\/uploads\/2009\/02\/ulcinjsko-porodiliste9.jpg\" \/>\n<meta name=\"twitter:label1\" content=\"Written by\" \/>\n\t<meta name=\"twitter:data1\" content=\"ulqini\" \/>\n\t<meta name=\"twitter:label2\" content=\"Est. reading time\" \/>\n\t<meta name=\"twitter:data2\" content=\"1 minute\" \/>\n<script type=\"application\/ld+json\" class=\"yoast-schema-graph\">{\"@context\":\"https:\/\/schema.org\",\"@graph\":[{\"@type\":\"WebSite\",\"@id\":\"https:\/\/www.visit-ulcinj.com\/blog\/#website\",\"url\":\"https:\/\/www.visit-ulcinj.com\/blog\/\",\"name\":\"Lajme nga Ulqini\",\"description\":\"Lajme,Vijesti,Ulqini,Ulqin,Crna Gora,Mali i Zi\",\"potentialAction\":[{\"@type\":\"SearchAction\",\"target\":{\"@type\":\"EntryPoint\",\"urlTemplate\":\"https:\/\/www.visit-ulcinj.com\/blog\/?s={search_term_string}\"},\"query-input\":\"required name=search_term_string\"}],\"inLanguage\":\"en-US\"},{\"@type\":\"ImageObject\",\"inLanguage\":\"en-US\",\"@id\":\"https:\/\/www.visit-ulcinj.com\/blog\/2009\/08\/26\/u-ulcinjskom-porodilisturodena-700-beba\/#primaryimage\",\"url\":\"https:\/\/www.visit-ulcinj.com\/blog\/wp-content\/uploads\/2009\/02\/ulcinjsko-porodiliste9.jpg\",\"contentUrl\":\"https:\/\/www.visit-ulcinj.com\/blog\/wp-content\/uploads\/2009\/02\/ulcinjsko-porodiliste9.jpg\",\"width\":\"700\",\"height\":\"473\"},{\"@type\":\"WebPage\",\"@id\":\"https:\/\/www.visit-ulcinj.com\/blog\/2009\/08\/26\/u-ulcinjskom-porodilisturodena-700-beba\/#webpage\",\"url\":\"https:\/\/www.visit-ulcinj.com\/blog\/2009\/08\/26\/u-ulcinjskom-porodilisturodena-700-beba\/\",\"name\":\"U Ulcinjskom porodili\u0161tu,ro?ena 700. beba - Lajme nga Ulqini\",\"isPartOf\":{\"@id\":\"https:\/\/www.visit-ulcinj.com\/blog\/#website\"},\"primaryImageOfPage\":{\"@id\":\"https:\/\/www.visit-ulcinj.com\/blog\/2009\/08\/26\/u-ulcinjskom-porodilisturodena-700-beba\/#primaryimage\"},\"datePublished\":\"2009-08-26T16:19:53+00:00\",\"dateModified\":\"2009-08-26T16:19:53+00:00\",\"author\":{\"@id\":\"https:\/\/www.visit-ulcinj.com\/blog\/#\/schema\/person\/dcab619c614d3038751c63bc2aadc06d\"},\"description\":\"ULCINj - Porodili\u0161te u Ulcinju ju?e je proslavilo ro?enje 700. bebe, ?ime je u petoj godini postojanja zadr\u017ealo trend rasta broja poro?aja i povjerenja\",\"breadcrumb\":{\"@id\":\"https:\/\/www.visit-ulcinj.com\/blog\/2009\/08\/26\/u-ulcinjskom-porodilisturodena-700-beba\/#breadcrumb\"},\"inLanguage\":\"en-US\",\"potentialAction\":[{\"@type\":\"ReadAction\",\"target\":[\"https:\/\/www.visit-ulcinj.com\/blog\/2009\/08\/26\/u-ulcinjskom-porodilisturodena-700-beba\/\"]}]},{\"@type\":\"BreadcrumbList\",\"@id\":\"https:\/\/www.visit-ulcinj.com\/blog\/2009\/08\/26\/u-ulcinjskom-porodilisturodena-700-beba\/#breadcrumb\",\"itemListElement\":[{\"@type\":\"ListItem\",\"position\":1,\"name\":\"U Ulcinjskom porodili\u0161tu,ro?ena 700. beba\"}]},{\"@type\":\"Person\",\"@id\":\"https:\/\/www.visit-ulcinj.com\/blog\/#\/schema\/person\/dcab619c614d3038751c63bc2aadc06d\",\"name\":\"ulqini\",\"sameAs\":[\"http:\/\/www.visit-ulcinj.com\"],\"url\":\"https:\/\/www.visit-ulcinj.com\/blog\/author\/admin\/\"}]}<\/script>\n<!-- \/ Yoast SEO plugin. -->","yoast_head_json":{"title":"U Ulcinjskom porodili\u0161tu,ro?ena 700. beba - Lajme nga Ulqini","description":"ULCINj - Porodili\u0161te u Ulcinju ju?e je proslavilo ro?enje 700. bebe, ?ime je u petoj godini postojanja zadr\u017ealo trend rasta broja poro?aja i povjerenja","robots":{"index":"index","follow":"follow","max-snippet":"max-snippet:-1","max-image-preview":"max-image-preview:large","max-video-preview":"max-video-preview:-1"},"canonical":"https:\/\/www.visit-ulcinj.com\/blog\/2009\/08\/26\/u-ulcinjskom-porodilisturodena-700-beba\/","og_locale":"en_US","og_type":"article","og_title":"U Ulcinjskom porodili\u0161tu,ro?ena 700. beba - Lajme nga Ulqini","og_description":"ULCINj - Porodili\u0161te u Ulcinju ju?e je proslavilo ro?enje 700. bebe, ?ime je u petoj godini postojanja zadr\u017ealo trend rasta broja poro?aja i povjerenja","og_url":"https:\/\/www.visit-ulcinj.com\/blog\/2009\/08\/26\/u-ulcinjskom-porodilisturodena-700-beba\/","og_site_name":"Lajme nga Ulqini","article_published_time":"2009-08-26T16:19:53+00:00","og_image":[{"url":"http:\/\/www.visit-ulcinj.com\/blog\/wp-content\/uploads\/2009\/02\/ulcinjsko-porodiliste9.jpg"}],"twitter_misc":{"Written by":"ulqini","Est. reading time":"1 minute"},"schema":{"@context":"https:\/\/schema.org","@graph":[{"@type":"WebSite","@id":"https:\/\/www.visit-ulcinj.com\/blog\/#website","url":"https:\/\/www.visit-ulcinj.com\/blog\/","name":"Lajme nga Ulqini","description":"Lajme,Vijesti,Ulqini,Ulqin,Crna Gora,Mali i Zi","potentialAction":[{"@type":"SearchAction","target":{"@type":"EntryPoint","urlTemplate":"https:\/\/www.visit-ulcinj.com\/blog\/?s={search_term_string}"},"query-input":"required name=search_term_string"}],"inLanguage":"en-US"},{"@type":"ImageObject","inLanguage":"en-US","@id":"https:\/\/www.visit-ulcinj.com\/blog\/2009\/08\/26\/u-ulcinjskom-porodilisturodena-700-beba\/#primaryimage","url":"https:\/\/www.visit-ulcinj.com\/blog\/wp-content\/uploads\/2009\/02\/ulcinjsko-porodiliste9.jpg","contentUrl":"https:\/\/www.visit-ulcinj.com\/blog\/wp-content\/uploads\/2009\/02\/ulcinjsko-porodiliste9.jpg","width":"700","height":"473"},{"@type":"WebPage","@id":"https:\/\/www.visit-ulcinj.com\/blog\/2009\/08\/26\/u-ulcinjskom-porodilisturodena-700-beba\/#webpage","url":"https:\/\/www.visit-ulcinj.com\/blog\/2009\/08\/26\/u-ulcinjskom-porodilisturodena-700-beba\/","name":"U Ulcinjskom porodili\u0161tu,ro?ena 700. beba - Lajme nga Ulqini","isPartOf":{"@id":"https:\/\/www.visit-ulcinj.com\/blog\/#website"},"primaryImageOfPage":{"@id":"https:\/\/www.visit-ulcinj.com\/blog\/2009\/08\/26\/u-ulcinjskom-porodilisturodena-700-beba\/#primaryimage"},"datePublished":"2009-08-26T16:19:53+00:00","dateModified":"2009-08-26T16:19:53+00:00","author":{"@id":"https:\/\/www.visit-ulcinj.com\/blog\/#\/schema\/person\/dcab619c614d3038751c63bc2aadc06d"},"description":"ULCINj - Porodili\u0161te u Ulcinju ju?e je proslavilo ro?enje 700. bebe, ?ime je u petoj godini postojanja zadr\u017ealo trend rasta broja poro?aja i povjerenja","breadcrumb":{"@id":"https:\/\/www.visit-ulcinj.com\/blog\/2009\/08\/26\/u-ulcinjskom-porodilisturodena-700-beba\/#breadcrumb"},"inLanguage":"en-US","potentialAction":[{"@type":"ReadAction","target":["https:\/\/www.visit-ulcinj.com\/blog\/2009\/08\/26\/u-ulcinjskom-porodilisturodena-700-beba\/"]}]},{"@type":"BreadcrumbList","@id":"https:\/\/www.visit-ulcinj.com\/blog\/2009\/08\/26\/u-ulcinjskom-porodilisturodena-700-beba\/#breadcrumb","itemListElement":[{"@type":"ListItem","position":1,"name":"U Ulcinjskom porodili\u0161tu,ro?ena 700. beba"}]},{"@type":"Person","@id":"https:\/\/www.visit-ulcinj.com\/blog\/#\/schema\/person\/dcab619c614d3038751c63bc2aadc06d","name":"ulqini","sameAs":["http:\/\/www.visit-ulcinj.com"],"url":"https:\/\/www.visit-ulcinj.com\/blog\/author\/admin\/"}]}},"jetpack_featured_media_url":"","jetpack_sharing_enabled":true,"jetpack_shortlink":"https:\/\/wp.me\/pe6lTn-6ul","_links":{"self":[{"href":"https:\/\/www.visit-ulcinj.com\/blog\/wp-json\/wp\/v2\/posts\/24945"}],"collection":[{"href":"https:\/\/www.visit-ulcinj.com\/blog\/wp-json\/wp\/v2\/posts"}],"about":[{"href":"https:\/\/www.visit-ulcinj.com\/blog\/wp-json\/wp\/v2\/types\/post"}],"author":[{"embeddable":true,"href":"https:\/\/www.visit-ulcinj.com\/blog\/wp-json\/wp\/v2\/users\/1"}],"replies":[{"embeddable":true,"href":"https:\/\/www.visit-ulcinj.com\/blog\/wp-json\/wp\/v2\/comments?post=24945"}],"version-history":[{"count":0,"href":"https:\/\/www.visit-ulcinj.com\/blog\/wp-json\/wp\/v2\/posts\/24945\/revisions"}],"wp:attachment":[{"href":"https:\/\/www.visit-ulcinj.com\/blog\/wp-json\/wp\/v2\/media?parent=24945"}],"wp:term":[{"taxonomy":"category","embeddable":true,"href":"https:\/\/www.visit-ulcinj.com\/blog\/wp-json\/wp\/v2\/categories?post=24945"},{"taxonomy":"post_tag","embeddable":true,"href":"https:\/\/www.visit-ulcinj.com\/blog\/wp-json\/wp\/v2\/tags?post=24945"}],"curies":[{"name":"wp","href":"https:\/\/api.w.org\/{rel}","templated":true}]}}