{"id":24955,"date":"2009-08-26T20:28:53","date_gmt":"2009-08-26T18:28:53","guid":{"rendered":"http:\/\/www.visit-ulcinj.com\/blog\/?p=24955"},"modified":"2009-08-26T20:34:10","modified_gmt":"2009-08-26T18:34:10","slug":"teuta-blero-me-rehaton-shpirtin","status":"publish","type":"post","link":"https:\/\/www.visit-ulcinj.com\/blog\/2009\/08\/26\/teuta-blero-me-rehaton-shpirtin\/","title":{"rendered":"Teuta: Blero m\u00eb rehaton shpirtin"},"content":{"rendered":"<p><a href=\"http:\/\/www.visit-ulcinj.com\/blog\/wp-content\/uploads\/2009\/08\/blero_teuta-krasniqi1.jpg\"><img loading=\"lazy\" class=\"alignleft size-full wp-image-24958\" title=\"blero_teuta krasniqi\" src=\"http:\/\/www.visit-ulcinj.com\/blog\/wp-content\/uploads\/2009\/08\/blero_teuta-krasniqi1.jpg\" alt=\"blero_teuta krasniqi\" width=\"580\" height=\"367\" \/><\/a>Koh\u00ebve t\u00eb fundit \u00ebsht\u00eb p\u00ebrfolur shum\u00eb lidhja nd\u00ebrmjet Teuta Krasniqit dhe k\u00ebng\u00ebtarit Blero, nd\u00ebrsa nd\u00ebrkoh\u00eb q\u00eb lidhja e tyre \u00ebsht\u00eb forcuar m\u00eb shum\u00eb- ata tashm\u00eb jan\u00eb t\u00eb fejuar dhe planifikojn\u00eb t\u00eb martohen vitin e ardhsh\u00ebm. \u201cFejesa ka ndodhur n\u00eb m\u00ebngjesin e 27 korrikut n\u00eb dit\u00eblindjen time, kur Blerimi n\u00eb nj\u00eb m\u00ebnyr\u00eb shum\u00eb t\u00eb ve\u00e7ant\u00eb e romanike m\u00eb ka propozuar. Ka qen\u00eb moment jasht\u00ebzakonisht i bukur\u201d, ka th\u00ebn\u00eb Teuta n\u00eb nj\u00eb intervist\u00eb me t\u00eb p\u00ebrditshmen \u201cKosova Sot\u201d. Aktorja shprehet e lumtur me lidhjen e saj dhe thot\u00eb se ka zgjedhur personin e duhur, i cili \u00e7do dit\u00eb e m\u00eb shum\u00eb i jep dashuri, respekt, p\u00ebrkrahje, mir\u00ebkuptim dhe ia rehaton shpirtin. P\u00ebr m\u00eb shum\u00eb, Teuta ka th\u00ebn\u00eb se ata tashm\u00eb e kan\u00eb vendosur edhe dat\u00ebn e martes\u00ebs, mir\u00ebpo nuk e ka b\u00ebr\u00eb publike, porse ka th\u00ebn\u00eb se do t\u00eb ndodh\u00eb vitin e ardhsh\u00ebm.<\/p>\n<p><strong>KUSH \u00cbSHT\u00cb TEUTA KRASNIQI<\/strong><br \/>\nN\u00eb k\u00ebrkim t\u00eb nj\u00eb roli t\u00eb madh, por plot me oferta, si aktore dhe prezantuese. Vajza duket se e ka gjith\u00e7ka t\u00eb leht\u00eb pasi t\u00eb jesh nj\u00eb vajz\u00eb e bukur ka sigurisht pluset e veta. Por n\u00ebse k\u00ebsaj i shton nj\u00eb vullnet t\u00eb \u00e7elikt\u00eb, at\u00ebher\u00eb po, q\u00eb ke n\u00eb dor\u00eb \u00e7el\u00ebsat e duhur p\u00ebr t\u00eb arritur suksesin e d\u00ebshiruar. Ajo ka lindur n\u00eb Prishtin\u00eb n\u00eb nj\u00eb familje t\u00eb emancipuar, ku \u00ebsht\u00eb ushqyer me ndjenj\u00ebn dhe dashurin\u00eb p\u00ebr artin. Prandaj edhe vet\u00eb nuk kishte sesi t\u00eb mos lidhej pik\u00ebrisht me artin. Ka mbaruar n\u00eb Fakultetin e Arteve n\u00eb Prishtin\u00eb, deg\u00ebn e artit dramatik, nd\u00ebrkoh\u00eb q\u00eb tani po vazhdon studimet e pasdiplom\u00ebs. Ajo \u00ebsht\u00eb vajza e Milzaim Krasniqit, nj\u00eb figur\u00eb tep\u00ebr e shquar n\u00eb Kosov\u00eb dhe motra e Memli Krasniqit ish-k\u00ebng\u00ebtar kurse tashm\u00eb z\u00ebdh\u00ebn\u00ebs i qeveris\u00eb s\u00eb Kosov\u00ebs. Nuk e ka prekur ende kulmin, por vazhdon t\u00eb punoj\u00eb me shum\u00eb vullnet e p\u00ebrkushtim n\u00eb profesionin e saj t\u00eb aktrimit p\u00ebr t\u00eb arritur n\u00eb caqet e d\u00ebshiruara. Dhe duket se ia ka par\u00eb hairin aktrimit, sepse nga djersa e saj n\u00eb k\u00ebt\u00eb profesion arrin t\u00eb jetoj\u00eb si pakkush n\u00eb Kosov\u00eb q\u00eb merret me k\u00ebt\u00eb pun\u00eb. \u00cbsht\u00eb nj\u00ebra nd\u00ebr aktoret m\u00eb t\u00eb angazhuara p\u00ebr momentin dhe m\u00eb t\u00eb p\u00eblqyera. Mjaft e z\u00ebn\u00eb rreth provave dhe xhirimeve n\u00eb serialin \u201cKafeneja jon\u00eb\u201d, por si duket p\u00ebr t\u00eb boll nuk ka. Sepse, sikur t\u00eb mos i mjaftoj\u00eb kjo, Teuta ka b\u00ebr\u00eb nj\u00eb hap m\u00eb tej duke u angazhuar n\u00eb nj\u00eb serial t\u00eb ri me titull \u201cSpitali KS\u201d, i cili s\u00eb shpejti do t\u00eb filloj\u00eb t\u00eb transmetohet n\u00eb KTV. Po tashm\u00eb jo si aktore, por si bashk\u00ebprodu- cente. Aktualisht \u00ebsht\u00eb e angazhuar edhe n\u00eb nj\u00eb projekt tjet\u00ebr, frytet e t\u00eb cilit publiku do t\u00eb mund t\u2019i shijoj\u00eb kur ai s\u00eb shpejti t\u00eb shfaqet n\u00eb RTK. \u00cbsht\u00eb fjala p\u00ebr nj\u00eb emision t\u00eb ri n\u00eb televizionin publik, i cili do t\u00eb ket\u00eb karakter humanitar. \u201c\u00c7do dit\u00eb e re \u00ebsht\u00eb nj\u00eb dhurat\u00eb dhe ne duhet ta shfryt\u00ebzojm\u00eb maksimalisht n\u00eb m\u00ebnyr\u00eb q\u00eb t\u00eb ndjehemi t\u00eb gjall\u00eb dhe t\u00eb dobish\u00ebm p\u00ebr vete dhe njer\u00ebzit e dashur\u201d, thekson aktorja.<\/p>\n<p><strong>Panorama Plus<br \/>\n<\/p>\n<p><\/strong><\/p>\n<p><strong> <\/strong><\/p>\n<p><strong><!--YouTube Error: bad URL entered--><br \/>\n<\/strong><\/p>\n","protected":false},"excerpt":{"rendered":"<p>Koh\u00ebve t\u00eb fundit \u00ebsht\u00eb p\u00ebrfolur shum\u00eb lidhja nd\u00ebrmjet Teuta Krasniqit dhe k\u00ebng\u00ebtarit Blero, nd\u00ebrsa nd\u00ebrkoh\u00eb q\u00eb lidhja e tyre \u00ebsht\u00eb forcuar m\u00eb shum\u00eb- ata tashm\u00eb jan\u00eb t\u00eb fejuar dhe planifikojn\u00eb t\u00eb martohen vitin e ardhsh\u00ebm. \u201cFejesa ka ndodhur n\u00eb m\u00ebngjesin e 27 korrikut n\u00eb dit\u00eblindjen time, kur Blerimi n\u00eb nj\u00eb m\u00ebnyr\u00eb shum\u00eb t\u00eb ve\u00e7ant\u00eb e [&hellip;]<\/p>\n","protected":false},"author":1,"featured_media":0,"comment_status":"open","ping_status":"closed","sticky":false,"template":"","format":"standard","meta":{"spay_email":"","jetpack_publicize_message":"","jetpack_is_tweetstorm":false,"jetpack_publicize_feature_enabled":true},"categories":[1],"tags":[6409,3978,8297],"jetpack_publicize_connections":[],"yoast_head":"<!-- This site is optimized with the Yoast SEO plugin v19.1 - https:\/\/yoast.com\/wordpress\/plugins\/seo\/ -->\n<title>Teuta: Blero m\u00eb rehaton shpirtin - Lajme nga Ulqini<\/title>\n<meta name=\"description\" content=\"Koh\u00ebve t\u00eb fundit \u00ebsht\u00eb p\u00ebrfolur shum\u00eb lidhja nd\u00ebrmjet Teuta Krasniqit dhe k\u00ebng\u00ebtarit Blero, nd\u00ebrsa nd\u00ebrkoh\u00eb q\u00eb lidhja e tyre \u00ebsht\u00eb forcuar m\u00eb shum\u00eb- ata\" \/>\n<meta name=\"robots\" content=\"index, follow, max-snippet:-1, max-image-preview:large, max-video-preview:-1\" \/>\n<link rel=\"canonical\" href=\"https:\/\/www.visit-ulcinj.com\/blog\/2009\/08\/26\/teuta-blero-me-rehaton-shpirtin\/\" \/>\n<meta property=\"og:locale\" content=\"en_US\" \/>\n<meta property=\"og:type\" content=\"article\" \/>\n<meta property=\"og:title\" content=\"Teuta: Blero m\u00eb rehaton shpirtin - Lajme nga Ulqini\" \/>\n<meta property=\"og:description\" content=\"Koh\u00ebve t\u00eb fundit \u00ebsht\u00eb p\u00ebrfolur shum\u00eb lidhja nd\u00ebrmjet Teuta Krasniqit dhe k\u00ebng\u00ebtarit Blero, nd\u00ebrsa nd\u00ebrkoh\u00eb q\u00eb lidhja e tyre \u00ebsht\u00eb forcuar m\u00eb shum\u00eb- ata\" \/>\n<meta property=\"og:url\" content=\"https:\/\/www.visit-ulcinj.com\/blog\/2009\/08\/26\/teuta-blero-me-rehaton-shpirtin\/\" \/>\n<meta property=\"og:site_name\" content=\"Lajme nga Ulqini\" \/>\n<meta property=\"article:published_time\" content=\"2009-08-26T18:28:53+00:00\" \/>\n<meta property=\"article:modified_time\" content=\"2009-08-26T18:34:10+00:00\" \/>\n<meta property=\"og:image\" content=\"https:\/\/www.visit-ulcinj.com\/blog\/wp-content\/uploads\/2009\/08\/blero_teuta-krasniqi1-150x150.jpg\" \/>\n<meta name=\"twitter:label1\" content=\"Written by\" \/>\n\t<meta name=\"twitter:data1\" content=\"ulqini\" \/>\n\t<meta name=\"twitter:label2\" content=\"Est. reading time\" \/>\n\t<meta name=\"twitter:data2\" content=\"3 minutes\" \/>\n<script type=\"application\/ld+json\" class=\"yoast-schema-graph\">{\"@context\":\"https:\/\/schema.org\",\"@graph\":[{\"@type\":\"WebSite\",\"@id\":\"https:\/\/www.visit-ulcinj.com\/blog\/#website\",\"url\":\"https:\/\/www.visit-ulcinj.com\/blog\/\",\"name\":\"Lajme nga Ulqini\",\"description\":\"Lajme,Vijesti,Ulqini,Ulqin,Crna Gora,Mali i Zi\",\"potentialAction\":[{\"@type\":\"SearchAction\",\"target\":{\"@type\":\"EntryPoint\",\"urlTemplate\":\"https:\/\/www.visit-ulcinj.com\/blog\/?s={search_term_string}\"},\"query-input\":\"required name=search_term_string\"}],\"inLanguage\":\"en-US\"},{\"@type\":\"ImageObject\",\"inLanguage\":\"en-US\",\"@id\":\"https:\/\/www.visit-ulcinj.com\/blog\/2009\/08\/26\/teuta-blero-me-rehaton-shpirtin\/#primaryimage\",\"url\":\"http:\/\/www.visit-ulcinj.com\/blog\/wp-content\/uploads\/2009\/08\/blero_teuta-krasniqi1.jpg\",\"contentUrl\":\"http:\/\/www.visit-ulcinj.com\/blog\/wp-content\/uploads\/2009\/08\/blero_teuta-krasniqi1.jpg\"},{\"@type\":\"WebPage\",\"@id\":\"https:\/\/www.visit-ulcinj.com\/blog\/2009\/08\/26\/teuta-blero-me-rehaton-shpirtin\/#webpage\",\"url\":\"https:\/\/www.visit-ulcinj.com\/blog\/2009\/08\/26\/teuta-blero-me-rehaton-shpirtin\/\",\"name\":\"Teuta: Blero m\u00eb rehaton shpirtin - Lajme nga Ulqini\",\"isPartOf\":{\"@id\":\"https:\/\/www.visit-ulcinj.com\/blog\/#website\"},\"primaryImageOfPage\":{\"@id\":\"https:\/\/www.visit-ulcinj.com\/blog\/2009\/08\/26\/teuta-blero-me-rehaton-shpirtin\/#primaryimage\"},\"datePublished\":\"2009-08-26T18:28:53+00:00\",\"dateModified\":\"2009-08-26T18:34:10+00:00\",\"author\":{\"@id\":\"https:\/\/www.visit-ulcinj.com\/blog\/#\/schema\/person\/dcab619c614d3038751c63bc2aadc06d\"},\"description\":\"Koh\u00ebve t\u00eb fundit \u00ebsht\u00eb p\u00ebrfolur shum\u00eb lidhja nd\u00ebrmjet Teuta Krasniqit dhe k\u00ebng\u00ebtarit Blero, nd\u00ebrsa nd\u00ebrkoh\u00eb q\u00eb lidhja e tyre \u00ebsht\u00eb forcuar m\u00eb shum\u00eb- ata\",\"breadcrumb\":{\"@id\":\"https:\/\/www.visit-ulcinj.com\/blog\/2009\/08\/26\/teuta-blero-me-rehaton-shpirtin\/#breadcrumb\"},\"inLanguage\":\"en-US\",\"potentialAction\":[{\"@type\":\"ReadAction\",\"target\":[\"https:\/\/www.visit-ulcinj.com\/blog\/2009\/08\/26\/teuta-blero-me-rehaton-shpirtin\/\"]}]},{\"@type\":\"BreadcrumbList\",\"@id\":\"https:\/\/www.visit-ulcinj.com\/blog\/2009\/08\/26\/teuta-blero-me-rehaton-shpirtin\/#breadcrumb\",\"itemListElement\":[{\"@type\":\"ListItem\",\"position\":1,\"name\":\"Teuta: Blero m\u00eb rehaton shpirtin\"}]},{\"@type\":\"Person\",\"@id\":\"https:\/\/www.visit-ulcinj.com\/blog\/#\/schema\/person\/dcab619c614d3038751c63bc2aadc06d\",\"name\":\"ulqini\",\"sameAs\":[\"http:\/\/www.visit-ulcinj.com\"],\"url\":\"https:\/\/www.visit-ulcinj.com\/blog\/author\/admin\/\"}]}<\/script>\n<!-- \/ Yoast SEO plugin. -->","yoast_head_json":{"title":"Teuta: Blero m\u00eb rehaton shpirtin - Lajme nga Ulqini","description":"Koh\u00ebve t\u00eb fundit \u00ebsht\u00eb p\u00ebrfolur shum\u00eb lidhja nd\u00ebrmjet Teuta Krasniqit dhe k\u00ebng\u00ebtarit Blero, nd\u00ebrsa nd\u00ebrkoh\u00eb q\u00eb lidhja e tyre \u00ebsht\u00eb forcuar m\u00eb shum\u00eb- ata","robots":{"index":"index","follow":"follow","max-snippet":"max-snippet:-1","max-image-preview":"max-image-preview:large","max-video-preview":"max-video-preview:-1"},"canonical":"https:\/\/www.visit-ulcinj.com\/blog\/2009\/08\/26\/teuta-blero-me-rehaton-shpirtin\/","og_locale":"en_US","og_type":"article","og_title":"Teuta: Blero m\u00eb rehaton shpirtin - Lajme nga Ulqini","og_description":"Koh\u00ebve t\u00eb fundit \u00ebsht\u00eb p\u00ebrfolur shum\u00eb lidhja nd\u00ebrmjet Teuta Krasniqit dhe k\u00ebng\u00ebtarit Blero, nd\u00ebrsa nd\u00ebrkoh\u00eb q\u00eb lidhja e tyre \u00ebsht\u00eb forcuar m\u00eb shum\u00eb- ata","og_url":"https:\/\/www.visit-ulcinj.com\/blog\/2009\/08\/26\/teuta-blero-me-rehaton-shpirtin\/","og_site_name":"Lajme nga Ulqini","article_published_time":"2009-08-26T18:28:53+00:00","article_modified_time":"2009-08-26T18:34:10+00:00","og_image":[{"url":"https:\/\/www.visit-ulcinj.com\/blog\/wp-content\/uploads\/2009\/08\/blero_teuta-krasniqi1-150x150.jpg"}],"twitter_misc":{"Written by":"ulqini","Est. reading time":"3 minutes"},"schema":{"@context":"https:\/\/schema.org","@graph":[{"@type":"WebSite","@id":"https:\/\/www.visit-ulcinj.com\/blog\/#website","url":"https:\/\/www.visit-ulcinj.com\/blog\/","name":"Lajme nga Ulqini","description":"Lajme,Vijesti,Ulqini,Ulqin,Crna Gora,Mali i Zi","potentialAction":[{"@type":"SearchAction","target":{"@type":"EntryPoint","urlTemplate":"https:\/\/www.visit-ulcinj.com\/blog\/?s={search_term_string}"},"query-input":"required name=search_term_string"}],"inLanguage":"en-US"},{"@type":"ImageObject","inLanguage":"en-US","@id":"https:\/\/www.visit-ulcinj.com\/blog\/2009\/08\/26\/teuta-blero-me-rehaton-shpirtin\/#primaryimage","url":"http:\/\/www.visit-ulcinj.com\/blog\/wp-content\/uploads\/2009\/08\/blero_teuta-krasniqi1.jpg","contentUrl":"http:\/\/www.visit-ulcinj.com\/blog\/wp-content\/uploads\/2009\/08\/blero_teuta-krasniqi1.jpg"},{"@type":"WebPage","@id":"https:\/\/www.visit-ulcinj.com\/blog\/2009\/08\/26\/teuta-blero-me-rehaton-shpirtin\/#webpage","url":"https:\/\/www.visit-ulcinj.com\/blog\/2009\/08\/26\/teuta-blero-me-rehaton-shpirtin\/","name":"Teuta: Blero m\u00eb rehaton shpirtin - Lajme nga Ulqini","isPartOf":{"@id":"https:\/\/www.visit-ulcinj.com\/blog\/#website"},"primaryImageOfPage":{"@id":"https:\/\/www.visit-ulcinj.com\/blog\/2009\/08\/26\/teuta-blero-me-rehaton-shpirtin\/#primaryimage"},"datePublished":"2009-08-26T18:28:53+00:00","dateModified":"2009-08-26T18:34:10+00:00","author":{"@id":"https:\/\/www.visit-ulcinj.com\/blog\/#\/schema\/person\/dcab619c614d3038751c63bc2aadc06d"},"description":"Koh\u00ebve t\u00eb fundit \u00ebsht\u00eb p\u00ebrfolur shum\u00eb lidhja nd\u00ebrmjet Teuta Krasniqit dhe k\u00ebng\u00ebtarit Blero, nd\u00ebrsa nd\u00ebrkoh\u00eb q\u00eb lidhja e tyre \u00ebsht\u00eb forcuar m\u00eb shum\u00eb- ata","breadcrumb":{"@id":"https:\/\/www.visit-ulcinj.com\/blog\/2009\/08\/26\/teuta-blero-me-rehaton-shpirtin\/#breadcrumb"},"inLanguage":"en-US","potentialAction":[{"@type":"ReadAction","target":["https:\/\/www.visit-ulcinj.com\/blog\/2009\/08\/26\/teuta-blero-me-rehaton-shpirtin\/"]}]},{"@type":"BreadcrumbList","@id":"https:\/\/www.visit-ulcinj.com\/blog\/2009\/08\/26\/teuta-blero-me-rehaton-shpirtin\/#breadcrumb","itemListElement":[{"@type":"ListItem","position":1,"name":"Teuta: Blero m\u00eb rehaton shpirtin"}]},{"@type":"Person","@id":"https:\/\/www.visit-ulcinj.com\/blog\/#\/schema\/person\/dcab619c614d3038751c63bc2aadc06d","name":"ulqini","sameAs":["http:\/\/www.visit-ulcinj.com"],"url":"https:\/\/www.visit-ulcinj.com\/blog\/author\/admin\/"}]}},"jetpack_featured_media_url":"","jetpack_sharing_enabled":true,"jetpack_shortlink":"https:\/\/wp.me\/pe6lTn-6uv","_links":{"self":[{"href":"https:\/\/www.visit-ulcinj.com\/blog\/wp-json\/wp\/v2\/posts\/24955"}],"collection":[{"href":"https:\/\/www.visit-ulcinj.com\/blog\/wp-json\/wp\/v2\/posts"}],"about":[{"href":"https:\/\/www.visit-ulcinj.com\/blog\/wp-json\/wp\/v2\/types\/post"}],"author":[{"embeddable":true,"href":"https:\/\/www.visit-ulcinj.com\/blog\/wp-json\/wp\/v2\/users\/1"}],"replies":[{"embeddable":true,"href":"https:\/\/www.visit-ulcinj.com\/blog\/wp-json\/wp\/v2\/comments?post=24955"}],"version-history":[{"count":0,"href":"https:\/\/www.visit-ulcinj.com\/blog\/wp-json\/wp\/v2\/posts\/24955\/revisions"}],"wp:attachment":[{"href":"https:\/\/www.visit-ulcinj.com\/blog\/wp-json\/wp\/v2\/media?parent=24955"}],"wp:term":[{"taxonomy":"category","embeddable":true,"href":"https:\/\/www.visit-ulcinj.com\/blog\/wp-json\/wp\/v2\/categories?post=24955"},{"taxonomy":"post_tag","embeddable":true,"href":"https:\/\/www.visit-ulcinj.com\/blog\/wp-json\/wp\/v2\/tags?post=24955"}],"curies":[{"name":"wp","href":"https:\/\/api.w.org\/{rel}","templated":true}]}}