{"id":24970,"date":"2009-08-27T21:13:35","date_gmt":"2009-08-27T19:13:35","guid":{"rendered":"http:\/\/www.visit-ulcinj.com\/blog\/?p=24970"},"modified":"2009-08-27T22:48:08","modified_gmt":"2009-08-27T20:48:08","slug":"tuna-veshja-ime-sexy-shpreh-bukurin-time","status":"publish","type":"post","link":"https:\/\/www.visit-ulcinj.com\/blog\/2009\/08\/27\/tuna-veshja-ime-sexy-shpreh-bukurin-time\/","title":{"rendered":"Tuna, Veshja ime sexy shpreh bukurin time"},"content":{"rendered":"<p><a href=\"http:\/\/www.visit-ulcinj.com\/blog\/wp-content\/uploads\/2009\/08\/altuna-sejdiu.jpg\"><img loading=\"lazy\" class=\"alignnone size-large wp-image-24986\" title=\"altuna sejdiu\" src=\"http:\/\/www.visit-ulcinj.com\/blog\/wp-content\/uploads\/2009\/08\/altuna-sejdiu-1024x682.jpg\" alt=\"altuna sejdiu\" width=\"585\" height=\"482\" \/><\/a><\/p>\n<p>Sa her\u00eb q\u00eb ngjitet n\u00eb sken\u00eb apo lan\u00e7on nj\u00eb klip t\u00eb ri shfaqet interesante dhe shum\u00eb e sofistikuar n\u00eb look k\u00ebng\u00ebtarja Altuna Sejdiu. Veshja p\u00ebr t\u00eb ka r\u00ebnd\u00ebsi t\u00eb ve\u00e7ant\u00eb, pasi shpreh spirtualitetin e nj\u00eb personi. Shpesh \u00ebsht\u00eb shfaqur ndryshe, duke guxuar dhe eksperimentuar forma nga m\u00eb t\u00eb ndryshme. \u201cTashm\u00eb ka kaluar ajo faz\u00eb, por gjithsesi njeriu me kalimin e viteve gjen vetveten, nxjerr n\u00eb pah gj\u00ebra, p\u00ebr t\u00eb cilat nuk ka qen\u00eb i vet\u00ebdijsh\u00ebm,\u201d shton Tuna. Madje, ajo thot\u00eb se \u201cklipi i fundit \u201cBileta\u201d zgjoi nj\u00eb pjes\u00eb t\u00eb an\u00ebs time fem\u00ebrore, q\u00eb gjithmon\u00eb \u00ebsht\u00eb fshehur si hije e rebelizmit\u201d. N\u00eb k\u00ebt\u00eb intervist\u00eb ju mund t\u00eb m\u00ebsoni gjith\u00e7ka rreth look-ut, tendencave, stileve, ngjyrave dhe aksesor\u00ebve q\u00eb fshihen n\u00eb gard\u00ebrob\u00ebn e k\u00ebng\u00ebtares s\u00eb talentuar.<br \/>\n<strong><\/strong><\/p>\n<p><strong><a href=\"http:\/\/www.visit-ulcinj.com\/blog\/wp-content\/uploads\/2009\/08\/altuna-sejdiu.1.jpg\"><img loading=\"lazy\" class=\"size-medium wp-image-24988 alignleft\" title=\"altuna sejdiu.1\" src=\"http:\/\/www.visit-ulcinj.com\/blog\/wp-content\/uploads\/2009\/08\/altuna-sejdiu.1-200x300.jpg\" alt=\"altuna sejdiu.1\" width=\"200\" height=\"300\" \/><\/a>\u00c7far\u00eb p\u00ebrfaq\u00ebson veshja p\u00ebr ju?<\/strong><\/p>\n<p>Veshjen e kisha definuar si pamje q\u00eb shpreh brend\u00ebsin\u00eb dhe spiritualitetin e nj\u00eb personi.<\/p>\n<p><strong>Nj\u00eb veshje p\u00ebr ju \u00ebsht\u00eb e kombinuar mir\u00eb, n\u00ebse\u2026<\/strong><\/p>\n<p>Esht\u00eb e kombinuar me shije dhe pa shum\u00eb ngarkime.<br \/>\n<strong>Gjat\u00eb karrier\u00ebs tuaj televizive, kujt ia keni besuar veshjen?<\/strong><\/p>\n<p>S\u00eb fundmi, kam bashk\u00ebpunuar edhe me disa stilist\u00eb t\u00eb njohur nga Maqedonia, por shum\u00eb shpesh i mendoj edhe vet\u00eb.<\/p>\n<p><strong>Kur e shikon veten n\u00eb TV, n\u00eb ndonj\u00eb spektak\u00ebl t\u00eb disa viteve m\u00eb par\u00eb, \u00e7far\u00eb mendon?<\/strong><\/p>\n<p>Varet p\u00ebr \u00e7far\u00eb xhirimi b\u00ebhet fjal\u00eb; mund t\u00eb mendoj di\u00e7ka, lidhur me veshjen, me prezantimin tim, me flok\u00ebt, me grimin\u2026 b\u00ebj analiza t\u00eb ndryshme, kryesisht.<\/p>\n<p><strong>Sa t\u00eb r\u00ebnd\u00ebsishme e konsideroni veshjen n\u00eb fush\u00ebn tuaj?<\/strong><a href=\"http:\/\/www.visit-ulcinj.com\/blog\/wp-content\/uploads\/2009\/08\/altuna-ejdiu.6.jpg\"><img loading=\"lazy\" class=\"alignright size-medium wp-image-24989\" title=\"altuna- ejdiu.6\" src=\"http:\/\/www.visit-ulcinj.com\/blog\/wp-content\/uploads\/2009\/08\/altuna-ejdiu.6-200x300.jpg\" alt=\"altuna- ejdiu.6\" width=\"200\" height=\"300\" \/><\/a><br \/>\nSigurisht q\u00eb ka r\u00ebnd\u00ebsi, pasiskena duhet respektuar.<\/p>\n<p><strong>E keni t\u00eb v\u00ebshtir\u00eb t\u00eb b\u00ebnindonj\u00eb ndryshim total n\u00eblook apo ambientoheni shpejt?<\/strong><br \/>\nM\u00eb par\u00eb e kisha t\u00eb leht\u00eb t\u00ebadaptohem me cilindo ndryshimt\u00eb look-ut, qoft\u00eb me flok\u00ebt, megrimin dhe me veshjen. Tani ekam m\u00eb t\u00eb v\u00ebshtir\u00eb.Shpesh luani edhe mengjyr\u00ebn e flok\u00ebve.Meqen\u00ebse i kam kaluar fazate eksperimenteve t\u00eb ndryshme,mendoj se nuk ka look q\u00eb s\u00caekam provuar. Koh\u00ebt e fundit potentoj t\u00eb kem flokun e sh\u00ebndosh\u00eb dhe natyral.<\/p>\n<p><strong>Sa ndryshon nj\u00eb veshjeskenike me at\u00eb q\u00eb ju krijonip\u00ebr klipe?<\/strong><br \/>\nJan\u00eb si dy an\u00ebt e kund\u00ebrta t\u00eb nj\u00ebmedaljeje.<\/p>\n<p><strong>Sa ju kushton realisht nj\u00eb dalje n\u00eb sken\u00eb dhe sa koh\u00ebm\u00eb par\u00eb p\u00ebrgatiteni?<\/strong><br \/>\nGjithnj\u00eb varet se p\u00ebr \u00e7far\u00ebprezantimi b\u00ebhet fjal\u00eb;ndonj\u00ebher\u00eb me muaj t\u00eb t\u00ebr\u00eb, sepse veshja duhet koordinuarme k\u00ebng\u00ebn, l\u00ebvizjet n\u00eb sken\u00ebdhe shum\u00eb momente t\u00eb tjera q\u00eb i p\u00ebrcjell ajo.<\/p>\n<p><strong><a href=\"http:\/\/www.visit-ulcinj.com\/blog\/wp-content\/uploads\/2009\/08\/altuna-sejdiu.5.jpg\"><img loading=\"lazy\" class=\"alignleft size-medium wp-image-24990\" title=\"altuna sejdiu.5\" src=\"http:\/\/www.visit-ulcinj.com\/blog\/wp-content\/uploads\/2009\/08\/altuna-sejdiu.5-200x300.jpg\" alt=\"altuna sejdiu.5\" width=\"200\" height=\"300\" \/><\/a>Konsultoheni shpesh merevistat e mod\u00ebs, p\u00ebr nj\u00ebdalje skenike<\/strong>?<br \/>\nPo, shum\u00eb shpesh, pasi atozakonisht sh\u00ebrbejn\u00eb si inspirimp\u00ebr mua. E keqja tek un\u00eb vjenkur shfletoj revistat e mod\u00ebs,sepse m\u00eb ndodh t\u00eb fiksohem pas nj\u00eb veshjeje shum\u00eb, sa t\u00eb nes\u00ebrmen i hipi avionit dhe shkojn\u00eb Milano p\u00ebr ta bler\u00eb.<\/p>\n<p><strong>N\u00eb shpenzimet tuaja,a hyjn\u00eb edhe blerja erevistave t\u00eb mod\u00ebs?<\/strong><br \/>\nPatjet\u00ebr q\u00eb po, pasi rregullishti blej revistat e mod\u00ebs. Shpesh vizitoj webet, faqet e njohurat\u00eb mod\u00ebs. M\u00eb t\u00ebrheqin dhei shikoj me shum\u00eb v\u00ebmendje jav\u00ebt e mod\u00ebs q\u00eb b\u00ebhen n\u00ebp\u00ebr metropolet bot\u00ebrore dhe dot\u00eb doja shum\u00eb t\u00eb isha nj\u00eb dit\u00eb prezent n\u00eb ndonj\u00eb prej tyre.<\/p>\n<p><strong>Sa shpenzoni p\u00ebr veshje?<\/strong><br \/>\nJam megalomane e v\u00ebrtet\u00eb, pasishpenzoj shum\u00eb, por gjith\u00e7ka\u00ebsht\u00eb e arsyeshme, kur \u00ebsht\u00ebkarriera n\u00eb pyetje.<\/p>\n<p><strong>Cila \u00ebsht\u00eb veshja m\u00eb eshtrenjt\u00eb n\u00eb gard\u00ebrob\u00ebntuaj, e cil\u00ebs firme \u00ebsht\u00eb dhesa ka kushtuar?<\/strong><a href=\"http:\/\/www.visit-ulcinj.com\/blog\/wp-content\/uploads\/2009\/08\/altuna-sejdiu.4.jpg\"><img loading=\"lazy\" class=\"alignright size-medium wp-image-24991\" title=\"altuna sejdiu.4\" src=\"http:\/\/www.visit-ulcinj.com\/blog\/wp-content\/uploads\/2009\/08\/altuna-sejdiu.4-199x300.jpg\" alt=\"altuna sejdiu.4\" width=\"199\" height=\"300\" \/><\/a><br \/>\nNuk preferoj t\u00eb flas p\u00ebr \u00e7mime;mendoj se n\u00eb koleksionin e\u00e7antave dhe k\u00ebpuc\u00ebve q\u00eb kammund t\u00eb fshihet copa dhe l\u00ebkuram\u00eb e shtrenjt\u00eb n\u00eb gard\u00ebrob\u00ebntime.<\/p>\n<p><strong>Aktualisht, a ka ndonj\u00ebperson q\u00eb fshihet pasvezullimit t\u00eb pamjes suaj?<\/strong><br \/>\nGjithmon\u00eb po, njer\u00ebz me shije, t\u00ebcil\u00ebve u besoj.<\/p>\n<p><strong>Me kalimin e viteve, a kandodhur ndonj\u00eb ndryshim shijesh? N\u00ebse po, kukonkretisht?<\/strong><br \/>\nNjeriu me kalimin e viteve gjenvet\u00ebn, mundohet t\u00eb nxjerr\u00eb n\u00ebpah gj\u00ebrat p\u00ebr t\u00eb cilat edhe nukka qen\u00eb i vet\u00ebdijsh\u00ebm. Mendojse tek un\u00eb k\u00ebnga \u201eBileta\u2030 zgjoinj\u00eb pjes\u00eb t\u00eb an\u00ebs time fem\u00ebroreq\u00eb gjithmon\u00eb \u00ebsht\u00eb fshehur si hije e rebelizmit.<\/p>\n<p><strong>Kur ndiheni m\u00eb mir\u00eb, kurveshjen tuaj ia besoni nj\u00ebstilisti apo kur e ideoni at\u00ebvet\u00eb?<\/strong><br \/>\nKur gjejm\u00eb kompromisin dhezgjidhjen e v\u00ebrtet\u00eb, s\u00eb bashku mestilistin.<\/p>\n<p><strong>\u00cbsht\u00eb i v\u00ebrtet\u00eb fakti q\u00eb jushpesh e ideoni vet\u00eb veshjentuaj<\/strong>?<br \/>\nKur punoj me stilist, mund t\u00ebsugjeroj di\u00e7ka, por zakonishtua l\u00eb pun\u00ebn profesionist\u00ebve dhenuk dua t\u00eb nd\u00ebrhyj. Shumic\u00ebn eveshjeve i blej t\u00eb gatshme dhe ikombinoj vet\u00eb.<\/p>\n<p><strong><a href=\"http:\/\/www.visit-ulcinj.com\/blog\/wp-content\/uploads\/2009\/08\/altuna-sejdiu.2.jpg\"><img loading=\"lazy\" class=\"alignleft size-medium wp-image-24992\" title=\"altuna sejdiu.2\" src=\"http:\/\/www.visit-ulcinj.com\/blog\/wp-content\/uploads\/2009\/08\/altuna-sejdiu.2-199x300.jpg\" alt=\"altuna sejdiu.2\" width=\"199\" height=\"300\" \/><\/a>Ju ka ndodhur ndonj\u00ebher\u00ebq\u00eb t\u00eb nd\u00ebrroni mendim p\u00ebrveshjen tuaj, n\u00eb momentin efundit t\u00eb daljes n\u00eb sken\u00eb?<\/strong><br \/>\nPo, n\u00ebse nuk jam ndjer\u00eb mir\u00eb.<\/p>\n<p><strong>Jeni e fiksuar pas etiketave,dhe cilat firma ju p\u00eblqejn\u00eb?<\/strong><br \/>\nPo, kur \u00ebsht\u00eb kualiteti n\u00eb pyetje.M\u00eb p\u00eblqejn\u00eb Dsquared, D&amp;G,Gu\u00e7i.<\/p>\n<p><strong>Ngjyra juaj e preferuar dhe dominonte n\u00eb gard\u00ebrob\u00eb?<\/strong><br \/>\nNgjyra ime e preferuar \u00ebsht\u00ebajo e momentit t\u00eb disponimit q\u00eb kam. Mund t\u00eb jet\u00eb blu, kafe, e gjelb\u00ebr.<\/p>\n<p><strong>Sa ndryshon n\u00eb veshjete p\u00ebrditshme nga atoskeniket?<\/strong><\/p>\n<p>Skena k\u00ebrkon ekstravaganc\u00ebne saj, e cila shpeshher\u00eb te nee merr form\u00ebn e shundit edhekichit. N\u00eb p\u00ebrditshm\u00ebri \u00ebsht\u00ebtjet\u00ebr pune, pasi i dua veshjetsa me komfore dhe make upminimal.<\/p>\n<p><strong>P\u00eblqeni m\u00eb shum\u00eb veshjetsportive apo klasike?<\/strong><br \/>\nSportive, pa dyshim, pasi klasikjado t\u00eb vij\u00eb me koh\u00eb.<\/p>\n<p><strong>Ju jeni dakord me th\u00ebnienq\u00eb veshja, n\u00eb nj\u00eb far\u00ebm\u00ebnyre tregon edhe personalitetin e nj\u00eb personi?<\/strong><br \/>\nNuk e di sa mund t\u00eb jem dakord,por \u00ebsht\u00eb e v\u00ebrtet\u00eb q\u00eb ndonj\u00ebher\u00ebveshja \u00ebsht\u00eb reflektim i gjendjes son\u00eb shpirt\u00ebrore, por, nga anatjet\u00ebr, mund edhe t\u00eb mos jet\u00ebashtu. Gjith\u00e7ka varet nga personidhe perceptimi i tij p\u00ebr veshjen.<br \/>\n<strong>Sa vend z\u00ebn\u00eb aksesor\u00ebt n\u00ebgard\u00ebrob\u00ebn tuaj dhe cil\u00ebtjan\u00eb m\u00eb t\u00eb preferuarit?<\/strong><a href=\"http:\/\/www.visit-ulcinj.com\/blog\/wp-content\/uploads\/2009\/08\/altuna-sejdiu.7.jpg\"><img loading=\"lazy\" class=\"alignright size-medium wp-image-24993\" title=\"altuna sejdiu.7\" src=\"http:\/\/www.visit-ulcinj.com\/blog\/wp-content\/uploads\/2009\/08\/altuna-sejdiu.7-225x300.jpg\" alt=\"altuna sejdiu.7\" width=\"225\" height=\"300\" \/><\/a><br \/>\nN\u00eb koleksionin tim jan\u00eb aktual\u00eb aksesor\u00ebt me gur\u00eb Swarovski.Gjithashtu, edhe syzat e diellit i konsideroj si pjes\u00eb e imazhit ditor.Gard\u00ebroba juaj nuk do t\u00ebkishte kuptim pa\u2026 \u00c7ant\u00ebn e kombinuar dhexhaket\u00ebn e duhur.<\/p>\n<p><strong>Parfumi juaj ipreferuar?<\/strong><br \/>\nNuk jam e fiksuar pas nj\u00ebparfumi; her\u00eb pas herei ndryshoj, sepse \u00e7doparfum m\u00eb kujton ndonj\u00ebperiudh\u00eb t\u00eb caktuarkohore. P\u00ebr momentin,p\u00ebrdor Diamonds nga Armani, n\u00eb kombinim mequm\u00ebshtin p\u00ebr trup<\/p>\n<p><strong>Produktet kozmetike?<\/strong><br \/>\nBiologique Recherchejan\u00eb t\u00eb preferuarat emia. Produktet jan\u00ebt\u00eb bazuara n\u00ebekstraktet m\u00ebt\u00eb past\u00ebrta me origjin\u00eb botanike dhebioteknologjike.<\/p>\n<p><strong>Shpenzimi m\u00eb i fundit q\u00ebkeni b\u00ebr\u00eb p\u00ebr rroba dhe\u00e7far\u00eb ka qen\u00eb konkretisht?<\/strong><br \/>\nSyzat e diellit Armani dhe nj\u00ebfustani nga stilisti i njohur grek Divas<\/p>\n<p><strong>A e harroni ndonj\u00eb aksesor,q\u00eb e keni planifikuar p\u00ebr tav\u00ebn\u00eb p\u00ebrpara se t\u00eb dilni n\u00ebsken\u00eb, ose kur keni xhirimp\u00ebr klipe?<\/strong><br \/>\nMund t\u00eb ndodh\u00eb. Kjom\u00eb ndodh m\u00eb shpeshme vath\u00ebt po, n\u00ebse kombinimi \u00ebsht\u00eb kalues edhe pa at\u00eb aksesor, as nuk e vras mendjen shum\u00eb.<\/p>\n<!--YouTube Error: bad URL entered-->\n","protected":false},"excerpt":{"rendered":"<p>Sa her\u00eb q\u00eb ngjitet n\u00eb sken\u00eb apo lan\u00e7on nj\u00eb klip t\u00eb ri shfaqet interesante dhe shum\u00eb e sofistikuar n\u00eb look k\u00ebng\u00ebtarja Altuna Sejdiu. Veshja p\u00ebr t\u00eb ka r\u00ebnd\u00ebsi t\u00eb ve\u00e7ant\u00eb, pasi shpreh spirtualitetin e nj\u00eb personi. Shpesh \u00ebsht\u00eb shfaqur ndryshe, duke guxuar dhe eksperimentuar forma nga m\u00eb t\u00eb ndryshme. \u201cTashm\u00eb ka kaluar ajo faz\u00eb, por [&hellip;]<\/p>\n","protected":false},"author":1,"featured_media":0,"comment_status":"open","ping_status":"closed","sticky":false,"template":"","format":"standard","meta":{"spay_email":"","jetpack_publicize_message":"","jetpack_is_tweetstorm":false,"jetpack_publicize_feature_enabled":true},"categories":[1],"tags":[4972],"jetpack_publicize_connections":[],"yoast_head":"<!-- This site is optimized with the Yoast SEO plugin v19.1 - https:\/\/yoast.com\/wordpress\/plugins\/seo\/ -->\n<title>Tuna, Veshja ime sexy shpreh bukurin time - Lajme nga Ulqini<\/title>\n<meta name=\"description\" content=\"Sa her\u00eb q\u00eb ngjitet n\u00eb sken\u00eb apo lan\u00e7on nj\u00eb klip t\u00eb ri shfaqet interesante dhe shum\u00eb e sofistikuar n\u00eb look k\u00ebng\u00ebtarja Altuna Sejdiu. Veshja p\u00ebr t\u00eb ka\" \/>\n<meta name=\"robots\" content=\"index, follow, max-snippet:-1, max-image-preview:large, max-video-preview:-1\" \/>\n<link rel=\"canonical\" href=\"https:\/\/www.visit-ulcinj.com\/blog\/2009\/08\/27\/tuna-veshja-ime-sexy-shpreh-bukurin-time\/\" \/>\n<meta property=\"og:locale\" content=\"en_US\" \/>\n<meta property=\"og:type\" content=\"article\" \/>\n<meta property=\"og:title\" content=\"Tuna, Veshja ime sexy shpreh bukurin time - Lajme nga Ulqini\" \/>\n<meta property=\"og:description\" content=\"Sa her\u00eb q\u00eb ngjitet n\u00eb sken\u00eb apo lan\u00e7on nj\u00eb klip t\u00eb ri shfaqet interesante dhe shum\u00eb e sofistikuar n\u00eb look k\u00ebng\u00ebtarja Altuna Sejdiu. Veshja p\u00ebr t\u00eb ka\" \/>\n<meta property=\"og:url\" content=\"https:\/\/www.visit-ulcinj.com\/blog\/2009\/08\/27\/tuna-veshja-ime-sexy-shpreh-bukurin-time\/\" \/>\n<meta property=\"og:site_name\" content=\"Lajme nga Ulqini\" \/>\n<meta property=\"article:published_time\" content=\"2009-08-27T19:13:35+00:00\" \/>\n<meta property=\"article:modified_time\" content=\"2009-08-27T20:48:08+00:00\" \/>\n<meta property=\"og:image\" content=\"http:\/\/www.visit-ulcinj.com\/blog\/wp-content\/uploads\/2009\/08\/altuna-sejdiu-1024x682.jpg\" \/>\n<meta name=\"twitter:label1\" content=\"Written by\" \/>\n\t<meta name=\"twitter:data1\" content=\"ulqini\" \/>\n\t<meta name=\"twitter:label2\" content=\"Est. reading time\" \/>\n\t<meta name=\"twitter:data2\" content=\"6 minutes\" \/>\n<script type=\"application\/ld+json\" class=\"yoast-schema-graph\">{\"@context\":\"https:\/\/schema.org\",\"@graph\":[{\"@type\":\"WebSite\",\"@id\":\"https:\/\/www.visit-ulcinj.com\/blog\/#website\",\"url\":\"https:\/\/www.visit-ulcinj.com\/blog\/\",\"name\":\"Lajme nga Ulqini\",\"description\":\"Lajme,Vijesti,Ulqini,Ulqin,Crna Gora,Mali i Zi\",\"potentialAction\":[{\"@type\":\"SearchAction\",\"target\":{\"@type\":\"EntryPoint\",\"urlTemplate\":\"https:\/\/www.visit-ulcinj.com\/blog\/?s={search_term_string}\"},\"query-input\":\"required name=search_term_string\"}],\"inLanguage\":\"en-US\"},{\"@type\":\"ImageObject\",\"inLanguage\":\"en-US\",\"@id\":\"https:\/\/www.visit-ulcinj.com\/blog\/2009\/08\/27\/tuna-veshja-ime-sexy-shpreh-bukurin-time\/#primaryimage\",\"url\":\"https:\/\/www.visit-ulcinj.com\/blog\/wp-content\/uploads\/2009\/08\/Altuna-Sejdiu.jpg\",\"contentUrl\":\"https:\/\/www.visit-ulcinj.com\/blog\/wp-content\/uploads\/2009\/08\/Altuna-Sejdiu.jpg\",\"width\":\"401\",\"height\":\"549\"},{\"@type\":\"WebPage\",\"@id\":\"https:\/\/www.visit-ulcinj.com\/blog\/2009\/08\/27\/tuna-veshja-ime-sexy-shpreh-bukurin-time\/#webpage\",\"url\":\"https:\/\/www.visit-ulcinj.com\/blog\/2009\/08\/27\/tuna-veshja-ime-sexy-shpreh-bukurin-time\/\",\"name\":\"Tuna, Veshja ime sexy shpreh bukurin time - Lajme nga Ulqini\",\"isPartOf\":{\"@id\":\"https:\/\/www.visit-ulcinj.com\/blog\/#website\"},\"primaryImageOfPage\":{\"@id\":\"https:\/\/www.visit-ulcinj.com\/blog\/2009\/08\/27\/tuna-veshja-ime-sexy-shpreh-bukurin-time\/#primaryimage\"},\"datePublished\":\"2009-08-27T19:13:35+00:00\",\"dateModified\":\"2009-08-27T20:48:08+00:00\",\"author\":{\"@id\":\"https:\/\/www.visit-ulcinj.com\/blog\/#\/schema\/person\/dcab619c614d3038751c63bc2aadc06d\"},\"description\":\"Sa her\u00eb q\u00eb ngjitet n\u00eb sken\u00eb apo lan\u00e7on nj\u00eb klip t\u00eb ri shfaqet interesante dhe shum\u00eb e sofistikuar n\u00eb look k\u00ebng\u00ebtarja Altuna Sejdiu. Veshja p\u00ebr t\u00eb ka\",\"breadcrumb\":{\"@id\":\"https:\/\/www.visit-ulcinj.com\/blog\/2009\/08\/27\/tuna-veshja-ime-sexy-shpreh-bukurin-time\/#breadcrumb\"},\"inLanguage\":\"en-US\",\"potentialAction\":[{\"@type\":\"ReadAction\",\"target\":[\"https:\/\/www.visit-ulcinj.com\/blog\/2009\/08\/27\/tuna-veshja-ime-sexy-shpreh-bukurin-time\/\"]}]},{\"@type\":\"BreadcrumbList\",\"@id\":\"https:\/\/www.visit-ulcinj.com\/blog\/2009\/08\/27\/tuna-veshja-ime-sexy-shpreh-bukurin-time\/#breadcrumb\",\"itemListElement\":[{\"@type\":\"ListItem\",\"position\":1,\"name\":\"Tuna, Veshja ime sexy shpreh bukurin time\"}]},{\"@type\":\"Person\",\"@id\":\"https:\/\/www.visit-ulcinj.com\/blog\/#\/schema\/person\/dcab619c614d3038751c63bc2aadc06d\",\"name\":\"ulqini\",\"sameAs\":[\"http:\/\/www.visit-ulcinj.com\"],\"url\":\"https:\/\/www.visit-ulcinj.com\/blog\/author\/admin\/\"}]}<\/script>\n<!-- \/ Yoast SEO plugin. -->","yoast_head_json":{"title":"Tuna, Veshja ime sexy shpreh bukurin time - Lajme nga Ulqini","description":"Sa her\u00eb q\u00eb ngjitet n\u00eb sken\u00eb apo lan\u00e7on nj\u00eb klip t\u00eb ri shfaqet interesante dhe shum\u00eb e sofistikuar n\u00eb look k\u00ebng\u00ebtarja Altuna Sejdiu. Veshja p\u00ebr t\u00eb ka","robots":{"index":"index","follow":"follow","max-snippet":"max-snippet:-1","max-image-preview":"max-image-preview:large","max-video-preview":"max-video-preview:-1"},"canonical":"https:\/\/www.visit-ulcinj.com\/blog\/2009\/08\/27\/tuna-veshja-ime-sexy-shpreh-bukurin-time\/","og_locale":"en_US","og_type":"article","og_title":"Tuna, Veshja ime sexy shpreh bukurin time - Lajme nga Ulqini","og_description":"Sa her\u00eb q\u00eb ngjitet n\u00eb sken\u00eb apo lan\u00e7on nj\u00eb klip t\u00eb ri shfaqet interesante dhe shum\u00eb e sofistikuar n\u00eb look k\u00ebng\u00ebtarja Altuna Sejdiu. Veshja p\u00ebr t\u00eb ka","og_url":"https:\/\/www.visit-ulcinj.com\/blog\/2009\/08\/27\/tuna-veshja-ime-sexy-shpreh-bukurin-time\/","og_site_name":"Lajme nga Ulqini","article_published_time":"2009-08-27T19:13:35+00:00","article_modified_time":"2009-08-27T20:48:08+00:00","og_image":[{"url":"http:\/\/www.visit-ulcinj.com\/blog\/wp-content\/uploads\/2009\/08\/altuna-sejdiu-1024x682.jpg"}],"twitter_misc":{"Written by":"ulqini","Est. reading time":"6 minutes"},"schema":{"@context":"https:\/\/schema.org","@graph":[{"@type":"WebSite","@id":"https:\/\/www.visit-ulcinj.com\/blog\/#website","url":"https:\/\/www.visit-ulcinj.com\/blog\/","name":"Lajme nga Ulqini","description":"Lajme,Vijesti,Ulqini,Ulqin,Crna Gora,Mali i Zi","potentialAction":[{"@type":"SearchAction","target":{"@type":"EntryPoint","urlTemplate":"https:\/\/www.visit-ulcinj.com\/blog\/?s={search_term_string}"},"query-input":"required name=search_term_string"}],"inLanguage":"en-US"},{"@type":"ImageObject","inLanguage":"en-US","@id":"https:\/\/www.visit-ulcinj.com\/blog\/2009\/08\/27\/tuna-veshja-ime-sexy-shpreh-bukurin-time\/#primaryimage","url":"https:\/\/www.visit-ulcinj.com\/blog\/wp-content\/uploads\/2009\/08\/Altuna-Sejdiu.jpg","contentUrl":"https:\/\/www.visit-ulcinj.com\/blog\/wp-content\/uploads\/2009\/08\/Altuna-Sejdiu.jpg","width":"401","height":"549"},{"@type":"WebPage","@id":"https:\/\/www.visit-ulcinj.com\/blog\/2009\/08\/27\/tuna-veshja-ime-sexy-shpreh-bukurin-time\/#webpage","url":"https:\/\/www.visit-ulcinj.com\/blog\/2009\/08\/27\/tuna-veshja-ime-sexy-shpreh-bukurin-time\/","name":"Tuna, Veshja ime sexy shpreh bukurin time - Lajme nga Ulqini","isPartOf":{"@id":"https:\/\/www.visit-ulcinj.com\/blog\/#website"},"primaryImageOfPage":{"@id":"https:\/\/www.visit-ulcinj.com\/blog\/2009\/08\/27\/tuna-veshja-ime-sexy-shpreh-bukurin-time\/#primaryimage"},"datePublished":"2009-08-27T19:13:35+00:00","dateModified":"2009-08-27T20:48:08+00:00","author":{"@id":"https:\/\/www.visit-ulcinj.com\/blog\/#\/schema\/person\/dcab619c614d3038751c63bc2aadc06d"},"description":"Sa her\u00eb q\u00eb ngjitet n\u00eb sken\u00eb apo lan\u00e7on nj\u00eb klip t\u00eb ri shfaqet interesante dhe shum\u00eb e sofistikuar n\u00eb look k\u00ebng\u00ebtarja Altuna Sejdiu. Veshja p\u00ebr t\u00eb ka","breadcrumb":{"@id":"https:\/\/www.visit-ulcinj.com\/blog\/2009\/08\/27\/tuna-veshja-ime-sexy-shpreh-bukurin-time\/#breadcrumb"},"inLanguage":"en-US","potentialAction":[{"@type":"ReadAction","target":["https:\/\/www.visit-ulcinj.com\/blog\/2009\/08\/27\/tuna-veshja-ime-sexy-shpreh-bukurin-time\/"]}]},{"@type":"BreadcrumbList","@id":"https:\/\/www.visit-ulcinj.com\/blog\/2009\/08\/27\/tuna-veshja-ime-sexy-shpreh-bukurin-time\/#breadcrumb","itemListElement":[{"@type":"ListItem","position":1,"name":"Tuna, Veshja ime sexy shpreh bukurin time"}]},{"@type":"Person","@id":"https:\/\/www.visit-ulcinj.com\/blog\/#\/schema\/person\/dcab619c614d3038751c63bc2aadc06d","name":"ulqini","sameAs":["http:\/\/www.visit-ulcinj.com"],"url":"https:\/\/www.visit-ulcinj.com\/blog\/author\/admin\/"}]}},"jetpack_featured_media_url":"","jetpack_sharing_enabled":true,"jetpack_shortlink":"https:\/\/wp.me\/pe6lTn-6uK","_links":{"self":[{"href":"https:\/\/www.visit-ulcinj.com\/blog\/wp-json\/wp\/v2\/posts\/24970"}],"collection":[{"href":"https:\/\/www.visit-ulcinj.com\/blog\/wp-json\/wp\/v2\/posts"}],"about":[{"href":"https:\/\/www.visit-ulcinj.com\/blog\/wp-json\/wp\/v2\/types\/post"}],"author":[{"embeddable":true,"href":"https:\/\/www.visit-ulcinj.com\/blog\/wp-json\/wp\/v2\/users\/1"}],"replies":[{"embeddable":true,"href":"https:\/\/www.visit-ulcinj.com\/blog\/wp-json\/wp\/v2\/comments?post=24970"}],"version-history":[{"count":0,"href":"https:\/\/www.visit-ulcinj.com\/blog\/wp-json\/wp\/v2\/posts\/24970\/revisions"}],"wp:attachment":[{"href":"https:\/\/www.visit-ulcinj.com\/blog\/wp-json\/wp\/v2\/media?parent=24970"}],"wp:term":[{"taxonomy":"category","embeddable":true,"href":"https:\/\/www.visit-ulcinj.com\/blog\/wp-json\/wp\/v2\/categories?post=24970"},{"taxonomy":"post_tag","embeddable":true,"href":"https:\/\/www.visit-ulcinj.com\/blog\/wp-json\/wp\/v2\/tags?post=24970"}],"curies":[{"name":"wp","href":"https:\/\/api.w.org\/{rel}","templated":true}]}}