{"id":25,"date":"2008-01-03T11:47:12","date_gmt":"2008-01-03T16:47:12","guid":{"rendered":"http:\/\/www.visit-ulcinj.com\/blog\/2008\/01\/03\/hajdinagajpg-gezim-hajdinagaulqinulcinjulqinicrna-goramontenegromali-i-zi-gzim-hajdinaga\/"},"modified":"2008-02-28T05:09:18","modified_gmt":"2008-02-28T10:09:18","slug":"hajdinagajpg-gezim-hajdinagaulqinulcinjulqinicrna-goramontenegromali-i-zi-gzim-hajdinaga","status":"publish","type":"post","link":"https:\/\/www.visit-ulcinj.com\/blog\/2008\/01\/03\/hajdinagajpg-gezim-hajdinagaulqinulcinjulqinicrna-goramontenegromali-i-zi-gzim-hajdinaga\/","title":{"rendered":"Gradona?elnik Ulcinja Gzim Hajdinaga za Republiku o jednogodi\u0161njem mandatu"},"content":{"rendered":"<h6><\/h6>\n<p><strong>                             <\/strong><\/p>\n<p><img src=\"http:\/\/s271.photobucket.com\/albums\/jj129\/ulqin\/th_hajdinaga.jpg\" align=\"left\" hspace=\"2\" vspace=\"2\" \/><\/p>\n<p><strong>Gradimo evropski grad<\/strong><\/p>\n<p>Pro\u0161lo je ne\u0161to vi\u0161e od godine od kada ste na ?elu najju\u017enije crnogorske op\u0161tine. Kako ocijenjujete svoj anga\u017eman za to vrijeme?<br \/>\nKada sam stupio na funkciju predsjednika Op\u0161tine Ulcinj, na\u0161ao sam se, slobodno mogu re?i, u nezavidnoj situaciji.Ni jedan planski dokument nije postojao. Ni jedan dokument koji bi omogu?io legalnu gradnju,koji bi doprinio uve?anju bud\u017eeta Op\u0161tine, niti jedan dokument, kojim bi se mogli<!--more--> legalizovati bespravno sagra?eni objekti. Sada su planski dokumenti i generalni urbanisti?ki plan grada u izradi. O?ekujem da ?emo ve? na po?etku 2008. godine usvojiti generalni urbanisti?ki plan, potom se radi detaljni urbanisti?ki plan, te ?emo nastojati da legalizujemo \u0161to ve?i broj bespravno podignutih objekata.<br \/>\nZadovoljan sam onim \u0161to je u?injeno u ovih godinu, mada cijenim da ?e godi\u0161njica moga rada biti 10. aprila, kada sam formirao svoju ekipu i sekretarijate.<br \/>\nDivlja gradnja je akutni problem u svim crnogorskim op\u0161tinama. \u0160ta je konkretno ura?eno u borbi protiv nelegalne gradnje i ima li op\u0161tina snage, i prije svega volje, da se obra?una sa vi\u0161edecenijskim divljanjem u gra?evinarstvu i planiranju prostora?<br \/>\n&#8211; Nepostojanje urbanisti?kih planova, samo po sebi poziva na nelegalnu gradnju. Kao \u0161to imamo pravo na \u017eivot, tako imamo i pravo na gradnju \u017eivotnog prostora. A u Ulcinju ?e se nakon usvajanja planova po prvi put graditi legalno. Cijene?i da treba da o?uvamo okolinu i \u017eivotni prostor, suo?ili smo se s velikim problemom divlje gradnje, koji je prisutan u svim crnogorskim op\u0161tinama. Jo\u0161 6. aprila smo pozvali gra?ane da budu na\u0161i partneri u suzbijanju divlje gradnje, da prestanu nelegalno da grade, a mi ?emo za uzvrat maksimalno nastojati da legalizujemo \u0161to ve?i broj bespravno sagra?enih objekata. Pojedini su se oglu\u0161ili o na\u0161 poziv, te sam morao da pribjegnem nepopularnim mjerama &#8211; ru\u0161enju objekata. I sada koristim priliku i apelujem na gra?ane da budu na\u0161i partneri u veoma va\u017enom zadatku, a to je o?uvanje prirode i dragocjenog \u017eivotnog prostora.<br \/>\nImaju?i u vidu da velika investitorska imena najavljuju ?uda u Ulcinju &#8211; posebno na lokalitetu Velike pla\u017ee, Ade i Valdanosa, kada je izvjesno o?ekivati da ?uda po?nu da se de\u0161avaju?<br \/>\n&#8211; Upravo tako &#8211; svjetske kompanije su veoma zainteresovane za ulaganja u Ulcinj i obe?avaju ?uda. Ali, nijedno ?udo ne dolazi brzo. Ne?emo se stihijski razvijati, ve? lagano. O?uva?emo prostor maksimalno. Ada, Velika pla\u017ea i Valdanos su lokaliteti koji se nalaze na stolovima najmo?nijih svjetskih kompanija &#8211; Trigranita, ameri?kih i evropskih kompanija, zatim kompanija iz Arapskih Emirata. Kao predsjednik Op\u0161tine, po automatizmu sam ?lan komisije za sva tri tendera, koji ?e vrlo brzo biti raspisani. O?ekujem da ?e se na tender prijaviti najmo?nija svjetska imena. Nedavno sam se vratio iz Dubaia, a uskoro idem i u Abudabi. U Dubaiu su nas uvjeravali da mogu nevjerovatnom brzinom izgraditi vrhunske turisti?ke komplekse na Velikoj pla\u017ei. Posebno su fascinirani ljepotom Valdanosa. Svakako ?emo nastojati da ljepotu gradnje koju smo vidjeli tamo prenesemo i u Ulcinj. Nastoja?u, kao ?lan tenderske komisije, da isforsiram projekat poput onog koji je Trigranit u prvoj varijanti predlo\u017eio. Dakle, bez oblakodera na na\u0161im pla\u017eama, ve? objekti koji ?e se i geografski uklopiti u na\u0161e podneblje, ambijent, pa ?ak i mentalitet. Svakako, to bi se moglo nazvati odr\u017eivim razvojem, koji ima cilj da o?uva na\u0161u ljepotu i netaknutu, divlju prirodu. O?ekujem da ?e na\u0161i vitalni resursi, kojih nema nigdje na Mediteranu, biti valorizovani na pravi na?in, te da ?e Ulcinj ponovi biti broj jedan na turisti?koj ljestvici.<br \/>\nTokom predizborne kampanje i Vi i opozicija ste gra?anima obe?ali povratak maslinade u Valdanosu. Ho?ete li ispuniti to obe?anje?<br \/>\n&#8211; Ne znam \u0161ta je obe?ala opozicija, jer je i dalje opozicija, te ne mo\u017ee vratiti maslinadu. Znam \u0161to sam ja obe?ao i toga ?u se dr\u017eati. Vlasnici sada mogu da obilaze i odr\u017eavaju svoj posjed u Valdanosu. Svi koji rade paralelno na povra?aju imovine, rade na \u0161tetu vlasnika. Na taj na?in prikupljaju jeftine politi?ke poene, ali oni su kratkog dometa. Narod ?e procijeniti ko iskreno stoji iza projekta i ko ?e obe?anje odr\u017eati do kraja. I ovom prilikom pozivam sve da se pridru\u017ee legalnim institucijama &#8211; Op\u0161tini i meni kao gradona?elniku, kako bi zajedno ispunili obaveze prema na\u0161im gra?anima. Vrlo brzo ?u odr\u017eati sastanak s biv\u0161im vlasnicima, na kom ?u ih upoznati sa stavovima Vlade, i to je po meni, za po?etak odli?no rje\u0161enje. Biv\u0161i vlasnici i dalje imaju prava da sudskim putem zadovolje pravdu, a ja ?u ih u svemu podr\u017eati.<br \/>\nDosta buke je bilo i oko bud\u017eeta za predstoje?u godinu. Opozicija ih je ocijenila kao krajnje nerealne. Ima li osnova za to?<br \/>\n&#8211; \u017dao mi je \u0161to nekima ne odgovaraju na\u0161e planirane obaveze, ali se nadam da ?emo ih u dobroj saradnji &#8211; prije svega sa gra?anima, uspje\u0161no realizovati. ?injenica je da je prvi put nakon 20 godina bud\u017eet u ovoj godini bio vi\u0161i od planiranog, te da u istoj godini bude usvojen bud\u017eet za narednu godinu. Planirani i usvojeni bud\u017eet Op\u0161tine za 2008. godinu iznosi 11 miliona 36 hiljada eura, \u0161to je gotovo ?etiri puta vi\u0161e od zate?enog. Mo\u017eda djeluje dosta optimisti?no, ali siguran sam da ?emo ga realizovati, ba\u0161 kao ovaj u 2007. godini.<br \/>\nPrioriteti za 2008. godinu?<br \/>\n&#8211; Ima dosta projekata, izdvoji?u nekoliko &#8211; gradnja mosta na Port Mileni po?inje u maju, zatim otvaranje Limanskog puta koji ?e voditi ka budu?oj marini, po?etak radova ispod bedema Starog grada radi gradnje lu?ice Kaceme, kaldrmisanje centra grada. Zatim druga faza elektrifikacije bulevara Teuta, gradnja zajedni?ke deponije s op\u0161tinom Bar &#8211; radi se o regionalnom projektu koji finansira Svjetska banka&#8230;<br \/>\nKako vidite Ulcinj za 10 godina?<br \/>\n&#8211; Ba\u0161 onako kako sam govorio u predizbornoj kampanji &#8211; kao evropski, mediteranski grad, kome ?emo vratiti duh i svje\u017einu. Na pravi na?in ?emo valorizovati sve ono bogomdano, a da budem iskren do ju?e, svi mi, nijesmo mnogo doprinosili u tom pravcu. Naravno, sada su sve snage usmjerene k evropskom Ulcinju.<\/p>\n<h5>Gradona?elnik pod otvorenim nebom u 2008<\/h5>\n<p>Gdje ?ete do?ekati Novu 2008. godinu? &#8211; I ovu, ba\u0161 kao i pro\u0161lu Novu godinu, do?eka?u na otvorenom sa sugra?anima, prijateljima i gostima. Pod pokroviteljstvom Op\u0161tine Ulcinj na Maloj pla\u017ei 31. decembra pjeva?e Zanfina Ismajli, Bertan Aslani, Gilji, Edona Lalo\u0161i, \u0160pat Kasapi i Ksenija Paj?in. S obzirom da ?e nam pjevati dosta zvu?nih imena, imamo informacije da ?e do?i mnogo ljudi sa strane. Za do?ek Nove godine na Maloj pla\u017ei izdvojena su sredstva u iznosu od 35.000 eura. Vodilo se ra?una da op\u0161tinski bud\u017eet bude apsolutno po\u0161te?en, te veliki udio imaju sponzorstva. Prvi put grad je ukra\u0161en zaista svjetski. Koliko ste novca izdvojili za ukra\u0161avanje? &#8211; Bi?e izdvojeno od 28 do 30.000 eura. Op\u0161tinski bud\u017eet pri tom, nije optere?en, jer je grad ukra\u0161en kroz dva sponzorstva &#8211; Prve banke Crne Gore i T- coma.<\/p>\n<h5>Ne \u0161tedim sebe<\/h5>\n<p>Imate li \u017eelju da se ponovo kandidujete za gradona?elnika najju\u017enije crnogorske op\u0161tine? &#8211; Preda mnom su jo\u0161 ?etiri godine u prvom mandatu. Pomirio sam se s ?injenicom da ?e mi polovina mandata pro?i u stabilizaciji zate?ene situacije i kreiranju projekata. Zatim predstoji period kada ?u zajedno s gra?anima osjetiti i na terenu uo?iti, rezultate mog i rada mojih saradnika. Jedno je sigurno, a tako je bilo i na mojoj prethodnoj funkciji, imam veliku \u017eelju za radom, ne \u0161tedim sebe, optimista sam i uvijeren sam da ?emo uspjeti da realizujemo sve planirane projekte. Znam, da sada, najvi\u0161e trpi moja porodica, jer sam aktivan gotovo cijeli dan, ali kada rezultati postanu vidljivi, sve je mnogo lak\u0161e. ?eka?emo 2011. godinu i tada ?e nam sve biti jasno. O kandidaturi ne odlu?ujem samo ja, ve? i mnogo drugih faktora. <span lang=\"DE-CH\">Ali svakako, ako procijenim da i dalje treba da budem na usluzi gra?anima, spreman sam da se opet kandidujem.<o:p><\/o:p><\/span><\/p>\n<h5>Ni &#8220;du\u0161ebri\u017enici&#8221; ne mogu zamjeriti<\/h5>\n<p>Kako ocjenjujete ovogodi\u0161nju ljetnju turisti?ku sezonu? &#8211; Cifre pokazuju da je ovogodi\u0161nja sezona bila najuspje\u0161nija u posljednjih 20 godina. Moj tim i ja smo na vrijeme po?eli pripreme i preduzeli sve mjere kako bi uklonili \u0161to vi\u0161e nedostataka koje smo uo?ili tokom kratkog vremena od kako smo u op\u0161tinskoj vlasti. Ulcinj je bio prisutan na svim turisti?kim berzama &#8211; u Budvi, Kragujevcu, Sloveniji, Italiji, Berlinu, Be?u, na Kosovu. Zahvalio bih ovom prilikom na\u0161im partnerima koji su doprinjeli kvalitetnom turisti?kom marketingu i prezentaciji Ulcinja. Smatram da se kulminacija na\u0161e turisti?ke ponude dogodila u Pri\u0161tini, gdje i oni koji nam ne \u017eele ba\u0161 najbolje nijesu mogli re?i niti jednu ru\u017enu rije?. A za?udo, nijesu se oglasili ni sa jednom pozitivnom. Ve? sada formiramo tim predstavnika iz sfere turizma, koji ?e djelovati sa nama, kako bi \u0161to prije po?eli pripreme za narednu ljetnju sezonu. Ono \u0161to nedostaje Ulcinju je hotelski smje\u0161taj. Da li ima naznaka da ?e biti gra?eni novi sadr\u017eaji? &#8211; Ta?no je da nedostaje adekvatan hotelski smje\u0161taj. Razlog je \u0161to se u Ulcinj godinama nije ni\u0161ta ulagalo. Mnogi hoteli su privatizovani, ali jo\u0161 u njima nije ni\u0161ta ura?eno. O?ekujem da ?e ve? naredne godine hotelski kapaciteti biti na vi\u0161em nivou. Uskoro po?inje s radovima kompanija &#8221;Be?ovi?&#8221;, koja je privatizovala hotel &#8221;Mediteran&#8221;, zatim \u201eRok\u0161ped&#8221; u ?ijem je vlasni\u0161tvu hotel \u201eGaleb&#8221;. Vjerujem da ?e i u hotelima \u201eOtrant&#8221; i \u201eLido&#8221; na Velikoj pla\u017ei biti unaprije?ena ponuda. Za dvije do tri godine, Ulcinj ?e, siguran sam, mo?i da ponudi \u0161irok izbor, visok standard i odgovaraju?i kapacitet, kada je hotelski smje\u0161taj u pitanju. Nadam se da ?e se vratiti elitni turizam i stari gosti. O?ekujem, vrlo brzo, da kao nekada Ulcinj opet dobije primat najja?e turisti?ke destinacije u Crnoj Gori.<\/p>\n<p><strong><span lang=\"DE-CH\">Suzana Gani?<\/span><\/strong><span lang=\"DE-CH\"><o:p><\/o:p><\/span><strong><span lang=\"DE-CH\">www.<\/span><\/strong><span lang=\"DE-CH\"> <strong>republika.cg.yu\/<\/strong><o:p><\/o:p><\/span><\/p>\n","protected":false},"excerpt":{"rendered":"<p><img src=\"http:\/\/s271.photobucket.com\/albums\/jj129\/ulqin\/th_hajdinaga.jpg\" alt=\"Hajdinage\" witdh=\"140\" height=\"140\" \/><\/p>\n","protected":false},"author":1,"featured_media":0,"comment_status":"open","ping_status":"closed","sticky":false,"template":"","format":"standard","meta":{"spay_email":"","jetpack_publicize_message":"","jetpack_is_tweetstorm":false,"jetpack_publicize_feature_enabled":true},"categories":[5],"tags":[138,266,748,254,810,267,514,150,140,1343,803,362,270,1995,268,263,136,265,1918],"jetpack_publicize_connections":[],"yoast_head":"<!-- This site is optimized with the Yoast SEO plugin v19.1 - https:\/\/yoast.com\/wordpress\/plugins\/seo\/ -->\n<title>Gradona?elnik Ulcinja Gzim Hajdinaga za Republiku o jednogodi\u0161njem mandatu - Lajme nga Ulqini<\/title>\n<meta name=\"robots\" content=\"index, follow, max-snippet:-1, max-image-preview:large, max-video-preview:-1\" \/>\n<link rel=\"canonical\" href=\"https:\/\/www.visit-ulcinj.com\/blog\/2008\/01\/03\/hajdinagajpg-gezim-hajdinagaulqinulcinjulqinicrna-goramontenegromali-i-zi-gzim-hajdinaga\/\" \/>\n<meta property=\"og:locale\" content=\"en_US\" \/>\n<meta property=\"og:type\" content=\"article\" \/>\n<meta property=\"og:title\" content=\"Gradona?elnik Ulcinja Gzim Hajdinaga za Republiku o jednogodi\u0161njem mandatu - Lajme nga Ulqini\" \/>\n<meta property=\"og:url\" content=\"https:\/\/www.visit-ulcinj.com\/blog\/2008\/01\/03\/hajdinagajpg-gezim-hajdinagaulqinulcinjulqinicrna-goramontenegromali-i-zi-gzim-hajdinaga\/\" \/>\n<meta property=\"og:site_name\" content=\"Lajme nga Ulqini\" \/>\n<meta property=\"article:published_time\" content=\"2008-01-03T16:47:12+00:00\" \/>\n<meta property=\"article:modified_time\" content=\"2008-02-28T10:09:18+00:00\" \/>\n<meta property=\"og:image\" content=\"http:\/\/s271.photobucket.com\/albums\/jj129\/ulqin\/th_hajdinaga.jpg\" \/>\n<meta name=\"twitter:label1\" content=\"Written by\" \/>\n\t<meta name=\"twitter:data1\" content=\"ulqini\" \/>\n\t<meta name=\"twitter:label2\" content=\"Est. reading time\" \/>\n\t<meta name=\"twitter:data2\" content=\"9 minutes\" \/>\n<script type=\"application\/ld+json\" class=\"yoast-schema-graph\">{\"@context\":\"https:\/\/schema.org\",\"@graph\":[{\"@type\":\"WebSite\",\"@id\":\"https:\/\/www.visit-ulcinj.com\/blog\/#website\",\"url\":\"https:\/\/www.visit-ulcinj.com\/blog\/\",\"name\":\"Lajme nga Ulqini\",\"description\":\"Lajme,Vijesti,Ulqini,Ulqin,Crna Gora,Mali i Zi\",\"potentialAction\":[{\"@type\":\"SearchAction\",\"target\":{\"@type\":\"EntryPoint\",\"urlTemplate\":\"https:\/\/www.visit-ulcinj.com\/blog\/?s={search_term_string}\"},\"query-input\":\"required name=search_term_string\"}],\"inLanguage\":\"en-US\"},{\"@type\":\"ImageObject\",\"inLanguage\":\"en-US\",\"@id\":\"https:\/\/www.visit-ulcinj.com\/blog\/2008\/01\/03\/hajdinagajpg-gezim-hajdinagaulqinulcinjulqinicrna-goramontenegromali-i-zi-gzim-hajdinaga\/#primaryimage\",\"url\":\"http:\/\/s271.photobucket.com\/albums\/jj129\/ulqin\/th_hajdinaga.jpg\",\"contentUrl\":\"http:\/\/s271.photobucket.com\/albums\/jj129\/ulqin\/th_hajdinaga.jpg\"},{\"@type\":\"WebPage\",\"@id\":\"https:\/\/www.visit-ulcinj.com\/blog\/2008\/01\/03\/hajdinagajpg-gezim-hajdinagaulqinulcinjulqinicrna-goramontenegromali-i-zi-gzim-hajdinaga\/#webpage\",\"url\":\"https:\/\/www.visit-ulcinj.com\/blog\/2008\/01\/03\/hajdinagajpg-gezim-hajdinagaulqinulcinjulqinicrna-goramontenegromali-i-zi-gzim-hajdinaga\/\",\"name\":\"Gradona?elnik Ulcinja Gzim Hajdinaga za Republiku o jednogodi\u0161njem mandatu - Lajme nga Ulqini\",\"isPartOf\":{\"@id\":\"https:\/\/www.visit-ulcinj.com\/blog\/#website\"},\"primaryImageOfPage\":{\"@id\":\"https:\/\/www.visit-ulcinj.com\/blog\/2008\/01\/03\/hajdinagajpg-gezim-hajdinagaulqinulcinjulqinicrna-goramontenegromali-i-zi-gzim-hajdinaga\/#primaryimage\"},\"datePublished\":\"2008-01-03T16:47:12+00:00\",\"dateModified\":\"2008-02-28T10:09:18+00:00\",\"author\":{\"@id\":\"https:\/\/www.visit-ulcinj.com\/blog\/#\/schema\/person\/dcab619c614d3038751c63bc2aadc06d\"},\"breadcrumb\":{\"@id\":\"https:\/\/www.visit-ulcinj.com\/blog\/2008\/01\/03\/hajdinagajpg-gezim-hajdinagaulqinulcinjulqinicrna-goramontenegromali-i-zi-gzim-hajdinaga\/#breadcrumb\"},\"inLanguage\":\"en-US\",\"potentialAction\":[{\"@type\":\"ReadAction\",\"target\":[\"https:\/\/www.visit-ulcinj.com\/blog\/2008\/01\/03\/hajdinagajpg-gezim-hajdinagaulqinulcinjulqinicrna-goramontenegromali-i-zi-gzim-hajdinaga\/\"]}]},{\"@type\":\"BreadcrumbList\",\"@id\":\"https:\/\/www.visit-ulcinj.com\/blog\/2008\/01\/03\/hajdinagajpg-gezim-hajdinagaulqinulcinjulqinicrna-goramontenegromali-i-zi-gzim-hajdinaga\/#breadcrumb\",\"itemListElement\":[{\"@type\":\"ListItem\",\"position\":1,\"name\":\"Gradona?elnik Ulcinja Gzim Hajdinaga za Republiku o jednogodi\u0161njem mandatu\"}]},{\"@type\":\"Person\",\"@id\":\"https:\/\/www.visit-ulcinj.com\/blog\/#\/schema\/person\/dcab619c614d3038751c63bc2aadc06d\",\"name\":\"ulqini\",\"sameAs\":[\"http:\/\/www.visit-ulcinj.com\"],\"url\":\"https:\/\/www.visit-ulcinj.com\/blog\/author\/admin\/\"}]}<\/script>\n<!-- \/ Yoast SEO plugin. -->","yoast_head_json":{"title":"Gradona?elnik Ulcinja Gzim Hajdinaga za Republiku o jednogodi\u0161njem mandatu - Lajme nga Ulqini","robots":{"index":"index","follow":"follow","max-snippet":"max-snippet:-1","max-image-preview":"max-image-preview:large","max-video-preview":"max-video-preview:-1"},"canonical":"https:\/\/www.visit-ulcinj.com\/blog\/2008\/01\/03\/hajdinagajpg-gezim-hajdinagaulqinulcinjulqinicrna-goramontenegromali-i-zi-gzim-hajdinaga\/","og_locale":"en_US","og_type":"article","og_title":"Gradona?elnik Ulcinja Gzim Hajdinaga za Republiku o jednogodi\u0161njem mandatu - Lajme nga Ulqini","og_url":"https:\/\/www.visit-ulcinj.com\/blog\/2008\/01\/03\/hajdinagajpg-gezim-hajdinagaulqinulcinjulqinicrna-goramontenegromali-i-zi-gzim-hajdinaga\/","og_site_name":"Lajme nga Ulqini","article_published_time":"2008-01-03T16:47:12+00:00","article_modified_time":"2008-02-28T10:09:18+00:00","og_image":[{"url":"http:\/\/s271.photobucket.com\/albums\/jj129\/ulqin\/th_hajdinaga.jpg"}],"twitter_misc":{"Written by":"ulqini","Est. reading time":"9 minutes"},"schema":{"@context":"https:\/\/schema.org","@graph":[{"@type":"WebSite","@id":"https:\/\/www.visit-ulcinj.com\/blog\/#website","url":"https:\/\/www.visit-ulcinj.com\/blog\/","name":"Lajme nga Ulqini","description":"Lajme,Vijesti,Ulqini,Ulqin,Crna Gora,Mali i Zi","potentialAction":[{"@type":"SearchAction","target":{"@type":"EntryPoint","urlTemplate":"https:\/\/www.visit-ulcinj.com\/blog\/?s={search_term_string}"},"query-input":"required name=search_term_string"}],"inLanguage":"en-US"},{"@type":"ImageObject","inLanguage":"en-US","@id":"https:\/\/www.visit-ulcinj.com\/blog\/2008\/01\/03\/hajdinagajpg-gezim-hajdinagaulqinulcinjulqinicrna-goramontenegromali-i-zi-gzim-hajdinaga\/#primaryimage","url":"http:\/\/s271.photobucket.com\/albums\/jj129\/ulqin\/th_hajdinaga.jpg","contentUrl":"http:\/\/s271.photobucket.com\/albums\/jj129\/ulqin\/th_hajdinaga.jpg"},{"@type":"WebPage","@id":"https:\/\/www.visit-ulcinj.com\/blog\/2008\/01\/03\/hajdinagajpg-gezim-hajdinagaulqinulcinjulqinicrna-goramontenegromali-i-zi-gzim-hajdinaga\/#webpage","url":"https:\/\/www.visit-ulcinj.com\/blog\/2008\/01\/03\/hajdinagajpg-gezim-hajdinagaulqinulcinjulqinicrna-goramontenegromali-i-zi-gzim-hajdinaga\/","name":"Gradona?elnik Ulcinja Gzim Hajdinaga za Republiku o jednogodi\u0161njem mandatu - Lajme nga Ulqini","isPartOf":{"@id":"https:\/\/www.visit-ulcinj.com\/blog\/#website"},"primaryImageOfPage":{"@id":"https:\/\/www.visit-ulcinj.com\/blog\/2008\/01\/03\/hajdinagajpg-gezim-hajdinagaulqinulcinjulqinicrna-goramontenegromali-i-zi-gzim-hajdinaga\/#primaryimage"},"datePublished":"2008-01-03T16:47:12+00:00","dateModified":"2008-02-28T10:09:18+00:00","author":{"@id":"https:\/\/www.visit-ulcinj.com\/blog\/#\/schema\/person\/dcab619c614d3038751c63bc2aadc06d"},"breadcrumb":{"@id":"https:\/\/www.visit-ulcinj.com\/blog\/2008\/01\/03\/hajdinagajpg-gezim-hajdinagaulqinulcinjulqinicrna-goramontenegromali-i-zi-gzim-hajdinaga\/#breadcrumb"},"inLanguage":"en-US","potentialAction":[{"@type":"ReadAction","target":["https:\/\/www.visit-ulcinj.com\/blog\/2008\/01\/03\/hajdinagajpg-gezim-hajdinagaulqinulcinjulqinicrna-goramontenegromali-i-zi-gzim-hajdinaga\/"]}]},{"@type":"BreadcrumbList","@id":"https:\/\/www.visit-ulcinj.com\/blog\/2008\/01\/03\/hajdinagajpg-gezim-hajdinagaulqinulcinjulqinicrna-goramontenegromali-i-zi-gzim-hajdinaga\/#breadcrumb","itemListElement":[{"@type":"ListItem","position":1,"name":"Gradona?elnik Ulcinja Gzim Hajdinaga za Republiku o jednogodi\u0161njem mandatu"}]},{"@type":"Person","@id":"https:\/\/www.visit-ulcinj.com\/blog\/#\/schema\/person\/dcab619c614d3038751c63bc2aadc06d","name":"ulqini","sameAs":["http:\/\/www.visit-ulcinj.com"],"url":"https:\/\/www.visit-ulcinj.com\/blog\/author\/admin\/"}]}},"jetpack_featured_media_url":"","jetpack_sharing_enabled":true,"jetpack_shortlink":"https:\/\/wp.me\/pe6lTn-p","_links":{"self":[{"href":"https:\/\/www.visit-ulcinj.com\/blog\/wp-json\/wp\/v2\/posts\/25"}],"collection":[{"href":"https:\/\/www.visit-ulcinj.com\/blog\/wp-json\/wp\/v2\/posts"}],"about":[{"href":"https:\/\/www.visit-ulcinj.com\/blog\/wp-json\/wp\/v2\/types\/post"}],"author":[{"embeddable":true,"href":"https:\/\/www.visit-ulcinj.com\/blog\/wp-json\/wp\/v2\/users\/1"}],"replies":[{"embeddable":true,"href":"https:\/\/www.visit-ulcinj.com\/blog\/wp-json\/wp\/v2\/comments?post=25"}],"version-history":[{"count":0,"href":"https:\/\/www.visit-ulcinj.com\/blog\/wp-json\/wp\/v2\/posts\/25\/revisions"}],"wp:attachment":[{"href":"https:\/\/www.visit-ulcinj.com\/blog\/wp-json\/wp\/v2\/media?parent=25"}],"wp:term":[{"taxonomy":"category","embeddable":true,"href":"https:\/\/www.visit-ulcinj.com\/blog\/wp-json\/wp\/v2\/categories?post=25"},{"taxonomy":"post_tag","embeddable":true,"href":"https:\/\/www.visit-ulcinj.com\/blog\/wp-json\/wp\/v2\/tags?post=25"}],"curies":[{"name":"wp","href":"https:\/\/api.w.org\/{rel}","templated":true}]}}