{"id":25008,"date":"2009-08-28T09:49:08","date_gmt":"2009-08-28T07:49:08","guid":{"rendered":"http:\/\/www.visit-ulcinj.com\/blog\/?p=25008"},"modified":"2009-08-28T09:49:08","modified_gmt":"2009-08-28T07:49:08","slug":"zarade-vise-od-prosjecne-dnevnice","status":"publish","type":"post","link":"https:\/\/www.visit-ulcinj.com\/blog\/2009\/08\/28\/zarade-vise-od-prosjecne-dnevnice\/","title":{"rendered":"Zarade vi\u0161e od prosje?ne dnevnice"},"content":{"rendered":"<p><a href=\"http:\/\/www.visit-ulcinj.com\/blog\/wp-content\/uploads\/2009\/08\/prosjak.jpg\"><img loading=\"lazy\" class=\"alignleft size-full wp-image-25009\" title=\"prosjak\" src=\"http:\/\/www.visit-ulcinj.com\/blog\/wp-content\/uploads\/2009\/08\/prosjak.jpg\" alt=\"prosjak\" width=\"580\" height=\"300\" \/><\/a>Crnogorski primorski gradovi ovog ljeta nisu omiljena destinacija samo turistima. Sve je vi\u0161e i prosjaka. Vjerovatno zbog dobre zarade.<br \/>\nGotovo da ne mo\u017eete pro?i centrom grada ili nekom prometnijom ulicom, a da ne nai?ete na nekoga ko prosi.<br \/>\nU Ulcinju je taj problem najizra\u017eeniji. Toliko su se odoma?ili da su i krov nad glavom na\u0161li u dvori\u0161tu zgrada. I dok neki od njih zarade par eura na dan, drugi imaju ve?u dnevnicu od prosje?ne u dr\u017eavi.<br \/>\nU policiji navode da je na podru?ju Ulcinja registrovano sedam porodica koje se bave prosja?enjem. Tri su iz Podgorice, sa Vrela Ribni?kih, a ?etiri iz kampa &#8220;Talum&#8221; kod Berana. Rije? je o raseljenim licima sa Kosova i Romima.<br \/>\n&#8220;Zajedno sa Centrom za socijalni rad, koji nema adekvatne prostorije za njihov prihvat, ta lica dovodimo na razgovor. Evidentiramo ih. Uvijek znamo podatke gdje ih mo\u017eemo prona?i, upravo u cilju na\u0161eg efikasnijeg djelovanja, odnosno, da ih vratimo u mjesto gdje su oni smje\u0161teni, gdje imaju prebivali\u0161te&#8221;, kazao je Radmilo Smolovi?, rukovodilac ekspoziture policije Ulcinj.<br \/>\nI u Nacionalnoj turisti?koj organizaciji NTO smatraju da je problem prosja?enja evidentan.<br \/>\n&#8220;To jeste na\u0161 problem i tu treba na?i pravu mjeru nadle\u017enosti socijalnih ustanova, policije i nadle\u017enih inspekcija u gradu. To jeste pojava koja treba da se suzbije, naravno na najhumaniji mogu?i na?in. \u0160teti turisti?kom ugledu Crne Gore koliko i svim ostalim turisti?kim destinacijama, jer je taj problem \u0161iroko rasprostranjen svugdje u svijetu&#8221;, saop\u0161tio je direktor NTO Sa\u0161a Radovi?.<br \/>\nOko 80 osoba je do sada vra?eno u svoja mjesta prebivali\u0161ta, ka\u017eu u policiji. Ipak, nekima od njih to nije zasmetalo da ponovo do?u u Ulcinj ili neki drugi primorski grad.<\/p>\n<p><a href=\"http:\/\/www.cafemontenegro.com\/index.php?group=43&amp;news=85840\" target=\"_blank\"><strong>Izvor \/ CDM<\/strong><\/a><\/p>\n<!--YouTube Error: bad URL entered-->\n","protected":false},"excerpt":{"rendered":"<p>Crnogorski primorski gradovi ovog ljeta nisu omiljena destinacija samo turistima. Sve je vi\u0161e i prosjaka. Vjerovatno zbog dobre zarade. Gotovo da ne mo\u017eete pro?i centrom grada ili nekom prometnijom ulicom, a da ne nai?ete na nekoga ko prosi. U Ulcinju je taj problem najizra\u017eeniji. Toliko su se odoma?ili da su i krov nad glavom na\u0161li [&hellip;]<\/p>\n","protected":false},"author":1,"featured_media":0,"comment_status":"open","ping_status":"closed","sticky":false,"template":"","format":"standard","meta":{"spay_email":"","jetpack_publicize_message":"","jetpack_is_tweetstorm":false,"jetpack_publicize_feature_enabled":true},"categories":[7],"tags":[12299,12300,12301],"jetpack_publicize_connections":[],"yoast_head":"<!-- This site is optimized with the Yoast SEO plugin v19.1 - https:\/\/yoast.com\/wordpress\/plugins\/seo\/ -->\n<title>Zarade vi\u0161e od prosje?ne dnevnice - Lajme nga Ulqini<\/title>\n<meta name=\"description\" content=\"Crnogorski primorski gradovi ovog ljeta nisu omiljena destinacija samo turistima. Sve je vi\u0161e i prosjaka. Vjerovatno zbog dobre zarade. Gotovo da ne\" \/>\n<meta name=\"robots\" content=\"index, follow, max-snippet:-1, max-image-preview:large, max-video-preview:-1\" \/>\n<link rel=\"canonical\" href=\"https:\/\/www.visit-ulcinj.com\/blog\/2009\/08\/28\/zarade-vise-od-prosjecne-dnevnice\/\" \/>\n<meta property=\"og:locale\" content=\"en_US\" \/>\n<meta property=\"og:type\" content=\"article\" \/>\n<meta property=\"og:title\" content=\"Zarade vi\u0161e od prosje?ne dnevnice - Lajme nga Ulqini\" \/>\n<meta property=\"og:description\" content=\"Crnogorski primorski gradovi ovog ljeta nisu omiljena destinacija samo turistima. Sve je vi\u0161e i prosjaka. Vjerovatno zbog dobre zarade. Gotovo da ne\" \/>\n<meta property=\"og:url\" content=\"https:\/\/www.visit-ulcinj.com\/blog\/2009\/08\/28\/zarade-vise-od-prosjecne-dnevnice\/\" \/>\n<meta property=\"og:site_name\" content=\"Lajme nga Ulqini\" \/>\n<meta property=\"article:published_time\" content=\"2009-08-28T07:49:08+00:00\" \/>\n<meta property=\"og:image\" content=\"http:\/\/www.visit-ulcinj.com\/blog\/wp-content\/uploads\/2009\/08\/prosjak.jpg\" \/>\n<meta name=\"twitter:label1\" content=\"Written by\" \/>\n\t<meta name=\"twitter:data1\" content=\"ulqini\" \/>\n\t<meta name=\"twitter:label2\" content=\"Est. reading time\" \/>\n\t<meta name=\"twitter:data2\" content=\"2 minutes\" \/>\n<script type=\"application\/ld+json\" class=\"yoast-schema-graph\">{\"@context\":\"https:\/\/schema.org\",\"@graph\":[{\"@type\":\"WebSite\",\"@id\":\"https:\/\/www.visit-ulcinj.com\/blog\/#website\",\"url\":\"https:\/\/www.visit-ulcinj.com\/blog\/\",\"name\":\"Lajme nga Ulqini\",\"description\":\"Lajme,Vijesti,Ulqini,Ulqin,Crna Gora,Mali i Zi\",\"potentialAction\":[{\"@type\":\"SearchAction\",\"target\":{\"@type\":\"EntryPoint\",\"urlTemplate\":\"https:\/\/www.visit-ulcinj.com\/blog\/?s={search_term_string}\"},\"query-input\":\"required name=search_term_string\"}],\"inLanguage\":\"en-US\"},{\"@type\":\"ImageObject\",\"inLanguage\":\"en-US\",\"@id\":\"https:\/\/www.visit-ulcinj.com\/blog\/2009\/08\/28\/zarade-vise-od-prosjecne-dnevnice\/#primaryimage\",\"url\":\"http:\/\/www.visit-ulcinj.com\/blog\/wp-content\/uploads\/2009\/08\/prosjak.jpg\",\"contentUrl\":\"http:\/\/www.visit-ulcinj.com\/blog\/wp-content\/uploads\/2009\/08\/prosjak.jpg\"},{\"@type\":\"WebPage\",\"@id\":\"https:\/\/www.visit-ulcinj.com\/blog\/2009\/08\/28\/zarade-vise-od-prosjecne-dnevnice\/#webpage\",\"url\":\"https:\/\/www.visit-ulcinj.com\/blog\/2009\/08\/28\/zarade-vise-od-prosjecne-dnevnice\/\",\"name\":\"Zarade vi\u0161e od prosje?ne dnevnice - Lajme nga Ulqini\",\"isPartOf\":{\"@id\":\"https:\/\/www.visit-ulcinj.com\/blog\/#website\"},\"primaryImageOfPage\":{\"@id\":\"https:\/\/www.visit-ulcinj.com\/blog\/2009\/08\/28\/zarade-vise-od-prosjecne-dnevnice\/#primaryimage\"},\"datePublished\":\"2009-08-28T07:49:08+00:00\",\"dateModified\":\"2009-08-28T07:49:08+00:00\",\"author\":{\"@id\":\"https:\/\/www.visit-ulcinj.com\/blog\/#\/schema\/person\/dcab619c614d3038751c63bc2aadc06d\"},\"description\":\"Crnogorski primorski gradovi ovog ljeta nisu omiljena destinacija samo turistima. Sve je vi\u0161e i prosjaka. Vjerovatno zbog dobre zarade. Gotovo da ne\",\"breadcrumb\":{\"@id\":\"https:\/\/www.visit-ulcinj.com\/blog\/2009\/08\/28\/zarade-vise-od-prosjecne-dnevnice\/#breadcrumb\"},\"inLanguage\":\"en-US\",\"potentialAction\":[{\"@type\":\"ReadAction\",\"target\":[\"https:\/\/www.visit-ulcinj.com\/blog\/2009\/08\/28\/zarade-vise-od-prosjecne-dnevnice\/\"]}]},{\"@type\":\"BreadcrumbList\",\"@id\":\"https:\/\/www.visit-ulcinj.com\/blog\/2009\/08\/28\/zarade-vise-od-prosjecne-dnevnice\/#breadcrumb\",\"itemListElement\":[{\"@type\":\"ListItem\",\"position\":1,\"name\":\"Zarade vi\u0161e od prosje?ne dnevnice\"}]},{\"@type\":\"Person\",\"@id\":\"https:\/\/www.visit-ulcinj.com\/blog\/#\/schema\/person\/dcab619c614d3038751c63bc2aadc06d\",\"name\":\"ulqini\",\"sameAs\":[\"http:\/\/www.visit-ulcinj.com\"],\"url\":\"https:\/\/www.visit-ulcinj.com\/blog\/author\/admin\/\"}]}<\/script>\n<!-- \/ Yoast SEO plugin. -->","yoast_head_json":{"title":"Zarade vi\u0161e od prosje?ne dnevnice - Lajme nga Ulqini","description":"Crnogorski primorski gradovi ovog ljeta nisu omiljena destinacija samo turistima. Sve je vi\u0161e i prosjaka. Vjerovatno zbog dobre zarade. Gotovo da ne","robots":{"index":"index","follow":"follow","max-snippet":"max-snippet:-1","max-image-preview":"max-image-preview:large","max-video-preview":"max-video-preview:-1"},"canonical":"https:\/\/www.visit-ulcinj.com\/blog\/2009\/08\/28\/zarade-vise-od-prosjecne-dnevnice\/","og_locale":"en_US","og_type":"article","og_title":"Zarade vi\u0161e od prosje?ne dnevnice - Lajme nga Ulqini","og_description":"Crnogorski primorski gradovi ovog ljeta nisu omiljena destinacija samo turistima. Sve je vi\u0161e i prosjaka. Vjerovatno zbog dobre zarade. Gotovo da ne","og_url":"https:\/\/www.visit-ulcinj.com\/blog\/2009\/08\/28\/zarade-vise-od-prosjecne-dnevnice\/","og_site_name":"Lajme nga Ulqini","article_published_time":"2009-08-28T07:49:08+00:00","og_image":[{"url":"http:\/\/www.visit-ulcinj.com\/blog\/wp-content\/uploads\/2009\/08\/prosjak.jpg"}],"twitter_misc":{"Written by":"ulqini","Est. reading time":"2 minutes"},"schema":{"@context":"https:\/\/schema.org","@graph":[{"@type":"WebSite","@id":"https:\/\/www.visit-ulcinj.com\/blog\/#website","url":"https:\/\/www.visit-ulcinj.com\/blog\/","name":"Lajme nga Ulqini","description":"Lajme,Vijesti,Ulqini,Ulqin,Crna Gora,Mali i Zi","potentialAction":[{"@type":"SearchAction","target":{"@type":"EntryPoint","urlTemplate":"https:\/\/www.visit-ulcinj.com\/blog\/?s={search_term_string}"},"query-input":"required name=search_term_string"}],"inLanguage":"en-US"},{"@type":"ImageObject","inLanguage":"en-US","@id":"https:\/\/www.visit-ulcinj.com\/blog\/2009\/08\/28\/zarade-vise-od-prosjecne-dnevnice\/#primaryimage","url":"http:\/\/www.visit-ulcinj.com\/blog\/wp-content\/uploads\/2009\/08\/prosjak.jpg","contentUrl":"http:\/\/www.visit-ulcinj.com\/blog\/wp-content\/uploads\/2009\/08\/prosjak.jpg"},{"@type":"WebPage","@id":"https:\/\/www.visit-ulcinj.com\/blog\/2009\/08\/28\/zarade-vise-od-prosjecne-dnevnice\/#webpage","url":"https:\/\/www.visit-ulcinj.com\/blog\/2009\/08\/28\/zarade-vise-od-prosjecne-dnevnice\/","name":"Zarade vi\u0161e od prosje?ne dnevnice - Lajme nga Ulqini","isPartOf":{"@id":"https:\/\/www.visit-ulcinj.com\/blog\/#website"},"primaryImageOfPage":{"@id":"https:\/\/www.visit-ulcinj.com\/blog\/2009\/08\/28\/zarade-vise-od-prosjecne-dnevnice\/#primaryimage"},"datePublished":"2009-08-28T07:49:08+00:00","dateModified":"2009-08-28T07:49:08+00:00","author":{"@id":"https:\/\/www.visit-ulcinj.com\/blog\/#\/schema\/person\/dcab619c614d3038751c63bc2aadc06d"},"description":"Crnogorski primorski gradovi ovog ljeta nisu omiljena destinacija samo turistima. Sve je vi\u0161e i prosjaka. Vjerovatno zbog dobre zarade. Gotovo da ne","breadcrumb":{"@id":"https:\/\/www.visit-ulcinj.com\/blog\/2009\/08\/28\/zarade-vise-od-prosjecne-dnevnice\/#breadcrumb"},"inLanguage":"en-US","potentialAction":[{"@type":"ReadAction","target":["https:\/\/www.visit-ulcinj.com\/blog\/2009\/08\/28\/zarade-vise-od-prosjecne-dnevnice\/"]}]},{"@type":"BreadcrumbList","@id":"https:\/\/www.visit-ulcinj.com\/blog\/2009\/08\/28\/zarade-vise-od-prosjecne-dnevnice\/#breadcrumb","itemListElement":[{"@type":"ListItem","position":1,"name":"Zarade vi\u0161e od prosje?ne dnevnice"}]},{"@type":"Person","@id":"https:\/\/www.visit-ulcinj.com\/blog\/#\/schema\/person\/dcab619c614d3038751c63bc2aadc06d","name":"ulqini","sameAs":["http:\/\/www.visit-ulcinj.com"],"url":"https:\/\/www.visit-ulcinj.com\/blog\/author\/admin\/"}]}},"jetpack_featured_media_url":"","jetpack_sharing_enabled":true,"jetpack_shortlink":"https:\/\/wp.me\/pe6lTn-6vm","_links":{"self":[{"href":"https:\/\/www.visit-ulcinj.com\/blog\/wp-json\/wp\/v2\/posts\/25008"}],"collection":[{"href":"https:\/\/www.visit-ulcinj.com\/blog\/wp-json\/wp\/v2\/posts"}],"about":[{"href":"https:\/\/www.visit-ulcinj.com\/blog\/wp-json\/wp\/v2\/types\/post"}],"author":[{"embeddable":true,"href":"https:\/\/www.visit-ulcinj.com\/blog\/wp-json\/wp\/v2\/users\/1"}],"replies":[{"embeddable":true,"href":"https:\/\/www.visit-ulcinj.com\/blog\/wp-json\/wp\/v2\/comments?post=25008"}],"version-history":[{"count":0,"href":"https:\/\/www.visit-ulcinj.com\/blog\/wp-json\/wp\/v2\/posts\/25008\/revisions"}],"wp:attachment":[{"href":"https:\/\/www.visit-ulcinj.com\/blog\/wp-json\/wp\/v2\/media?parent=25008"}],"wp:term":[{"taxonomy":"category","embeddable":true,"href":"https:\/\/www.visit-ulcinj.com\/blog\/wp-json\/wp\/v2\/categories?post=25008"},{"taxonomy":"post_tag","embeddable":true,"href":"https:\/\/www.visit-ulcinj.com\/blog\/wp-json\/wp\/v2\/tags?post=25008"}],"curies":[{"name":"wp","href":"https:\/\/api.w.org\/{rel}","templated":true}]}}