{"id":25012,"date":"2009-08-28T09:58:54","date_gmt":"2009-08-28T07:58:54","guid":{"rendered":"http:\/\/www.visit-ulcinj.com\/blog\/?p=25012"},"modified":"2009-08-28T09:59:41","modified_gmt":"2009-08-28T07:59:41","slug":"promovohet-dokumentari-per-ndre-mjeden-ne-tuz","status":"publish","type":"post","link":"https:\/\/www.visit-ulcinj.com\/blog\/2009\/08\/28\/promovohet-dokumentari-per-ndre-mjeden-ne-tuz\/","title":{"rendered":"Promovohet dokumentari p\u00ebr Ndre Mjed\u00ebn n\u00eb Tuz"},"content":{"rendered":"<p><a href=\"http:\/\/www.visit-ulcinj.com\/blog\/wp-content\/uploads\/2009\/08\/Ndre-Mjeda.jpg\"><img loading=\"lazy\" class=\"alignleft size-full wp-image-25013\" title=\"Ndre Mjeda\" src=\"http:\/\/www.visit-ulcinj.com\/blog\/wp-content\/uploads\/2009\/08\/Ndre-Mjeda.jpg\" alt=\"Ndre Mjeda\" width=\"322\" height=\"202\" srcset=\"https:\/\/www.visit-ulcinj.com\/blog\/wp-content\/uploads\/2009\/08\/Ndre-Mjeda.jpg 460w, https:\/\/www.visit-ulcinj.com\/blog\/wp-content\/uploads\/2009\/08\/Ndre-Mjeda-300x188.jpg 300w\" sizes=\"(max-width: 322px) 100vw, 322px\" \/><\/a>N\u00eb nj\u00eb nga qendrat e shqiptar\u00ebve n\u00eb Mal te Zi, n\u00eb qytez\u00ebn e Tuzit, u promovua dokumentari &#8220;Andrra e Jetes&#8221; kushtuar poetit te njohur Ndre Mjeda. Producent i dokumentarit eshte Dom Nike Ukgjini, autor i 6 dokumentareve kushtuar figurave te shquara te kultures kombetare shqiptare, ndersa skenarist eshte studiuesi i Mjedes, Mentor Quku. Pjesemarresit ne kete promovim vleresuan nevojen e nje percjellje me te organizuar te vlerave kulturore kombetare, edhe ne trevat ku jetojne shqiptaret.<\/p>\n<p><strong>P\u00ebllumb Sulo<br \/>\nVOA<\/strong><\/p>\n<p><strong><!--YouTube Error: bad URL entered--><br \/>\n<\/strong><\/p>\n","protected":false},"excerpt":{"rendered":"<p>N\u00eb nj\u00eb nga qendrat e shqiptar\u00ebve n\u00eb Mal te Zi, n\u00eb qytez\u00ebn e Tuzit, u promovua dokumentari &#8220;Andrra e Jetes&#8221; kushtuar poetit te njohur Ndre Mjeda. Producent i dokumentarit eshte Dom Nike Ukgjini, autor i 6 dokumentareve kushtuar figurave te shquara te kultures kombetare shqiptare, ndersa skenarist eshte studiuesi i Mjedes, Mentor Quku. Pjesemarresit ne [&hellip;]<\/p>\n","protected":false},"author":1,"featured_media":0,"comment_status":"open","ping_status":"closed","sticky":false,"template":"","format":"standard","meta":{"spay_email":"","jetpack_publicize_message":"","jetpack_is_tweetstorm":false,"jetpack_publicize_feature_enabled":true},"categories":[14],"tags":[12302],"jetpack_publicize_connections":[],"yoast_head":"<!-- This site is optimized with the Yoast SEO plugin v19.1 - https:\/\/yoast.com\/wordpress\/plugins\/seo\/ -->\n<title>Promovohet dokumentari p\u00ebr Ndre Mjed\u00ebn n\u00eb Tuz - Lajme nga Ulqini<\/title>\n<meta name=\"description\" content=\"N\u00eb nj\u00eb nga qendrat e shqiptar\u00ebve n\u00eb Mal te Zi, n\u00eb qytez\u00ebn e Tuzit, u promovua dokumentari &quot;Andrra e Jetes&quot; kushtuar poetit te njohur Ndre Mjeda. Producent\" \/>\n<meta name=\"robots\" content=\"index, follow, max-snippet:-1, max-image-preview:large, max-video-preview:-1\" \/>\n<link rel=\"canonical\" href=\"https:\/\/www.visit-ulcinj.com\/blog\/2009\/08\/28\/promovohet-dokumentari-per-ndre-mjeden-ne-tuz\/\" \/>\n<meta property=\"og:locale\" content=\"en_US\" \/>\n<meta property=\"og:type\" content=\"article\" \/>\n<meta property=\"og:title\" content=\"Promovohet dokumentari p\u00ebr Ndre Mjed\u00ebn n\u00eb Tuz - Lajme nga Ulqini\" \/>\n<meta property=\"og:description\" content=\"N\u00eb nj\u00eb nga qendrat e shqiptar\u00ebve n\u00eb Mal te Zi, n\u00eb qytez\u00ebn e Tuzit, u promovua dokumentari &quot;Andrra e Jetes&quot; kushtuar poetit te njohur Ndre Mjeda. Producent\" \/>\n<meta property=\"og:url\" content=\"https:\/\/www.visit-ulcinj.com\/blog\/2009\/08\/28\/promovohet-dokumentari-per-ndre-mjeden-ne-tuz\/\" \/>\n<meta property=\"og:site_name\" content=\"Lajme nga Ulqini\" \/>\n<meta property=\"article:published_time\" content=\"2009-08-28T07:58:54+00:00\" \/>\n<meta property=\"article:modified_time\" content=\"2009-08-28T07:59:41+00:00\" \/>\n<meta property=\"og:image\" content=\"http:\/\/www.visit-ulcinj.com\/blog\/wp-content\/uploads\/2009\/08\/Ndre-Mjeda.jpg\" \/>\n<meta name=\"twitter:label1\" content=\"Written by\" \/>\n\t<meta name=\"twitter:data1\" content=\"ulqini\" \/>\n<script type=\"application\/ld+json\" class=\"yoast-schema-graph\">{\"@context\":\"https:\/\/schema.org\",\"@graph\":[{\"@type\":\"WebSite\",\"@id\":\"https:\/\/www.visit-ulcinj.com\/blog\/#website\",\"url\":\"https:\/\/www.visit-ulcinj.com\/blog\/\",\"name\":\"Lajme nga Ulqini\",\"description\":\"Lajme,Vijesti,Ulqini,Ulqin,Crna Gora,Mali i Zi\",\"potentialAction\":[{\"@type\":\"SearchAction\",\"target\":{\"@type\":\"EntryPoint\",\"urlTemplate\":\"https:\/\/www.visit-ulcinj.com\/blog\/?s={search_term_string}\"},\"query-input\":\"required name=search_term_string\"}],\"inLanguage\":\"en-US\"},{\"@type\":\"ImageObject\",\"inLanguage\":\"en-US\",\"@id\":\"https:\/\/www.visit-ulcinj.com\/blog\/2009\/08\/28\/promovohet-dokumentari-per-ndre-mjeden-ne-tuz\/#primaryimage\",\"url\":\"https:\/\/www.visit-ulcinj.com\/blog\/wp-content\/uploads\/2009\/08\/Ndre-Mjeda.jpg\",\"contentUrl\":\"https:\/\/www.visit-ulcinj.com\/blog\/wp-content\/uploads\/2009\/08\/Ndre-Mjeda.jpg\",\"width\":\"460\",\"height\":\"289\"},{\"@type\":\"WebPage\",\"@id\":\"https:\/\/www.visit-ulcinj.com\/blog\/2009\/08\/28\/promovohet-dokumentari-per-ndre-mjeden-ne-tuz\/#webpage\",\"url\":\"https:\/\/www.visit-ulcinj.com\/blog\/2009\/08\/28\/promovohet-dokumentari-per-ndre-mjeden-ne-tuz\/\",\"name\":\"Promovohet dokumentari p\u00ebr Ndre Mjed\u00ebn n\u00eb Tuz - Lajme nga Ulqini\",\"isPartOf\":{\"@id\":\"https:\/\/www.visit-ulcinj.com\/blog\/#website\"},\"primaryImageOfPage\":{\"@id\":\"https:\/\/www.visit-ulcinj.com\/blog\/2009\/08\/28\/promovohet-dokumentari-per-ndre-mjeden-ne-tuz\/#primaryimage\"},\"datePublished\":\"2009-08-28T07:58:54+00:00\",\"dateModified\":\"2009-08-28T07:59:41+00:00\",\"author\":{\"@id\":\"https:\/\/www.visit-ulcinj.com\/blog\/#\/schema\/person\/dcab619c614d3038751c63bc2aadc06d\"},\"description\":\"N\u00eb nj\u00eb nga qendrat e shqiptar\u00ebve n\u00eb Mal te Zi, n\u00eb qytez\u00ebn e Tuzit, u promovua dokumentari \\\"Andrra e Jetes\\\" kushtuar poetit te njohur Ndre Mjeda. Producent\",\"breadcrumb\":{\"@id\":\"https:\/\/www.visit-ulcinj.com\/blog\/2009\/08\/28\/promovohet-dokumentari-per-ndre-mjeden-ne-tuz\/#breadcrumb\"},\"inLanguage\":\"en-US\",\"potentialAction\":[{\"@type\":\"ReadAction\",\"target\":[\"https:\/\/www.visit-ulcinj.com\/blog\/2009\/08\/28\/promovohet-dokumentari-per-ndre-mjeden-ne-tuz\/\"]}]},{\"@type\":\"BreadcrumbList\",\"@id\":\"https:\/\/www.visit-ulcinj.com\/blog\/2009\/08\/28\/promovohet-dokumentari-per-ndre-mjeden-ne-tuz\/#breadcrumb\",\"itemListElement\":[{\"@type\":\"ListItem\",\"position\":1,\"name\":\"Promovohet dokumentari p\u00ebr Ndre Mjed\u00ebn n\u00eb Tuz\"}]},{\"@type\":\"Person\",\"@id\":\"https:\/\/www.visit-ulcinj.com\/blog\/#\/schema\/person\/dcab619c614d3038751c63bc2aadc06d\",\"name\":\"ulqini\",\"sameAs\":[\"http:\/\/www.visit-ulcinj.com\"],\"url\":\"https:\/\/www.visit-ulcinj.com\/blog\/author\/admin\/\"}]}<\/script>\n<!-- \/ Yoast SEO plugin. -->","yoast_head_json":{"title":"Promovohet dokumentari p\u00ebr Ndre Mjed\u00ebn n\u00eb Tuz - Lajme nga Ulqini","description":"N\u00eb nj\u00eb nga qendrat e shqiptar\u00ebve n\u00eb Mal te Zi, n\u00eb qytez\u00ebn e Tuzit, u promovua dokumentari \"Andrra e Jetes\" kushtuar poetit te njohur Ndre Mjeda. Producent","robots":{"index":"index","follow":"follow","max-snippet":"max-snippet:-1","max-image-preview":"max-image-preview:large","max-video-preview":"max-video-preview:-1"},"canonical":"https:\/\/www.visit-ulcinj.com\/blog\/2009\/08\/28\/promovohet-dokumentari-per-ndre-mjeden-ne-tuz\/","og_locale":"en_US","og_type":"article","og_title":"Promovohet dokumentari p\u00ebr Ndre Mjed\u00ebn n\u00eb Tuz - Lajme nga Ulqini","og_description":"N\u00eb nj\u00eb nga qendrat e shqiptar\u00ebve n\u00eb Mal te Zi, n\u00eb qytez\u00ebn e Tuzit, u promovua dokumentari \"Andrra e Jetes\" kushtuar poetit te njohur Ndre Mjeda. Producent","og_url":"https:\/\/www.visit-ulcinj.com\/blog\/2009\/08\/28\/promovohet-dokumentari-per-ndre-mjeden-ne-tuz\/","og_site_name":"Lajme nga Ulqini","article_published_time":"2009-08-28T07:58:54+00:00","article_modified_time":"2009-08-28T07:59:41+00:00","og_image":[{"url":"http:\/\/www.visit-ulcinj.com\/blog\/wp-content\/uploads\/2009\/08\/Ndre-Mjeda.jpg"}],"twitter_misc":{"Written by":"ulqini"},"schema":{"@context":"https:\/\/schema.org","@graph":[{"@type":"WebSite","@id":"https:\/\/www.visit-ulcinj.com\/blog\/#website","url":"https:\/\/www.visit-ulcinj.com\/blog\/","name":"Lajme nga Ulqini","description":"Lajme,Vijesti,Ulqini,Ulqin,Crna Gora,Mali i Zi","potentialAction":[{"@type":"SearchAction","target":{"@type":"EntryPoint","urlTemplate":"https:\/\/www.visit-ulcinj.com\/blog\/?s={search_term_string}"},"query-input":"required name=search_term_string"}],"inLanguage":"en-US"},{"@type":"ImageObject","inLanguage":"en-US","@id":"https:\/\/www.visit-ulcinj.com\/blog\/2009\/08\/28\/promovohet-dokumentari-per-ndre-mjeden-ne-tuz\/#primaryimage","url":"https:\/\/www.visit-ulcinj.com\/blog\/wp-content\/uploads\/2009\/08\/Ndre-Mjeda.jpg","contentUrl":"https:\/\/www.visit-ulcinj.com\/blog\/wp-content\/uploads\/2009\/08\/Ndre-Mjeda.jpg","width":"460","height":"289"},{"@type":"WebPage","@id":"https:\/\/www.visit-ulcinj.com\/blog\/2009\/08\/28\/promovohet-dokumentari-per-ndre-mjeden-ne-tuz\/#webpage","url":"https:\/\/www.visit-ulcinj.com\/blog\/2009\/08\/28\/promovohet-dokumentari-per-ndre-mjeden-ne-tuz\/","name":"Promovohet dokumentari p\u00ebr Ndre Mjed\u00ebn n\u00eb Tuz - Lajme nga Ulqini","isPartOf":{"@id":"https:\/\/www.visit-ulcinj.com\/blog\/#website"},"primaryImageOfPage":{"@id":"https:\/\/www.visit-ulcinj.com\/blog\/2009\/08\/28\/promovohet-dokumentari-per-ndre-mjeden-ne-tuz\/#primaryimage"},"datePublished":"2009-08-28T07:58:54+00:00","dateModified":"2009-08-28T07:59:41+00:00","author":{"@id":"https:\/\/www.visit-ulcinj.com\/blog\/#\/schema\/person\/dcab619c614d3038751c63bc2aadc06d"},"description":"N\u00eb nj\u00eb nga qendrat e shqiptar\u00ebve n\u00eb Mal te Zi, n\u00eb qytez\u00ebn e Tuzit, u promovua dokumentari \"Andrra e Jetes\" kushtuar poetit te njohur Ndre Mjeda. Producent","breadcrumb":{"@id":"https:\/\/www.visit-ulcinj.com\/blog\/2009\/08\/28\/promovohet-dokumentari-per-ndre-mjeden-ne-tuz\/#breadcrumb"},"inLanguage":"en-US","potentialAction":[{"@type":"ReadAction","target":["https:\/\/www.visit-ulcinj.com\/blog\/2009\/08\/28\/promovohet-dokumentari-per-ndre-mjeden-ne-tuz\/"]}]},{"@type":"BreadcrumbList","@id":"https:\/\/www.visit-ulcinj.com\/blog\/2009\/08\/28\/promovohet-dokumentari-per-ndre-mjeden-ne-tuz\/#breadcrumb","itemListElement":[{"@type":"ListItem","position":1,"name":"Promovohet dokumentari p\u00ebr Ndre Mjed\u00ebn n\u00eb Tuz"}]},{"@type":"Person","@id":"https:\/\/www.visit-ulcinj.com\/blog\/#\/schema\/person\/dcab619c614d3038751c63bc2aadc06d","name":"ulqini","sameAs":["http:\/\/www.visit-ulcinj.com"],"url":"https:\/\/www.visit-ulcinj.com\/blog\/author\/admin\/"}]}},"jetpack_featured_media_url":"","jetpack_sharing_enabled":true,"jetpack_shortlink":"https:\/\/wp.me\/pe6lTn-6vq","_links":{"self":[{"href":"https:\/\/www.visit-ulcinj.com\/blog\/wp-json\/wp\/v2\/posts\/25012"}],"collection":[{"href":"https:\/\/www.visit-ulcinj.com\/blog\/wp-json\/wp\/v2\/posts"}],"about":[{"href":"https:\/\/www.visit-ulcinj.com\/blog\/wp-json\/wp\/v2\/types\/post"}],"author":[{"embeddable":true,"href":"https:\/\/www.visit-ulcinj.com\/blog\/wp-json\/wp\/v2\/users\/1"}],"replies":[{"embeddable":true,"href":"https:\/\/www.visit-ulcinj.com\/blog\/wp-json\/wp\/v2\/comments?post=25012"}],"version-history":[{"count":0,"href":"https:\/\/www.visit-ulcinj.com\/blog\/wp-json\/wp\/v2\/posts\/25012\/revisions"}],"wp:attachment":[{"href":"https:\/\/www.visit-ulcinj.com\/blog\/wp-json\/wp\/v2\/media?parent=25012"}],"wp:term":[{"taxonomy":"category","embeddable":true,"href":"https:\/\/www.visit-ulcinj.com\/blog\/wp-json\/wp\/v2\/categories?post=25012"},{"taxonomy":"post_tag","embeddable":true,"href":"https:\/\/www.visit-ulcinj.com\/blog\/wp-json\/wp\/v2\/tags?post=25012"}],"curies":[{"name":"wp","href":"https:\/\/api.w.org\/{rel}","templated":true}]}}