{"id":25017,"date":"2009-08-28T10:52:23","date_gmt":"2009-08-28T08:52:23","guid":{"rendered":"http:\/\/www.visit-ulcinj.com\/blog\/?p=25017"},"modified":"2009-08-28T10:52:23","modified_gmt":"2009-08-28T08:52:23","slug":"shqiptaret-e-malit-te-zi-thirrje-tiranes-duam-ndihme","status":"publish","type":"post","link":"https:\/\/www.visit-ulcinj.com\/blog\/2009\/08\/28\/shqiptaret-e-malit-te-zi-thirrje-tiranes-duam-ndihme\/","title":{"rendered":"Shqiptar\u00ebt e Malit t\u00eb Zi, thirrje Tiran\u00ebs: Duam ndihm\u00eb!"},"content":{"rendered":"<p><a href=\"http:\/\/www.visit-ulcinj.com\/blog\/wp-content\/uploads\/2009\/08\/shqiptaret-ne-mal-te-zi.jpg\"><img loading=\"lazy\" class=\"alignleft size-full wp-image-25018\" title=\"shqiptaret-ne-mal-te-zi\" src=\"http:\/\/www.visit-ulcinj.com\/blog\/wp-content\/uploads\/2009\/08\/shqiptaret-ne-mal-te-zi.jpg\" alt=\"shqiptaret-ne-mal-te-zi\" width=\"580\" height=\"400\" \/><\/a>Shqiptar\u00ebt e Tuzit n\u00eb Mal t\u00eb Zi k\u00ebrkojn\u00eb shpalljen e Tuzit komun\u00eb m\u00eb vete, p\u00ebr t\u00eb mos qen\u00eb m\u00eb n\u00ebn var\u00ebsin\u00eb e Podgoric\u00ebs, p\u00ebr t\u00eb mbrojtur autoritetin e shqiptar\u00ebve n\u00eb k\u00ebt\u00eb vend. P\u00ebr k\u00ebt\u00eb ata u kan\u00eb b\u00ebr\u00eb thirrje qeveritar\u00ebve n\u00eb Tiran\u00eb, duke k\u00ebrkuar mb\u00ebshtetjen e tyre. \u201cTirana zyrtare duhet t\u00eb jet\u00eb m\u00eb e v\u00ebmendshme ndaj \u00e7\u00ebshtjes shqiptare\u201d, tha kreu i komun\u00ebs s\u00eb Tuzit n\u00eb Malin e zi, Smajl \u00c7unmulaj.<br \/>\nDeklarata e tij vjen menj\u00ebher\u00eb pas projekt-ligjit t\u00eb miratuar nga qeveria malazeze, i cili i heq t\u00eb drejt\u00ebn Komun\u00ebs s\u00eb Tuzit q\u00eb t\u00eb jet\u00eb nj\u00eb komun\u00eb m\u00eb vete, duke e l\u00ebn\u00eb at\u00eb si lagje t\u00eb Podgoric\u00ebs, kryeqytetit malazez, duke b\u00ebr\u00eb ndarje t\u00eb fshatrave shqiptare dhe duke i z\u00ebvend\u00ebsuar toponimet shqiptare me sllave. \u00c7unmulaj ka k\u00ebrkuar q\u00eb Tirana t\u00eb kthej\u00eb syt\u00eb edhe nga shqiptar\u00ebt e Malit t\u00eb Zi.<br \/>\n\u201cTashm\u00eb v\u00ebmendja e qeveris\u00eb s\u00eb Tiran\u00ebs duhet t\u00eb kthehet edhe nga shqiptar\u00ebt e Malit te zi, e kryesisht ato t\u00eb Tuzit, t\u00eb cil\u00ebt shohin nj\u00eb rreze shprese p\u00ebr zgjidhjen e problemit t\u00eb tyre gjysm\u00eb shekullor, tek diplomacia shqiptare e udh\u00ebhequr nga Tirana zyrtare pasi, as shkresat, letrat apo protestat e banor\u00ebve t\u00eb Tuzit, nuk kan\u00eb dh\u00ebn\u00eb efektin e duhur q\u00eb qeveria malazeze t\u00eb njoh\u00eb m\u00ebvet\u00ebsin\u00eb e Komun\u00ebs autonome t\u00eb Tuzit\u201d, theksoi \u00c7unmulaj.<br \/>\nDuke kujtuar Kosov\u00ebn, e cila e arriti pavar\u00ebsin\u00eb e saj pas shum\u00eb mundimesh, Cunmulaj tha se shqiptar\u00ebt e Malit te Zi dhe Maqedonis\u00eb kan\u00eb nevoj\u00eb p\u00ebr mb\u00ebshtetjen e qeveris\u00eb shqiptare tashm\u00eb pjes\u00eb e Aleanc\u00ebs s\u00eb Madhe t\u00eb NATO-s.<br \/>\n\u00c7\u00ebshtja e shqiptar\u00ebve t\u00eb Tuzit n\u00eb Malin e Zi njihet n\u00eb hap\u00ebsir\u00ebn mbar\u00ebkomb\u00ebtare.<br \/>\nArrestimi i 11 shqiptar\u00ebve nga policia malazeze p\u00ebr akte terroriste shkaktoi jo pak probleme dhe protesta nga shqiptar\u00ebt e Malit t\u00eb Zi p\u00ebr t\u00eb drejtat e tyre. 11 personat u burgos\u00ebn n\u00eb fillim t\u00eb shtatorit 2006, pas nj\u00eb operacioni t\u00eb forcave speciale t\u00eb Podgoric\u00ebs, q\u00eb u cil\u00ebsua si shum\u00eb i dhunsh\u00ebm nga banor\u00ebt e zon\u00ebs t\u00eb Tuzit, t\u00eb cil\u00ebt publikisht akuzuan policin\u00eb e asaj kohe p\u00ebr dhun\u00eb ndaj familjeve.<br \/>\nReagimi i fundit i politik\u00ebs shqiptare t\u00eb Tuzit ka ardhur pasi qeveria malazeze ka hartuar projektligjin e ri p\u00ebr ndarjen e re territoriale t\u00eb nj\u00ebsive administrative t\u00eb saj. N\u00eb k\u00ebt\u00eb projektligj nuk \u00ebsht\u00eb parashikuar dh\u00ebnia e statusit Komun\u00eb p\u00ebr Tuzin, duke e l\u00ebn\u00eb k\u00ebshtu n\u00eb statusin e m\u00ebparsh\u00ebm si komune urbane e varur nga Podgorica.<br \/>\nCunmulaj, p\u00ebrmes nj\u00eb deklarate p\u00ebr shtyp, e ka denoncuar k\u00ebt\u00eb vendim t\u00eb qeverise malazeze si dhe projektligjin q\u00eb nuk parashikon p\u00ebr Tuzin statusin komune me t\u00eb drejta t\u00eb plota. Nd\u00ebrkoh\u00eb q\u00eb statusin si komun\u00eb m\u00eb vete, Tuzi e g\u00ebzonte deri ne vitin 1957.<br \/>\nTuzi aktualisht ka 12 mij\u00eb banor\u00eb me shumic\u00eb d\u00ebrrmuese t\u00eb popullsis\u00eb shqiptare dhe prej koh\u00ebsh drejtuesit politik\u00eb t\u00eb k\u00ebsaj komune k\u00ebrkojn\u00eb dh\u00ebnien e statusit t\u00eb komun\u00ebs s\u00eb pavarur. Fshatrat e k\u00ebsaj komune, ku pjesa m\u00eb e madhe banohet nga shqiptar\u00eb, n\u00eb baz\u00eb t\u00eb k\u00ebtij projektligji t\u00eb ri rrezikojn\u00eb t\u2019i hiqen k\u00ebsaj komune, dhe p\u00ebr Cunmulajn kjo \u00ebsht\u00eb nj\u00eb prapasken\u00eb e politik\u00ebs sllave p\u00ebr t\u00eb zbehur influenc\u00ebn e shqiptar\u00ebve n\u00eb k\u00ebt\u00eb zon\u00eb.<br \/>\n\u00c7unmulaj nuk ka harruar t\u00eb p\u00ebrmend\u00eb edhe problemin e toponimeve t\u00eb disa fshatrave, ku parashikohet em\u00ebrtimi i tyre me emra serbe. Kreu i komun\u00ebs ka k\u00ebrkuar mb\u00ebshtetjen e Shqip\u00ebris\u00eb n\u00eb k\u00ebt\u00eb k\u00ebrkes\u00eb t\u00eb shqiptar\u00ebve t\u00eb Tuzit, p\u00ebr statusin e komun\u00ebs s\u00eb pavarur nga Podgorica si dhe mbrojtjen e territorit t\u00eb k\u00ebsaj nj\u00ebsie administrative.<br \/>\nAi ka deklaruar se n\u00eb mbrojtje t\u00eb interesave t\u00eb shqiptar\u00ebve, n\u00eb k\u00ebt\u00eb zon\u00eb do t\u00eb organizohen edhe protesta dhe do t\u00eb ndiqen t\u00eb gjitha rrug\u00ebt paq\u00ebsore dhe demokratike. Mali i Zi ka p\u00ebrcaktuar si komuna dhe zona q\u00eb kan\u00eb shum\u00eb m\u00eb pak num\u00ebr popullsie se Tuzi, ku num\u00ebrohen rreth 21 komuna t\u00eb tilla. Ndaj politikan\u00eb shqiptar\u00eb n\u00eb Mal t\u00eb Zi e quajn\u00eb plot\u00ebsisht politik veprimin e qeveris\u00eb s\u00eb Malit t\u00eb Zi, t\u00eb cil\u00ebt tentojn\u00eb t\u00eb zvog\u00eblojn\u00eb influenc\u00ebn shqiptare n\u00eb Mal t\u00eb Zi.<\/p>\n<p><strong>Ridvan Dibra<br \/>\nGazeta Panorama<\/strong><\/p>\n<!--YouTube Error: bad URL entered-->\n","protected":false},"excerpt":{"rendered":"<p>Shqiptar\u00ebt e Tuzit n\u00eb Mal t\u00eb Zi k\u00ebrkojn\u00eb shpalljen e Tuzit komun\u00eb m\u00eb vete, p\u00ebr t\u00eb mos qen\u00eb m\u00eb n\u00ebn var\u00ebsin\u00eb e Podgoric\u00ebs, p\u00ebr t\u00eb mbrojtur autoritetin e shqiptar\u00ebve n\u00eb k\u00ebt\u00eb vend. P\u00ebr k\u00ebt\u00eb ata u kan\u00eb b\u00ebr\u00eb thirrje qeveritar\u00ebve n\u00eb Tiran\u00eb, duke k\u00ebrkuar mb\u00ebshtetjen e tyre. \u201cTirana zyrtare duhet t\u00eb jet\u00eb m\u00eb e v\u00ebmendshme [&hellip;]<\/p>\n","protected":false},"author":1,"featured_media":0,"comment_status":"open","ping_status":"closed","sticky":false,"template":"","format":"standard","meta":{"spay_email":"","jetpack_publicize_message":"","jetpack_is_tweetstorm":false,"jetpack_publicize_feature_enabled":true},"categories":[14],"tags":[40,753,3583,200],"jetpack_publicize_connections":[],"yoast_head":"<!-- This site is optimized with the Yoast SEO plugin v19.1 - https:\/\/yoast.com\/wordpress\/plugins\/seo\/ -->\n<title>Shqiptar\u00ebt e Malit t\u00eb Zi, thirrje Tiran\u00ebs: Duam ndihm\u00eb! - Lajme nga Ulqini<\/title>\n<meta name=\"description\" content=\"Shqiptar\u00ebt e Tuzit n\u00eb Mal t\u00eb Zi k\u00ebrkojn\u00eb shpalljen e Tuzit komun\u00eb m\u00eb vete, p\u00ebr t\u00eb mos qen\u00eb m\u00eb n\u00ebn var\u00ebsin\u00eb e Podgoric\u00ebs, p\u00ebr t\u00eb mbrojtur autoritetin e\" \/>\n<meta name=\"robots\" content=\"index, follow, max-snippet:-1, max-image-preview:large, max-video-preview:-1\" \/>\n<link rel=\"canonical\" href=\"https:\/\/www.visit-ulcinj.com\/blog\/2009\/08\/28\/shqiptaret-e-malit-te-zi-thirrje-tiranes-duam-ndihme\/\" \/>\n<meta property=\"og:locale\" content=\"en_US\" \/>\n<meta property=\"og:type\" content=\"article\" \/>\n<meta property=\"og:title\" content=\"Shqiptar\u00ebt e Malit t\u00eb Zi, thirrje Tiran\u00ebs: Duam ndihm\u00eb! - Lajme nga Ulqini\" \/>\n<meta property=\"og:description\" content=\"Shqiptar\u00ebt e Tuzit n\u00eb Mal t\u00eb Zi k\u00ebrkojn\u00eb shpalljen e Tuzit komun\u00eb m\u00eb vete, p\u00ebr t\u00eb mos qen\u00eb m\u00eb n\u00ebn var\u00ebsin\u00eb e Podgoric\u00ebs, p\u00ebr t\u00eb mbrojtur autoritetin e\" \/>\n<meta property=\"og:url\" content=\"https:\/\/www.visit-ulcinj.com\/blog\/2009\/08\/28\/shqiptaret-e-malit-te-zi-thirrje-tiranes-duam-ndihme\/\" \/>\n<meta property=\"og:site_name\" content=\"Lajme nga Ulqini\" \/>\n<meta property=\"article:published_time\" content=\"2009-08-28T08:52:23+00:00\" \/>\n<meta property=\"og:image\" content=\"http:\/\/www.visit-ulcinj.com\/blog\/wp-content\/uploads\/2009\/08\/shqiptaret-ne-mal-te-zi.jpg\" \/>\n<meta name=\"twitter:label1\" content=\"Written by\" \/>\n\t<meta name=\"twitter:data1\" content=\"ulqini\" \/>\n\t<meta name=\"twitter:label2\" content=\"Est. reading time\" \/>\n\t<meta name=\"twitter:data2\" content=\"4 minutes\" \/>\n<script type=\"application\/ld+json\" class=\"yoast-schema-graph\">{\"@context\":\"https:\/\/schema.org\",\"@graph\":[{\"@type\":\"WebSite\",\"@id\":\"https:\/\/www.visit-ulcinj.com\/blog\/#website\",\"url\":\"https:\/\/www.visit-ulcinj.com\/blog\/\",\"name\":\"Lajme nga Ulqini\",\"description\":\"Lajme,Vijesti,Ulqini,Ulqin,Crna Gora,Mali i Zi\",\"potentialAction\":[{\"@type\":\"SearchAction\",\"target\":{\"@type\":\"EntryPoint\",\"urlTemplate\":\"https:\/\/www.visit-ulcinj.com\/blog\/?s={search_term_string}\"},\"query-input\":\"required name=search_term_string\"}],\"inLanguage\":\"en-US\"},{\"@type\":\"ImageObject\",\"inLanguage\":\"en-US\",\"@id\":\"https:\/\/www.visit-ulcinj.com\/blog\/2009\/08\/28\/shqiptaret-e-malit-te-zi-thirrje-tiranes-duam-ndihme\/#primaryimage\",\"url\":\"https:\/\/www.visit-ulcinj.com\/blog\/wp-content\/uploads\/2009\/08\/shqiptaret-ne-mal-te-zi.jpg\",\"contentUrl\":\"https:\/\/www.visit-ulcinj.com\/blog\/wp-content\/uploads\/2009\/08\/shqiptaret-ne-mal-te-zi.jpg\",\"width\":\"500\",\"height\":\"336\"},{\"@type\":\"WebPage\",\"@id\":\"https:\/\/www.visit-ulcinj.com\/blog\/2009\/08\/28\/shqiptaret-e-malit-te-zi-thirrje-tiranes-duam-ndihme\/#webpage\",\"url\":\"https:\/\/www.visit-ulcinj.com\/blog\/2009\/08\/28\/shqiptaret-e-malit-te-zi-thirrje-tiranes-duam-ndihme\/\",\"name\":\"Shqiptar\u00ebt e Malit t\u00eb Zi, thirrje Tiran\u00ebs: Duam ndihm\u00eb! - Lajme nga Ulqini\",\"isPartOf\":{\"@id\":\"https:\/\/www.visit-ulcinj.com\/blog\/#website\"},\"primaryImageOfPage\":{\"@id\":\"https:\/\/www.visit-ulcinj.com\/blog\/2009\/08\/28\/shqiptaret-e-malit-te-zi-thirrje-tiranes-duam-ndihme\/#primaryimage\"},\"datePublished\":\"2009-08-28T08:52:23+00:00\",\"dateModified\":\"2009-08-28T08:52:23+00:00\",\"author\":{\"@id\":\"https:\/\/www.visit-ulcinj.com\/blog\/#\/schema\/person\/dcab619c614d3038751c63bc2aadc06d\"},\"description\":\"Shqiptar\u00ebt e Tuzit n\u00eb Mal t\u00eb Zi k\u00ebrkojn\u00eb shpalljen e Tuzit komun\u00eb m\u00eb vete, p\u00ebr t\u00eb mos qen\u00eb m\u00eb n\u00ebn var\u00ebsin\u00eb e Podgoric\u00ebs, p\u00ebr t\u00eb mbrojtur autoritetin e\",\"breadcrumb\":{\"@id\":\"https:\/\/www.visit-ulcinj.com\/blog\/2009\/08\/28\/shqiptaret-e-malit-te-zi-thirrje-tiranes-duam-ndihme\/#breadcrumb\"},\"inLanguage\":\"en-US\",\"potentialAction\":[{\"@type\":\"ReadAction\",\"target\":[\"https:\/\/www.visit-ulcinj.com\/blog\/2009\/08\/28\/shqiptaret-e-malit-te-zi-thirrje-tiranes-duam-ndihme\/\"]}]},{\"@type\":\"BreadcrumbList\",\"@id\":\"https:\/\/www.visit-ulcinj.com\/blog\/2009\/08\/28\/shqiptaret-e-malit-te-zi-thirrje-tiranes-duam-ndihme\/#breadcrumb\",\"itemListElement\":[{\"@type\":\"ListItem\",\"position\":1,\"name\":\"Shqiptar\u00ebt e Malit t\u00eb Zi, thirrje Tiran\u00ebs: Duam ndihm\u00eb!\"}]},{\"@type\":\"Person\",\"@id\":\"https:\/\/www.visit-ulcinj.com\/blog\/#\/schema\/person\/dcab619c614d3038751c63bc2aadc06d\",\"name\":\"ulqini\",\"sameAs\":[\"http:\/\/www.visit-ulcinj.com\"],\"url\":\"https:\/\/www.visit-ulcinj.com\/blog\/author\/admin\/\"}]}<\/script>\n<!-- \/ Yoast SEO plugin. -->","yoast_head_json":{"title":"Shqiptar\u00ebt e Malit t\u00eb Zi, thirrje Tiran\u00ebs: Duam ndihm\u00eb! - Lajme nga Ulqini","description":"Shqiptar\u00ebt e Tuzit n\u00eb Mal t\u00eb Zi k\u00ebrkojn\u00eb shpalljen e Tuzit komun\u00eb m\u00eb vete, p\u00ebr t\u00eb mos qen\u00eb m\u00eb n\u00ebn var\u00ebsin\u00eb e Podgoric\u00ebs, p\u00ebr t\u00eb mbrojtur autoritetin e","robots":{"index":"index","follow":"follow","max-snippet":"max-snippet:-1","max-image-preview":"max-image-preview:large","max-video-preview":"max-video-preview:-1"},"canonical":"https:\/\/www.visit-ulcinj.com\/blog\/2009\/08\/28\/shqiptaret-e-malit-te-zi-thirrje-tiranes-duam-ndihme\/","og_locale":"en_US","og_type":"article","og_title":"Shqiptar\u00ebt e Malit t\u00eb Zi, thirrje Tiran\u00ebs: Duam ndihm\u00eb! - Lajme nga Ulqini","og_description":"Shqiptar\u00ebt e Tuzit n\u00eb Mal t\u00eb Zi k\u00ebrkojn\u00eb shpalljen e Tuzit komun\u00eb m\u00eb vete, p\u00ebr t\u00eb mos qen\u00eb m\u00eb n\u00ebn var\u00ebsin\u00eb e Podgoric\u00ebs, p\u00ebr t\u00eb mbrojtur autoritetin e","og_url":"https:\/\/www.visit-ulcinj.com\/blog\/2009\/08\/28\/shqiptaret-e-malit-te-zi-thirrje-tiranes-duam-ndihme\/","og_site_name":"Lajme nga Ulqini","article_published_time":"2009-08-28T08:52:23+00:00","og_image":[{"url":"http:\/\/www.visit-ulcinj.com\/blog\/wp-content\/uploads\/2009\/08\/shqiptaret-ne-mal-te-zi.jpg"}],"twitter_misc":{"Written by":"ulqini","Est. reading time":"4 minutes"},"schema":{"@context":"https:\/\/schema.org","@graph":[{"@type":"WebSite","@id":"https:\/\/www.visit-ulcinj.com\/blog\/#website","url":"https:\/\/www.visit-ulcinj.com\/blog\/","name":"Lajme nga Ulqini","description":"Lajme,Vijesti,Ulqini,Ulqin,Crna Gora,Mali i Zi","potentialAction":[{"@type":"SearchAction","target":{"@type":"EntryPoint","urlTemplate":"https:\/\/www.visit-ulcinj.com\/blog\/?s={search_term_string}"},"query-input":"required name=search_term_string"}],"inLanguage":"en-US"},{"@type":"ImageObject","inLanguage":"en-US","@id":"https:\/\/www.visit-ulcinj.com\/blog\/2009\/08\/28\/shqiptaret-e-malit-te-zi-thirrje-tiranes-duam-ndihme\/#primaryimage","url":"https:\/\/www.visit-ulcinj.com\/blog\/wp-content\/uploads\/2009\/08\/shqiptaret-ne-mal-te-zi.jpg","contentUrl":"https:\/\/www.visit-ulcinj.com\/blog\/wp-content\/uploads\/2009\/08\/shqiptaret-ne-mal-te-zi.jpg","width":"500","height":"336"},{"@type":"WebPage","@id":"https:\/\/www.visit-ulcinj.com\/blog\/2009\/08\/28\/shqiptaret-e-malit-te-zi-thirrje-tiranes-duam-ndihme\/#webpage","url":"https:\/\/www.visit-ulcinj.com\/blog\/2009\/08\/28\/shqiptaret-e-malit-te-zi-thirrje-tiranes-duam-ndihme\/","name":"Shqiptar\u00ebt e Malit t\u00eb Zi, thirrje Tiran\u00ebs: Duam ndihm\u00eb! - Lajme nga Ulqini","isPartOf":{"@id":"https:\/\/www.visit-ulcinj.com\/blog\/#website"},"primaryImageOfPage":{"@id":"https:\/\/www.visit-ulcinj.com\/blog\/2009\/08\/28\/shqiptaret-e-malit-te-zi-thirrje-tiranes-duam-ndihme\/#primaryimage"},"datePublished":"2009-08-28T08:52:23+00:00","dateModified":"2009-08-28T08:52:23+00:00","author":{"@id":"https:\/\/www.visit-ulcinj.com\/blog\/#\/schema\/person\/dcab619c614d3038751c63bc2aadc06d"},"description":"Shqiptar\u00ebt e Tuzit n\u00eb Mal t\u00eb Zi k\u00ebrkojn\u00eb shpalljen e Tuzit komun\u00eb m\u00eb vete, p\u00ebr t\u00eb mos qen\u00eb m\u00eb n\u00ebn var\u00ebsin\u00eb e Podgoric\u00ebs, p\u00ebr t\u00eb mbrojtur autoritetin e","breadcrumb":{"@id":"https:\/\/www.visit-ulcinj.com\/blog\/2009\/08\/28\/shqiptaret-e-malit-te-zi-thirrje-tiranes-duam-ndihme\/#breadcrumb"},"inLanguage":"en-US","potentialAction":[{"@type":"ReadAction","target":["https:\/\/www.visit-ulcinj.com\/blog\/2009\/08\/28\/shqiptaret-e-malit-te-zi-thirrje-tiranes-duam-ndihme\/"]}]},{"@type":"BreadcrumbList","@id":"https:\/\/www.visit-ulcinj.com\/blog\/2009\/08\/28\/shqiptaret-e-malit-te-zi-thirrje-tiranes-duam-ndihme\/#breadcrumb","itemListElement":[{"@type":"ListItem","position":1,"name":"Shqiptar\u00ebt e Malit t\u00eb Zi, thirrje Tiran\u00ebs: Duam ndihm\u00eb!"}]},{"@type":"Person","@id":"https:\/\/www.visit-ulcinj.com\/blog\/#\/schema\/person\/dcab619c614d3038751c63bc2aadc06d","name":"ulqini","sameAs":["http:\/\/www.visit-ulcinj.com"],"url":"https:\/\/www.visit-ulcinj.com\/blog\/author\/admin\/"}]}},"jetpack_featured_media_url":"","jetpack_sharing_enabled":true,"jetpack_shortlink":"https:\/\/wp.me\/pe6lTn-6vv","_links":{"self":[{"href":"https:\/\/www.visit-ulcinj.com\/blog\/wp-json\/wp\/v2\/posts\/25017"}],"collection":[{"href":"https:\/\/www.visit-ulcinj.com\/blog\/wp-json\/wp\/v2\/posts"}],"about":[{"href":"https:\/\/www.visit-ulcinj.com\/blog\/wp-json\/wp\/v2\/types\/post"}],"author":[{"embeddable":true,"href":"https:\/\/www.visit-ulcinj.com\/blog\/wp-json\/wp\/v2\/users\/1"}],"replies":[{"embeddable":true,"href":"https:\/\/www.visit-ulcinj.com\/blog\/wp-json\/wp\/v2\/comments?post=25017"}],"version-history":[{"count":0,"href":"https:\/\/www.visit-ulcinj.com\/blog\/wp-json\/wp\/v2\/posts\/25017\/revisions"}],"wp:attachment":[{"href":"https:\/\/www.visit-ulcinj.com\/blog\/wp-json\/wp\/v2\/media?parent=25017"}],"wp:term":[{"taxonomy":"category","embeddable":true,"href":"https:\/\/www.visit-ulcinj.com\/blog\/wp-json\/wp\/v2\/categories?post=25017"},{"taxonomy":"post_tag","embeddable":true,"href":"https:\/\/www.visit-ulcinj.com\/blog\/wp-json\/wp\/v2\/tags?post=25017"}],"curies":[{"name":"wp","href":"https:\/\/api.w.org\/{rel}","templated":true}]}}