{"id":25021,"date":"2009-08-28T16:46:31","date_gmt":"2009-08-28T14:46:31","guid":{"rendered":"http:\/\/www.visit-ulcinj.com\/blog\/?p=25021"},"modified":"2009-08-28T16:56:53","modified_gmt":"2009-08-28T14:56:53","slug":"interviste-me-bukuroshen-shqiptare-nga-gjermania-martina-ivezaj","status":"publish","type":"post","link":"https:\/\/www.visit-ulcinj.com\/blog\/2009\/08\/28\/interviste-me-bukuroshen-shqiptare-nga-gjermania-martina-ivezaj\/","title":{"rendered":"Intervist\u00eb me bukuroshen shqiptare nga gjermania, Martina Ivezaj"},"content":{"rendered":"<p><strong><a href=\"http:\/\/www.visit-ulcinj.com\/blog\/wp-content\/uploads\/2009\/08\/Martina-Ivezaj.jpg\"><img loading=\"lazy\" class=\"alignleft size-full wp-image-25022\" title=\"Martina Ivezaj\" src=\"http:\/\/www.visit-ulcinj.com\/blog\/wp-content\/uploads\/2009\/08\/Martina-Ivezaj.jpg\" alt=\"Martina Ivezaj\" width=\"580\" height=\"400\" \/><\/a>Jam krenare q\u00eb jam shqiptare<\/strong><\/p>\n<p><strong>Koha javore:<\/strong> Kush e p\u00ebrb\u00ebn familjen t\u00ebnde?<br \/>\n<strong>M. Ivezaj:<\/strong> Familjen time e p\u00ebrb\u00ebjn\u00eb babai Paloka, n\u00ebna Pashka dhe dy <a href=\"http:\/\/www.visit-ulcinj.com\/blog\/wp-content\/uploads\/2009\/08\/Martina-Ivezaj.8.jpg\"><img loading=\"lazy\" class=\"alignleft size-medium wp-image-25035\" title=\"Martina Ivezaj.8\" src=\"http:\/\/www.visit-ulcinj.com\/blog\/wp-content\/uploads\/2009\/08\/Martina-Ivezaj.8-300x199.jpg\" alt=\"Martina Ivezaj.8\" width=\"300\" height=\"199\" \/><\/a>v\u00ebllez\u00ebrit. Prind\u00ebrit e mi para 36 viteve e lan\u00eb vendlindjen e tyre Mal\u00ebsin\u00eb dhe u shp\u00ebrngul\u00ebn n\u00eb Gjermani. Ata, edhe pse n\u00eb dhe t\u00eb huaj, na rrit\u00ebn dhe na edukuan n\u00eb frym\u00ebn e shqiptarizm\u00ebs, sipas traditave t\u00eb Mal\u00ebsis\u00eb s\u00eb Mbishkodr\u00ebs, me nj\u00eb p\u00ebrkujdesje dhe dashuri t\u00eb posa\u00e7me e t\u00eb jasht\u00ebzakonshme, p\u00ebr \u00e7ka i fal\u00ebnderoj shum\u00eb. D\u00ebshmi se sa familja ime e do Mal\u00ebsin\u00eb \u00ebsht\u00eb edhe fakti se ne familjarisht p\u00ebr \u00e7do ver\u00eb i kalojm\u00eb pushimet n\u00eb vendlindje, ku k\u00ebnaqemi me t\u00eb af\u00ebrmit, duke shijuar bukurit\u00eb natyrore t\u00eb k\u00ebsaj treve, ve\u00e7mas ato t\u00eb brigjeve t\u00eb lumit Cem, t\u00eb cilat ver\u00ebs jan\u00eb p\u00ebrplot me vizitor\u00eb vendas dhe nga diaspora.<\/p>\n<p><strong>Koha javore:<\/strong> A keni \u00ebnd\u00ebrruar t\u00eb b\u00ebheni bukuroshe, respektivisht modele <a href=\"http:\/\/www.visit-ulcinj.com\/blog\/wp-content\/uploads\/2009\/08\/Martina-Ivezaj.14.jpg\"><img loading=\"lazy\" class=\"alignright size-medium wp-image-25034\" title=\"Martina Ivezaj.14\" src=\"http:\/\/www.visit-ulcinj.com\/blog\/wp-content\/uploads\/2009\/08\/Martina-Ivezaj.14-300x199.jpg\" alt=\"Martina Ivezaj.14\" width=\"300\" height=\"199\" \/><\/a>nj\u00eb dit\u00eb?<br \/>\n<strong>M. Ivezaj:<\/strong> Besoj se kjo \u00ebsht\u00eb d\u00ebshir\u00eb e \u00e7do vajze (vog\u00eblusheje) t\u00eb cilat q\u00eb n\u00eb f\u00ebmij\u00ebri, n\u00eb mosh\u00ebn e kukullave, \u00ebnd\u00ebrrojn\u00eb nj\u00eb dit\u00eb t\u00eb b\u00ebhen bukuroshe. N\u00eb t\u00eb v\u00ebrtet\u00eb, konkurrimi im p\u00ebr miss ka qen\u00eb i rast\u00ebsish\u00ebm. P\u00ebr mua, n\u00eb vend t\u00eb par\u00eb ka qen\u00eb shkolla. Por me p\u00ebrkrahjen e prind\u00ebrve ju p\u00ebrkushtova edhe k\u00ebsaj fushe, t\u00eb cil\u00ebn e ushtroj me k\u00ebnaqesi.<\/p>\n<p><strong>Koha javore:<\/strong> Kur jeni ngjitur p\u00ebr her\u00eb t\u00eb par\u00eb n\u00eb sken\u00eb?<br \/>\n<strong><a href=\"http:\/\/www.visit-ulcinj.com\/blog\/wp-content\/uploads\/2009\/08\/Martina-Ivezaj.13.jpg\"><img loading=\"lazy\" class=\"alignleft size-medium wp-image-25033\" title=\"Martina Ivezaj.13\" src=\"http:\/\/www.visit-ulcinj.com\/blog\/wp-content\/uploads\/2009\/08\/Martina-Ivezaj.13-200x300.jpg\" alt=\"Martina Ivezaj.13\" width=\"200\" height=\"300\" \/><\/a>M. Ivezaj:<\/strong> Ballafaqimi im me sken\u00ebn, si\u00e7 thash\u00eb, ishte i rast\u00ebsish\u00ebm. N\u00eb sken\u00eb p\u00ebr her\u00eb t\u00eb par\u00eb u ngjita n\u00eb vitin 2006, n\u00eb gar\u00ebn e bukuris\u00eb \u201cMiss Mal\u00ebsia\u201d, ku mora \u00c7mimin shoq\u00ebruesja e par\u00eb e miss-it. Kjo ishte edhe p\u00ebrvoja ime e par\u00eb para publikut, q\u00eb nuk do ta harroj kurr\u00eb.<\/p>\n<p><strong>Koha javore:<\/strong> \u00c7ka iu ka shtyr\u00eb t\u00eb konkurronit p\u00ebr miss?<br \/>\n<strong>M. Ivezaj: <\/strong>Pjes\u00ebmarrja ime n\u00eb k\u00ebt\u00eb gar\u00eb t\u00eb bukuris\u00eb erdhi si rezultat i nj\u00eb ftese t\u00eb b\u00ebr\u00eb nga organizatori. Kjo zgjoi interesimin tim dhe d\u00ebshira ime u plot\u00ebsua fal\u00eb, n\u00eb radh\u00eb t\u00eb pare, mb\u00ebshtetjes s\u00eb familjes, por edhe kurajos s\u00eb shoq\u00ebris\u00eb sime.<\/p>\n<p><strong>Koha javore:<\/strong> Ju njohim vet\u00ebm si \u201cMiss Rinora 4&#8243; n\u00eb Zvic\u00ebr. A keni marr\u00eb pjes\u00eb edhe n\u00eb gara t\u00eb tjera t\u00eb bukuris\u00eb?<br \/>\n<strong>M. Ivezaj: <\/strong>Pas \u201cMiss Rinora 4\u201d n\u00eb Zvic\u00ebr, kam marr\u00eb pjes\u00eb n\u00eb \u201cMiss Univers <a href=\"http:\/\/www.visit-ulcinj.com\/blog\/wp-content\/uploads\/2009\/08\/Martina-Ivezaj.12.jpg\"><img loading=\"lazy\" class=\"alignright size-medium wp-image-25032\" title=\"Martina Ivezaj.12\" src=\"http:\/\/www.visit-ulcinj.com\/blog\/wp-content\/uploads\/2009\/08\/Martina-Ivezaj.12-200x300.jpg\" alt=\"Martina Ivezaj.12\" width=\"200\" height=\"300\" \/><\/a>Kosova 2009\u201d<br \/>\nn\u00eb Prishtin\u00eb dhe n\u00eb Gjermani, ku fitova \u00c7mimin e par\u00eb \u201cMiss Tuning World 2009\u201d. Prej at\u00ebher\u00eb kalendari im i pun\u00ebs \u00ebsht\u00eb i mbushur me aktivitete. N\u00eb fund t\u00eb jav\u00ebs s\u00eb kaluar kam q\u00ebndruar dhjet\u00eb dit\u00eb n\u00eb Karaibe.<\/p>\n<p><strong>Koha javore: <\/strong>Ndiheni e fort\u00eb q\u00eb jeni e bukur?<br \/>\n<strong>M. Ivezaj:<\/strong> Njeriut ia fal\u00eb Zoti shum\u00eb karakteristika. Nj\u00ebra nga ato \u00ebsht\u00eb edhe bukuria. P\u00ebr mua bukuria m\u00eb tep\u00ebr \u00ebsht\u00eb nj\u00eb k\u00ebnaq\u00ebsi e jet\u00ebs p\u00ebrmes s\u00eb cil\u00ebs t\u00eb ofrohen shum\u00eb mund\u00ebsi. Bukuria m\u00eb forcon vet\u00ebbesimin. Ajo m\u00eb jep forc\u00eb t\u00eb p\u00ebrballoj m\u00eb leht\u00eb disa sfida t\u00eb jet\u00ebs.<\/p>\n<p><strong>Koha javore:<\/strong> Thuhet se bukuria mund t\u00eb gjitha sfidat, mund \u00e7do v\u00ebshtir\u00ebsi?<br \/>\n<strong><a href=\"http:\/\/www.visit-ulcinj.com\/blog\/wp-content\/uploads\/2009\/08\/Martina-Ivezaj.11.jpg\"><img loading=\"lazy\" class=\"alignleft size-medium wp-image-25031\" title=\"Martina Ivezaj.11\" src=\"http:\/\/www.visit-ulcinj.com\/blog\/wp-content\/uploads\/2009\/08\/Martina-Ivezaj.11-300x175.jpg\" alt=\"Martina Ivezaj.11\" width=\"300\" height=\"175\" \/><\/a>M. Ivezaj:<\/strong> Mendoj se bukuria t\u00eb ndihmon t\u2019i p\u00ebrballosh m\u00eb leht\u00eb peripecit\u00eb e jet\u00ebs. Th\u00ebn\u00eb ndryshe, t\u00eb mund\u00ebson nj\u00ebfar\u00eb p\u00ebrpar\u00ebsie n\u00eb shoq\u00ebri. Ajo q\u00eb di ta shfryt\u00ebzoj\u00eb k\u00ebt\u00eb privilegj, respektivisht k\u00ebt\u00eb dhurat\u00eb apo dhunti t\u00eb Per\u00ebndis\u00eb, suksesi nuk ka p\u00ebr t\u00eb munguar, besoj.<\/p>\n<p><strong>Koha javore: <\/strong>A \u00ebsht\u00eb bukuria nj\u00eb arom\u00eb e fort\u00eb p\u00ebr t\u00eb gjetur m\u00eb leht\u00eb dyert e p\u00ebr t\u00eb kap\u00ebrcyer pengesat?<br \/>\n<strong>M. Ivezaj:<\/strong> N\u00eb gjykimin tim, kjo \u00ebsht\u00eb nj\u00eb p\u00ebrpar\u00ebsi q\u00eb t\u00eb ofron bukuria, por<a href=\"http:\/\/www.visit-ulcinj.com\/blog\/wp-content\/uploads\/2009\/08\/Martina-Ivezaj.9.jpg\"><img loading=\"lazy\" class=\"alignright size-medium wp-image-25030\" title=\"Martina Ivezaj.9\" src=\"http:\/\/www.visit-ulcinj.com\/blog\/wp-content\/uploads\/2009\/08\/Martina-Ivezaj.9-300x211.jpg\" alt=\"Martina Ivezaj.9\" width=\"300\" height=\"211\" \/><\/a> kjo nuk \u00ebsht\u00eb e mjaftuesheme sepse njeriu (profesionisti) i sken\u00ebs, p\u00ebrve\u00e7 bukuris\u00eb, duhet t\u00eb posedoj\u00eb inteligjenc\u00ebn, shkatht\u00ebsin\u00eb, simpatin\u00eb dhe karizm\u00ebn. Pra, p\u00ebr t\u00eb hapur der\u00ebn e suksesit duhet shum\u00eb profesionaliz\u00ebm, q\u00eb n\u00ebnkupton, pun\u00eb, mund, disiplin\u00eb e p\u00ebrkushtim.<\/p>\n<p><strong>Koha javore:<\/strong> Vajzat e spektakleve, bukuroshet, tregojn\u00eb se kujdesen p\u00ebr linjat e tyre. Ju mbani diet\u00eb?<br \/>\n<strong>M. Ivezaj: <\/strong>Fal\u00eb metabolizmit tim, deri m\u00eb sot nuk kam pasur nevoj\u00eb t\u00eb mbaj\u00eb diet\u00eb. Natyrsh\u00ebm kujdesem p\u00ebr ushqim cil\u00ebsor e jo kalorik.<\/p>\n<p><strong>Koha javore:<\/strong> Sa po arrini ta p\u00ebrcillni trendin bot\u00ebror?<br \/>\n<strong><a href=\"http:\/\/www.visit-ulcinj.com\/blog\/wp-content\/uploads\/2009\/08\/Martina-Ivezaj.7.jpg\"><img loading=\"lazy\" class=\"alignleft size-medium wp-image-25029\" title=\"Martina Ivezaj.7\" src=\"http:\/\/www.visit-ulcinj.com\/blog\/wp-content\/uploads\/2009\/08\/Martina-Ivezaj.7-300x199.jpg\" alt=\"Martina Ivezaj.7\" width=\"300\" height=\"199\" \/><\/a>M. Ivezaj:<\/strong> Edhe pse kalendari im i aktiviteteve \u00ebsht\u00eb shum\u00eb i ngjeshur, po p\u00ebrpiqem t\u00eb p\u00ebrcjell\u00eb trendin bot\u00ebror. Sepse, profesioni i bukuroshes t\u00eb imponon t\u00eb ec\u00ebsh n\u00eb hap me koh\u00ebn.<\/p>\n<p><strong>Koha javore:<\/strong> Meq\u00eb jeni e angazhuar n\u00eb pasarela, pastaj si prezantuese n\u00eb Bravo Hip Hop special dhe n\u00eb agjencin\u00eb \u201cHunger und Simmeth\u201d, sa e kufizuar \u00ebsht\u00eb koha juaj p\u00ebr t\u2019u marr\u00eb me m\u00ebsimet?<br \/>\n<strong>M. Ivezaj:<\/strong> Nuk \u00ebsht\u00eb aspak e leht\u00eb t\u2019i g\u00ebrshetosh t\u00eb gjitha k\u00ebto aktivitete n\u00eb kalendarin e pun\u00ebs ditore, javore apo mujore. Megjithat\u00eb kam arritur t\u00eb <a href=\"http:\/\/www.visit-ulcinj.com\/blog\/wp-content\/uploads\/2009\/08\/Martina-Ivezaj.6.jpg\"><img loading=\"lazy\" class=\"alignright size-medium wp-image-25028\" title=\"Martina Ivezaj.6\" src=\"http:\/\/www.visit-ulcinj.com\/blog\/wp-content\/uploads\/2009\/08\/Martina-Ivezaj.6-300x199.jpg\" alt=\"Martina Ivezaj.6\" width=\"300\" height=\"199\" \/><\/a>p\u00ebrballoj k\u00ebt\u00eb fluks dhe rit\u00ebm t\u00eb bollsh\u00ebm pune me ndihm\u00ebn e m\u00ebsimdh\u00ebn\u00ebsve dhe menaxherit, por shum\u00eb pak m\u00eb mbetet koh\u00eb e lir\u00eb.<\/p>\n<p><strong>Koha javore:<\/strong> \u00c7ka \u00ebsht\u00eb ajo q\u00eb m\u00eb s\u00eb shumti e d\u00ebshironi, e vler\u00ebsoni?<br \/>\n<strong>M. Ivezaj: <\/strong>Shkollimin e dua dhe e vler\u00ebsoj m\u00eb s\u00eb shumti. D\u00ebshiroj t\u00eb kam nj\u00eb diplom\u00eb n\u00eb dor\u00eb dhe t\u00eb vazhdoj shkollimin. Shkolla p\u00ebr mua \u00ebsht\u00eb bazamenti i jet\u00ebs private dhe profesionale. Krahas shkoll\u00ebs e vler\u00ebsoj bukurin\u00eb, por m\u00eb fort sinqeritetin dhe t\u00eb v\u00ebrtet\u00ebn. I dua njer\u00ebzit q\u00eb jan\u00eb t\u00eb drejt\u00eb dhe t\u00eb sinqert\u00eb.<\/p>\n<p><strong>Koha javore: <\/strong>\u00c7far\u00eb ju brengos n\u00eb jet\u00ebn Tuaj t\u00eb p\u00ebrditshme dhe \u00e7far\u00eb ju b\u00ebn t\u00eb lumtur?<br \/>\n<strong><a href=\"http:\/\/www.visit-ulcinj.com\/blog\/wp-content\/uploads\/2009\/08\/Martina-Ivezaj.5.jpg\"><img loading=\"lazy\" class=\"alignleft size-medium wp-image-25027\" title=\"Martina Ivezaj.5\" src=\"http:\/\/www.visit-ulcinj.com\/blog\/wp-content\/uploads\/2009\/08\/Martina-Ivezaj.5-300x199.jpg\" alt=\"Martina Ivezaj.5\" width=\"300\" height=\"199\" \/><\/a>M. Ivezaj: <\/strong>Brengosem shpesh kur mendoj pse nuk jetojm\u00eb s\u00eb bashku me t\u00eb af\u00ebrmit e mi<br \/>\nn\u00eb vendlindje. Brengosem pse shumica e bashkatdhetar\u00ebve tan\u00eb jetojn\u00eb me mall n\u00eb m\u00ebrgim larg trojeve t\u00eb tyre etnike. Brengosem, po ashtu, kur i shoh njer\u00ebzit e brengosur. Dhe g\u00ebzohem kur i shoh njer\u00ebzit e lumtur.<\/p>\n<p><strong>Koha javore:<\/strong> Si \u00ebsht\u00eb nj\u00eb dit\u00eb e zakonshme p\u00ebr Ju?<br \/>\n<strong>M. Ivezaj:<\/strong> Dit\u00ebt e jav\u00ebs p\u00ebr mua jan\u00eb t\u00eb ndryshme. P\u00ebrve\u00e7 shkoll\u00ebs kam<a href=\"http:\/\/www.visit-ulcinj.com\/blog\/wp-content\/uploads\/2009\/08\/Martina-Ivezaj.4.jpg\"><img loading=\"lazy\" class=\"alignright size-medium wp-image-25026\" title=\"Martina Ivezaj.4\" src=\"http:\/\/www.visit-ulcinj.com\/blog\/wp-content\/uploads\/2009\/08\/Martina-Ivezaj.4-300x199.jpg\" alt=\"Martina Ivezaj.4\" width=\"300\" height=\"199\" \/><\/a> disa aktivitete. Fundjav\u00ebn e kaloj n\u00ebp\u00ebr vende t\u00eb ndryshme, n\u00eb modelime apo fotoshoping. Mundohem q\u00eb t\u00eb darkoj me prind\u00ebrit e mi q\u00eb i dua shum\u00eb.<\/p>\n<p><strong>Koha javore<\/strong>: Keni lindur dhe jetoni n\u00eb Gjermani. M\u00eb thuaj sinqerisht, ndjehesh m\u00eb shum\u00eb gjermane apo shqiptare?<br \/>\n<strong>M. Ivezaj:<\/strong> E mendon dot nj\u00eb mal\u00ebsore t\u00eb sh\u00ebnd\u00ebrruar n\u00eb gjermane? Un\u00eb jam shqiptare, mal\u00ebsore e jo gjermane, edhe pse kam lindur n\u00eb Gjermani. K\u00ebt\u00eb ndjenj\u00eb e kam t\u00eb brumosur n\u00eb shpirtin tim nga prind\u00ebirit. Un\u00eb e dua kombin tim shqiptar. Andaj as q\u00eb nuk mund ta paramendoj e ta parafytyroj veten gjermane. Sepse n\u00eb damar\u00ebt e mi rrjedh gjak shqiptari. Dhe jam krenare q\u00eb jam shqiptare, q\u00eb jam mal\u00ebsore. I mjer\u00eb dhe i varf\u00ebr \u00ebsht\u00eb ai q\u00eb mohon kombin dhe gjuh\u00ebn e tij. N\u00ebse nuk e do kombin t\u00ebnd, nuk t\u00eb duan as t\u00eb tjer\u00ebt.<\/p>\n<p><strong><a href=\"http:\/\/www.visit-ulcinj.com\/blog\/wp-content\/uploads\/2009\/08\/Martina-Ivezaj.2.jpg\"><img loading=\"lazy\" class=\"alignleft size-medium wp-image-25024\" title=\"Martina Ivezaj.2\" src=\"http:\/\/www.visit-ulcinj.com\/blog\/wp-content\/uploads\/2009\/08\/Martina-Ivezaj.2-300x199.jpg\" alt=\"Martina Ivezaj.2\" width=\"300\" height=\"199\" \/><\/a>Koha javore: <\/strong>A t\u00eb ofron Gjermania k\u00ebnaq\u00ebsi dhe ngroht\u00ebsi shpirt\u00ebrore, apo ndoshta keni nostalgji p\u00ebr vendlindjen e prind\u00ebrve?<br \/>\n<strong>M. Ivezaj: <\/strong>Gjermania t\u00eb ofron ndoshta p\u00ebrfitim m\u00eb t\u00eb mir\u00eb, standard m\u00eb t\u00eb lakmuesh\u00ebm, dhe m\u00eb shum\u00eb mund\u00ebsi n\u00eb shum\u00eb fusha t\u00eb jet\u00ebs. Sepse \u00ebsht\u00eb shtet me ekonomi t\u00eb fort\u00eb. Por, t\u00eb jem e sinqert\u00eb ndaj lexuesit, m\u00eb lirsh\u00ebm marr frym\u00eb kur ndodhem n\u00eb Mal\u00ebsi, n\u00eb mesin e mal\u00ebsor\u00ebve, sesa n\u00eb Gjermani, ku kam lindur.<\/p>\n<p><strong>Koha javore: <\/strong>Sa e ndjeni p\u00ebrgjegj\u00ebsin\u00eb tashm\u00eb q\u00eb me pjes\u00ebmarrjet Tuaja n\u00eb konkurset bot\u00ebrore t\u00eb bukuris\u00eb, do t\u00eb p\u00ebr\u00e7oni edhe nj\u00eb pjes\u00eb t\u00eb historis\u00eb s\u00eb saj, kultur\u00ebs dhe traditave t\u00eb Mal\u00ebsis\u00eb?<br \/>\n<strong>M. Ivezaj:<\/strong> Mendoj se kjo \u00ebsht\u00eb detyr\u00eb e pergjegj\u00ebsi e bekuar imja, q\u00eb duhet ta mbaj dhe ta shpreh kudo q\u00eb shfaqem. K\u00ebshtu veprojn\u00eb edhe popujt e medhenj, si\u00e7 jan\u00eb gjerman\u00ebt. Kshtu duhet t\u00eb veprojm\u00eb edhe ne, pra edhe un\u00eb, pasi kemi \u00e7ka t\u2019u prezantojm\u00eb t\u00eb tjer\u00ebve. Duhet t\u00eb mburremi me at\u00eb pjes\u00eb t\u00eb historis\u00eb, kultur\u00ebs dhe tradit\u00ebs son\u00eb, por nuk duhet t\u00eb k\u00ebnaqemi vet\u00ebm me kaq. Njer\u00ebzit e kultur\u00ebs, artit, shkenc\u00ebs, sken\u00ebs dhe intelektual\u00ebt e tjer\u00eb duhet t\u00eb p\u00ebrcjellin jasht\u00eb kufijve t\u00eb hap\u00ebsir\u00ebs mbar\u00ebshqiptare thesarin ton\u00eb t\u00eb lasht\u00eb e t\u00eb pasur.<\/p>\n<p><strong>Koha javore:<\/strong> A ka Mal\u00ebsia shum\u00eb bukuroshe?<a href=\"http:\/\/www.visit-ulcinj.com\/blog\/wp-content\/uploads\/2009\/08\/Martina-Ivezaj.1.jpg\"><img loading=\"lazy\" class=\"alignright size-medium wp-image-25023\" title=\"Martina Ivezaj.1\" src=\"http:\/\/www.visit-ulcinj.com\/blog\/wp-content\/uploads\/2009\/08\/Martina-Ivezaj.1-300x199.jpg\" alt=\"Martina Ivezaj.1\" width=\"300\" height=\"199\" \/><\/a><br \/>\n<strong>M. Ivezaj: <\/strong>Nj\u00eb zon\u00eb kaq e bukur pa dyshim se ka pasur, ka dhe do t\u00eb ket\u00eb vajza, nuse e gra t\u00eb bukura, q\u00eb meritojn\u00eb respekt dhe mb\u00ebshtetje nga t\u00eb gjith\u00eb.<\/p>\n<p><strong>Koha javore:<\/strong> Si e vler\u00ebsoni bukurin\u00eb shqiptare?<br \/>\n<strong>M. Ivezaj:<\/strong> Bukuria shqiptare \u00ebsht\u00eb e ve\u00e7ant\u00eb. Ajo mendoj se ka nj\u00eb natyralitet, n\u00ebse mund t\u00eb shprehem k\u00ebshtu. Nga bukuria shqiptare gurron dhe rrjedh nj\u00eb freski, nj\u00eb past\u00ebrti, nj\u00eb \u00e7ilt\u00ebri shpirt\u00ebrore. Njer\u00ebzit q\u00eb merren me t\u00eb bukur\u00ebn thon\u00eb se bukuria rrjedh nga brenda. K\u00ebt\u00eb brend\u00ebsi t\u00eb past\u00ebr e t\u00eb \u00e7ilt\u00ebr shpirt\u00ebrore e kan\u00eb shqiptar\u00ebt.<\/p>\n<p><strong><a href=\"http:\/\/www.visit-ulcinj.com\/blog\/wp-content\/uploads\/2009\/08\/Martina-Ivezaj.10.jpg\"><img loading=\"lazy\" class=\"alignright size-medium wp-image-25036\" title=\"Martina Ivezaj.10\" src=\"http:\/\/www.visit-ulcinj.com\/blog\/wp-content\/uploads\/2009\/08\/Martina-Ivezaj.10-300x199.jpg\" alt=\"Martina Ivezaj.10\" width=\"300\" height=\"199\" \/><\/a>Koha javore: <\/strong>Porosia Juaj p\u00ebr t\u00eb rejat shqiptare?<br \/>\n<strong>M. Ivezaj:<\/strong> T\u00eb ken\u00eb besim n\u00eb veten e tyre. T\u00eb mos largohen dhe t\u00eb mos heqin dor\u00eb kurr\u00eb nga synimet dhe d\u00ebshirat e tyre t\u00eb preferuara. Vet\u00ebm k\u00ebshtu femrat shqiptare mund t\u00eb hapin port\u00ebn drejt suksesit. S\u00eb fundmi, d\u00ebshiroj t\u2019i p\u00ebrsh\u00ebndes me gjith\u00eb zem\u00ebr t\u00eb rejat tona n\u00eb Mal\u00ebsi, Kosov\u00eb, Shqip\u00ebri, Lugin\u00eb t\u00eb Preshev\u00ebs, Maqedoni, nd\u00ebr arb\u00ebresh\u00eb t\u00eb Italis\u00eb dhe diaspor\u00eb.<\/p>\n<p><strong>Bisedoi: Gj. Gjonaj<br \/>\nKoha Javore<br \/>\n<\/p>\n<p><\/strong><\/p>\n<p><strong> <\/strong><\/p>\n<p><strong><!--YouTube Error: bad URL entered--><br \/>\n<\/strong><\/p>\n","protected":false},"excerpt":{"rendered":"<p>Jam krenare q\u00eb jam shqiptare Koha javore: Kush e p\u00ebrb\u00ebn familjen t\u00ebnde? M. Ivezaj: Familjen time e p\u00ebrb\u00ebjn\u00eb babai Paloka, n\u00ebna Pashka dhe dy v\u00ebllez\u00ebrit. Prind\u00ebrit e mi para 36 viteve e lan\u00eb vendlindjen e tyre Mal\u00ebsin\u00eb dhe u shp\u00ebrngul\u00ebn n\u00eb Gjermani. Ata, edhe pse n\u00eb dhe t\u00eb huaj, na rrit\u00ebn dhe na edukuan n\u00eb [&hellip;]<\/p>\n","protected":false},"author":1,"featured_media":0,"comment_status":"open","ping_status":"closed","sticky":false,"template":"","format":"standard","meta":{"spay_email":"","jetpack_publicize_message":"","jetpack_is_tweetstorm":false,"jetpack_publicize_feature_enabled":true},"categories":[5],"tags":[7721],"jetpack_publicize_connections":[],"yoast_head":"<!-- This site is optimized with the Yoast SEO plugin v19.1 - https:\/\/yoast.com\/wordpress\/plugins\/seo\/ -->\n<title>Intervist\u00eb me bukuroshen shqiptare nga gjermania, Martina Ivezaj - Lajme nga Ulqini<\/title>\n<meta name=\"description\" content=\"Jam krenare q\u00eb jam shqiptare Koha javore: Kush e p\u00ebrb\u00ebn familjen t\u00ebnde? M. Ivezaj: Familjen time e p\u00ebrb\u00ebjn\u00eb babai Paloka, n\u00ebna Pashka dhe dy v\u00ebllez\u00ebrit.\" \/>\n<meta name=\"robots\" content=\"index, follow, max-snippet:-1, max-image-preview:large, max-video-preview:-1\" \/>\n<link rel=\"canonical\" href=\"https:\/\/www.visit-ulcinj.com\/blog\/2009\/08\/28\/interviste-me-bukuroshen-shqiptare-nga-gjermania-martina-ivezaj\/\" \/>\n<meta property=\"og:locale\" content=\"en_US\" \/>\n<meta property=\"og:type\" content=\"article\" \/>\n<meta property=\"og:title\" content=\"Intervist\u00eb me bukuroshen shqiptare nga gjermania, Martina Ivezaj - Lajme nga Ulqini\" \/>\n<meta property=\"og:description\" content=\"Jam krenare q\u00eb jam shqiptare Koha javore: Kush e p\u00ebrb\u00ebn familjen t\u00ebnde? M. Ivezaj: Familjen time e p\u00ebrb\u00ebjn\u00eb babai Paloka, n\u00ebna Pashka dhe dy v\u00ebllez\u00ebrit.\" \/>\n<meta property=\"og:url\" content=\"https:\/\/www.visit-ulcinj.com\/blog\/2009\/08\/28\/interviste-me-bukuroshen-shqiptare-nga-gjermania-martina-ivezaj\/\" \/>\n<meta property=\"og:site_name\" content=\"Lajme nga Ulqini\" \/>\n<meta property=\"article:published_time\" content=\"2009-08-28T14:46:31+00:00\" \/>\n<meta property=\"article:modified_time\" content=\"2009-08-28T14:56:53+00:00\" \/>\n<meta property=\"og:image\" content=\"https:\/\/www.visit-ulcinj.com\/blog\/wp-content\/uploads\/2009\/08\/Martina-Ivezaj-150x150.jpg\" \/>\n<meta name=\"twitter:label1\" content=\"Written by\" \/>\n\t<meta name=\"twitter:data1\" content=\"ulqini\" \/>\n\t<meta name=\"twitter:label2\" content=\"Est. reading time\" \/>\n\t<meta name=\"twitter:data2\" content=\"8 minutes\" \/>\n<script type=\"application\/ld+json\" class=\"yoast-schema-graph\">{\"@context\":\"https:\/\/schema.org\",\"@graph\":[{\"@type\":\"WebSite\",\"@id\":\"https:\/\/www.visit-ulcinj.com\/blog\/#website\",\"url\":\"https:\/\/www.visit-ulcinj.com\/blog\/\",\"name\":\"Lajme nga Ulqini\",\"description\":\"Lajme,Vijesti,Ulqini,Ulqin,Crna Gora,Mali i Zi\",\"potentialAction\":[{\"@type\":\"SearchAction\",\"target\":{\"@type\":\"EntryPoint\",\"urlTemplate\":\"https:\/\/www.visit-ulcinj.com\/blog\/?s={search_term_string}\"},\"query-input\":\"required name=search_term_string\"}],\"inLanguage\":\"en-US\"},{\"@type\":\"ImageObject\",\"inLanguage\":\"en-US\",\"@id\":\"https:\/\/www.visit-ulcinj.com\/blog\/2009\/08\/28\/interviste-me-bukuroshen-shqiptare-nga-gjermania-martina-ivezaj\/#primaryimage\",\"url\":\"http:\/\/www.visit-ulcinj.com\/blog\/wp-content\/uploads\/2009\/08\/Martina-Ivezaj.jpg\",\"contentUrl\":\"http:\/\/www.visit-ulcinj.com\/blog\/wp-content\/uploads\/2009\/08\/Martina-Ivezaj.jpg\"},{\"@type\":\"WebPage\",\"@id\":\"https:\/\/www.visit-ulcinj.com\/blog\/2009\/08\/28\/interviste-me-bukuroshen-shqiptare-nga-gjermania-martina-ivezaj\/#webpage\",\"url\":\"https:\/\/www.visit-ulcinj.com\/blog\/2009\/08\/28\/interviste-me-bukuroshen-shqiptare-nga-gjermania-martina-ivezaj\/\",\"name\":\"Intervist\u00eb me bukuroshen shqiptare nga gjermania, Martina Ivezaj - Lajme nga Ulqini\",\"isPartOf\":{\"@id\":\"https:\/\/www.visit-ulcinj.com\/blog\/#website\"},\"primaryImageOfPage\":{\"@id\":\"https:\/\/www.visit-ulcinj.com\/blog\/2009\/08\/28\/interviste-me-bukuroshen-shqiptare-nga-gjermania-martina-ivezaj\/#primaryimage\"},\"datePublished\":\"2009-08-28T14:46:31+00:00\",\"dateModified\":\"2009-08-28T14:56:53+00:00\",\"author\":{\"@id\":\"https:\/\/www.visit-ulcinj.com\/blog\/#\/schema\/person\/dcab619c614d3038751c63bc2aadc06d\"},\"description\":\"Jam krenare q\u00eb jam shqiptare Koha javore: Kush e p\u00ebrb\u00ebn familjen t\u00ebnde? M. Ivezaj: Familjen time e p\u00ebrb\u00ebjn\u00eb babai Paloka, n\u00ebna Pashka dhe dy v\u00ebllez\u00ebrit.\",\"breadcrumb\":{\"@id\":\"https:\/\/www.visit-ulcinj.com\/blog\/2009\/08\/28\/interviste-me-bukuroshen-shqiptare-nga-gjermania-martina-ivezaj\/#breadcrumb\"},\"inLanguage\":\"en-US\",\"potentialAction\":[{\"@type\":\"ReadAction\",\"target\":[\"https:\/\/www.visit-ulcinj.com\/blog\/2009\/08\/28\/interviste-me-bukuroshen-shqiptare-nga-gjermania-martina-ivezaj\/\"]}]},{\"@type\":\"BreadcrumbList\",\"@id\":\"https:\/\/www.visit-ulcinj.com\/blog\/2009\/08\/28\/interviste-me-bukuroshen-shqiptare-nga-gjermania-martina-ivezaj\/#breadcrumb\",\"itemListElement\":[{\"@type\":\"ListItem\",\"position\":1,\"name\":\"Intervist\u00eb me bukuroshen shqiptare nga gjermania, Martina Ivezaj\"}]},{\"@type\":\"Person\",\"@id\":\"https:\/\/www.visit-ulcinj.com\/blog\/#\/schema\/person\/dcab619c614d3038751c63bc2aadc06d\",\"name\":\"ulqini\",\"sameAs\":[\"http:\/\/www.visit-ulcinj.com\"],\"url\":\"https:\/\/www.visit-ulcinj.com\/blog\/author\/admin\/\"}]}<\/script>\n<!-- \/ Yoast SEO plugin. -->","yoast_head_json":{"title":"Intervist\u00eb me bukuroshen shqiptare nga gjermania, Martina Ivezaj - Lajme nga Ulqini","description":"Jam krenare q\u00eb jam shqiptare Koha javore: Kush e p\u00ebrb\u00ebn familjen t\u00ebnde? M. Ivezaj: Familjen time e p\u00ebrb\u00ebjn\u00eb babai Paloka, n\u00ebna Pashka dhe dy v\u00ebllez\u00ebrit.","robots":{"index":"index","follow":"follow","max-snippet":"max-snippet:-1","max-image-preview":"max-image-preview:large","max-video-preview":"max-video-preview:-1"},"canonical":"https:\/\/www.visit-ulcinj.com\/blog\/2009\/08\/28\/interviste-me-bukuroshen-shqiptare-nga-gjermania-martina-ivezaj\/","og_locale":"en_US","og_type":"article","og_title":"Intervist\u00eb me bukuroshen shqiptare nga gjermania, Martina Ivezaj - Lajme nga Ulqini","og_description":"Jam krenare q\u00eb jam shqiptare Koha javore: Kush e p\u00ebrb\u00ebn familjen t\u00ebnde? M. Ivezaj: Familjen time e p\u00ebrb\u00ebjn\u00eb babai Paloka, n\u00ebna Pashka dhe dy v\u00ebllez\u00ebrit.","og_url":"https:\/\/www.visit-ulcinj.com\/blog\/2009\/08\/28\/interviste-me-bukuroshen-shqiptare-nga-gjermania-martina-ivezaj\/","og_site_name":"Lajme nga Ulqini","article_published_time":"2009-08-28T14:46:31+00:00","article_modified_time":"2009-08-28T14:56:53+00:00","og_image":[{"url":"https:\/\/www.visit-ulcinj.com\/blog\/wp-content\/uploads\/2009\/08\/Martina-Ivezaj-150x150.jpg"}],"twitter_misc":{"Written by":"ulqini","Est. reading time":"8 minutes"},"schema":{"@context":"https:\/\/schema.org","@graph":[{"@type":"WebSite","@id":"https:\/\/www.visit-ulcinj.com\/blog\/#website","url":"https:\/\/www.visit-ulcinj.com\/blog\/","name":"Lajme nga Ulqini","description":"Lajme,Vijesti,Ulqini,Ulqin,Crna Gora,Mali i Zi","potentialAction":[{"@type":"SearchAction","target":{"@type":"EntryPoint","urlTemplate":"https:\/\/www.visit-ulcinj.com\/blog\/?s={search_term_string}"},"query-input":"required name=search_term_string"}],"inLanguage":"en-US"},{"@type":"ImageObject","inLanguage":"en-US","@id":"https:\/\/www.visit-ulcinj.com\/blog\/2009\/08\/28\/interviste-me-bukuroshen-shqiptare-nga-gjermania-martina-ivezaj\/#primaryimage","url":"http:\/\/www.visit-ulcinj.com\/blog\/wp-content\/uploads\/2009\/08\/Martina-Ivezaj.jpg","contentUrl":"http:\/\/www.visit-ulcinj.com\/blog\/wp-content\/uploads\/2009\/08\/Martina-Ivezaj.jpg"},{"@type":"WebPage","@id":"https:\/\/www.visit-ulcinj.com\/blog\/2009\/08\/28\/interviste-me-bukuroshen-shqiptare-nga-gjermania-martina-ivezaj\/#webpage","url":"https:\/\/www.visit-ulcinj.com\/blog\/2009\/08\/28\/interviste-me-bukuroshen-shqiptare-nga-gjermania-martina-ivezaj\/","name":"Intervist\u00eb me bukuroshen shqiptare nga gjermania, Martina Ivezaj - Lajme nga Ulqini","isPartOf":{"@id":"https:\/\/www.visit-ulcinj.com\/blog\/#website"},"primaryImageOfPage":{"@id":"https:\/\/www.visit-ulcinj.com\/blog\/2009\/08\/28\/interviste-me-bukuroshen-shqiptare-nga-gjermania-martina-ivezaj\/#primaryimage"},"datePublished":"2009-08-28T14:46:31+00:00","dateModified":"2009-08-28T14:56:53+00:00","author":{"@id":"https:\/\/www.visit-ulcinj.com\/blog\/#\/schema\/person\/dcab619c614d3038751c63bc2aadc06d"},"description":"Jam krenare q\u00eb jam shqiptare Koha javore: Kush e p\u00ebrb\u00ebn familjen t\u00ebnde? M. Ivezaj: Familjen time e p\u00ebrb\u00ebjn\u00eb babai Paloka, n\u00ebna Pashka dhe dy v\u00ebllez\u00ebrit.","breadcrumb":{"@id":"https:\/\/www.visit-ulcinj.com\/blog\/2009\/08\/28\/interviste-me-bukuroshen-shqiptare-nga-gjermania-martina-ivezaj\/#breadcrumb"},"inLanguage":"en-US","potentialAction":[{"@type":"ReadAction","target":["https:\/\/www.visit-ulcinj.com\/blog\/2009\/08\/28\/interviste-me-bukuroshen-shqiptare-nga-gjermania-martina-ivezaj\/"]}]},{"@type":"BreadcrumbList","@id":"https:\/\/www.visit-ulcinj.com\/blog\/2009\/08\/28\/interviste-me-bukuroshen-shqiptare-nga-gjermania-martina-ivezaj\/#breadcrumb","itemListElement":[{"@type":"ListItem","position":1,"name":"Intervist\u00eb me bukuroshen shqiptare nga gjermania, Martina Ivezaj"}]},{"@type":"Person","@id":"https:\/\/www.visit-ulcinj.com\/blog\/#\/schema\/person\/dcab619c614d3038751c63bc2aadc06d","name":"ulqini","sameAs":["http:\/\/www.visit-ulcinj.com"],"url":"https:\/\/www.visit-ulcinj.com\/blog\/author\/admin\/"}]}},"jetpack_featured_media_url":"","jetpack_sharing_enabled":true,"jetpack_shortlink":"https:\/\/wp.me\/pe6lTn-6vz","_links":{"self":[{"href":"https:\/\/www.visit-ulcinj.com\/blog\/wp-json\/wp\/v2\/posts\/25021"}],"collection":[{"href":"https:\/\/www.visit-ulcinj.com\/blog\/wp-json\/wp\/v2\/posts"}],"about":[{"href":"https:\/\/www.visit-ulcinj.com\/blog\/wp-json\/wp\/v2\/types\/post"}],"author":[{"embeddable":true,"href":"https:\/\/www.visit-ulcinj.com\/blog\/wp-json\/wp\/v2\/users\/1"}],"replies":[{"embeddable":true,"href":"https:\/\/www.visit-ulcinj.com\/blog\/wp-json\/wp\/v2\/comments?post=25021"}],"version-history":[{"count":0,"href":"https:\/\/www.visit-ulcinj.com\/blog\/wp-json\/wp\/v2\/posts\/25021\/revisions"}],"wp:attachment":[{"href":"https:\/\/www.visit-ulcinj.com\/blog\/wp-json\/wp\/v2\/media?parent=25021"}],"wp:term":[{"taxonomy":"category","embeddable":true,"href":"https:\/\/www.visit-ulcinj.com\/blog\/wp-json\/wp\/v2\/categories?post=25021"},{"taxonomy":"post_tag","embeddable":true,"href":"https:\/\/www.visit-ulcinj.com\/blog\/wp-json\/wp\/v2\/tags?post=25021"}],"curies":[{"name":"wp","href":"https:\/\/api.w.org\/{rel}","templated":true}]}}