{"id":25052,"date":"2009-08-28T19:31:41","date_gmt":"2009-08-28T17:31:41","guid":{"rendered":"http:\/\/www.visit-ulcinj.com\/blog\/?p=25052"},"modified":"2009-08-30T20:34:05","modified_gmt":"2009-08-30T18:34:05","slug":"vikend-na-adi-bojani-samo-za-27-eura","status":"publish","type":"post","link":"https:\/\/www.visit-ulcinj.com\/blog\/2009\/08\/28\/vikend-na-adi-bojani-samo-za-27-eura\/","title":{"rendered":"Vikend na Adi Bojani  je za 27 eura jeftiniji"},"content":{"rendered":"<p><a href=\"http:\/\/www.visit-ulcinj.com\/blog\/wp-content\/uploads\/2009\/08\/Vikend-na-Adi-Bojani-samo-za-27-eura.jpg\"><img loading=\"lazy\" class=\"alignleft size-full wp-image-25053\" title=\"Vikend na Adi Bojani samo za 27 eura\" src=\"http:\/\/www.visit-ulcinj.com\/blog\/wp-content\/uploads\/2009\/08\/Vikend-na-Adi-Bojani-samo-za-27-eura.jpg\" alt=\"Vikend na Adi Bojani samo za 27 eura\" width=\"580\" height=\"400\" \/><\/a>Ulcinj &#8211; U sutonu glavne sezone, \u201eUlcinjska rivijera\u201c pribjegla je popularnim \u201evikend paketima\u201c, pa ?e trodnevni aran\u017eman u hotelima \u201eOlimpik\u201c i \u201eBelvi\u201c na Velikoj pla\u017ei i u hotelskom kompleksu na Adi Bojani ko\u0161tati 69 eura po osobi.<\/p>\n<p>Ponuda je na bazi polupansiona, a doru?ak i ve?era u vidu samoposlu\u017eivanja, odnosno \u0161vedskog stola.<\/p>\n<p>Kada je u pitanju nudisti?ko naselje na Adi Bojani, \u201evikend paket\u201c je po osobi za ?ak 36 eura jeftiniji u tipu \u201eL\u201c, odnosno za 27 eura u tipu \u201eA\u201c i \u201eB\u201c. U hotelima \u201eBelvi\u201c i \u201eOlimpik\u201c, trodnevni aran\u017eman je od dosada\u0161njeg jeftiniji za \u0161est eura po osobi. Kako je saop\u0161teno iz \u201eUlcinjske rivijere\u201c, ponuda va\u017ei do kraja sezone.<\/p>\n<p><a href=\"http:\/\/www.vijesti.cg.yu\/index.php?id_pre=314437&amp;godina=2009\" target=\"_blank\"><strong>S.A.<\/strong><\/a><\/p>\n<p><a href=\"http:\/\/www.vijesti.cg.yu\/index.php?id_pre=314437&amp;godina=2009\" target=\"_blank\"><strong>Vijesti<\/strong><\/a><\/p>\n<h1>Ispravka<\/h1>\n<p><strong>U naslovu ju?era\u0161njeg teksta o popustima \u201cUlcinjske rivijere\u201d gre\u0161kom je napisano da vikend na Adi ko\u0161ta 27 eura. Trebalo je da pi\u0161e da je za 27 eura jeftiniji.<br \/>\nIzvinjavamo se zbog gre\u0161ke.<\/strong><\/p>\n<p><strong> <\/strong><\/p>\n<p>[flv width=&#8221;580&#8243; height=&#8221;400&#8243;]http:\/\/video.ak.facebook.com\/video-ak-sf2p\/v2686\/129\/65\/1136146338119_15026.mp4[\/flv]<\/p>\n<h2>Video Selver Seki Vukovic<\/h2>\n","protected":false},"excerpt":{"rendered":"<p>Ulcinj &#8211; U sutonu glavne sezone, \u201eUlcinjska rivijera\u201c pribjegla je popularnim \u201evikend paketima\u201c, pa ?e trodnevni aran\u017eman u hotelima \u201eOlimpik\u201c i \u201eBelvi\u201c na Velikoj pla\u017ei i u hotelskom kompleksu na Adi Bojani ko\u0161tati 69 eura po osobi. Ponuda je na bazi polupansiona, a doru?ak i ve?era u vidu samoposlu\u017eivanja, odnosno \u0161vedskog stola. Kada je u [&hellip;]<\/p>\n","protected":false},"author":1,"featured_media":0,"comment_status":"open","ping_status":"closed","sticky":false,"template":"","format":"standard","meta":{"spay_email":"","jetpack_publicize_message":"","jetpack_is_tweetstorm":false,"jetpack_publicize_feature_enabled":true},"categories":[15],"tags":[138,12305,849,265,12304],"jetpack_publicize_connections":[],"yoast_head":"<!-- This site is optimized with the Yoast SEO plugin v19.1 - https:\/\/yoast.com\/wordpress\/plugins\/seo\/ -->\n<title>Vikend na Adi Bojani je za 27 eura jeftiniji - Lajme nga Ulqini<\/title>\n<meta name=\"description\" content=\"Ulcinj - U sutonu glavne sezone, \u201eUlcinjska rivijera\u201c pribjegla je popularnim \u201evikend paketima\u201c, pa ?e trodnevni aran\u017eman u hotelima \u201eOlimpik\u201c i \u201eBelvi\u201c\" \/>\n<meta name=\"robots\" content=\"index, follow, max-snippet:-1, max-image-preview:large, max-video-preview:-1\" \/>\n<link rel=\"canonical\" href=\"https:\/\/www.visit-ulcinj.com\/blog\/2009\/08\/28\/vikend-na-adi-bojani-samo-za-27-eura\/\" \/>\n<meta property=\"og:locale\" content=\"en_US\" \/>\n<meta property=\"og:type\" content=\"article\" \/>\n<meta property=\"og:title\" content=\"Vikend na Adi Bojani je za 27 eura jeftiniji - Lajme nga Ulqini\" \/>\n<meta property=\"og:description\" content=\"Ulcinj - U sutonu glavne sezone, \u201eUlcinjska rivijera\u201c pribjegla je popularnim \u201evikend paketima\u201c, pa ?e trodnevni aran\u017eman u hotelima \u201eOlimpik\u201c i \u201eBelvi\u201c\" \/>\n<meta property=\"og:url\" content=\"https:\/\/www.visit-ulcinj.com\/blog\/2009\/08\/28\/vikend-na-adi-bojani-samo-za-27-eura\/\" \/>\n<meta property=\"og:site_name\" content=\"Lajme nga Ulqini\" \/>\n<meta property=\"article:published_time\" content=\"2009-08-28T17:31:41+00:00\" \/>\n<meta property=\"article:modified_time\" content=\"2009-08-30T18:34:05+00:00\" \/>\n<meta property=\"og:image\" content=\"http:\/\/www.visit-ulcinj.com\/blog\/wp-content\/uploads\/2009\/08\/Vikend-na-Adi-Bojani-samo-za-27-eura.jpg\" \/>\n<meta name=\"twitter:label1\" content=\"Written by\" \/>\n\t<meta name=\"twitter:data1\" content=\"ulqini\" \/>\n\t<meta name=\"twitter:label2\" content=\"Est. reading time\" \/>\n\t<meta name=\"twitter:data2\" content=\"1 minute\" \/>\n<script type=\"application\/ld+json\" class=\"yoast-schema-graph\">{\"@context\":\"https:\/\/schema.org\",\"@graph\":[{\"@type\":\"WebSite\",\"@id\":\"https:\/\/www.visit-ulcinj.com\/blog\/#website\",\"url\":\"https:\/\/www.visit-ulcinj.com\/blog\/\",\"name\":\"Lajme nga Ulqini\",\"description\":\"Lajme,Vijesti,Ulqini,Ulqin,Crna Gora,Mali i Zi\",\"potentialAction\":[{\"@type\":\"SearchAction\",\"target\":{\"@type\":\"EntryPoint\",\"urlTemplate\":\"https:\/\/www.visit-ulcinj.com\/blog\/?s={search_term_string}\"},\"query-input\":\"required name=search_term_string\"}],\"inLanguage\":\"en-US\"},{\"@type\":\"ImageObject\",\"inLanguage\":\"en-US\",\"@id\":\"https:\/\/www.visit-ulcinj.com\/blog\/2009\/08\/28\/vikend-na-adi-bojani-samo-za-27-eura\/#primaryimage\",\"url\":\"https:\/\/www.visit-ulcinj.com\/blog\/wp-content\/uploads\/2009\/08\/Vikend-na-Adi-Bojani-samo-za-27-eura.jpg\",\"contentUrl\":\"https:\/\/www.visit-ulcinj.com\/blog\/wp-content\/uploads\/2009\/08\/Vikend-na-Adi-Bojani-samo-za-27-eura.jpg\",\"width\":\"1000\",\"height\":\"400\"},{\"@type\":\"WebPage\",\"@id\":\"https:\/\/www.visit-ulcinj.com\/blog\/2009\/08\/28\/vikend-na-adi-bojani-samo-za-27-eura\/#webpage\",\"url\":\"https:\/\/www.visit-ulcinj.com\/blog\/2009\/08\/28\/vikend-na-adi-bojani-samo-za-27-eura\/\",\"name\":\"Vikend na Adi Bojani je za 27 eura jeftiniji - Lajme nga Ulqini\",\"isPartOf\":{\"@id\":\"https:\/\/www.visit-ulcinj.com\/blog\/#website\"},\"primaryImageOfPage\":{\"@id\":\"https:\/\/www.visit-ulcinj.com\/blog\/2009\/08\/28\/vikend-na-adi-bojani-samo-za-27-eura\/#primaryimage\"},\"datePublished\":\"2009-08-28T17:31:41+00:00\",\"dateModified\":\"2009-08-30T18:34:05+00:00\",\"author\":{\"@id\":\"https:\/\/www.visit-ulcinj.com\/blog\/#\/schema\/person\/dcab619c614d3038751c63bc2aadc06d\"},\"description\":\"Ulcinj - U sutonu glavne sezone, \u201eUlcinjska rivijera\u201c pribjegla je popularnim \u201evikend paketima\u201c, pa ?e trodnevni aran\u017eman u hotelima \u201eOlimpik\u201c i \u201eBelvi\u201c\",\"breadcrumb\":{\"@id\":\"https:\/\/www.visit-ulcinj.com\/blog\/2009\/08\/28\/vikend-na-adi-bojani-samo-za-27-eura\/#breadcrumb\"},\"inLanguage\":\"en-US\",\"potentialAction\":[{\"@type\":\"ReadAction\",\"target\":[\"https:\/\/www.visit-ulcinj.com\/blog\/2009\/08\/28\/vikend-na-adi-bojani-samo-za-27-eura\/\"]}]},{\"@type\":\"BreadcrumbList\",\"@id\":\"https:\/\/www.visit-ulcinj.com\/blog\/2009\/08\/28\/vikend-na-adi-bojani-samo-za-27-eura\/#breadcrumb\",\"itemListElement\":[{\"@type\":\"ListItem\",\"position\":1,\"name\":\"Vikend na Adi Bojani je za 27 eura jeftiniji\"}]},{\"@type\":\"Person\",\"@id\":\"https:\/\/www.visit-ulcinj.com\/blog\/#\/schema\/person\/dcab619c614d3038751c63bc2aadc06d\",\"name\":\"ulqini\",\"sameAs\":[\"http:\/\/www.visit-ulcinj.com\"],\"url\":\"https:\/\/www.visit-ulcinj.com\/blog\/author\/admin\/\"}]}<\/script>\n<!-- \/ Yoast SEO plugin. -->","yoast_head_json":{"title":"Vikend na Adi Bojani je za 27 eura jeftiniji - Lajme nga Ulqini","description":"Ulcinj - U sutonu glavne sezone, \u201eUlcinjska rivijera\u201c pribjegla je popularnim \u201evikend paketima\u201c, pa ?e trodnevni aran\u017eman u hotelima \u201eOlimpik\u201c i \u201eBelvi\u201c","robots":{"index":"index","follow":"follow","max-snippet":"max-snippet:-1","max-image-preview":"max-image-preview:large","max-video-preview":"max-video-preview:-1"},"canonical":"https:\/\/www.visit-ulcinj.com\/blog\/2009\/08\/28\/vikend-na-adi-bojani-samo-za-27-eura\/","og_locale":"en_US","og_type":"article","og_title":"Vikend na Adi Bojani je za 27 eura jeftiniji - Lajme nga Ulqini","og_description":"Ulcinj - U sutonu glavne sezone, \u201eUlcinjska rivijera\u201c pribjegla je popularnim \u201evikend paketima\u201c, pa ?e trodnevni aran\u017eman u hotelima \u201eOlimpik\u201c i \u201eBelvi\u201c","og_url":"https:\/\/www.visit-ulcinj.com\/blog\/2009\/08\/28\/vikend-na-adi-bojani-samo-za-27-eura\/","og_site_name":"Lajme nga Ulqini","article_published_time":"2009-08-28T17:31:41+00:00","article_modified_time":"2009-08-30T18:34:05+00:00","og_image":[{"url":"http:\/\/www.visit-ulcinj.com\/blog\/wp-content\/uploads\/2009\/08\/Vikend-na-Adi-Bojani-samo-za-27-eura.jpg"}],"twitter_misc":{"Written by":"ulqini","Est. reading time":"1 minute"},"schema":{"@context":"https:\/\/schema.org","@graph":[{"@type":"WebSite","@id":"https:\/\/www.visit-ulcinj.com\/blog\/#website","url":"https:\/\/www.visit-ulcinj.com\/blog\/","name":"Lajme nga Ulqini","description":"Lajme,Vijesti,Ulqini,Ulqin,Crna Gora,Mali i Zi","potentialAction":[{"@type":"SearchAction","target":{"@type":"EntryPoint","urlTemplate":"https:\/\/www.visit-ulcinj.com\/blog\/?s={search_term_string}"},"query-input":"required name=search_term_string"}],"inLanguage":"en-US"},{"@type":"ImageObject","inLanguage":"en-US","@id":"https:\/\/www.visit-ulcinj.com\/blog\/2009\/08\/28\/vikend-na-adi-bojani-samo-za-27-eura\/#primaryimage","url":"https:\/\/www.visit-ulcinj.com\/blog\/wp-content\/uploads\/2009\/08\/Vikend-na-Adi-Bojani-samo-za-27-eura.jpg","contentUrl":"https:\/\/www.visit-ulcinj.com\/blog\/wp-content\/uploads\/2009\/08\/Vikend-na-Adi-Bojani-samo-za-27-eura.jpg","width":"1000","height":"400"},{"@type":"WebPage","@id":"https:\/\/www.visit-ulcinj.com\/blog\/2009\/08\/28\/vikend-na-adi-bojani-samo-za-27-eura\/#webpage","url":"https:\/\/www.visit-ulcinj.com\/blog\/2009\/08\/28\/vikend-na-adi-bojani-samo-za-27-eura\/","name":"Vikend na Adi Bojani je za 27 eura jeftiniji - Lajme nga Ulqini","isPartOf":{"@id":"https:\/\/www.visit-ulcinj.com\/blog\/#website"},"primaryImageOfPage":{"@id":"https:\/\/www.visit-ulcinj.com\/blog\/2009\/08\/28\/vikend-na-adi-bojani-samo-za-27-eura\/#primaryimage"},"datePublished":"2009-08-28T17:31:41+00:00","dateModified":"2009-08-30T18:34:05+00:00","author":{"@id":"https:\/\/www.visit-ulcinj.com\/blog\/#\/schema\/person\/dcab619c614d3038751c63bc2aadc06d"},"description":"Ulcinj - U sutonu glavne sezone, \u201eUlcinjska rivijera\u201c pribjegla je popularnim \u201evikend paketima\u201c, pa ?e trodnevni aran\u017eman u hotelima \u201eOlimpik\u201c i \u201eBelvi\u201c","breadcrumb":{"@id":"https:\/\/www.visit-ulcinj.com\/blog\/2009\/08\/28\/vikend-na-adi-bojani-samo-za-27-eura\/#breadcrumb"},"inLanguage":"en-US","potentialAction":[{"@type":"ReadAction","target":["https:\/\/www.visit-ulcinj.com\/blog\/2009\/08\/28\/vikend-na-adi-bojani-samo-za-27-eura\/"]}]},{"@type":"BreadcrumbList","@id":"https:\/\/www.visit-ulcinj.com\/blog\/2009\/08\/28\/vikend-na-adi-bojani-samo-za-27-eura\/#breadcrumb","itemListElement":[{"@type":"ListItem","position":1,"name":"Vikend na Adi Bojani je za 27 eura jeftiniji"}]},{"@type":"Person","@id":"https:\/\/www.visit-ulcinj.com\/blog\/#\/schema\/person\/dcab619c614d3038751c63bc2aadc06d","name":"ulqini","sameAs":["http:\/\/www.visit-ulcinj.com"],"url":"https:\/\/www.visit-ulcinj.com\/blog\/author\/admin\/"}]}},"jetpack_featured_media_url":"","jetpack_sharing_enabled":true,"jetpack_shortlink":"https:\/\/wp.me\/pe6lTn-6w4","_links":{"self":[{"href":"https:\/\/www.visit-ulcinj.com\/blog\/wp-json\/wp\/v2\/posts\/25052"}],"collection":[{"href":"https:\/\/www.visit-ulcinj.com\/blog\/wp-json\/wp\/v2\/posts"}],"about":[{"href":"https:\/\/www.visit-ulcinj.com\/blog\/wp-json\/wp\/v2\/types\/post"}],"author":[{"embeddable":true,"href":"https:\/\/www.visit-ulcinj.com\/blog\/wp-json\/wp\/v2\/users\/1"}],"replies":[{"embeddable":true,"href":"https:\/\/www.visit-ulcinj.com\/blog\/wp-json\/wp\/v2\/comments?post=25052"}],"version-history":[{"count":0,"href":"https:\/\/www.visit-ulcinj.com\/blog\/wp-json\/wp\/v2\/posts\/25052\/revisions"}],"wp:attachment":[{"href":"https:\/\/www.visit-ulcinj.com\/blog\/wp-json\/wp\/v2\/media?parent=25052"}],"wp:term":[{"taxonomy":"category","embeddable":true,"href":"https:\/\/www.visit-ulcinj.com\/blog\/wp-json\/wp\/v2\/categories?post=25052"},{"taxonomy":"post_tag","embeddable":true,"href":"https:\/\/www.visit-ulcinj.com\/blog\/wp-json\/wp\/v2\/tags?post=25052"}],"curies":[{"name":"wp","href":"https:\/\/api.w.org\/{rel}","templated":true}]}}