{"id":25057,"date":"2009-08-28T20:09:52","date_gmt":"2009-08-28T18:09:52","guid":{"rendered":"http:\/\/www.visit-ulcinj.com\/blog\/?p=25057"},"modified":"2009-08-28T20:09:52","modified_gmt":"2009-08-28T18:09:52","slug":"stipendije-za-crnogorske-studente-iz-ulcinja","status":"publish","type":"post","link":"https:\/\/www.visit-ulcinj.com\/blog\/2009\/08\/28\/stipendije-za-crnogorske-studente-iz-ulcinja\/","title":{"rendered":"Stipendije za crnogorske studente iz Ulcinja"},"content":{"rendered":"<p><a href=\"http:\/\/www.visit-ulcinj.com\/blog\/wp-content\/uploads\/2009\/06\/cetiri-maturanta-gimnazije-_bratstvo-jedinstvo_-iz-ulcinja.jpg\"><img loading=\"lazy\" class=\"alignleft\" src=\"http:\/\/www.visit-ulcinj.com\/blog\/wp-content\/uploads\/2009\/06\/cetiri-maturanta-gimnazije-_bratstvo-jedinstvo_-iz-ulcinja.jpg\" alt=\"\" width=\"325\" height=\"212\" \/><\/a>?etvoro svr\u0161enih maturanata iz Crne Gore po?e?e narednog meseca studije u Nema?koj. Oni su dobili stipendiju nema?ke Vlade u visini od 750 evra mese?no i mogu?nost da studiraju na nema?kim univerzitetima.<br \/>\nTo je veliki uspeh za Crnu Goru, ta?nije Gimnaziju u Ulcinju, ukoliko se zna da je to ove godine uspelo tek jednom maturantu iz BiH, dvojici iz Albanije, a nikom iz Srbije ili Kosova.<\/p>\n<p>\u201eStudiranje u Nema?koj je za mene ostvarenje de?a?kog sna\u201c, ka\u017ee 18-godi\u0161nji Marjan Le\u0161i, koji ?e u naredne ?etiri godine izu?avati me?unarodno pravo na Univerzitetu u Minhenu. Le\u0161i je rekao da je ovaj uspeh pre svega rezultat ?injenice da je u njegovoj srednoj \u0161koli, u Gimnaziji u Ulcinju, nema?ki jezik ?etiri godine predavao profesor iz Nema?ke.<br \/>\n\u201eImali smo dva ?asa nedeljno vi\u0161e nego po standardnom planu i programu. Radili smo isto kao da smo u Nema?koj, odnosno kao da nam je nema?ki maternji jezik, tako da svi raspola\u017eemo dobrim znanjem nema?kog.\u201c<\/p>\n<p><strong>Prilika da se napreduje<\/strong><\/p>\n<p>Nora Kalabrezi je tako?e presre?na \u0161to ?e od septembra studirati medicinu u Marburgu. \u201eTo je mogu?nost da \u0161to vi\u0161e napredujem, da imam \u0161to vi\u0161e uspeha. Mislim da je to tako?e mogu?nost da upoznam nove ljude, jednu novu kulturu, i istovremeno da \u017eivim u jednoj zemlji ?lanici Evropske unije, tako da se nadam da ?u se usavr\u0161iti u nekoliko razli?itih aspekata.\u201c<\/p>\n<p><strong>Kalabrezi i Le\u0161i, ina?e, govore po tri strana jezika. Le\u0161i ka\u017ee da je jo\u0161 pre polaska u \u0161kolu po?eo da u?i nema?ki.<\/strong><\/p>\n<p>\u201eImao sam pet ili \u0161est godina kada sam sa bratom, gledaju?i televiziju sa nema?kim programima, po?eo da u?im taj jezik. Zna?i, gledaju?i televiziju nau?ili smo nema?ki i govorili smo ga veoma dobro. Kasnije onda, u petom razredu osnovne \u0161kole po?eo sam i sa nastavnim u?enjem tog jezika.\u201c<\/p>\n<p><strong>&#8220;Mali feniks&#8221;<\/strong><\/p>\n<p><a href=\"http:\/\/www.visit-ulcinj.com\/blog\/wp-content\/uploads\/2008\/01\/ismet-karamanaga.jpg\"><img loading=\"lazy\" class=\"alignleft\" src=\"http:\/\/www.visit-ulcinj.com\/blog\/wp-content\/uploads\/2008\/01\/ismet-karamanaga.jpg\" alt=\"\" width=\"260\" height=\"235\" \/><\/a>I dugogodi\u0161nji profesor nema?kog jezika Ismet Karamanaga ka\u017ee da mladi u Ulcinju imaju poseban dar za strane jezike. Napominju?i da su do 1990. godine Nemci bili sinonim za stranog turistu u Crnoj Gori i da je to osnovni razlog \u0161to mnogo ljudi govori nema?ki, on isti?e:<br \/>\n\u201eZato je rezultat svega toga ovih ?etiri u?enika koji su dobili stipendije nema?ke Vlade. Mislim da ?e to, mo\u017eda, biti jedan \u2019mali feniks\u2019 da se mi uzdignemo i vratimo u ona stara, zlatna vremena na\u0161eg turizma. Verujem da ?e ovi u?enici tome doprineti, naravno ukoliko se vrate u svoj grad.\u201c<\/p>\n<p>U nema?koj Ambasadi u Crnoj Gori nadaju se da ?e popularizaciji nema?kog jezika doprineti i skora\u0161nje otvaranje Kulturno-informativnog centra SR Nema?ke u Podgorici.<\/p>\n<p><strong>autor: Mustafa Canka<br \/>\nodg. urednik: N. Jakovljevi?<\/strong><\/p>\n<h4><a href=\"http:\/\/www.dw-world.de\/dw\/article\/0,,4599440,00.html\" target=\"_blank\">Deutsche Welle<\/a><\/h4>\n<h4><!--YouTube Error: bad URL entered--><\/h4>\n","protected":false},"excerpt":{"rendered":"<p>?etvoro svr\u0161enih maturanata iz Crne Gore po?e?e narednog meseca studije u Nema?koj. Oni su dobili stipendiju nema?ke Vlade u visini od 750 evra mese?no i mogu?nost da studiraju na nema?kim univerzitetima. To je veliki uspeh za Crnu Goru, ta?nije Gimnaziju u Ulcinju, ukoliko se zna da je to ove godine uspelo tek jednom maturantu iz [&hellip;]<\/p>\n","protected":false},"author":1,"featured_media":0,"comment_status":"open","ping_status":"closed","sticky":false,"template":"","format":"standard","meta":{"spay_email":"","jetpack_publicize_message":"","jetpack_is_tweetstorm":false,"jetpack_publicize_feature_enabled":true},"categories":[7],"tags":[306,10915,10918,12306,12307],"jetpack_publicize_connections":[],"yoast_head":"<!-- This site is optimized with the Yoast SEO plugin v19.1 - https:\/\/yoast.com\/wordpress\/plugins\/seo\/ -->\n<title>Stipendije za crnogorske studente iz Ulcinja - Lajme nga Ulqini<\/title>\n<meta name=\"description\" content=\"?etvoro svr\u0161enih maturanata iz Crne Gore po?e?e narednog meseca studije u Nema?koj. Oni su dobili stipendiju nema?ke Vlade u visini od 750 evra mese?no i\" \/>\n<meta name=\"robots\" content=\"index, follow, max-snippet:-1, max-image-preview:large, max-video-preview:-1\" \/>\n<link rel=\"canonical\" href=\"https:\/\/www.visit-ulcinj.com\/blog\/2009\/08\/28\/stipendije-za-crnogorske-studente-iz-ulcinja\/\" \/>\n<meta property=\"og:locale\" content=\"en_US\" \/>\n<meta property=\"og:type\" content=\"article\" \/>\n<meta property=\"og:title\" content=\"Stipendije za crnogorske studente iz Ulcinja - Lajme nga Ulqini\" \/>\n<meta property=\"og:description\" content=\"?etvoro svr\u0161enih maturanata iz Crne Gore po?e?e narednog meseca studije u Nema?koj. Oni su dobili stipendiju nema?ke Vlade u visini od 750 evra mese?no i\" \/>\n<meta property=\"og:url\" content=\"https:\/\/www.visit-ulcinj.com\/blog\/2009\/08\/28\/stipendije-za-crnogorske-studente-iz-ulcinja\/\" \/>\n<meta property=\"og:site_name\" content=\"Lajme nga Ulqini\" \/>\n<meta property=\"article:published_time\" content=\"2009-08-28T18:09:52+00:00\" \/>\n<meta property=\"og:image\" content=\"http:\/\/www.visit-ulcinj.com\/blog\/wp-content\/uploads\/2009\/06\/cetiri-maturanta-gimnazije-_bratstvo-jedinstvo_-iz-ulcinja.jpg\" \/>\n<meta name=\"twitter:label1\" content=\"Written by\" \/>\n\t<meta name=\"twitter:data1\" content=\"ulqini\" \/>\n\t<meta name=\"twitter:label2\" content=\"Est. reading time\" \/>\n\t<meta name=\"twitter:data2\" content=\"2 minutes\" \/>\n<script type=\"application\/ld+json\" class=\"yoast-schema-graph\">{\"@context\":\"https:\/\/schema.org\",\"@graph\":[{\"@type\":\"WebSite\",\"@id\":\"https:\/\/www.visit-ulcinj.com\/blog\/#website\",\"url\":\"https:\/\/www.visit-ulcinj.com\/blog\/\",\"name\":\"Lajme nga Ulqini\",\"description\":\"Lajme,Vijesti,Ulqini,Ulqin,Crna Gora,Mali i Zi\",\"potentialAction\":[{\"@type\":\"SearchAction\",\"target\":{\"@type\":\"EntryPoint\",\"urlTemplate\":\"https:\/\/www.visit-ulcinj.com\/blog\/?s={search_term_string}\"},\"query-input\":\"required name=search_term_string\"}],\"inLanguage\":\"en-US\"},{\"@type\":\"ImageObject\",\"inLanguage\":\"en-US\",\"@id\":\"https:\/\/www.visit-ulcinj.com\/blog\/2009\/08\/28\/stipendije-za-crnogorske-studente-iz-ulcinja\/#primaryimage\",\"url\":\"https:\/\/www.visit-ulcinj.com\/blog\/wp-content\/uploads\/2009\/06\/cetiri-maturanta-gimnazije-_bratstvo-jedinstvo_-iz-ulcinja.jpg\",\"contentUrl\":\"https:\/\/www.visit-ulcinj.com\/blog\/wp-content\/uploads\/2009\/06\/cetiri-maturanta-gimnazije-_bratstvo-jedinstvo_-iz-ulcinja.jpg\",\"width\":\"290\",\"height\":\"190\"},{\"@type\":\"WebPage\",\"@id\":\"https:\/\/www.visit-ulcinj.com\/blog\/2009\/08\/28\/stipendije-za-crnogorske-studente-iz-ulcinja\/#webpage\",\"url\":\"https:\/\/www.visit-ulcinj.com\/blog\/2009\/08\/28\/stipendije-za-crnogorske-studente-iz-ulcinja\/\",\"name\":\"Stipendije za crnogorske studente iz Ulcinja - Lajme nga Ulqini\",\"isPartOf\":{\"@id\":\"https:\/\/www.visit-ulcinj.com\/blog\/#website\"},\"primaryImageOfPage\":{\"@id\":\"https:\/\/www.visit-ulcinj.com\/blog\/2009\/08\/28\/stipendije-za-crnogorske-studente-iz-ulcinja\/#primaryimage\"},\"datePublished\":\"2009-08-28T18:09:52+00:00\",\"dateModified\":\"2009-08-28T18:09:52+00:00\",\"author\":{\"@id\":\"https:\/\/www.visit-ulcinj.com\/blog\/#\/schema\/person\/dcab619c614d3038751c63bc2aadc06d\"},\"description\":\"?etvoro svr\u0161enih maturanata iz Crne Gore po?e?e narednog meseca studije u Nema?koj. Oni su dobili stipendiju nema?ke Vlade u visini od 750 evra mese?no i\",\"breadcrumb\":{\"@id\":\"https:\/\/www.visit-ulcinj.com\/blog\/2009\/08\/28\/stipendije-za-crnogorske-studente-iz-ulcinja\/#breadcrumb\"},\"inLanguage\":\"en-US\",\"potentialAction\":[{\"@type\":\"ReadAction\",\"target\":[\"https:\/\/www.visit-ulcinj.com\/blog\/2009\/08\/28\/stipendije-za-crnogorske-studente-iz-ulcinja\/\"]}]},{\"@type\":\"BreadcrumbList\",\"@id\":\"https:\/\/www.visit-ulcinj.com\/blog\/2009\/08\/28\/stipendije-za-crnogorske-studente-iz-ulcinja\/#breadcrumb\",\"itemListElement\":[{\"@type\":\"ListItem\",\"position\":1,\"name\":\"Stipendije za crnogorske studente iz Ulcinja\"}]},{\"@type\":\"Person\",\"@id\":\"https:\/\/www.visit-ulcinj.com\/blog\/#\/schema\/person\/dcab619c614d3038751c63bc2aadc06d\",\"name\":\"ulqini\",\"sameAs\":[\"http:\/\/www.visit-ulcinj.com\"],\"url\":\"https:\/\/www.visit-ulcinj.com\/blog\/author\/admin\/\"}]}<\/script>\n<!-- \/ Yoast SEO plugin. -->","yoast_head_json":{"title":"Stipendije za crnogorske studente iz Ulcinja - Lajme nga Ulqini","description":"?etvoro svr\u0161enih maturanata iz Crne Gore po?e?e narednog meseca studije u Nema?koj. Oni su dobili stipendiju nema?ke Vlade u visini od 750 evra mese?no i","robots":{"index":"index","follow":"follow","max-snippet":"max-snippet:-1","max-image-preview":"max-image-preview:large","max-video-preview":"max-video-preview:-1"},"canonical":"https:\/\/www.visit-ulcinj.com\/blog\/2009\/08\/28\/stipendije-za-crnogorske-studente-iz-ulcinja\/","og_locale":"en_US","og_type":"article","og_title":"Stipendije za crnogorske studente iz Ulcinja - Lajme nga Ulqini","og_description":"?etvoro svr\u0161enih maturanata iz Crne Gore po?e?e narednog meseca studije u Nema?koj. Oni su dobili stipendiju nema?ke Vlade u visini od 750 evra mese?no i","og_url":"https:\/\/www.visit-ulcinj.com\/blog\/2009\/08\/28\/stipendije-za-crnogorske-studente-iz-ulcinja\/","og_site_name":"Lajme nga Ulqini","article_published_time":"2009-08-28T18:09:52+00:00","og_image":[{"url":"http:\/\/www.visit-ulcinj.com\/blog\/wp-content\/uploads\/2009\/06\/cetiri-maturanta-gimnazije-_bratstvo-jedinstvo_-iz-ulcinja.jpg"}],"twitter_misc":{"Written by":"ulqini","Est. reading time":"2 minutes"},"schema":{"@context":"https:\/\/schema.org","@graph":[{"@type":"WebSite","@id":"https:\/\/www.visit-ulcinj.com\/blog\/#website","url":"https:\/\/www.visit-ulcinj.com\/blog\/","name":"Lajme nga Ulqini","description":"Lajme,Vijesti,Ulqini,Ulqin,Crna Gora,Mali i Zi","potentialAction":[{"@type":"SearchAction","target":{"@type":"EntryPoint","urlTemplate":"https:\/\/www.visit-ulcinj.com\/blog\/?s={search_term_string}"},"query-input":"required name=search_term_string"}],"inLanguage":"en-US"},{"@type":"ImageObject","inLanguage":"en-US","@id":"https:\/\/www.visit-ulcinj.com\/blog\/2009\/08\/28\/stipendije-za-crnogorske-studente-iz-ulcinja\/#primaryimage","url":"https:\/\/www.visit-ulcinj.com\/blog\/wp-content\/uploads\/2009\/06\/cetiri-maturanta-gimnazije-_bratstvo-jedinstvo_-iz-ulcinja.jpg","contentUrl":"https:\/\/www.visit-ulcinj.com\/blog\/wp-content\/uploads\/2009\/06\/cetiri-maturanta-gimnazije-_bratstvo-jedinstvo_-iz-ulcinja.jpg","width":"290","height":"190"},{"@type":"WebPage","@id":"https:\/\/www.visit-ulcinj.com\/blog\/2009\/08\/28\/stipendije-za-crnogorske-studente-iz-ulcinja\/#webpage","url":"https:\/\/www.visit-ulcinj.com\/blog\/2009\/08\/28\/stipendije-za-crnogorske-studente-iz-ulcinja\/","name":"Stipendije za crnogorske studente iz Ulcinja - Lajme nga Ulqini","isPartOf":{"@id":"https:\/\/www.visit-ulcinj.com\/blog\/#website"},"primaryImageOfPage":{"@id":"https:\/\/www.visit-ulcinj.com\/blog\/2009\/08\/28\/stipendije-za-crnogorske-studente-iz-ulcinja\/#primaryimage"},"datePublished":"2009-08-28T18:09:52+00:00","dateModified":"2009-08-28T18:09:52+00:00","author":{"@id":"https:\/\/www.visit-ulcinj.com\/blog\/#\/schema\/person\/dcab619c614d3038751c63bc2aadc06d"},"description":"?etvoro svr\u0161enih maturanata iz Crne Gore po?e?e narednog meseca studije u Nema?koj. Oni su dobili stipendiju nema?ke Vlade u visini od 750 evra mese?no i","breadcrumb":{"@id":"https:\/\/www.visit-ulcinj.com\/blog\/2009\/08\/28\/stipendije-za-crnogorske-studente-iz-ulcinja\/#breadcrumb"},"inLanguage":"en-US","potentialAction":[{"@type":"ReadAction","target":["https:\/\/www.visit-ulcinj.com\/blog\/2009\/08\/28\/stipendije-za-crnogorske-studente-iz-ulcinja\/"]}]},{"@type":"BreadcrumbList","@id":"https:\/\/www.visit-ulcinj.com\/blog\/2009\/08\/28\/stipendije-za-crnogorske-studente-iz-ulcinja\/#breadcrumb","itemListElement":[{"@type":"ListItem","position":1,"name":"Stipendije za crnogorske studente iz Ulcinja"}]},{"@type":"Person","@id":"https:\/\/www.visit-ulcinj.com\/blog\/#\/schema\/person\/dcab619c614d3038751c63bc2aadc06d","name":"ulqini","sameAs":["http:\/\/www.visit-ulcinj.com"],"url":"https:\/\/www.visit-ulcinj.com\/blog\/author\/admin\/"}]}},"jetpack_featured_media_url":"","jetpack_sharing_enabled":true,"jetpack_shortlink":"https:\/\/wp.me\/pe6lTn-6w9","_links":{"self":[{"href":"https:\/\/www.visit-ulcinj.com\/blog\/wp-json\/wp\/v2\/posts\/25057"}],"collection":[{"href":"https:\/\/www.visit-ulcinj.com\/blog\/wp-json\/wp\/v2\/posts"}],"about":[{"href":"https:\/\/www.visit-ulcinj.com\/blog\/wp-json\/wp\/v2\/types\/post"}],"author":[{"embeddable":true,"href":"https:\/\/www.visit-ulcinj.com\/blog\/wp-json\/wp\/v2\/users\/1"}],"replies":[{"embeddable":true,"href":"https:\/\/www.visit-ulcinj.com\/blog\/wp-json\/wp\/v2\/comments?post=25057"}],"version-history":[{"count":0,"href":"https:\/\/www.visit-ulcinj.com\/blog\/wp-json\/wp\/v2\/posts\/25057\/revisions"}],"wp:attachment":[{"href":"https:\/\/www.visit-ulcinj.com\/blog\/wp-json\/wp\/v2\/media?parent=25057"}],"wp:term":[{"taxonomy":"category","embeddable":true,"href":"https:\/\/www.visit-ulcinj.com\/blog\/wp-json\/wp\/v2\/categories?post=25057"},{"taxonomy":"post_tag","embeddable":true,"href":"https:\/\/www.visit-ulcinj.com\/blog\/wp-json\/wp\/v2\/tags?post=25057"}],"curies":[{"name":"wp","href":"https:\/\/api.w.org\/{rel}","templated":true}]}}