{"id":25147,"date":"2009-08-30T18:44:31","date_gmt":"2009-08-30T16:44:31","guid":{"rendered":"http:\/\/www.visit-ulcinj.com\/blog\/?p=25147"},"modified":"2023-04-01T13:42:38","modified_gmt":"2023-04-01T12:42:38","slug":"ljeto-2009-na-ulcinjskoj-rivijeri-i-dalje-dobra-posjeta-turista","status":"publish","type":"post","link":"https:\/\/www.visit-ulcinj.com\/blog\/2009\/08\/30\/ljeto-2009-na-ulcinjskoj-rivijeri-i-dalje-dobra-posjeta-turista\/","title":{"rendered":"\u201cLjeto 2009\u201d : na Ulcinjskoj rivijeri i dalje dobra posjeta turista"},"content":{"rendered":"<p><strong>Mobil: Viber + Whatsapp: +382 69 335 534\u00a0 : +382 69 335 512<\/strong><\/p>\n<p><strong><a href=\"http:\/\/www.visit-ulcinj.com\/blog\/wp-content\/uploads\/2009\/08\/Mala-Plaza_ulcinj_crna-gora.jpg\"><img loading=\"lazy\" class=\"alignleft size-full wp-image-25149\" title=\"Mala Plaza_ulcinj_crna gora\" src=\"http:\/\/www.visit-ulcinj.com\/blog\/wp-content\/uploads\/2009\/08\/Mala-Plaza_ulcinj_crna-gora.jpg\" alt=\"Mala Plaza_ulcinj_crna gora\" width=\"580\" height=\"400\" \/><\/a>\u201cLjeto 2009\u201d : na Ulcinjskoj rivijeri i dalje dobra posjeta turista, a o?ekuju se rekordi i u Septembru<br \/>\nPovratak starih gostiju<\/strong><br \/>\nU na\u0161em najju\u017enijem ljetovali\u0161tu voga ljeta se ?uju razni jezici, \u0161to potvr?uje potpuno novu strukturu gostiju, koji su u rekordnom broju stigli iz zemalja regiona, ali i iz zapadne i isto?ne Evrope. Sada\u0161nje stanje 13 odsto bolje nego krajem avgusta pro\u0161le godine<\/p>\n<p>Iako je kraj avgusta, kada se, po pravilu, osjetnije smanjuje broj turista u svim ljetovali\u0161tima, zbog po?etka \u0161kolske godine, u na\u0161em najju\u017enijem se to ne osje?a. Dobra posjeta i dalje traje. Prema zvani?nim podacima, na podru?ju ulcinjske op\u0161tine odmara blizu 20 hiljada registrovanih turista, \u0161to je 13 odsto vi\u0161e nego u ovo vrijeme pro\u0161le godine.<\/p>\n<p><a href=\"http:\/\/www.visit-ulcinj.com\/blog\/wp-content\/uploads\/2009\/08\/vaso-radovic.jpg\"><img loading=\"lazy\" class=\"alignright size-full wp-image-25150\" title=\"vaso-radovic\" src=\"http:\/\/www.visit-ulcinj.com\/blog\/wp-content\/uploads\/2009\/08\/vaso-radovic.jpg\" alt=\"vaso-radovic\" width=\"267\" height=\"246\" srcset=\"https:\/\/www.visit-ulcinj.com\/blog\/wp-content\/uploads\/2009\/08\/vaso-radovic.jpg 507w, https:\/\/www.visit-ulcinj.com\/blog\/wp-content\/uploads\/2009\/08\/vaso-radovic-300x277.jpg 300w\" sizes=\"(max-width: 267px) 100vw, 267px\" \/><\/a>-Nakon veoma dobre predsezone, imali smo osjetan pad posjete u julu. Razlog je bilo ki\u0161ovito vrijeme, da bi lijepim vremenom, koje je uslijedilo krajem jula i jo\u0161 traje, imali posjetu kakvu ove godine nijesu predvi?ali ni najve?i optimisti. Tako je avgust &#8220;kompezovao&#8221; sve julske minuse i sada ve? mo\u017eemo sa sigurno\u0161?u re?i da ?emo imati dobru sezonu, ?ak ne\u0161to bolju od pro\u0161logodi\u0161nje, kazao je za &#8220;Pobjedu nedjeljom&#8221; Vaso Radovi?, sekretar Sekretarijata za privredu i ekonomski razvoj op\u0161tine Ulcinj.<\/p>\n<p>Uz napomenu da u ovoj op\u0161tini boravi veliki broj gostiju koji nijesu registrovani kao turisti, on ka\u017ee da je posjeta zna?ajno ve?a od brojki koje bilje\u017ei zvani?na statistika. To se potvr?uje na svakom mjestu, od ulaza u grad pa do Ade na Bojani, a posebno na brojnim atraktivno ure?enim pla\u017eama, koje su krcate u toku dana, i na \u0161etali\u0161tima i restoranskim terasama i ba\u0161tama u ve?ernjim satima.<\/p>\n<p>-Raduje nas ovako brojno prisustvo gostiju, ali nas naro?ito raduje da nam se struktura bitnije izmijenila ove sezone. Tako ovoga ljeta nijesu gosti sa Kosova dominantni kao prethodne dvije decenije, jer su nam u mnogo ve?em broju nego prethodnih godina stigli gosti iz Bosne, Srbije i drugih zemalja regiona. Tako?e zna?ajno je pove?an broj turista i iz zemalja zapadne i isto?ne Evrope, ka\u017ee Radovi? i dodaje da su im gosti do\u0161li i iz susjedne Albanije, napominju?i da je na grani?nom prelazu Sukobin zabilje\u017een rekord od 8.500 turisti?kih ulazaka u jednom danu. U toku jednog dana evidentiran je i dolazak 21. turisti?kog autobusa iz raznih krajeva sa kojima je stizalo vi\u0161e od hiljadu turista.<\/p>\n<p><a href=\"http:\/\/www.visit-ulcinj.com\/blog\/wp-content\/uploads\/2009\/08\/Iberostar-Otrant-Beach_ulcinj.jpg\"><img loading=\"lazy\" class=\"alignleft size-medium wp-image-25151\" title=\"Iberostar Otrant Beach_ulcinj\" src=\"http:\/\/www.visit-ulcinj.com\/blog\/wp-content\/uploads\/2009\/08\/Iberostar-Otrant-Beach_ulcinj-300x186.jpg\" alt=\"Iberostar Otrant Beach_ulcinj\" width=\"300\" height=\"186\" srcset=\"https:\/\/www.visit-ulcinj.com\/blog\/wp-content\/uploads\/2009\/08\/Iberostar-Otrant-Beach_ulcinj-300x186.jpg 300w, https:\/\/www.visit-ulcinj.com\/blog\/wp-content\/uploads\/2009\/08\/Iberostar-Otrant-Beach_ulcinj.jpg 750w\" sizes=\"(max-width: 300px) 100vw, 300px\" \/><\/a>Iako se Ulcinj suo?ava s nedostatkom hotelskih kapaciteta vi\u0161eg standarda, postoje?a ponuda je ovoga ljeta prili?no uspje\u0161no odgovorila zahtjevima tra\u017enje. Prije svega zahvaljuju?i kapacitetima &#8220;Otranta&#8221;, u kome je hotelski lanac &#8220;Ibero star&#8221; 250 kreveta dovela na nivo ?etiri zvjezdice, kao i zna?ajno osvje\u017eena ponuda HTP &#8220;Ulcinjska rivijera&#8221; na Velikoj pla\u017ei i na Adi. U ponudi su i brojni novoizgra?eni i luksuzno opremljeni mali hoteli i apartmani u privatnim ku?ama du\u017e ulcinjske rivijere, naro?ito u zale?u Velike pla\u017ee. U ponudi je uklju?en i biv\u0161i dom penzionera, koji od ove sezone radi kao hotel sa tri zvjezdice.<br \/>\n<a href=\"http:\/\/www.visit-ulcinj.com\/blog\/wp-content\/uploads\/2009\/08\/Iberostar-Otrant-Beach_ulcinj-montenegro.jpg\"><img loading=\"lazy\" class=\"alignleft size-full wp-image-25152\" title=\"Iberostar Otrant Beach_ulcinj-montenegro\" src=\"http:\/\/www.visit-ulcinj.com\/blog\/wp-content\/uploads\/2009\/08\/Iberostar-Otrant-Beach_ulcinj-montenegro.jpg\" alt=\"Iberostar Otrant Beach_ulcinj-montenegro\" width=\"580\" height=\"225\" \/><\/a><br \/>\n-U ponudi na\u0161e op\u0161tine posebno bih izdvojio pla\u017ee i kupali\u0161ta, od kojih je ve?i broj opremljen i ure?en po najvi\u0161im ekolo\u0161kim i drugim standardima. To najbolje potvr?uje podatak da od 18 plavih zastavica u Crnoj Gori sedam su na ulcinjskim pla\u017eama, isti?e Vaso Radovi? i napominje da velike nade pola\u017eu u nastavak dobre posjete i produ\u017eetak sezone u toku septembra, pa i oktobra.<\/p>\n<p>-Produ\u017eetku sezone mo\u017ee posebno doprinijeti toplo vrijeme koje se najavljuje, a ono \u0161to je bilo do nas ve? je ura?eno &#8211; ponuda je osjetno povoljnija, s obzirom na to da su u narednom periodu cijene ni\u017ee od onih u juli i avgustu &#8211; 20 do 30 procenata. I to kako usluga smje\u0161taja, tako i cijene pla\u017enog mobilijara i drugih usluga, zaklju?io je Radovi?.<\/p>\n<p><strong>Boravi\u0161na taksa-pau\u0161alno<\/strong><\/p>\n<p>Vlasnici turisti?kih objekata svoje obaveze po osnovu boravi\u0161ne takse u ulcinjskoj op\u0161tini mogu pla?ati pau\u0161alno. Po\u0161to jo\u0161 nije konstituisana op\u0161tinska turisti?ka organizacija, turizam je u nadle\u017enosti Sekretarijata za privredu i ekonomski razvoj. Sekretar Vaso Radovi? smatra da je bitno da se gosti registruju, uz napomenu da i dalje imaju veliki broj neregistrovanih turisti?kih kapaciteta, u kojima borave gosti &#8211; tako?e bez registracije.<br \/>\n<strong><br \/>\nDobra kampanja dovela goste<\/strong><\/p>\n<p>-Ove godine smo imali mnogo ve?u i kvalitetniju kampanju. Imali smo u vidu ekonomsku krizu, koja je zahvatila ?itav svijet, pa smo kampanju fokusirali na zemlje regiona, ali nijesmo zapostavili ni ostala tr\u017ei\u0161ta, ka\u017ee Radovi?. -To se potvrdilo kao jako dobro, jer su nam u velikom broju do\u0161li gosti ba\u0161 sa tih podru?ja gdje smo vodili ozbiljniju kampanju, a to su Bosna, Srbija, Makedonija, Kosovo, Albanija, pa i Slovenija i Hrvatska, kao i Poljska, ?e\u0161ka, Ukrajina, Rusija, Rumunija&#8230;<\/p>\n<p><strong>Hajdinaga: Veoma uspje\u0161na sezona<\/strong><\/p>\n<p><a href=\"http:\/\/www.visit-ulcinj.com\/blog\/2009\/08\/30\/%e2%80%9cljeto-2009%e2%80%9d-na-ulcinjskoj-rivijeri-i-dalje-dobra-posjeta-turista\/gezim-hajdinaga_kryetari-i-komunes-se-ulqinit-2\/\" rel=\"attachment wp-att-25153\"><img loading=\"lazy\" class=\"alignright size-medium wp-image-25153\" title=\"G\u00ebzim Hajdinaga_Kryetari i Komun\u00ebs s\u00eb Ulqinit\" src=\"http:\/\/www.visit-ulcinj.com\/blog\/wp-content\/uploads\/2009\/08\/G\u00ebzim-Hajdinaga_Kryetari-i-Komun\u00ebs-s\u00eb-Ulqinit1-300x224.jpg\" alt=\"G\u00ebzim Hajdinaga_Kryetari i Komun\u00ebs s\u00eb Ulqinit\" width=\"300\" height=\"224\" \/><\/a>-Ovogodi\u0161nja turisti?ka sezona u na\u0161oj op\u0161tini je jako uspje\u0161na. Broj turista i ostvareni promet u proteklom periodu daje nam za pravo da ka\u017eem da se na\u0161 optimizam potvrdio. Sve ovo je rezultat na\u0161ih promotivnih aktivnosti, koje su bile vrlo efektne, kako one koje smo izveli samostalno, tako i one u saradnji sa Turisti?kom organizacijom Crne Gore i Ministarstvom turizma. Da je sve to dalo dobre rezultate, dokaz je i to \u0161to smo ovoga ljeta najve?i broj gostiju imali sa prostora gdje smo imali ja?i promotivni nastup. Ono \u0161to je novina u ovoj sezoni jeste masovnija posjeta, odnosno povratak na\u0161ih starih gostiju. Tu prije svega mislim na turiste iz Bosne, odakle smo procentualno zabilje\u017eili najve?i rast prometa. Tako?e zna?ajno pove?anje broja gostiju bilje\u017eimo iz Srbije, za koje su Velika pla\u017ea i Ada ponovo postali privla?ni, kazao je predsjednik op\u0161tine Ulcinj, Gzim Hajdinaga.<\/p>\n<p>-Posebno nas raduje ?injenica da se u Ulcinju ?uju razni jezici, kao nekada, \u0161to nas naro?ito ohrabruje da u na\u0161 grad do?u novi &#8211; stari gosti sa raznih meridijana. Sve to je imalo za rezultat da smo u pojedinim periodima imali od 15 do 25 odsto vi\u0161e gostiju nego u istom periodu pro\u0161le godine. Veoma dobru posjetu imamo i sada, iako je na pomolu po?etak nove \u0161kolske godine, kao i to da je u toku ramazanski mjesec posta. O?ekivali smo da ?e poslije 20. avgusta nastupiti uobi?ajena &#8220;osjeka&#8221;, ali to se nije dogodilo. Posjeta je neznatno opala.<br \/>\n<a href=\"http:\/\/www.visit-ulcinj.com\/blog\/wp-content\/uploads\/2009\/08\/velika-plaza-ulcinj-montenegro.01.jpg\"><img loading=\"lazy\" class=\"alignleft size-medium wp-image-25154\" title=\"velika plaza ulcinj montenegro.01\" src=\"http:\/\/www.visit-ulcinj.com\/blog\/wp-content\/uploads\/2009\/08\/velika-plaza-ulcinj-montenegro.01-300x225.jpg\" alt=\"velika plaza ulcinj montenegro.01\" width=\"300\" height=\"225\" srcset=\"https:\/\/www.visit-ulcinj.com\/blog\/wp-content\/uploads\/2009\/08\/velika-plaza-ulcinj-montenegro.01-300x225.jpg 300w, https:\/\/www.visit-ulcinj.com\/blog\/wp-content\/uploads\/2009\/08\/velika-plaza-ulcinj-montenegro.01.jpg 640w\" sizes=\"(max-width: 300px) 100vw, 300px\" \/><\/a><br \/>\n-Ulcinjska op\u0161tina je potvrdila ovoga ljeta da je prava turisti?ka destinacija, koja iz godine u godinu ima sve kavalitetniju ponudu. Pored novih hotelskih i ugostiteljskih sadr\u017eaja, tu su i sve ure?enija kupali\u0161ta i pla\u017ee, na kojima se vijori sedam plavih zastavica, kao znak priznanja za visoke ekolo\u0161ke standarde.<\/p>\n<p>-Uprkos velikom prilivu turista, kojih je tokom avgusta bilo ?etiri puta vi\u0161e nego \u0161to Ulcinj ima stanovnika, grad i okolna naselja bili su ?isti i ure?eni. Uz to, moram ista?i da u na\u0161oj op\u0161tini ove sezone raduje ?injenica da nijesmo imali ve?ih problema niti bilo kakvih incidenata karakteristi?nih za \u0161pic sezone. Ovom prilikom \u017eelio bih da se zahvalim svim ljudima koji daju nemjerljiv doprinos da Ulcinj bude adresa koja se sve vi\u0161e tra\u017ei od pravih, sve zahtjevnijih turista, kao destinacija za pravi u\u017eitak i bezbjedan boravak. Ulcinj je potvrdio da sve vi\u0161e postaje destinacija mla?e populacije, sa bogatim i raznovrsnim kulturno &#8211; zabavnim sadr\u017eajima i programima, bez buke, koja bi ometala prijatan odmor gostima i mje\u0161tanima, rekao je Hajdinaga.<\/p>\n<p><strong>Nikola Perkovi?<br \/>\n<a href=\"http:\/\/www.pobjeda.co.me\/citanje.php?datum=2009-08-30&amp;id=170208\" target=\"_blank\" rel=\"noopener\">Pobjeda<\/a><\/strong><\/p>\n<p>[flv width=&#8221;580&#8243; height=&#8221;400&#8243;]http:\/\/video.ak.facebook.com\/video-ak-sf2p\/v2686\/129\/65\/1136146338119_15026.mp4[\/flv]<\/p>\n<p><strong>Video Selver Seki Vukovic<\/strong><\/p>\n","protected":false},"excerpt":{"rendered":"<p>Mobil: Viber + Whatsapp: +382 69 335 534\u00a0 : +382 69 335 512 \u201cLjeto 2009\u201d : na Ulcinjskoj rivijeri i dalje dobra posjeta turista, a o?ekuju se rekordi i u Septembru Povratak starih gostiju U na\u0161em najju\u017enijem ljetovali\u0161tu voga ljeta se ?uju razni jezici, \u0161to potvr?uje potpuno novu strukturu gostiju, koji su u rekordnom broju [&hellip;]<\/p>\n","protected":false},"author":1,"featured_media":0,"comment_status":"open","ping_status":"closed","sticky":false,"template":"","format":"standard","meta":{"spay_email":"","jetpack_publicize_message":"","jetpack_is_tweetstorm":false,"jetpack_publicize_feature_enabled":true},"categories":[15],"tags":[12312,3167,3315,140,1398,250,788,2786,12315,12311,3168,12314,4487,3947,2477,12313,19,543,137],"jetpack_publicize_connections":[],"yoast_head":"<!-- This site is optimized with the Yoast SEO plugin v19.1 - https:\/\/yoast.com\/wordpress\/plugins\/seo\/ -->\n<title>\u201cLjeto 2009\u201d : na Ulcinjskoj rivijeri i dalje dobra posjeta turista - Lajme nga Ulqini<\/title>\n<meta name=\"description\" content=\"Mobil: Viber + Whatsapp: +382 69 335 534\u00a0 : +382 69 335 512 \u201cLjeto 2009\u201d : na Ulcinjskoj rivijeri i dalje dobra posjeta turista, a o?ekuju se rekordi i u\" \/>\n<meta name=\"robots\" content=\"index, follow, max-snippet:-1, max-image-preview:large, max-video-preview:-1\" \/>\n<link rel=\"canonical\" href=\"https:\/\/www.visit-ulcinj.com\/blog\/2009\/08\/30\/ljeto-2009-na-ulcinjskoj-rivijeri-i-dalje-dobra-posjeta-turista\/\" \/>\n<meta property=\"og:locale\" content=\"en_US\" \/>\n<meta property=\"og:type\" content=\"article\" \/>\n<meta property=\"og:title\" content=\"\u201cLjeto 2009\u201d : na Ulcinjskoj rivijeri i dalje dobra posjeta turista - Lajme nga Ulqini\" \/>\n<meta property=\"og:description\" content=\"Mobil: Viber + Whatsapp: +382 69 335 534\u00a0 : +382 69 335 512 \u201cLjeto 2009\u201d : na Ulcinjskoj rivijeri i dalje dobra posjeta turista, a o?ekuju se rekordi i u\" \/>\n<meta property=\"og:url\" content=\"https:\/\/www.visit-ulcinj.com\/blog\/2009\/08\/30\/ljeto-2009-na-ulcinjskoj-rivijeri-i-dalje-dobra-posjeta-turista\/\" \/>\n<meta property=\"og:site_name\" content=\"Lajme nga Ulqini\" \/>\n<meta property=\"article:published_time\" content=\"2009-08-30T16:44:31+00:00\" \/>\n<meta property=\"article:modified_time\" content=\"2023-04-01T12:42:38+00:00\" \/>\n<meta property=\"og:image\" content=\"http:\/\/www.visit-ulcinj.com\/blog\/wp-content\/uploads\/2009\/08\/Mala-Plaza_ulcinj_crna-gora.jpg\" \/>\n<meta name=\"twitter:label1\" content=\"Written by\" \/>\n\t<meta name=\"twitter:data1\" content=\"ulqini\" \/>\n\t<meta name=\"twitter:label2\" content=\"Est. reading time\" \/>\n\t<meta name=\"twitter:data2\" content=\"7 minutes\" \/>\n<script type=\"application\/ld+json\" class=\"yoast-schema-graph\">{\"@context\":\"https:\/\/schema.org\",\"@graph\":[{\"@type\":\"WebSite\",\"@id\":\"https:\/\/www.visit-ulcinj.com\/blog\/#website\",\"url\":\"https:\/\/www.visit-ulcinj.com\/blog\/\",\"name\":\"Lajme nga Ulqini\",\"description\":\"Lajme,Vijesti,Ulqini,Ulqin,Crna Gora,Mali i Zi\",\"potentialAction\":[{\"@type\":\"SearchAction\",\"target\":{\"@type\":\"EntryPoint\",\"urlTemplate\":\"https:\/\/www.visit-ulcinj.com\/blog\/?s={search_term_string}\"},\"query-input\":\"required name=search_term_string\"}],\"inLanguage\":\"en-US\"},{\"@type\":\"ImageObject\",\"inLanguage\":\"en-US\",\"@id\":\"https:\/\/www.visit-ulcinj.com\/blog\/2009\/08\/30\/ljeto-2009-na-ulcinjskoj-rivijeri-i-dalje-dobra-posjeta-turista\/#primaryimage\",\"url\":\"https:\/\/www.visit-ulcinj.com\/blog\/wp-content\/uploads\/2009\/08\/Mala-Plaza_ulcinj_crna-gora.jpg\",\"contentUrl\":\"https:\/\/www.visit-ulcinj.com\/blog\/wp-content\/uploads\/2009\/08\/Mala-Plaza_ulcinj_crna-gora.jpg\",\"width\":\"1204\",\"height\":\"903\"},{\"@type\":\"WebPage\",\"@id\":\"https:\/\/www.visit-ulcinj.com\/blog\/2009\/08\/30\/ljeto-2009-na-ulcinjskoj-rivijeri-i-dalje-dobra-posjeta-turista\/#webpage\",\"url\":\"https:\/\/www.visit-ulcinj.com\/blog\/2009\/08\/30\/ljeto-2009-na-ulcinjskoj-rivijeri-i-dalje-dobra-posjeta-turista\/\",\"name\":\"\u201cLjeto 2009\u201d : na Ulcinjskoj rivijeri i dalje dobra posjeta turista - Lajme nga Ulqini\",\"isPartOf\":{\"@id\":\"https:\/\/www.visit-ulcinj.com\/blog\/#website\"},\"primaryImageOfPage\":{\"@id\":\"https:\/\/www.visit-ulcinj.com\/blog\/2009\/08\/30\/ljeto-2009-na-ulcinjskoj-rivijeri-i-dalje-dobra-posjeta-turista\/#primaryimage\"},\"datePublished\":\"2009-08-30T16:44:31+00:00\",\"dateModified\":\"2023-04-01T12:42:38+00:00\",\"author\":{\"@id\":\"https:\/\/www.visit-ulcinj.com\/blog\/#\/schema\/person\/dcab619c614d3038751c63bc2aadc06d\"},\"description\":\"Mobil: Viber + Whatsapp: +382 69 335 534\u00a0 : +382 69 335 512 \u201cLjeto 2009\u201d : na Ulcinjskoj rivijeri i dalje dobra posjeta turista, a o?ekuju se rekordi i u\",\"breadcrumb\":{\"@id\":\"https:\/\/www.visit-ulcinj.com\/blog\/2009\/08\/30\/ljeto-2009-na-ulcinjskoj-rivijeri-i-dalje-dobra-posjeta-turista\/#breadcrumb\"},\"inLanguage\":\"en-US\",\"potentialAction\":[{\"@type\":\"ReadAction\",\"target\":[\"https:\/\/www.visit-ulcinj.com\/blog\/2009\/08\/30\/ljeto-2009-na-ulcinjskoj-rivijeri-i-dalje-dobra-posjeta-turista\/\"]}]},{\"@type\":\"BreadcrumbList\",\"@id\":\"https:\/\/www.visit-ulcinj.com\/blog\/2009\/08\/30\/ljeto-2009-na-ulcinjskoj-rivijeri-i-dalje-dobra-posjeta-turista\/#breadcrumb\",\"itemListElement\":[{\"@type\":\"ListItem\",\"position\":1,\"name\":\"\u201cLjeto 2009\u201d : na Ulcinjskoj rivijeri i dalje dobra posjeta turista\"}]},{\"@type\":\"Person\",\"@id\":\"https:\/\/www.visit-ulcinj.com\/blog\/#\/schema\/person\/dcab619c614d3038751c63bc2aadc06d\",\"name\":\"ulqini\",\"sameAs\":[\"http:\/\/www.visit-ulcinj.com\"],\"url\":\"https:\/\/www.visit-ulcinj.com\/blog\/author\/admin\/\"}]}<\/script>\n<!-- \/ Yoast SEO plugin. -->","yoast_head_json":{"title":"\u201cLjeto 2009\u201d : na Ulcinjskoj rivijeri i dalje dobra posjeta turista - Lajme nga Ulqini","description":"Mobil: Viber + Whatsapp: +382 69 335 534\u00a0 : +382 69 335 512 \u201cLjeto 2009\u201d : na Ulcinjskoj rivijeri i dalje dobra posjeta turista, a o?ekuju se rekordi i u","robots":{"index":"index","follow":"follow","max-snippet":"max-snippet:-1","max-image-preview":"max-image-preview:large","max-video-preview":"max-video-preview:-1"},"canonical":"https:\/\/www.visit-ulcinj.com\/blog\/2009\/08\/30\/ljeto-2009-na-ulcinjskoj-rivijeri-i-dalje-dobra-posjeta-turista\/","og_locale":"en_US","og_type":"article","og_title":"\u201cLjeto 2009\u201d : na Ulcinjskoj rivijeri i dalje dobra posjeta turista - Lajme nga Ulqini","og_description":"Mobil: Viber + Whatsapp: +382 69 335 534\u00a0 : +382 69 335 512 \u201cLjeto 2009\u201d : na Ulcinjskoj rivijeri i dalje dobra posjeta turista, a o?ekuju se rekordi i u","og_url":"https:\/\/www.visit-ulcinj.com\/blog\/2009\/08\/30\/ljeto-2009-na-ulcinjskoj-rivijeri-i-dalje-dobra-posjeta-turista\/","og_site_name":"Lajme nga Ulqini","article_published_time":"2009-08-30T16:44:31+00:00","article_modified_time":"2023-04-01T12:42:38+00:00","og_image":[{"url":"http:\/\/www.visit-ulcinj.com\/blog\/wp-content\/uploads\/2009\/08\/Mala-Plaza_ulcinj_crna-gora.jpg"}],"twitter_misc":{"Written by":"ulqini","Est. reading time":"7 minutes"},"schema":{"@context":"https:\/\/schema.org","@graph":[{"@type":"WebSite","@id":"https:\/\/www.visit-ulcinj.com\/blog\/#website","url":"https:\/\/www.visit-ulcinj.com\/blog\/","name":"Lajme nga Ulqini","description":"Lajme,Vijesti,Ulqini,Ulqin,Crna Gora,Mali i Zi","potentialAction":[{"@type":"SearchAction","target":{"@type":"EntryPoint","urlTemplate":"https:\/\/www.visit-ulcinj.com\/blog\/?s={search_term_string}"},"query-input":"required name=search_term_string"}],"inLanguage":"en-US"},{"@type":"ImageObject","inLanguage":"en-US","@id":"https:\/\/www.visit-ulcinj.com\/blog\/2009\/08\/30\/ljeto-2009-na-ulcinjskoj-rivijeri-i-dalje-dobra-posjeta-turista\/#primaryimage","url":"https:\/\/www.visit-ulcinj.com\/blog\/wp-content\/uploads\/2009\/08\/Mala-Plaza_ulcinj_crna-gora.jpg","contentUrl":"https:\/\/www.visit-ulcinj.com\/blog\/wp-content\/uploads\/2009\/08\/Mala-Plaza_ulcinj_crna-gora.jpg","width":"1204","height":"903"},{"@type":"WebPage","@id":"https:\/\/www.visit-ulcinj.com\/blog\/2009\/08\/30\/ljeto-2009-na-ulcinjskoj-rivijeri-i-dalje-dobra-posjeta-turista\/#webpage","url":"https:\/\/www.visit-ulcinj.com\/blog\/2009\/08\/30\/ljeto-2009-na-ulcinjskoj-rivijeri-i-dalje-dobra-posjeta-turista\/","name":"\u201cLjeto 2009\u201d : na Ulcinjskoj rivijeri i dalje dobra posjeta turista - Lajme nga Ulqini","isPartOf":{"@id":"https:\/\/www.visit-ulcinj.com\/blog\/#website"},"primaryImageOfPage":{"@id":"https:\/\/www.visit-ulcinj.com\/blog\/2009\/08\/30\/ljeto-2009-na-ulcinjskoj-rivijeri-i-dalje-dobra-posjeta-turista\/#primaryimage"},"datePublished":"2009-08-30T16:44:31+00:00","dateModified":"2023-04-01T12:42:38+00:00","author":{"@id":"https:\/\/www.visit-ulcinj.com\/blog\/#\/schema\/person\/dcab619c614d3038751c63bc2aadc06d"},"description":"Mobil: Viber + Whatsapp: +382 69 335 534\u00a0 : +382 69 335 512 \u201cLjeto 2009\u201d : na Ulcinjskoj rivijeri i dalje dobra posjeta turista, a o?ekuju se rekordi i u","breadcrumb":{"@id":"https:\/\/www.visit-ulcinj.com\/blog\/2009\/08\/30\/ljeto-2009-na-ulcinjskoj-rivijeri-i-dalje-dobra-posjeta-turista\/#breadcrumb"},"inLanguage":"en-US","potentialAction":[{"@type":"ReadAction","target":["https:\/\/www.visit-ulcinj.com\/blog\/2009\/08\/30\/ljeto-2009-na-ulcinjskoj-rivijeri-i-dalje-dobra-posjeta-turista\/"]}]},{"@type":"BreadcrumbList","@id":"https:\/\/www.visit-ulcinj.com\/blog\/2009\/08\/30\/ljeto-2009-na-ulcinjskoj-rivijeri-i-dalje-dobra-posjeta-turista\/#breadcrumb","itemListElement":[{"@type":"ListItem","position":1,"name":"\u201cLjeto 2009\u201d : na Ulcinjskoj rivijeri i dalje dobra posjeta turista"}]},{"@type":"Person","@id":"https:\/\/www.visit-ulcinj.com\/blog\/#\/schema\/person\/dcab619c614d3038751c63bc2aadc06d","name":"ulqini","sameAs":["http:\/\/www.visit-ulcinj.com"],"url":"https:\/\/www.visit-ulcinj.com\/blog\/author\/admin\/"}]}},"jetpack_featured_media_url":"","jetpack_sharing_enabled":true,"jetpack_shortlink":"https:\/\/wp.me\/pe6lTn-6xB","_links":{"self":[{"href":"https:\/\/www.visit-ulcinj.com\/blog\/wp-json\/wp\/v2\/posts\/25147"}],"collection":[{"href":"https:\/\/www.visit-ulcinj.com\/blog\/wp-json\/wp\/v2\/posts"}],"about":[{"href":"https:\/\/www.visit-ulcinj.com\/blog\/wp-json\/wp\/v2\/types\/post"}],"author":[{"embeddable":true,"href":"https:\/\/www.visit-ulcinj.com\/blog\/wp-json\/wp\/v2\/users\/1"}],"replies":[{"embeddable":true,"href":"https:\/\/www.visit-ulcinj.com\/blog\/wp-json\/wp\/v2\/comments?post=25147"}],"version-history":[{"count":2,"href":"https:\/\/www.visit-ulcinj.com\/blog\/wp-json\/wp\/v2\/posts\/25147\/revisions"}],"predecessor-version":[{"id":106917,"href":"https:\/\/www.visit-ulcinj.com\/blog\/wp-json\/wp\/v2\/posts\/25147\/revisions\/106917"}],"wp:attachment":[{"href":"https:\/\/www.visit-ulcinj.com\/blog\/wp-json\/wp\/v2\/media?parent=25147"}],"wp:term":[{"taxonomy":"category","embeddable":true,"href":"https:\/\/www.visit-ulcinj.com\/blog\/wp-json\/wp\/v2\/categories?post=25147"},{"taxonomy":"post_tag","embeddable":true,"href":"https:\/\/www.visit-ulcinj.com\/blog\/wp-json\/wp\/v2\/tags?post=25147"}],"curies":[{"name":"wp","href":"https:\/\/api.w.org\/{rel}","templated":true}]}}