{"id":25162,"date":"2009-08-30T19:48:12","date_gmt":"2009-08-30T17:48:12","guid":{"rendered":"http:\/\/www.visit-ulcinj.com\/blog\/?p=25162"},"modified":"2009-08-30T20:45:45","modified_gmt":"2009-08-30T18:45:45","slug":"ulcinjska-rivijera-13-vise-turista-nego-prosle-godine","status":"publish","type":"post","link":"https:\/\/www.visit-ulcinj.com\/blog\/2009\/08\/30\/ulcinjska-rivijera-13-vise-turista-nego-prosle-godine\/","title":{"rendered":"Ulcinjska rivijera: 13% vi\u0161e turista nego pro\u0161le godine"},"content":{"rendered":"<p><a href=\"http:\/\/www.visit-ulcinj.com\/blog\/wp-content\/uploads\/2009\/08\/turisti-u-crnu-goru.jpg\"><img loading=\"lazy\" class=\"alignleft size-full wp-image-25163\" title=\"turisti u crnu goru\" src=\"http:\/\/www.visit-ulcinj.com\/blog\/wp-content\/uploads\/2009\/08\/turisti-u-crnu-goru.jpg\" alt=\"turisti u crnu goru\" width=\"580\" height=\"350\" \/><\/a>ULCINJ &#8211; U Ulcinju ovoga ljeta se ?uju razni jezici, \u0161to potvr?uje potpuno novu strukturu gostiju, koji su u rekordnom broju stigli iz zemalja regiona, ali i iz zapadne i isto?ne Evrope. Sada\u0161nje stanje 13 odsto bolje nego krajem avgusta pro\u0161le godine.<\/p>\n<p>Iako je kraj avgusta, kada se, po pravilu, osjetnije smanjuje broj turista u svim ljetovali\u0161tima, zbog po?etka \u0161kolske godine, u na\u0161em najju\u017enijem se to ne osje?a. Dobra posjeta i dalje traje. Prema zvani?nim podacima, na podru?ju ulcinjske op\u0161tine odmara blizu 20 hiljada registrovanih turista, \u0161to je 13 odsto vi\u0161e nego u ovo vrijeme pro\u0161le godine.<\/p>\n<p>&#8211; Nakon veoma dobre predsezone, imali smo osjetan pad posjete u julu. <a href=\"http:\/\/www.visit-ulcinj.com\/blog\/wp-content\/uploads\/2009\/08\/Vaso-Radovi?-sekretar-Sekretarijata-za-privredu-i-ekonomski-razvoj-op\u0161tine-Ulcinj.jpg\"><img loading=\"lazy\" class=\"alignright size-full wp-image-25164\" title=\"Vaso Radovi?, sekretar Sekretarijata za privredu i ekonomski razvoj op\u0161tine Ulcinj\" src=\"http:\/\/www.visit-ulcinj.com\/blog\/wp-content\/uploads\/2009\/08\/Vaso-Radovi?-sekretar-Sekretarijata-za-privredu-i-ekonomski-razvoj-op\u0161tine-Ulcinj.jpg\" alt=\"Vaso Radovi?, sekretar Sekretarijata za privredu i ekonomski razvoj op\u0161tine Ulcinj\" width=\"304\" height=\"281\" \/><\/a>Razlog je bilo ki\u0161ovito vrijeme, da bi lijepim vremenom, koje je uslijedilo krajem jula i jo\u0161 traje, imali posjetu kakvu ove godine nijesu predvi?ali ni najve?i optimisti. Tako je avgust &#8220;kompezovao&#8221; sve julske minuse i sada ve? mo\u017eemo sa sigurno\u0161?u re?i da ?emo imati dobru sezonu, ?ak ne\u0161to bolju od pro\u0161logodi\u0161nje, kazao je za &#8220;Pobjedu nedjeljom&#8221; Vaso Radovi?, sekretar Sekretarijata za privredu i ekonomski razvoj op\u0161tine Ulcinj.<\/p>\n<p>Uz napomenu da u ovoj op\u0161tini boravi veliki broj gostiju koji nijesu registrovani kao turisti, on ka\u017ee da je posjeta zna?ajno ve?a od brojki koje bilje\u017ei zvani?na statistika. To se potvr?uje na svakom mjestu, od ulaza u grad pa do Ade na Bojani, a posebno na brojnim atraktivno ure?enim pla\u017eama, koje su krcate u toku dana, i na \u0161etali\u0161tima i restoranskim terasama i ba\u0161tama u ve?ernjim satima.<\/p>\n<p>&#8211; Raduje nas ovako brojno prisustvo gostiju, ali nas naro?ito raduje da nam se struktura bitnije izmijenila ove sezone. Tako ovoga ljeta nijesu gosti sa Kosova dominantni kao prethodne dvije decenije, jer su nam u mnogo ve?em broju nego prethodnih godina stigli gosti iz Bosne, Srbije i drugih zemalja regiona. Tako?e zna?ajno je pove?an broj turista i iz zemalja zapadne i isto?ne Evrope, ka\u017ee Radovi? i dodaje da su im gosti do\u0161li i iz susjedne Albanije, napominju?i da je na grani?nom prelazu Sukobin zabilje\u017een rekord od 8.500 turisti?kih ulazaka u jednom danu. U toku jednog dana evidentiran je i dolazak 21. turisti?kog autobusa iz raznih krajeva sa kojima je stizalo vi\u0161e od hiljadu turista.<\/p>\n<p>Iako se Ulcinj suo?ava s nedostatkom hotelskih kapaciteta vi\u0161eg standarda, postoje?a ponuda je ovoga ljeta prili?no uspje\u0161no odgovorila zahtjevima tra\u017enje. Prije svega zahvaljuju?i kapacitetima &#8220;Otranta&#8221;, u kome je hotelski lanac &#8220;Iberostar&#8221; 250 kreveta dovela na nivo ?etiri zvjezdice, kao i zna?ajno osvje\u017eena ponuda HTP &#8220;Ulcinjska rivijera&#8221; na Velikoj pla\u017ei i na Adi. U ponudi su i brojni novoizgra?eni i luksuzno opremljeni mali hoteli i apartmani u privatnim ku?ama du\u017e ulcinjske rivijere, naro?ito u zale?u Velike pla\u017ee. U ponudi je uklju?en i biv\u0161i dom penzionera, koji od ove sezone radi kao hotel sa tri zvjezdice.<\/p>\n<p>&#8211; U ponudi na\u0161e op\u0161tine posebno bih izdvojio pla\u017ee i kupali\u0161ta, od kojih je ve?i broj opremljen i ure?en po najvi\u0161im ekolo\u0161kim i drugim standardima. To najbolje potvr?uje podatak da od 18 plavih zastavica u Crnoj Gori sedam su na ulcinjskim pla\u017eama, isti?e Vaso Radovi? i napominje da velike nade pola\u017eu u nastavak dobre posjete i produ\u017eetak sezone u toku septembra, pa i oktobra.<\/p>\n<p>&#8211; Produ\u017eetku sezone mo\u017ee posebno doprinijeti toplo vrijeme koje se najavljuje, a ono \u0161to je bilo do nas ve? je ura?eno &#8211; ponuda je osjetno povoljnija, s obzirom na to da su u narednom periodu cijene ni\u017ee od onih u juli i avgustu &#8211; 20 do 30 procenata. I to kako usluga smje\u0161taja, tako i cijene pla\u017enog mobilijara i drugih usluga, zaklju?io je Radovi?.<\/p>\n<p><strong>Pobjeda<\/strong><\/p>\n<p>[flv width=&#8221;580&#8243; height=&#8221;400&#8243;]http:\/\/video.ak.facebook.com\/video-ak-sf2p\/v2686\/129\/65\/1136146338119_15026.mp4[\/flv]<\/p>\n<p><strong>Video Selver Seki Vukovic<\/strong><\/p>\n","protected":false},"excerpt":{"rendered":"<p>ULCINJ &#8211; U Ulcinju ovoga ljeta se ?uju razni jezici, \u0161to potvr?uje potpuno novu strukturu gostiju, koji su u rekordnom broju stigli iz zemalja regiona, ali i iz zapadne i isto?ne Evrope. Sada\u0161nje stanje 13 odsto bolje nego krajem avgusta pro\u0161le godine. Iako je kraj avgusta, kada se, po pravilu, osjetnije smanjuje broj turista u [&hellip;]<\/p>\n","protected":false},"author":1,"featured_media":0,"comment_status":"open","ping_status":"closed","sticky":false,"template":"","format":"standard","meta":{"spay_email":"","jetpack_publicize_message":"","jetpack_is_tweetstorm":false,"jetpack_publicize_feature_enabled":true},"categories":[10],"tags":[12317,12318,250,264,849,543,12319],"jetpack_publicize_connections":[],"yoast_head":"<!-- This site is optimized with the Yoast SEO plugin v19.1 - https:\/\/yoast.com\/wordpress\/plugins\/seo\/ -->\n<title>Ulcinjska rivijera: 13% vi\u0161e turista nego pro\u0161le godine - Lajme nga Ulqini<\/title>\n<meta name=\"description\" content=\"ULCINJ - U Ulcinju ovoga ljeta se ?uju razni jezici, \u0161to potvr?uje potpuno novu strukturu gostiju, koji su u rekordnom broju stigli iz zemalja regiona,\" \/>\n<meta name=\"robots\" content=\"index, follow, max-snippet:-1, max-image-preview:large, max-video-preview:-1\" \/>\n<link rel=\"canonical\" href=\"https:\/\/www.visit-ulcinj.com\/blog\/2009\/08\/30\/ulcinjska-rivijera-13-vise-turista-nego-prosle-godine\/\" \/>\n<meta property=\"og:locale\" content=\"en_US\" \/>\n<meta property=\"og:type\" content=\"article\" \/>\n<meta property=\"og:title\" content=\"Ulcinjska rivijera: 13% vi\u0161e turista nego pro\u0161le godine - Lajme nga Ulqini\" \/>\n<meta property=\"og:description\" content=\"ULCINJ - U Ulcinju ovoga ljeta se ?uju razni jezici, \u0161to potvr?uje potpuno novu strukturu gostiju, koji su u rekordnom broju stigli iz zemalja regiona,\" \/>\n<meta property=\"og:url\" content=\"https:\/\/www.visit-ulcinj.com\/blog\/2009\/08\/30\/ulcinjska-rivijera-13-vise-turista-nego-prosle-godine\/\" \/>\n<meta property=\"og:site_name\" content=\"Lajme nga Ulqini\" \/>\n<meta property=\"article:published_time\" content=\"2009-08-30T17:48:12+00:00\" \/>\n<meta property=\"article:modified_time\" content=\"2009-08-30T18:45:45+00:00\" \/>\n<meta property=\"og:image\" content=\"http:\/\/www.visit-ulcinj.com\/blog\/wp-content\/uploads\/2009\/08\/turisti-u-crnu-goru.jpg\" \/>\n<meta name=\"twitter:label1\" content=\"Written by\" \/>\n\t<meta name=\"twitter:data1\" content=\"ulqini\" \/>\n\t<meta name=\"twitter:label2\" content=\"Est. reading time\" \/>\n\t<meta name=\"twitter:data2\" content=\"3 minutes\" \/>\n<script type=\"application\/ld+json\" class=\"yoast-schema-graph\">{\"@context\":\"https:\/\/schema.org\",\"@graph\":[{\"@type\":\"WebSite\",\"@id\":\"https:\/\/www.visit-ulcinj.com\/blog\/#website\",\"url\":\"https:\/\/www.visit-ulcinj.com\/blog\/\",\"name\":\"Lajme nga Ulqini\",\"description\":\"Lajme,Vijesti,Ulqini,Ulqin,Crna Gora,Mali i Zi\",\"potentialAction\":[{\"@type\":\"SearchAction\",\"target\":{\"@type\":\"EntryPoint\",\"urlTemplate\":\"https:\/\/www.visit-ulcinj.com\/blog\/?s={search_term_string}\"},\"query-input\":\"required name=search_term_string\"}],\"inLanguage\":\"en-US\"},{\"@type\":\"ImageObject\",\"inLanguage\":\"en-US\",\"@id\":\"https:\/\/www.visit-ulcinj.com\/blog\/2009\/08\/30\/ulcinjska-rivijera-13-vise-turista-nego-prosle-godine\/#primaryimage\",\"url\":\"https:\/\/www.visit-ulcinj.com\/blog\/wp-content\/uploads\/2009\/08\/turisti-u-crnu-goru.jpg\",\"contentUrl\":\"https:\/\/www.visit-ulcinj.com\/blog\/wp-content\/uploads\/2009\/08\/turisti-u-crnu-goru.jpg\",\"width\":\"488\",\"height\":\"250\"},{\"@type\":\"WebPage\",\"@id\":\"https:\/\/www.visit-ulcinj.com\/blog\/2009\/08\/30\/ulcinjska-rivijera-13-vise-turista-nego-prosle-godine\/#webpage\",\"url\":\"https:\/\/www.visit-ulcinj.com\/blog\/2009\/08\/30\/ulcinjska-rivijera-13-vise-turista-nego-prosle-godine\/\",\"name\":\"Ulcinjska rivijera: 13% vi\u0161e turista nego pro\u0161le godine - Lajme nga Ulqini\",\"isPartOf\":{\"@id\":\"https:\/\/www.visit-ulcinj.com\/blog\/#website\"},\"primaryImageOfPage\":{\"@id\":\"https:\/\/www.visit-ulcinj.com\/blog\/2009\/08\/30\/ulcinjska-rivijera-13-vise-turista-nego-prosle-godine\/#primaryimage\"},\"datePublished\":\"2009-08-30T17:48:12+00:00\",\"dateModified\":\"2009-08-30T18:45:45+00:00\",\"author\":{\"@id\":\"https:\/\/www.visit-ulcinj.com\/blog\/#\/schema\/person\/dcab619c614d3038751c63bc2aadc06d\"},\"description\":\"ULCINJ - U Ulcinju ovoga ljeta se ?uju razni jezici, \u0161to potvr?uje potpuno novu strukturu gostiju, koji su u rekordnom broju stigli iz zemalja regiona,\",\"breadcrumb\":{\"@id\":\"https:\/\/www.visit-ulcinj.com\/blog\/2009\/08\/30\/ulcinjska-rivijera-13-vise-turista-nego-prosle-godine\/#breadcrumb\"},\"inLanguage\":\"en-US\",\"potentialAction\":[{\"@type\":\"ReadAction\",\"target\":[\"https:\/\/www.visit-ulcinj.com\/blog\/2009\/08\/30\/ulcinjska-rivijera-13-vise-turista-nego-prosle-godine\/\"]}]},{\"@type\":\"BreadcrumbList\",\"@id\":\"https:\/\/www.visit-ulcinj.com\/blog\/2009\/08\/30\/ulcinjska-rivijera-13-vise-turista-nego-prosle-godine\/#breadcrumb\",\"itemListElement\":[{\"@type\":\"ListItem\",\"position\":1,\"name\":\"Ulcinjska rivijera: 13% vi\u0161e turista nego pro\u0161le godine\"}]},{\"@type\":\"Person\",\"@id\":\"https:\/\/www.visit-ulcinj.com\/blog\/#\/schema\/person\/dcab619c614d3038751c63bc2aadc06d\",\"name\":\"ulqini\",\"sameAs\":[\"http:\/\/www.visit-ulcinj.com\"],\"url\":\"https:\/\/www.visit-ulcinj.com\/blog\/author\/admin\/\"}]}<\/script>\n<!-- \/ Yoast SEO plugin. -->","yoast_head_json":{"title":"Ulcinjska rivijera: 13% vi\u0161e turista nego pro\u0161le godine - Lajme nga Ulqini","description":"ULCINJ - U Ulcinju ovoga ljeta se ?uju razni jezici, \u0161to potvr?uje potpuno novu strukturu gostiju, koji su u rekordnom broju stigli iz zemalja regiona,","robots":{"index":"index","follow":"follow","max-snippet":"max-snippet:-1","max-image-preview":"max-image-preview:large","max-video-preview":"max-video-preview:-1"},"canonical":"https:\/\/www.visit-ulcinj.com\/blog\/2009\/08\/30\/ulcinjska-rivijera-13-vise-turista-nego-prosle-godine\/","og_locale":"en_US","og_type":"article","og_title":"Ulcinjska rivijera: 13% vi\u0161e turista nego pro\u0161le godine - Lajme nga Ulqini","og_description":"ULCINJ - U Ulcinju ovoga ljeta se ?uju razni jezici, \u0161to potvr?uje potpuno novu strukturu gostiju, koji su u rekordnom broju stigli iz zemalja regiona,","og_url":"https:\/\/www.visit-ulcinj.com\/blog\/2009\/08\/30\/ulcinjska-rivijera-13-vise-turista-nego-prosle-godine\/","og_site_name":"Lajme nga Ulqini","article_published_time":"2009-08-30T17:48:12+00:00","article_modified_time":"2009-08-30T18:45:45+00:00","og_image":[{"url":"http:\/\/www.visit-ulcinj.com\/blog\/wp-content\/uploads\/2009\/08\/turisti-u-crnu-goru.jpg"}],"twitter_misc":{"Written by":"ulqini","Est. reading time":"3 minutes"},"schema":{"@context":"https:\/\/schema.org","@graph":[{"@type":"WebSite","@id":"https:\/\/www.visit-ulcinj.com\/blog\/#website","url":"https:\/\/www.visit-ulcinj.com\/blog\/","name":"Lajme nga Ulqini","description":"Lajme,Vijesti,Ulqini,Ulqin,Crna Gora,Mali i Zi","potentialAction":[{"@type":"SearchAction","target":{"@type":"EntryPoint","urlTemplate":"https:\/\/www.visit-ulcinj.com\/blog\/?s={search_term_string}"},"query-input":"required name=search_term_string"}],"inLanguage":"en-US"},{"@type":"ImageObject","inLanguage":"en-US","@id":"https:\/\/www.visit-ulcinj.com\/blog\/2009\/08\/30\/ulcinjska-rivijera-13-vise-turista-nego-prosle-godine\/#primaryimage","url":"https:\/\/www.visit-ulcinj.com\/blog\/wp-content\/uploads\/2009\/08\/turisti-u-crnu-goru.jpg","contentUrl":"https:\/\/www.visit-ulcinj.com\/blog\/wp-content\/uploads\/2009\/08\/turisti-u-crnu-goru.jpg","width":"488","height":"250"},{"@type":"WebPage","@id":"https:\/\/www.visit-ulcinj.com\/blog\/2009\/08\/30\/ulcinjska-rivijera-13-vise-turista-nego-prosle-godine\/#webpage","url":"https:\/\/www.visit-ulcinj.com\/blog\/2009\/08\/30\/ulcinjska-rivijera-13-vise-turista-nego-prosle-godine\/","name":"Ulcinjska rivijera: 13% vi\u0161e turista nego pro\u0161le godine - Lajme nga Ulqini","isPartOf":{"@id":"https:\/\/www.visit-ulcinj.com\/blog\/#website"},"primaryImageOfPage":{"@id":"https:\/\/www.visit-ulcinj.com\/blog\/2009\/08\/30\/ulcinjska-rivijera-13-vise-turista-nego-prosle-godine\/#primaryimage"},"datePublished":"2009-08-30T17:48:12+00:00","dateModified":"2009-08-30T18:45:45+00:00","author":{"@id":"https:\/\/www.visit-ulcinj.com\/blog\/#\/schema\/person\/dcab619c614d3038751c63bc2aadc06d"},"description":"ULCINJ - U Ulcinju ovoga ljeta se ?uju razni jezici, \u0161to potvr?uje potpuno novu strukturu gostiju, koji su u rekordnom broju stigli iz zemalja regiona,","breadcrumb":{"@id":"https:\/\/www.visit-ulcinj.com\/blog\/2009\/08\/30\/ulcinjska-rivijera-13-vise-turista-nego-prosle-godine\/#breadcrumb"},"inLanguage":"en-US","potentialAction":[{"@type":"ReadAction","target":["https:\/\/www.visit-ulcinj.com\/blog\/2009\/08\/30\/ulcinjska-rivijera-13-vise-turista-nego-prosle-godine\/"]}]},{"@type":"BreadcrumbList","@id":"https:\/\/www.visit-ulcinj.com\/blog\/2009\/08\/30\/ulcinjska-rivijera-13-vise-turista-nego-prosle-godine\/#breadcrumb","itemListElement":[{"@type":"ListItem","position":1,"name":"Ulcinjska rivijera: 13% vi\u0161e turista nego pro\u0161le godine"}]},{"@type":"Person","@id":"https:\/\/www.visit-ulcinj.com\/blog\/#\/schema\/person\/dcab619c614d3038751c63bc2aadc06d","name":"ulqini","sameAs":["http:\/\/www.visit-ulcinj.com"],"url":"https:\/\/www.visit-ulcinj.com\/blog\/author\/admin\/"}]}},"jetpack_featured_media_url":"","jetpack_sharing_enabled":true,"jetpack_shortlink":"https:\/\/wp.me\/pe6lTn-6xQ","_links":{"self":[{"href":"https:\/\/www.visit-ulcinj.com\/blog\/wp-json\/wp\/v2\/posts\/25162"}],"collection":[{"href":"https:\/\/www.visit-ulcinj.com\/blog\/wp-json\/wp\/v2\/posts"}],"about":[{"href":"https:\/\/www.visit-ulcinj.com\/blog\/wp-json\/wp\/v2\/types\/post"}],"author":[{"embeddable":true,"href":"https:\/\/www.visit-ulcinj.com\/blog\/wp-json\/wp\/v2\/users\/1"}],"replies":[{"embeddable":true,"href":"https:\/\/www.visit-ulcinj.com\/blog\/wp-json\/wp\/v2\/comments?post=25162"}],"version-history":[{"count":0,"href":"https:\/\/www.visit-ulcinj.com\/blog\/wp-json\/wp\/v2\/posts\/25162\/revisions"}],"wp:attachment":[{"href":"https:\/\/www.visit-ulcinj.com\/blog\/wp-json\/wp\/v2\/media?parent=25162"}],"wp:term":[{"taxonomy":"category","embeddable":true,"href":"https:\/\/www.visit-ulcinj.com\/blog\/wp-json\/wp\/v2\/categories?post=25162"},{"taxonomy":"post_tag","embeddable":true,"href":"https:\/\/www.visit-ulcinj.com\/blog\/wp-json\/wp\/v2\/tags?post=25162"}],"curies":[{"name":"wp","href":"https:\/\/api.w.org\/{rel}","templated":true}]}}