{"id":25173,"date":"2009-08-31T19:19:20","date_gmt":"2009-08-31T17:19:20","guid":{"rendered":"http:\/\/www.visit-ulcinj.com\/blog\/?p=25173"},"modified":"2009-08-31T19:21:10","modified_gmt":"2009-08-31T17:21:10","slug":"kumtese-komuna-e-tuzit-mbrojtje-nga-diskriminimi","status":"publish","type":"post","link":"https:\/\/www.visit-ulcinj.com\/blog\/2009\/08\/31\/kumtese-komuna-e-tuzit-mbrojtje-nga-diskriminimi\/","title":{"rendered":"Kumtes\u00eb: Komuna e Tuzit &#8211; mbrojtje nga diskriminimi"},"content":{"rendered":"<p><strong><a href=\"http:\/\/www.visit-ulcinj.com\/blog\/wp-content\/uploads\/2009\/08\/Forca-e-re-demokratike.jpg\"><img loading=\"lazy\" class=\"alignleft size-full wp-image-25174\" title=\"Forca e re demokratike\" src=\"http:\/\/www.visit-ulcinj.com\/blog\/wp-content\/uploads\/2009\/08\/Forca-e-re-demokratike.jpg\" alt=\"Forca e re demokratike\" width=\"580\" height=\"240\" \/><\/a>Kumtes\u00eb, 31.08.2009<\/strong><\/p>\n<p><strong>KOMUNA E TUZIT- MBROJTJE NGA DISKRIMINIMI <\/strong><\/p>\n<p>Projekt ligji p\u00ebr\u00a0 organizimin territoriale t\u00eb Malit t\u00eb Zi, i cili \u00ebsht\u00eb n\u00eb diskutim publik, ka nxitur polemika dhe reagime nga individ apo subjekte t\u00eb ndryshme politike.<\/p>\n<p>Nuk ka dilem\u00eb s\u00eb\u00a0 tem\u00eb qendrore \u00ebsht\u00eb mund\u00ebsia e themelimit t\u00eb komunave t\u00eb reja\u00a0 k\u00ebrkesa k\u00ebto t\u00eb cilat jan\u00eb paraqitur m\u00eb koh\u00eb nga subjekte t\u00eb ndryshme politike, sidomos pas aplikimit t\u00eb pluralizmit n\u00eb Mal t\u00eb Zi. N\u00eb ket\u00eb aspekt me k\u00ebrkesa t\u00eb tilla vazhdimisht jan\u00eb paraqitur subjektet politike shqiptare duke k\u00ebrkuar statusin e komun\u00ebs s\u00eb plot\u00eb t\u00eb Tuzit p\u00ebr territorin e Mal\u00ebsis\u00eb.<\/p>\n<p>Paraqitjet publike t\u00eb k\u00ebtyre dit\u00ebve nga subjektet politike parlamentare n\u00eb lidhje me k\u00ebt\u00eb \u00e7\u00ebshtje t\u00eb kujtojn\u00eb fushatat parazgjedhore por me nj\u00eb dallim se subjektet opozitare jan\u00eb p\u00ebr formimin e komunave t\u00eb reja si ajo e Tuzit, Petnjic\u00ebs, Zet\u00ebs etj., nd\u00ebrsa subjektet e pushtetit aktual(DPS-SDP) ende jan\u00eb duke hezituar n\u00eb ket\u00eb drejtim.<\/p>\n<p>I p\u00ebrkujtojm\u00eb\u00a0 opinionit t\u00eb gjer\u00eb se Komuna e Tuzit nuk \u00ebsht\u00eb \u00e7\u00ebshtje partiake apo e klaneve t\u00eb ndryshme por \u00ebsht\u00eb \u00e7\u00ebshtje demokratike dhe e lirive e t\u00eb drejtave t\u00eb njeriut\u00a0 n\u00eb Malin e Zi multinacional dhe multikulturor. Andaj\u00a0 \u00ebsht\u00eb koha e fundit q\u00eb Mali i Zi duhet t\u00eb zbatoj\u00eb n\u00eb praktik\u00eb standard\u00ebt demokratike evropiane duke mund\u00ebsuar realizimin praktik t\u00eb autonomis\u00eb lokale aty ku ekzistojn\u00eb kushtet optimale.<\/p>\n<p>Ndarja e re territoriale n\u00eb Mal t\u00eb Zi duhet t\u00eb jet\u00eb n\u00eb favor t\u00eb\u00a0 decentralizimit t\u00eb pushtetit dhe t\u00eb interesave t\u00eb qytetar\u00ebve, ku duhet t\u00eb integrohen edhe pjes\u00ebtar\u00ebt e popujve pakic\u00eb apo pakicave nacionale p\u00ebrmes qeverisjes s\u00eb pakic\u00ebs duke ruajtur identitetin e tyre nacional. N\u00ebse nj\u00eb kriter\u00a0 i till\u00eb n\u00eb koh\u00ebn e monizmit nuk \u00ebsht\u00eb marr\u00eb parasysh n\u00eb vitin 1957 kur \u00ebsht\u00eb b\u00ebr\u00eb ndarja e fundit territoriale, n\u00eb rrethana t\u00eb tjera shoq\u00ebrore pas 50 vitesh duhet t\u00eb evitohen paragjykimet dhe t\u00eb realizohet n\u00eb praktik\u00eb barazia nacionale dhe qytetare p\u00ebrmes formimit t\u00eb komunave t\u00eb reja enkas p\u00ebr popujt pakic\u00eb apo pakicat nacionale.<\/p>\n<p>Nga ana tjet\u00ebr koncepti i organizmit territorial p\u00ebrmes Komunave urbane ku b\u00ebn pjes\u00eb edhe KU e Tuzit \u00ebsht\u00eb treguar jofunksional dhe\u00a0 si i till\u00eb i d\u00ebmsh\u00ebm p\u00ebr qytetar\u00ebt e Mal\u00ebsis\u00eb. Andaj, nj\u00eb koncept t\u00eb till\u00eb demagogjik mund ta p\u00ebrkrahin vet\u00ebm ata t\u00eb cil\u00ebt n\u00eb politik\u00eb jan\u00eb t\u00eb angazhuar p\u00ebr interesa t\u00eb vogla personale e askush tjet\u00ebr.<\/p>\n<p>Nd\u00ebrsa kriteri i qendrueshm\u00ebris\u00eb\u00a0 ekonomike, si baz\u00eb p\u00ebr komun\u00ebn e Tuzit nuk mund t\u00eb arsyetohet m\u00eb agj\u00eb sepse n\u00eb Mal t\u00eb Zi ekzistojn\u00eb disa komuna q\u00eb jan\u00eb m\u00eb num\u00ebr m\u00eb t\u00eb vog\u00ebl banor\u00ebsh dhe me resurse me t\u00eb vogla ekonomike. Por, \u00ebsht\u00eb mungesa permanente e vullnetit politik t\u00eb pushtetit p\u00ebr avancimin e Tuzit komun\u00eb me ingerenca t\u00eb plota sikurse jan\u00eb 21 komunat tjera n\u00eb Mal t\u00eb Zi.<\/p>\n<p>Duke e konsideruar komun\u00ebn e plot\u00eb t\u00eb Tuzit si \u00e7\u00ebshtje kruciale p\u00ebr t\u00eb gjith\u00eb shqiptar\u00ebt n\u00eb Mal t\u00eb Zi FORCA fton t\u00eb gjith\u00eb subjektet politike shqiptare q\u00eb n\u00eb ket\u00eb aspekt t\u00eb jen\u00eb unik sepse ajo \u00ebsht\u00eb n\u00eb favor t\u00eb egzistenc\u00ebs s\u00eb entitetit ton\u00eb dhe mbrojtjes nga diskriminimi n\u00eb ket\u00eb mjedis.<\/p>\n<p>N\u00eb lidhje me k\u00ebt\u00eb\u00a0 \u00e7\u00ebshtje ne do t\u00eb sensibilizojm\u00eb opinionin e brendsh\u00ebm dhe t\u00eb jasht\u00ebm, duke ofruar argumente mbi mund\u00ebsin\u00eb optimale t\u00eb funksionimit t\u00eb komun\u00ebs s\u00eb plot\u00eb t\u00eb Tuzit.<\/p>\n<p><strong><br \/>\nUlqin, 30.8.2009<\/strong><\/p>\n<p><strong>Sh\u00ebrbimi p\u00ebr informim<\/strong><\/p>\n<p><strong><!--YouTube Error: bad URL entered--><br \/>\n<\/strong><\/p>\n","protected":false},"excerpt":{"rendered":"<p>Kumtes\u00eb, 31.08.2009 KOMUNA E TUZIT- MBROJTJE NGA DISKRIMINIMI Projekt ligji p\u00ebr\u00a0 organizimin territoriale t\u00eb Malit t\u00eb Zi, i cili \u00ebsht\u00eb n\u00eb diskutim publik, ka nxitur polemika dhe reagime nga individ apo subjekte t\u00eb ndryshme politike. Nuk ka dilem\u00eb s\u00eb\u00a0 tem\u00eb qendrore \u00ebsht\u00eb mund\u00ebsia e themelimit t\u00eb komunave t\u00eb reja\u00a0 k\u00ebrkesa k\u00ebto t\u00eb cilat jan\u00eb paraqitur [&hellip;]<\/p>\n","protected":false},"author":1,"featured_media":0,"comment_status":"open","ping_status":"closed","sticky":false,"template":"","format":"standard","meta":{"spay_email":"","jetpack_publicize_message":"","jetpack_is_tweetstorm":false,"jetpack_publicize_feature_enabled":true},"categories":[6],"tags":[12320,672,5328,95,18],"jetpack_publicize_connections":[],"yoast_head":"<!-- This site is optimized with the Yoast SEO plugin v19.1 - https:\/\/yoast.com\/wordpress\/plugins\/seo\/ -->\n<title>Kumtes\u00eb: Komuna e Tuzit - mbrojtje nga diskriminimi - Lajme nga Ulqini<\/title>\n<meta name=\"description\" content=\"Kumtes\u00eb, 31.08.2009 KOMUNA E TUZIT- MBROJTJE NGA DISKRIMINIMI Projekt ligji p\u00ebr\u00a0 organizimin territoriale t\u00eb Malit t\u00eb Zi, i cili \u00ebsht\u00eb n\u00eb diskutim publik,\" \/>\n<meta name=\"robots\" content=\"index, follow, max-snippet:-1, max-image-preview:large, max-video-preview:-1\" \/>\n<link rel=\"canonical\" href=\"https:\/\/www.visit-ulcinj.com\/blog\/2009\/08\/31\/kumtese-komuna-e-tuzit-mbrojtje-nga-diskriminimi\/\" \/>\n<meta property=\"og:locale\" content=\"en_US\" \/>\n<meta property=\"og:type\" content=\"article\" \/>\n<meta property=\"og:title\" content=\"Kumtes\u00eb: Komuna e Tuzit - mbrojtje nga diskriminimi - Lajme nga Ulqini\" \/>\n<meta property=\"og:description\" content=\"Kumtes\u00eb, 31.08.2009 KOMUNA E TUZIT- MBROJTJE NGA DISKRIMINIMI Projekt ligji p\u00ebr\u00a0 organizimin territoriale t\u00eb Malit t\u00eb Zi, i cili \u00ebsht\u00eb n\u00eb diskutim publik,\" \/>\n<meta property=\"og:url\" content=\"https:\/\/www.visit-ulcinj.com\/blog\/2009\/08\/31\/kumtese-komuna-e-tuzit-mbrojtje-nga-diskriminimi\/\" \/>\n<meta property=\"og:site_name\" content=\"Lajme nga Ulqini\" \/>\n<meta property=\"article:published_time\" content=\"2009-08-31T17:19:20+00:00\" \/>\n<meta property=\"article:modified_time\" content=\"2009-08-31T17:21:10+00:00\" \/>\n<meta property=\"og:image\" content=\"http:\/\/www.visit-ulcinj.com\/blog\/wp-content\/uploads\/2009\/08\/Forca-e-re-demokratike.jpg\" \/>\n<meta name=\"twitter:label1\" content=\"Written by\" \/>\n\t<meta name=\"twitter:data1\" content=\"ulqini\" \/>\n\t<meta name=\"twitter:label2\" content=\"Est. reading time\" \/>\n\t<meta name=\"twitter:data2\" content=\"3 minutes\" \/>\n<script type=\"application\/ld+json\" class=\"yoast-schema-graph\">{\"@context\":\"https:\/\/schema.org\",\"@graph\":[{\"@type\":\"WebSite\",\"@id\":\"https:\/\/www.visit-ulcinj.com\/blog\/#website\",\"url\":\"https:\/\/www.visit-ulcinj.com\/blog\/\",\"name\":\"Lajme nga Ulqini\",\"description\":\"Lajme,Vijesti,Ulqini,Ulqin,Crna Gora,Mali i Zi\",\"potentialAction\":[{\"@type\":\"SearchAction\",\"target\":{\"@type\":\"EntryPoint\",\"urlTemplate\":\"https:\/\/www.visit-ulcinj.com\/blog\/?s={search_term_string}\"},\"query-input\":\"required name=search_term_string\"}],\"inLanguage\":\"en-US\"},{\"@type\":\"ImageObject\",\"inLanguage\":\"en-US\",\"@id\":\"https:\/\/www.visit-ulcinj.com\/blog\/2009\/08\/31\/kumtese-komuna-e-tuzit-mbrojtje-nga-diskriminimi\/#primaryimage\",\"url\":\"https:\/\/www.visit-ulcinj.com\/blog\/wp-content\/uploads\/2009\/08\/Forca-e-re-demokratike.jpg\",\"contentUrl\":\"https:\/\/www.visit-ulcinj.com\/blog\/wp-content\/uploads\/2009\/08\/Forca-e-re-demokratike.jpg\",\"width\":\"890\",\"height\":\"240\"},{\"@type\":\"WebPage\",\"@id\":\"https:\/\/www.visit-ulcinj.com\/blog\/2009\/08\/31\/kumtese-komuna-e-tuzit-mbrojtje-nga-diskriminimi\/#webpage\",\"url\":\"https:\/\/www.visit-ulcinj.com\/blog\/2009\/08\/31\/kumtese-komuna-e-tuzit-mbrojtje-nga-diskriminimi\/\",\"name\":\"Kumtes\u00eb: Komuna e Tuzit - mbrojtje nga diskriminimi - Lajme nga Ulqini\",\"isPartOf\":{\"@id\":\"https:\/\/www.visit-ulcinj.com\/blog\/#website\"},\"primaryImageOfPage\":{\"@id\":\"https:\/\/www.visit-ulcinj.com\/blog\/2009\/08\/31\/kumtese-komuna-e-tuzit-mbrojtje-nga-diskriminimi\/#primaryimage\"},\"datePublished\":\"2009-08-31T17:19:20+00:00\",\"dateModified\":\"2009-08-31T17:21:10+00:00\",\"author\":{\"@id\":\"https:\/\/www.visit-ulcinj.com\/blog\/#\/schema\/person\/dcab619c614d3038751c63bc2aadc06d\"},\"description\":\"Kumtes\u00eb, 31.08.2009 KOMUNA E TUZIT- MBROJTJE NGA DISKRIMINIMI Projekt ligji p\u00ebr\u00a0 organizimin territoriale t\u00eb Malit t\u00eb Zi, i cili \u00ebsht\u00eb n\u00eb diskutim publik,\",\"breadcrumb\":{\"@id\":\"https:\/\/www.visit-ulcinj.com\/blog\/2009\/08\/31\/kumtese-komuna-e-tuzit-mbrojtje-nga-diskriminimi\/#breadcrumb\"},\"inLanguage\":\"en-US\",\"potentialAction\":[{\"@type\":\"ReadAction\",\"target\":[\"https:\/\/www.visit-ulcinj.com\/blog\/2009\/08\/31\/kumtese-komuna-e-tuzit-mbrojtje-nga-diskriminimi\/\"]}]},{\"@type\":\"BreadcrumbList\",\"@id\":\"https:\/\/www.visit-ulcinj.com\/blog\/2009\/08\/31\/kumtese-komuna-e-tuzit-mbrojtje-nga-diskriminimi\/#breadcrumb\",\"itemListElement\":[{\"@type\":\"ListItem\",\"position\":1,\"name\":\"Kumtes\u00eb: Komuna e Tuzit &#8211; mbrojtje nga diskriminimi\"}]},{\"@type\":\"Person\",\"@id\":\"https:\/\/www.visit-ulcinj.com\/blog\/#\/schema\/person\/dcab619c614d3038751c63bc2aadc06d\",\"name\":\"ulqini\",\"sameAs\":[\"http:\/\/www.visit-ulcinj.com\"],\"url\":\"https:\/\/www.visit-ulcinj.com\/blog\/author\/admin\/\"}]}<\/script>\n<!-- \/ Yoast SEO plugin. -->","yoast_head_json":{"title":"Kumtes\u00eb: Komuna e Tuzit - mbrojtje nga diskriminimi - Lajme nga Ulqini","description":"Kumtes\u00eb, 31.08.2009 KOMUNA E TUZIT- MBROJTJE NGA DISKRIMINIMI Projekt ligji p\u00ebr\u00a0 organizimin territoriale t\u00eb Malit t\u00eb Zi, i cili \u00ebsht\u00eb n\u00eb diskutim publik,","robots":{"index":"index","follow":"follow","max-snippet":"max-snippet:-1","max-image-preview":"max-image-preview:large","max-video-preview":"max-video-preview:-1"},"canonical":"https:\/\/www.visit-ulcinj.com\/blog\/2009\/08\/31\/kumtese-komuna-e-tuzit-mbrojtje-nga-diskriminimi\/","og_locale":"en_US","og_type":"article","og_title":"Kumtes\u00eb: Komuna e Tuzit - mbrojtje nga diskriminimi - Lajme nga Ulqini","og_description":"Kumtes\u00eb, 31.08.2009 KOMUNA E TUZIT- MBROJTJE NGA DISKRIMINIMI Projekt ligji p\u00ebr\u00a0 organizimin territoriale t\u00eb Malit t\u00eb Zi, i cili \u00ebsht\u00eb n\u00eb diskutim publik,","og_url":"https:\/\/www.visit-ulcinj.com\/blog\/2009\/08\/31\/kumtese-komuna-e-tuzit-mbrojtje-nga-diskriminimi\/","og_site_name":"Lajme nga Ulqini","article_published_time":"2009-08-31T17:19:20+00:00","article_modified_time":"2009-08-31T17:21:10+00:00","og_image":[{"url":"http:\/\/www.visit-ulcinj.com\/blog\/wp-content\/uploads\/2009\/08\/Forca-e-re-demokratike.jpg"}],"twitter_misc":{"Written by":"ulqini","Est. reading time":"3 minutes"},"schema":{"@context":"https:\/\/schema.org","@graph":[{"@type":"WebSite","@id":"https:\/\/www.visit-ulcinj.com\/blog\/#website","url":"https:\/\/www.visit-ulcinj.com\/blog\/","name":"Lajme nga Ulqini","description":"Lajme,Vijesti,Ulqini,Ulqin,Crna Gora,Mali i Zi","potentialAction":[{"@type":"SearchAction","target":{"@type":"EntryPoint","urlTemplate":"https:\/\/www.visit-ulcinj.com\/blog\/?s={search_term_string}"},"query-input":"required name=search_term_string"}],"inLanguage":"en-US"},{"@type":"ImageObject","inLanguage":"en-US","@id":"https:\/\/www.visit-ulcinj.com\/blog\/2009\/08\/31\/kumtese-komuna-e-tuzit-mbrojtje-nga-diskriminimi\/#primaryimage","url":"https:\/\/www.visit-ulcinj.com\/blog\/wp-content\/uploads\/2009\/08\/Forca-e-re-demokratike.jpg","contentUrl":"https:\/\/www.visit-ulcinj.com\/blog\/wp-content\/uploads\/2009\/08\/Forca-e-re-demokratike.jpg","width":"890","height":"240"},{"@type":"WebPage","@id":"https:\/\/www.visit-ulcinj.com\/blog\/2009\/08\/31\/kumtese-komuna-e-tuzit-mbrojtje-nga-diskriminimi\/#webpage","url":"https:\/\/www.visit-ulcinj.com\/blog\/2009\/08\/31\/kumtese-komuna-e-tuzit-mbrojtje-nga-diskriminimi\/","name":"Kumtes\u00eb: Komuna e Tuzit - mbrojtje nga diskriminimi - Lajme nga Ulqini","isPartOf":{"@id":"https:\/\/www.visit-ulcinj.com\/blog\/#website"},"primaryImageOfPage":{"@id":"https:\/\/www.visit-ulcinj.com\/blog\/2009\/08\/31\/kumtese-komuna-e-tuzit-mbrojtje-nga-diskriminimi\/#primaryimage"},"datePublished":"2009-08-31T17:19:20+00:00","dateModified":"2009-08-31T17:21:10+00:00","author":{"@id":"https:\/\/www.visit-ulcinj.com\/blog\/#\/schema\/person\/dcab619c614d3038751c63bc2aadc06d"},"description":"Kumtes\u00eb, 31.08.2009 KOMUNA E TUZIT- MBROJTJE NGA DISKRIMINIMI Projekt ligji p\u00ebr\u00a0 organizimin territoriale t\u00eb Malit t\u00eb Zi, i cili \u00ebsht\u00eb n\u00eb diskutim publik,","breadcrumb":{"@id":"https:\/\/www.visit-ulcinj.com\/blog\/2009\/08\/31\/kumtese-komuna-e-tuzit-mbrojtje-nga-diskriminimi\/#breadcrumb"},"inLanguage":"en-US","potentialAction":[{"@type":"ReadAction","target":["https:\/\/www.visit-ulcinj.com\/blog\/2009\/08\/31\/kumtese-komuna-e-tuzit-mbrojtje-nga-diskriminimi\/"]}]},{"@type":"BreadcrumbList","@id":"https:\/\/www.visit-ulcinj.com\/blog\/2009\/08\/31\/kumtese-komuna-e-tuzit-mbrojtje-nga-diskriminimi\/#breadcrumb","itemListElement":[{"@type":"ListItem","position":1,"name":"Kumtes\u00eb: Komuna e Tuzit &#8211; mbrojtje nga diskriminimi"}]},{"@type":"Person","@id":"https:\/\/www.visit-ulcinj.com\/blog\/#\/schema\/person\/dcab619c614d3038751c63bc2aadc06d","name":"ulqini","sameAs":["http:\/\/www.visit-ulcinj.com"],"url":"https:\/\/www.visit-ulcinj.com\/blog\/author\/admin\/"}]}},"jetpack_featured_media_url":"","jetpack_sharing_enabled":true,"jetpack_shortlink":"https:\/\/wp.me\/pe6lTn-6y1","_links":{"self":[{"href":"https:\/\/www.visit-ulcinj.com\/blog\/wp-json\/wp\/v2\/posts\/25173"}],"collection":[{"href":"https:\/\/www.visit-ulcinj.com\/blog\/wp-json\/wp\/v2\/posts"}],"about":[{"href":"https:\/\/www.visit-ulcinj.com\/blog\/wp-json\/wp\/v2\/types\/post"}],"author":[{"embeddable":true,"href":"https:\/\/www.visit-ulcinj.com\/blog\/wp-json\/wp\/v2\/users\/1"}],"replies":[{"embeddable":true,"href":"https:\/\/www.visit-ulcinj.com\/blog\/wp-json\/wp\/v2\/comments?post=25173"}],"version-history":[{"count":0,"href":"https:\/\/www.visit-ulcinj.com\/blog\/wp-json\/wp\/v2\/posts\/25173\/revisions"}],"wp:attachment":[{"href":"https:\/\/www.visit-ulcinj.com\/blog\/wp-json\/wp\/v2\/media?parent=25173"}],"wp:term":[{"taxonomy":"category","embeddable":true,"href":"https:\/\/www.visit-ulcinj.com\/blog\/wp-json\/wp\/v2\/categories?post=25173"},{"taxonomy":"post_tag","embeddable":true,"href":"https:\/\/www.visit-ulcinj.com\/blog\/wp-json\/wp\/v2\/tags?post=25173"}],"curies":[{"name":"wp","href":"https:\/\/api.w.org\/{rel}","templated":true}]}}