{"id":25178,"date":"2009-09-01T16:12:08","date_gmt":"2009-09-01T14:12:08","guid":{"rendered":"http:\/\/www.visit-ulcinj.com\/blog\/?p=25178"},"modified":"2009-09-01T16:12:08","modified_gmt":"2009-09-01T14:12:08","slug":"opstina-tuzi-%e2%80%93-zastita-od-diskriminacije","status":"publish","type":"post","link":"https:\/\/www.visit-ulcinj.com\/blog\/2009\/09\/01\/opstina-tuzi-%e2%80%93-zastita-od-diskriminacije\/","title":{"rendered":"Op\u0161tina Tuzi \u2013 za\u0161tita od diskriminacije"},"content":{"rendered":"<p><a href=\"http:\/\/www.visit-ulcinj.com\/blog\/wp-content\/uploads\/2009\/09\/forca-e-re-demokratike-_logo.jpg\"><img loading=\"lazy\" class=\"alignleft size-full wp-image-25179\" title=\"forca-e-re-demokratike-_logo\" src=\"http:\/\/www.visit-ulcinj.com\/blog\/wp-content\/uploads\/2009\/09\/forca-e-re-demokratike-_logo.jpg\" alt=\"forca-e-re-demokratike-_logo\" width=\"350\" height=\"337\" srcset=\"https:\/\/www.visit-ulcinj.com\/blog\/wp-content\/uploads\/2009\/09\/forca-e-re-demokratike-_logo.jpg 500w, https:\/\/www.visit-ulcinj.com\/blog\/wp-content\/uploads\/2009\/09\/forca-e-re-demokratike-_logo-300x288.jpg 300w\" sizes=\"(max-width: 350px) 100vw, 350px\" \/><\/a>Nacrt Zakona o teritorijalnoj organizaciji Crna Gore koji je na javnoj raspravi, izazvao je polemike i reagovanja od pojedinaca i raznih politi?kih subjekata.<br \/>\nNema dileme da je centralna tema, mogu?nost formiranja novih op\u0161tina t.j. zahtjevi koji su uslijedili od razli?itih politi?kih subjekata, naro?ito nakon uspostavljanja pluralizma u Crnoj Gori. Sa ovim zahtjevima permanentno su se obra?ali albanski politi?ki subjekti, tra\u017ee?i puni status op\u0161tine Tuzi za teritoriju Malesije.<br \/>\nJavno ogla\u0161avanje parlamentarnih politi?kih subjekata ovih dana, vezano za ovo pitanje, podsje?a na predizborne kampanje sa jedinom razlikom da se za formitranje novih op\u0161tina ( Tuzi, Petnjicu, Zetu itd.) zala\u017eu opozicione partije dok aktuelna vlast (DPS I SDP) jo\u0161 uvijek zazire od toga.<br \/>\nPodsje?amo \u0161iru javnost da Op\u0161tina Tuzi nije partijsko pitanje ili pitanje raznih klanova nego je to demokratsko pitanje I pitanje ljudskih prava I sloboda u multinacionalnoj I multikulturnoj Crnoj Gori. Zato je krajnje vrijeme da Crna Gora zapo?ne da u praksi primjenjuje evropske demokratske standard omogu?avaju?i u praksi primjenu lokalne samouprave tamo gdje za to postoje optimalni uslovi.<br \/>\nNova teritorijalna podjela Crne Gore mora i?i u pravcu decentralizacije vlasti I biti u interesu gradjana, gdje moraju biti integrisani I pripadnici manjinskih naroda ili nacionalnih manjina koji ?e pomo?u lokalne samouprave o?uvati svoj nacionalni identitet. Ako ovaj kriterij nije uzet u obzir tokom monizma u 1957-me godine kada je uradjena zadnja teritorijalna podjela , u druga?ijim dru\u0161tvenim okolnostima, nakon 50 godina, moraju se izbje?i predrasude I sprovesti u praksu nacionalna I gradjanska jednakos t putem formiranja novih op\u0161tina posebno radi manjinskih naroda ili nacionalnih manjina.<br \/>\nS,druge strane, koncept teritorijalne organizacije putem urbanih op\u0161tina, gdje spada i UO Tuzi, pokazao se nefunkcionalnim i kao takav \u0161tetan za gradjane Malesije. Stoga, jedan ovakav demago\u0161ki koncep mogu podr\u017eati samo oni koji su u politici zbog sitnih li?nim interesima i niko drugi.<br \/>\nZatim, concept ekonomske neodr\u017eivosti, kao osnov za op\u0161tinu Tuzi, ne mo\u017ee se ni?im opravdati, jer u Crnoj Gori ve? postoje op\u0161tine koje su manje i po broju stanovnika i siroma\u0161nije ekonomskim resursima. Ali, permanentno nedostaje politi?ke volje za unapredjenje Tuzi u op\u0161tinu sa punim kapacitetom poput ostalih 21-na op\u0161tina u Crnoj Gori.<br \/>\nDr\u017ee?i da je op\u0161tina Tuzi u punom kapacitetu, krucijalno pitanje za sve albance u Crnoj Gori, Nova demokratska snaga FORCA poziva sve albanske politi?ke subjekte da o ovom pitanju budu jedinstveni jer je to pitanje opstanka na\u0161eg entiteta i odbrana od diskriminacije u ovoj sredine.<br \/>\nU vezi sa ovim pitanjem mi ?emo senzibilizirati doma?u i stranu javnost, nude?i argumente o optimalnim mogu?nostima funkcionisanja punopravne op\u0161tine Tuzi.<\/p>\n<p><strong>Ulcinj, 30. O8. 2009.g.<br \/>\nSlu\u017eba za informisanje<\/strong><\/p>\n<p><strong><!--YouTube Error: bad URL entered--><br \/>\n<\/strong><\/p>\n","protected":false},"excerpt":{"rendered":"<p>Nacrt Zakona o teritorijalnoj organizaciji Crna Gore koji je na javnoj raspravi, izazvao je polemike i reagovanja od pojedinaca i raznih politi?kih subjekata. Nema dileme da je centralna tema, mogu?nost formiranja novih op\u0161tina t.j. zahtjevi koji su uslijedili od razli?itih politi?kih subjekata, naro?ito nakon uspostavljanja pluralizma u Crnoj Gori. Sa ovim zahtjevima permanentno su se [&hellip;]<\/p>\n","protected":false},"author":1,"featured_media":0,"comment_status":"open","ping_status":"closed","sticky":false,"template":"","format":"standard","meta":{"spay_email":"","jetpack_publicize_message":"","jetpack_is_tweetstorm":false,"jetpack_publicize_feature_enabled":true},"categories":[8337],"tags":[20,4666,6230,12321,201,12322],"jetpack_publicize_connections":[],"yoast_head":"<!-- This site is optimized with the Yoast SEO plugin v19.1 - https:\/\/yoast.com\/wordpress\/plugins\/seo\/ -->\n<title>Op\u0161tina Tuzi \u2013 za\u0161tita od diskriminacije - Lajme nga Ulqini<\/title>\n<meta name=\"description\" content=\"Nacrt Zakona o teritorijalnoj organizaciji Crna Gore koji je na javnoj raspravi, izazvao je polemike i reagovanja od pojedinaca i raznih politi?kih\" \/>\n<meta name=\"robots\" content=\"index, follow, max-snippet:-1, max-image-preview:large, max-video-preview:-1\" \/>\n<link rel=\"canonical\" href=\"https:\/\/www.visit-ulcinj.com\/blog\/2009\/09\/01\/opstina-tuzi-\u2013-zastita-od-diskriminacije\/\" \/>\n<meta property=\"og:locale\" content=\"en_US\" \/>\n<meta property=\"og:type\" content=\"article\" \/>\n<meta property=\"og:title\" content=\"Op\u0161tina Tuzi \u2013 za\u0161tita od diskriminacije - Lajme nga Ulqini\" \/>\n<meta property=\"og:description\" content=\"Nacrt Zakona o teritorijalnoj organizaciji Crna Gore koji je na javnoj raspravi, izazvao je polemike i reagovanja od pojedinaca i raznih politi?kih\" \/>\n<meta property=\"og:url\" content=\"https:\/\/www.visit-ulcinj.com\/blog\/2009\/09\/01\/opstina-tuzi-\u2013-zastita-od-diskriminacije\/\" \/>\n<meta property=\"og:site_name\" content=\"Lajme nga Ulqini\" \/>\n<meta property=\"article:published_time\" content=\"2009-09-01T14:12:08+00:00\" \/>\n<meta property=\"og:image\" content=\"http:\/\/www.visit-ulcinj.com\/blog\/wp-content\/uploads\/2009\/09\/forca-e-re-demokratike-_logo.jpg\" \/>\n<meta name=\"twitter:label1\" content=\"Written by\" \/>\n\t<meta name=\"twitter:data1\" content=\"ulqini\" \/>\n\t<meta name=\"twitter:label2\" content=\"Est. reading time\" \/>\n\t<meta name=\"twitter:data2\" content=\"2 minutes\" \/>\n<script type=\"application\/ld+json\" class=\"yoast-schema-graph\">{\"@context\":\"https:\/\/schema.org\",\"@graph\":[{\"@type\":\"WebSite\",\"@id\":\"https:\/\/www.visit-ulcinj.com\/blog\/#website\",\"url\":\"https:\/\/www.visit-ulcinj.com\/blog\/\",\"name\":\"Lajme nga Ulqini\",\"description\":\"Lajme,Vijesti,Ulqini,Ulqin,Crna Gora,Mali i Zi\",\"potentialAction\":[{\"@type\":\"SearchAction\",\"target\":{\"@type\":\"EntryPoint\",\"urlTemplate\":\"https:\/\/www.visit-ulcinj.com\/blog\/?s={search_term_string}\"},\"query-input\":\"required name=search_term_string\"}],\"inLanguage\":\"en-US\"},{\"@type\":\"ImageObject\",\"inLanguage\":\"en-US\",\"@id\":\"https:\/\/www.visit-ulcinj.com\/blog\/2009\/09\/01\/opstina-tuzi-%e2%80%93-zastita-od-diskriminacije\/#primaryimage\",\"url\":\"https:\/\/www.visit-ulcinj.com\/blog\/wp-content\/uploads\/2009\/09\/forca-e-re-demokratike-_logo.jpg\",\"contentUrl\":\"https:\/\/www.visit-ulcinj.com\/blog\/wp-content\/uploads\/2009\/09\/forca-e-re-demokratike-_logo.jpg\",\"width\":\"500\",\"height\":\"481\"},{\"@type\":\"WebPage\",\"@id\":\"https:\/\/www.visit-ulcinj.com\/blog\/2009\/09\/01\/opstina-tuzi-%e2%80%93-zastita-od-diskriminacije\/#webpage\",\"url\":\"https:\/\/www.visit-ulcinj.com\/blog\/2009\/09\/01\/opstina-tuzi-%e2%80%93-zastita-od-diskriminacije\/\",\"name\":\"Op\u0161tina Tuzi \u2013 za\u0161tita od diskriminacije - Lajme nga Ulqini\",\"isPartOf\":{\"@id\":\"https:\/\/www.visit-ulcinj.com\/blog\/#website\"},\"primaryImageOfPage\":{\"@id\":\"https:\/\/www.visit-ulcinj.com\/blog\/2009\/09\/01\/opstina-tuzi-%e2%80%93-zastita-od-diskriminacije\/#primaryimage\"},\"datePublished\":\"2009-09-01T14:12:08+00:00\",\"dateModified\":\"2009-09-01T14:12:08+00:00\",\"author\":{\"@id\":\"https:\/\/www.visit-ulcinj.com\/blog\/#\/schema\/person\/dcab619c614d3038751c63bc2aadc06d\"},\"description\":\"Nacrt Zakona o teritorijalnoj organizaciji Crna Gore koji je na javnoj raspravi, izazvao je polemike i reagovanja od pojedinaca i raznih politi?kih\",\"breadcrumb\":{\"@id\":\"https:\/\/www.visit-ulcinj.com\/blog\/2009\/09\/01\/opstina-tuzi-%e2%80%93-zastita-od-diskriminacije\/#breadcrumb\"},\"inLanguage\":\"en-US\",\"potentialAction\":[{\"@type\":\"ReadAction\",\"target\":[\"https:\/\/www.visit-ulcinj.com\/blog\/2009\/09\/01\/opstina-tuzi-%e2%80%93-zastita-od-diskriminacije\/\"]}]},{\"@type\":\"BreadcrumbList\",\"@id\":\"https:\/\/www.visit-ulcinj.com\/blog\/2009\/09\/01\/opstina-tuzi-%e2%80%93-zastita-od-diskriminacije\/#breadcrumb\",\"itemListElement\":[{\"@type\":\"ListItem\",\"position\":1,\"name\":\"Op\u0161tina Tuzi \u2013 za\u0161tita od diskriminacije\"}]},{\"@type\":\"Person\",\"@id\":\"https:\/\/www.visit-ulcinj.com\/blog\/#\/schema\/person\/dcab619c614d3038751c63bc2aadc06d\",\"name\":\"ulqini\",\"sameAs\":[\"http:\/\/www.visit-ulcinj.com\"],\"url\":\"https:\/\/www.visit-ulcinj.com\/blog\/author\/admin\/\"}]}<\/script>\n<!-- \/ Yoast SEO plugin. -->","yoast_head_json":{"title":"Op\u0161tina Tuzi \u2013 za\u0161tita od diskriminacije - Lajme nga Ulqini","description":"Nacrt Zakona o teritorijalnoj organizaciji Crna Gore koji je na javnoj raspravi, izazvao je polemike i reagovanja od pojedinaca i raznih politi?kih","robots":{"index":"index","follow":"follow","max-snippet":"max-snippet:-1","max-image-preview":"max-image-preview:large","max-video-preview":"max-video-preview:-1"},"canonical":"https:\/\/www.visit-ulcinj.com\/blog\/2009\/09\/01\/opstina-tuzi-\u2013-zastita-od-diskriminacije\/","og_locale":"en_US","og_type":"article","og_title":"Op\u0161tina Tuzi \u2013 za\u0161tita od diskriminacije - Lajme nga Ulqini","og_description":"Nacrt Zakona o teritorijalnoj organizaciji Crna Gore koji je na javnoj raspravi, izazvao je polemike i reagovanja od pojedinaca i raznih politi?kih","og_url":"https:\/\/www.visit-ulcinj.com\/blog\/2009\/09\/01\/opstina-tuzi-\u2013-zastita-od-diskriminacije\/","og_site_name":"Lajme nga Ulqini","article_published_time":"2009-09-01T14:12:08+00:00","og_image":[{"url":"http:\/\/www.visit-ulcinj.com\/blog\/wp-content\/uploads\/2009\/09\/forca-e-re-demokratike-_logo.jpg"}],"twitter_misc":{"Written by":"ulqini","Est. reading time":"2 minutes"},"schema":{"@context":"https:\/\/schema.org","@graph":[{"@type":"WebSite","@id":"https:\/\/www.visit-ulcinj.com\/blog\/#website","url":"https:\/\/www.visit-ulcinj.com\/blog\/","name":"Lajme nga Ulqini","description":"Lajme,Vijesti,Ulqini,Ulqin,Crna Gora,Mali i Zi","potentialAction":[{"@type":"SearchAction","target":{"@type":"EntryPoint","urlTemplate":"https:\/\/www.visit-ulcinj.com\/blog\/?s={search_term_string}"},"query-input":"required name=search_term_string"}],"inLanguage":"en-US"},{"@type":"ImageObject","inLanguage":"en-US","@id":"https:\/\/www.visit-ulcinj.com\/blog\/2009\/09\/01\/opstina-tuzi-%e2%80%93-zastita-od-diskriminacije\/#primaryimage","url":"https:\/\/www.visit-ulcinj.com\/blog\/wp-content\/uploads\/2009\/09\/forca-e-re-demokratike-_logo.jpg","contentUrl":"https:\/\/www.visit-ulcinj.com\/blog\/wp-content\/uploads\/2009\/09\/forca-e-re-demokratike-_logo.jpg","width":"500","height":"481"},{"@type":"WebPage","@id":"https:\/\/www.visit-ulcinj.com\/blog\/2009\/09\/01\/opstina-tuzi-%e2%80%93-zastita-od-diskriminacije\/#webpage","url":"https:\/\/www.visit-ulcinj.com\/blog\/2009\/09\/01\/opstina-tuzi-%e2%80%93-zastita-od-diskriminacije\/","name":"Op\u0161tina Tuzi \u2013 za\u0161tita od diskriminacije - Lajme nga Ulqini","isPartOf":{"@id":"https:\/\/www.visit-ulcinj.com\/blog\/#website"},"primaryImageOfPage":{"@id":"https:\/\/www.visit-ulcinj.com\/blog\/2009\/09\/01\/opstina-tuzi-%e2%80%93-zastita-od-diskriminacije\/#primaryimage"},"datePublished":"2009-09-01T14:12:08+00:00","dateModified":"2009-09-01T14:12:08+00:00","author":{"@id":"https:\/\/www.visit-ulcinj.com\/blog\/#\/schema\/person\/dcab619c614d3038751c63bc2aadc06d"},"description":"Nacrt Zakona o teritorijalnoj organizaciji Crna Gore koji je na javnoj raspravi, izazvao je polemike i reagovanja od pojedinaca i raznih politi?kih","breadcrumb":{"@id":"https:\/\/www.visit-ulcinj.com\/blog\/2009\/09\/01\/opstina-tuzi-%e2%80%93-zastita-od-diskriminacije\/#breadcrumb"},"inLanguage":"en-US","potentialAction":[{"@type":"ReadAction","target":["https:\/\/www.visit-ulcinj.com\/blog\/2009\/09\/01\/opstina-tuzi-%e2%80%93-zastita-od-diskriminacije\/"]}]},{"@type":"BreadcrumbList","@id":"https:\/\/www.visit-ulcinj.com\/blog\/2009\/09\/01\/opstina-tuzi-%e2%80%93-zastita-od-diskriminacije\/#breadcrumb","itemListElement":[{"@type":"ListItem","position":1,"name":"Op\u0161tina Tuzi \u2013 za\u0161tita od diskriminacije"}]},{"@type":"Person","@id":"https:\/\/www.visit-ulcinj.com\/blog\/#\/schema\/person\/dcab619c614d3038751c63bc2aadc06d","name":"ulqini","sameAs":["http:\/\/www.visit-ulcinj.com"],"url":"https:\/\/www.visit-ulcinj.com\/blog\/author\/admin\/"}]}},"jetpack_featured_media_url":"","jetpack_sharing_enabled":true,"jetpack_shortlink":"https:\/\/wp.me\/pe6lTn-6y6","_links":{"self":[{"href":"https:\/\/www.visit-ulcinj.com\/blog\/wp-json\/wp\/v2\/posts\/25178"}],"collection":[{"href":"https:\/\/www.visit-ulcinj.com\/blog\/wp-json\/wp\/v2\/posts"}],"about":[{"href":"https:\/\/www.visit-ulcinj.com\/blog\/wp-json\/wp\/v2\/types\/post"}],"author":[{"embeddable":true,"href":"https:\/\/www.visit-ulcinj.com\/blog\/wp-json\/wp\/v2\/users\/1"}],"replies":[{"embeddable":true,"href":"https:\/\/www.visit-ulcinj.com\/blog\/wp-json\/wp\/v2\/comments?post=25178"}],"version-history":[{"count":0,"href":"https:\/\/www.visit-ulcinj.com\/blog\/wp-json\/wp\/v2\/posts\/25178\/revisions"}],"wp:attachment":[{"href":"https:\/\/www.visit-ulcinj.com\/blog\/wp-json\/wp\/v2\/media?parent=25178"}],"wp:term":[{"taxonomy":"category","embeddable":true,"href":"https:\/\/www.visit-ulcinj.com\/blog\/wp-json\/wp\/v2\/categories?post=25178"},{"taxonomy":"post_tag","embeddable":true,"href":"https:\/\/www.visit-ulcinj.com\/blog\/wp-json\/wp\/v2\/tags?post=25178"}],"curies":[{"name":"wp","href":"https:\/\/api.w.org\/{rel}","templated":true}]}}